{"id":422303,"date":"2026-03-26T10:47:57","date_gmt":"2026-03-26T13:47:57","guid":{"rendered":"https:\/\/portaltela.pt\/noticias\/2026\/03\/26\/25-dos-edificios-do-centro-historico-de-evora-estao-devolutos\/"},"modified":"2026-03-26T10:47:57","modified_gmt":"2026-03-26T13:47:57","slug":"25-dos-edificios-do-centro-historico-de-evora-estao-devolutos","status":"publish","type":"post","link":"https:\/\/portaltela.pt\/sociedade\/2026\/03\/26\/25-dos-edificios-do-centro-historico-de-evora-estao-devolutos\/","title":{"rendered":"25% dos edif\u00edcios do centro hist\u00f3rico de \u00c9vora est\u00e3o devolutos"},"content":{"rendered":"<p>Cerca de 25% dos edif\u00edcios no centro hist\u00f3rico de \u00c9vora est\u00e3o devolutos, segundo dados locais. A estat\u00edstica evidencia uma express\u00e3o de degrada\u00e7\u00e3o urbana numa zona hist\u00f3rica da cidade.<\/p>\n<p>Entre os im\u00f3veis afetados est\u00e1 o edif\u00edcio que alberga o Minist\u00e9rio das Finan\u00e7as, localizado no centro. O pr\u00e9dio encontra-se abandonado h\u00e1 mais de uma d\u00e9cada, conforme o registo p\u00fablico da \u00e1rea central.<\/p>\n<p>\u00c9vora prepara-se para ser a capital europeia da cultura, o que contrasta com a situa\u00e7\u00e3o de muitos edif\u00edcios devolutos. A ocorr\u00eancia suscita perguntas sobre reutiliza\u00e7\u00e3o, turismo e pol\u00edticas de preserva\u00e7\u00e3o do patrim\u00f3nio.<\/p>\n<h3>Situa\u00e7\u00e3o no centro hist\u00f3rico de \u00c9vora<\/h3>\n<p>A percentagem de im\u00f3veis vazios no eixo hist\u00f3rico permanece elevada, segundo as autoridades locais. Observa-se impacto na din\u00e2mica do com\u00e9rcio, na imagem da zona e no aproveitamento de espa\u00e7os p\u00fablicos de interesse cultural.<\/p>\n","protected":false},"excerpt":{"rendered":"<ul>\n<li>Cerca de 25% dos edif\u00edcios do centro hist\u00f3rico de \u00c9vora est\u00e3o devolutos.<\/li>\n<li>A cidade prepara-se para ser a capital europeia da cultura.<\/li>\n<li>Um edif\u00edcio do Minist\u00e9rio das Finan\u00e7as, no centro hist\u00f3rico, est\u00e1 abandonado h\u00e1 mais de dez anos.<\/li>\n<\/ul>\n","protected":false},"author":2,"featured_media":422305,"comment_status":"closed","ping_status":"closed","sticky":false,"template":"","format":"standard","meta":{"footnotes":""},"categories":[6871],"tags":[6324,1074,814,1175,2643,169],"class_list":["post-422303","post","type-post","status-publish","format-standard","has-post-thumbnail","hentry","category-sociedade","tag-centro-historico","tag-evora","tag-patrimonio","tag-patrimonio-cultural","tag-reabilitacao-urbana","tag-turismo"],"yoast_head":"<!-- This site is optimized with the Yoast SEO plugin v27.2 - https:\/\/yoast.com\/product\/yoast-seo-wordpress\/ -->\n<title>25% dos edif\u00edcios do centro hist\u00f3rico de \u00c9vora est\u00e3o devolutos - Portal Tela Portugal<\/title>\n<meta name=\"robots\" content=\"index, follow, max-snippet:-1, max-image-preview:large, max-video-preview:-1\" \/>\n<meta property=\"og:locale\" content=\"pt_PT\" \/>\n<meta property=\"og:type\" content=\"article\" \/>\n<meta property=\"og:title\" content=\"25% dos edif\u00edcios do centro hist\u00f3rico de \u00c9vora est\u00e3o devolutos - Portal Tela Portugal\" \/>\n<meta property=\"og:description\" content=\"Cerca de 25% dos edif\u00edcios do centro hist\u00f3rico de \u00c9vora est\u00e3o devolutos. A cidade prepara-se para ser a capital europeia da cultura. Um edif\u00edcio do Minist\u00e9rio das Finan\u00e7as, no centro hist\u00f3rico, est\u00e1 abandonado h\u00e1 mais de dez anos.\" \/>\n<meta property=\"og:url\" content=\"https:\/\/portaltela.pt\/noticias\/2026\/03\/26\/25-dos-edificios-do-centro-historico-de-evora-estao-devolutos\/\" \/>\n<meta property=\"og:site_name\" content=\"Portal Tela Portugal\" \/>\n<meta property=\"article:published_time\" content=\"2026-03-26T13:47:57+00:00\" \/>\n<meta name=\"author\" content=\"Telinha\" \/>\n<meta name=\"twitter:card\" content=\"summary_large_image\" \/>\n<meta name=\"twitter:label1\" content=\"Escrito por\" \/>\n\t<meta name=\"twitter:data1\" content=\"Telinha\" \/>\n\t<meta name=\"twitter:label2\" content=\"Tempo estimado de leitura\" \/>\n\t<meta name=\"twitter:data2\" content=\"1 minuto\" \/>\n<script type=\"application\/ld+json\" class=\"yoast-schema-graph\">{\"@context\":\"https:\/\/schema.org\",\"@graph\":[{\"@type\":\"Article\",\"@id\":\"https:\/\/portaltela.pt\/noticias\/2026\/03\/26\/25-dos-edificios-do-centro-historico-de-evora-estao-devolutos\/#article\",\"isPartOf\":{\"@id\":\"https:\/\/portaltela.pt\/noticias\/2026\/03\/26\/25-dos-edificios-do-centro-historico-de-evora-estao-devolutos\/\"},\"author\":{\"name\":\"Telinha\",\"@id\":\"https:\/\/portaltela.pt\/#\/schema\/person\/c4278d4a6028830caff9ee44b42d32ed\"},\"headline\":\"25% dos edif\u00edcios do centro hist\u00f3rico de \u00c9vora est\u00e3o devolutos\",\"datePublished\":\"2026-03-26T13:47:57+00:00\",\"mainEntityOfPage\":{\"@id\":\"https:\/\/portaltela.pt\/noticias\/2026\/03\/26\/25-dos-edificios-do-centro-historico-de-evora-estao-devolutos\/\"},\"wordCount\":171,\"image\":{\"@id\":\"https:\/\/portaltela.pt\/noticias\/2026\/03\/26\/25-dos-edificios-do-centro-historico-de-evora-estao-devolutos\/#primaryimage\"},\"thumbnailUrl\":\"https:\/\/portaltela.pt\/s.01k8rhncp4jt1\/2026\/03\/img_1280x722uu2026-03-26-13-47-32-2274924.jpg\",\"keywords\":[\"Centro Hist\u00f3rico\",\"\u00c9vora\",\"patrim\u00f3nio\",\"Patrim\u00f3nio Cultural\",\"reabilita\u00e7\u00e3o urbana\",\"turismo\"],\"articleSection\":[\"Sociedade\"],\"inLanguage\":\"pt-PT\"},{\"@type\":\"WebPage\",\"@id\":\"https:\/\/portaltela.pt\/noticias\/2026\/03\/26\/25-dos-edificios-do-centro-historico-de-evora-estao-devolutos\/\",\"url\":\"https:\/\/portaltela.pt\/noticias\/2026\/03\/26\/25-dos-edificios-do-centro-historico-de-evora-estao-devolutos\/\",\"name\":\"25% dos edif\u00edcios do centro hist\u00f3rico de \u00c9vora est\u00e3o devolutos - Portal Tela Portugal\",\"isPartOf\":{\"@id\":\"https:\/\/portaltela.pt\/#website\"},\"primaryImageOfPage\":{\"@id\":\"https:\/\/portaltela.pt\/noticias\/2026\/03\/26\/25-dos-edificios-do-centro-historico-de-evora-estao-devolutos\/#primaryimage\"},\"image\":{\"@id\":\"https:\/\/portaltela.pt\/noticias\/2026\/03\/26\/25-dos-edificios-do-centro-historico-de-evora-estao-devolutos\/#primaryimage\"},\"thumbnailUrl\":\"https:\/\/portaltela.pt\/s.01k8rhncp4jt1\/2026\/03\/img_1280x722uu2026-03-26-13-47-32-2274924.jpg\",\"datePublished\":\"2026-03-26T13:47:57+00:00\",\"author\":{\"@id\":\"https:\/\/portaltela.pt\/#\/schema\/person\/c4278d4a6028830caff9ee44b42d32ed\"},\"breadcrumb\":{\"@id\":\"https:\/\/portaltela.pt\/noticias\/2026\/03\/26\/25-dos-edificios-do-centro-historico-de-evora-estao-devolutos\/#breadcrumb\"},\"inLanguage\":\"pt-PT\",\"potentialAction\":[{\"@type\":\"ReadAction\",\"target\":[\"https:\/\/portaltela.pt\/noticias\/2026\/03\/26\/25-dos-edificios-do-centro-historico-de-evora-estao-devolutos\/\"]}]},{\"@type\":\"ImageObject\",\"inLanguage\":\"pt-PT\",\"@id\":\"https:\/\/portaltela.pt\/noticias\/2026\/03\/26\/25-dos-edificios-do-centro-historico-de-evora-estao-devolutos\/#primaryimage\",\"url\":\"https:\/\/portaltela.pt\/s.01k8rhncp4jt1\/2026\/03\/img_1280x722uu2026-03-26-13-47-32-2274924.jpg\",\"contentUrl\":\"https:\/\/portaltela.pt\/s.01k8rhncp4jt1\/2026\/03\/img_1280x722uu2026-03-26-13-47-32-2274924.jpg\",\"width\":796,\"height\":448,\"caption\":\"Edif\u00edcio do Minist\u00e9rio das Finan\u00e7as, da cidade que se prepara para ser a capital europeia da cultura, est\u00e1 h\u00e1 mais de uma d\u00e9cada abandonado.\"},{\"@type\":\"BreadcrumbList\",\"@id\":\"https:\/\/portaltela.pt\/noticias\/2026\/03\/26\/25-dos-edificios-do-centro-historico-de-evora-estao-devolutos\/#breadcrumb\",\"itemListElement\":[{\"@type\":\"ListItem\",\"position\":1,\"name\":\"In\u00edcio\",\"item\":\"https:\/\/portaltela.pt\/\"},{\"@type\":\"ListItem\",\"position\":2,\"name\":\"25% dos edif\u00edcios do centro hist\u00f3rico de \u00c9vora est\u00e3o devolutos\"}]},{\"@type\":\"WebSite\",\"@id\":\"https:\/\/portaltela.pt\/#website\",\"url\":\"https:\/\/portaltela.pt\/\",\"name\":\"Portal Tela Portugal\",\"description\":\"\",\"potentialAction\":[{\"@type\":\"SearchAction\",\"target\":{\"@type\":\"EntryPoint\",\"urlTemplate\":\"https:\/\/portaltela.pt\/?s={search_term_string}\"},\"query-input\":{\"@type\":\"PropertyValueSpecification\",\"valueRequired\":true,\"valueName\":\"search_term_string\"}}],\"inLanguage\":\"pt-PT\"},{\"@type\":\"Person\",\"@id\":\"https:\/\/portaltela.pt\/#\/schema\/person\/c4278d4a6028830caff9ee44b42d32ed\",\"name\":\"Telinha\",\"image\":{\"@type\":\"ImageObject\",\"inLanguage\":\"pt-PT\",\"@id\":\"https:\/\/portaltela.pt\/s.01k8rhncp4jt1\/2025\/11\/talking-bot-125x125.png\",\"url\":\"https:\/\/portaltela.pt\/s.01k8rhncp4jt1\/2025\/11\/talking-bot-125x125.png\",\"contentUrl\":\"https:\/\/portaltela.pt\/s.01k8rhncp4jt1\/2025\/11\/talking-bot-125x125.png\",\"caption\":\"Telinha\"},\"sameAs\":[\"https:\/\/portaltela.pt\/\"],\"url\":\"https:\/\/portaltela.pt\/por\/367410592786\/\"}]}<\/script>\n<!-- \/ Yoast SEO plugin. -->","yoast_head_json":{"title":"25% dos edif\u00edcios do centro hist\u00f3rico de \u00c9vora est\u00e3o devolutos - Portal Tela Portugal","robots":{"index":"index","follow":"follow","max-snippet":"max-snippet:-1","max-image-preview":"max-image-preview:large","max-video-preview":"max-video-preview:-1"},"og_locale":"pt_PT","og_type":"article","og_title":"25% dos edif\u00edcios do centro hist\u00f3rico de \u00c9vora est\u00e3o devolutos - Portal Tela Portugal","og_description":"Cerca de 25% dos edif\u00edcios do centro hist\u00f3rico de \u00c9vora est\u00e3o devolutos. A cidade prepara-se para ser a capital europeia da cultura. Um edif\u00edcio do Minist\u00e9rio das Finan\u00e7as, no centro hist\u00f3rico, est\u00e1 abandonado h\u00e1 mais de dez anos.","og_url":"https:\/\/portaltela.pt\/noticias\/2026\/03\/26\/25-dos-edificios-do-centro-historico-de-evora-estao-devolutos\/","og_site_name":"Portal Tela Portugal","article_published_time":"2026-03-26T13:47:57+00:00","author":"Telinha","twitter_card":"summary_large_image","twitter_misc":{"Escrito por":"Telinha","Tempo estimado de leitura":"1 minuto"},"schema":{"@context":"https:\/\/schema.org","@graph":[{"@type":"Article","@id":"https:\/\/portaltela.pt\/noticias\/2026\/03\/26\/25-dos-edificios-do-centro-historico-de-evora-estao-devolutos\/#article","isPartOf":{"@id":"https:\/\/portaltela.pt\/noticias\/2026\/03\/26\/25-dos-edificios-do-centro-historico-de-evora-estao-devolutos\/"},"author":{"name":"Telinha","@id":"https:\/\/portaltela.pt\/#\/schema\/person\/c4278d4a6028830caff9ee44b42d32ed"},"headline":"25% dos edif\u00edcios do centro hist\u00f3rico de \u00c9vora est\u00e3o devolutos","datePublished":"2026-03-26T13:47:57+00:00","mainEntityOfPage":{"@id":"https:\/\/portaltela.pt\/noticias\/2026\/03\/26\/25-dos-edificios-do-centro-historico-de-evora-estao-devolutos\/"},"wordCount":171,"image":{"@id":"https:\/\/portaltela.pt\/noticias\/2026\/03\/26\/25-dos-edificios-do-centro-historico-de-evora-estao-devolutos\/#primaryimage"},"thumbnailUrl":"https:\/\/portaltela.pt\/s.01k8rhncp4jt1\/2026\/03\/img_1280x722uu2026-03-26-13-47-32-2274924.jpg","keywords":["Centro Hist\u00f3rico","\u00c9vora","patrim\u00f3nio","Patrim\u00f3nio Cultural","reabilita\u00e7\u00e3o urbana","turismo"],"articleSection":["Sociedade"],"inLanguage":"pt-PT"},{"@type":"WebPage","@id":"https:\/\/portaltela.pt\/noticias\/2026\/03\/26\/25-dos-edificios-do-centro-historico-de-evora-estao-devolutos\/","url":"https:\/\/portaltela.pt\/noticias\/2026\/03\/26\/25-dos-edificios-do-centro-historico-de-evora-estao-devolutos\/","name":"25% dos edif\u00edcios do centro hist\u00f3rico de \u00c9vora est\u00e3o devolutos - Portal Tela Portugal","isPartOf":{"@id":"https:\/\/portaltela.pt\/#website"},"primaryImageOfPage":{"@id":"https:\/\/portaltela.pt\/noticias\/2026\/03\/26\/25-dos-edificios-do-centro-historico-de-evora-estao-devolutos\/#primaryimage"},"image":{"@id":"https:\/\/portaltela.pt\/noticias\/2026\/03\/26\/25-dos-edificios-do-centro-historico-de-evora-estao-devolutos\/#primaryimage"},"thumbnailUrl":"https:\/\/portaltela.pt\/s.01k8rhncp4jt1\/2026\/03\/img_1280x722uu2026-03-26-13-47-32-2274924.jpg","datePublished":"2026-03-26T13:47:57+00:00","author":{"@id":"https:\/\/portaltela.pt\/#\/schema\/person\/c4278d4a6028830caff9ee44b42d32ed"},"breadcrumb":{"@id":"https:\/\/portaltela.pt\/noticias\/2026\/03\/26\/25-dos-edificios-do-centro-historico-de-evora-estao-devolutos\/#breadcrumb"},"inLanguage":"pt-PT","potentialAction":[{"@type":"ReadAction","target":["https:\/\/portaltela.pt\/noticias\/2026\/03\/26\/25-dos-edificios-do-centro-historico-de-evora-estao-devolutos\/"]}]},{"@type":"ImageObject","inLanguage":"pt-PT","@id":"https:\/\/portaltela.pt\/noticias\/2026\/03\/26\/25-dos-edificios-do-centro-historico-de-evora-estao-devolutos\/#primaryimage","url":"https:\/\/portaltela.pt\/s.01k8rhncp4jt1\/2026\/03\/img_1280x722uu2026-03-26-13-47-32-2274924.jpg","contentUrl":"https:\/\/portaltela.pt\/s.01k8rhncp4jt1\/2026\/03\/img_1280x722uu2026-03-26-13-47-32-2274924.jpg","width":796,"height":448,"caption":"Edif\u00edcio do Minist\u00e9rio das Finan\u00e7as, da cidade que se prepara para ser a capital europeia da cultura, est\u00e1 h\u00e1 mais de uma d\u00e9cada abandonado."},{"@type":"BreadcrumbList","@id":"https:\/\/portaltela.pt\/noticias\/2026\/03\/26\/25-dos-edificios-do-centro-historico-de-evora-estao-devolutos\/#breadcrumb","itemListElement":[{"@type":"ListItem","position":1,"name":"In\u00edcio","item":"https:\/\/portaltela.pt\/"},{"@type":"ListItem","position":2,"name":"25% dos edif\u00edcios do centro hist\u00f3rico de \u00c9vora est\u00e3o devolutos"}]},{"@type":"WebSite","@id":"https:\/\/portaltela.pt\/#website","url":"https:\/\/portaltela.pt\/","name":"Portal Tela Portugal","description":"","potentialAction":[{"@type":"SearchAction","target":{"@type":"EntryPoint","urlTemplate":"https:\/\/portaltela.pt\/?s={search_term_string}"},"query-input":{"@type":"PropertyValueSpecification","valueRequired":true,"valueName":"search_term_string"}}],"inLanguage":"pt-PT"},{"@type":"Person","@id":"https:\/\/portaltela.pt\/#\/schema\/person\/c4278d4a6028830caff9ee44b42d32ed","name":"Telinha","image":{"@type":"ImageObject","inLanguage":"pt-PT","@id":"https:\/\/portaltela.pt\/s.01k8rhncp4jt1\/2025\/11\/talking-bot-125x125.png","url":"https:\/\/portaltela.pt\/s.01k8rhncp4jt1\/2025\/11\/talking-bot-125x125.png","contentUrl":"https:\/\/portaltela.pt\/s.01k8rhncp4jt1\/2025\/11\/talking-bot-125x125.png","caption":"Telinha"},"sameAs":["https:\/\/portaltela.pt\/"],"url":"https:\/\/portaltela.pt\/por\/367410592786\/"}]}},"_links":{"self":[{"href":"https:\/\/portaltela.pt\/api\/wp\/v2\/posts\/422303","targetHints":{"allow":["GET"]}}],"collection":[{"href":"https:\/\/portaltela.pt\/api\/wp\/v2\/posts"}],"about":[{"href":"https:\/\/portaltela.pt\/api\/wp\/v2\/types\/post"}],"author":[{"embeddable":true,"href":"https:\/\/portaltela.pt\/api\/wp\/v2\/users\/2"}],"replies":[{"embeddable":true,"href":"https:\/\/portaltela.pt\/api\/wp\/v2\/comments?post=422303"}],"version-history":[{"count":0,"href":"https:\/\/portaltela.pt\/api\/wp\/v2\/posts\/422303\/revisions"}],"wp:featuredmedia":[{"embeddable":true,"href":"https:\/\/portaltela.pt\/api\/wp\/v2\/media\/422305"}],"wp:attachment":[{"href":"https:\/\/portaltela.pt\/api\/wp\/v2\/media?parent=422303"}],"wp:term":[{"taxonomy":"category","embeddable":true,"href":"https:\/\/portaltela.pt\/api\/wp\/v2\/categories?post=422303"},{"taxonomy":"post_tag","embeddable":true,"href":"https:\/\/portaltela.pt\/api\/wp\/v2\/tags?post=422303"}],"curies":[{"name":"wp","href":"https:\/\/api.w.org\/{rel}","templated":true}]}}