{"id":422300,"date":"2026-03-26T10:56:00","date_gmt":"2026-03-26T13:56:00","guid":{"rendered":"https:\/\/portaltela.pt\/noticias\/2026\/03\/26\/fnla-angolana-convoca-congresso-para-setembro-e-acusa-presidente-de-ditador\/"},"modified":"2026-03-26T10:56:00","modified_gmt":"2026-03-26T13:56:00","slug":"fnla-angolana-convoca-congresso-para-setembro-e-acusa-presidente-de-ditador","status":"publish","type":"post","link":"https:\/\/portaltela.pt\/noticias\/politica\/2026\/03\/26\/fnla-angolana-convoca-congresso-para-setembro-e-acusa-presidente-de-ditador\/","title":{"rendered":"FNLA angolana convoca congresso para setembro e acusa presidente de ditador"},"content":{"rendered":"<p>O Comit\u00e9 Central da FNLA, oposi\u00e7\u00e3o angolana, acusou hoje o presidente do partido de ser um imperador, ditador e violador dos estatutos da organiza\u00e7\u00e3o. Em resposta, anunciou a convoca\u00e7\u00e3o do VI Congresso Ordin\u00e1rio para setembro, sem reconhecimentos de fac\u00e7\u00f5es internas.<\/p>\n<p>Segundo o Comit\u00e9 Central, a decis\u00e3o visa reunir os membros para discutir a lideran\u00e7a e os pr\u00f3ximos passos da FNLA, no \u00e2mbito de um congresso que ocorrer\u00e1 em setembro. A nota n\u00e3o especifica o local ou a data exata.<\/p>\n<p>O comunicado mant\u00e9m o tom cr\u00edtico em rela\u00e7\u00e3o \u00e0 gest\u00e3o atual, mas afirma que n\u00e3o h\u00e1 reconhecimento de alas internas na dire\u00e7\u00e3o do partido. A confirma\u00e7\u00e3o de detalhes adicionais depende de desdobramentos oficiais da FNLA.<\/p>\n","protected":false},"excerpt":{"rendered":"<ul>\n<li>O Comit\u00e9 Central da FNLA, oposi\u00e7\u00e3o angolana, acusou o presidente do partido de ser \u201cimperador, ditador e ex\u00edmio violador\u201d dos estatutos.<\/li>\n<li>O \u00f3rg\u00e3o anunciou a convoca\u00e7\u00e3o do VI Congresso Ordin\u00e1rio para setembro pr\u00f3ximo.<\/li>\n<li>A decis\u00e3o visa realizar o congresso negando a exist\u00eancia de alas internas.<\/li>\n<li>A comunica\u00e7\u00e3o refor\u00e7a a posi\u00e7\u00e3o da oposi\u00e7\u00e3o e a dire\u00e7\u00e3o pretende consolidar o encontro para definir caminhos do partido.<\/li>\n<\/ul>\n","protected":false},"author":2,"featured_media":422301,"comment_status":"closed","ping_status":"closed","sticky":false,"template":"","format":"standard","meta":{"footnotes":""},"categories":[6912,5],"tags":[4837,7533,3767,6653,1732,2832],"class_list":["post-422300","post","type-post","status-publish","format-standard","has-post-thumbnail","hentry","category-internacionais","category-politica","tag-angola","tag-congresos","tag-oposicao","tag-organizacao","tag-partidos","tag-politica"],"yoast_head":"<!-- This site is optimized with the Yoast SEO plugin v27.2 - https:\/\/yoast.com\/product\/yoast-seo-wordpress\/ -->\n<title>FNLA angolana convoca congresso para setembro e acusa presidente de ditador - Portal Tela Portugal<\/title>\n<meta name=\"robots\" content=\"index, follow, max-snippet:-1, max-image-preview:large, max-video-preview:-1\" \/>\n<meta property=\"og:locale\" content=\"pt_PT\" \/>\n<meta property=\"og:type\" content=\"article\" \/>\n<meta property=\"og:title\" content=\"FNLA angolana convoca congresso para setembro e acusa presidente de ditador - Portal Tela Portugal\" \/>\n<meta property=\"og:description\" content=\"O Comit\u00e9 Central da FNLA, oposi\u00e7\u00e3o angolana, acusou o presidente do partido de ser \u201cimperador, ditador e ex\u00edmio violador\u201d dos estatutos. O \u00f3rg\u00e3o anunciou a convoca\u00e7\u00e3o do VI Congresso Ordin\u00e1rio para setembro pr\u00f3ximo. A decis\u00e3o visa realizar o congresso negando a exist\u00eancia de alas internas. A comunica\u00e7\u00e3o refor\u00e7a a posi\u00e7\u00e3o da oposi\u00e7\u00e3o e a dire\u00e7\u00e3o pretende consolidar o encontro para definir caminhos do partido.\" \/>\n<meta property=\"og:url\" content=\"https:\/\/portaltela.pt\/noticias\/2026\/03\/26\/fnla-angolana-convoca-congresso-para-setembro-e-acusa-presidente-de-ditador\/\" \/>\n<meta property=\"og:site_name\" content=\"Portal Tela Portugal\" \/>\n<meta property=\"article:published_time\" content=\"2026-03-26T13:56:00+00:00\" \/>\n<meta name=\"author\" content=\"Telinha\" \/>\n<meta name=\"twitter:card\" content=\"summary_large_image\" \/>\n<meta name=\"twitter:label1\" content=\"Escrito por\" \/>\n\t<meta name=\"twitter:data1\" content=\"Telinha\" \/>\n\t<meta name=\"twitter:label2\" content=\"Tempo estimado de leitura\" \/>\n\t<meta name=\"twitter:data2\" content=\"1 minuto\" \/>\n<script type=\"application\/ld+json\" class=\"yoast-schema-graph\">{\"@context\":\"https:\/\/schema.org\",\"@graph\":[{\"@type\":\"Article\",\"@id\":\"https:\/\/portaltela.pt\/noticias\/2026\/03\/26\/fnla-angolana-convoca-congresso-para-setembro-e-acusa-presidente-de-ditador\/#article\",\"isPartOf\":{\"@id\":\"https:\/\/portaltela.pt\/noticias\/2026\/03\/26\/fnla-angolana-convoca-congresso-para-setembro-e-acusa-presidente-de-ditador\/\"},\"author\":{\"name\":\"Telinha\",\"@id\":\"https:\/\/portaltela.pt\/#\/schema\/person\/c4278d4a6028830caff9ee44b42d32ed\"},\"headline\":\"FNLA angolana convoca congresso para setembro e acusa presidente de ditador\",\"datePublished\":\"2026-03-26T13:56:00+00:00\",\"mainEntityOfPage\":{\"@id\":\"https:\/\/portaltela.pt\/noticias\/2026\/03\/26\/fnla-angolana-convoca-congresso-para-setembro-e-acusa-presidente-de-ditador\/\"},\"wordCount\":140,\"image\":{\"@id\":\"https:\/\/portaltela.pt\/noticias\/2026\/03\/26\/fnla-angolana-convoca-congresso-para-setembro-e-acusa-presidente-de-ditador\/#primaryimage\"},\"thumbnailUrl\":\"https:\/\/portaltela.pt\/s.01k8rhncp4jt1\/2026\/03\/CACHE_780X1200_ANALOG_WATERMARKED_37385090_2042590_01042022025942.jpg\",\"keywords\":[\"Angola\",\"congresos\",\"oposi\u00e7\u00e3o\",\"organiza\u00e7\u00e3o\",\"partidos\",\"pol\u00edtica\"],\"articleSection\":[\"Internacionais\",\"Pol\u00edtica\"],\"inLanguage\":\"pt-PT\"},{\"@type\":\"WebPage\",\"@id\":\"https:\/\/portaltela.pt\/noticias\/2026\/03\/26\/fnla-angolana-convoca-congresso-para-setembro-e-acusa-presidente-de-ditador\/\",\"url\":\"https:\/\/portaltela.pt\/noticias\/2026\/03\/26\/fnla-angolana-convoca-congresso-para-setembro-e-acusa-presidente-de-ditador\/\",\"name\":\"FNLA angolana convoca congresso para setembro e acusa presidente de ditador - Portal Tela Portugal\",\"isPartOf\":{\"@id\":\"https:\/\/portaltela.pt\/#website\"},\"primaryImageOfPage\":{\"@id\":\"https:\/\/portaltela.pt\/noticias\/2026\/03\/26\/fnla-angolana-convoca-congresso-para-setembro-e-acusa-presidente-de-ditador\/#primaryimage\"},\"image\":{\"@id\":\"https:\/\/portaltela.pt\/noticias\/2026\/03\/26\/fnla-angolana-convoca-congresso-para-setembro-e-acusa-presidente-de-ditador\/#primaryimage\"},\"thumbnailUrl\":\"https:\/\/portaltela.pt\/s.01k8rhncp4jt1\/2026\/03\/CACHE_780X1200_ANALOG_WATERMARKED_37385090_2042590_01042022025942.jpg\",\"datePublished\":\"2026-03-26T13:56:00+00:00\",\"author\":{\"@id\":\"https:\/\/portaltela.pt\/#\/schema\/person\/c4278d4a6028830caff9ee44b42d32ed\"},\"breadcrumb\":{\"@id\":\"https:\/\/portaltela.pt\/noticias\/2026\/03\/26\/fnla-angolana-convoca-congresso-para-setembro-e-acusa-presidente-de-ditador\/#breadcrumb\"},\"inLanguage\":\"pt-PT\",\"potentialAction\":[{\"@type\":\"ReadAction\",\"target\":[\"https:\/\/portaltela.pt\/noticias\/2026\/03\/26\/fnla-angolana-convoca-congresso-para-setembro-e-acusa-presidente-de-ditador\/\"]}]},{\"@type\":\"ImageObject\",\"inLanguage\":\"pt-PT\",\"@id\":\"https:\/\/portaltela.pt\/noticias\/2026\/03\/26\/fnla-angolana-convoca-congresso-para-setembro-e-acusa-presidente-de-ditador\/#primaryimage\",\"url\":\"https:\/\/portaltela.pt\/s.01k8rhncp4jt1\/2026\/03\/CACHE_780X1200_ANALOG_WATERMARKED_37385090_2042590_01042022025942.jpg\",\"contentUrl\":\"https:\/\/portaltela.pt\/s.01k8rhncp4jt1\/2026\/03\/CACHE_780X1200_ANALOG_WATERMARKED_37385090_2042590_01042022025942.jpg\",\"width\":796,\"height\":448,\"caption\":\"Angolana FNLA convoca congresso para setembro acusando presidente de \u201cditador\u201d\"},{\"@type\":\"BreadcrumbList\",\"@id\":\"https:\/\/portaltela.pt\/noticias\/2026\/03\/26\/fnla-angolana-convoca-congresso-para-setembro-e-acusa-presidente-de-ditador\/#breadcrumb\",\"itemListElement\":[{\"@type\":\"ListItem\",\"position\":1,\"name\":\"In\u00edcio\",\"item\":\"https:\/\/portaltela.pt\/\"},{\"@type\":\"ListItem\",\"position\":2,\"name\":\"FNLA angolana convoca congresso para setembro e acusa presidente de ditador\"}]},{\"@type\":\"WebSite\",\"@id\":\"https:\/\/portaltela.pt\/#website\",\"url\":\"https:\/\/portaltela.pt\/\",\"name\":\"Portal Tela Portugal\",\"description\":\"\",\"potentialAction\":[{\"@type\":\"SearchAction\",\"target\":{\"@type\":\"EntryPoint\",\"urlTemplate\":\"https:\/\/portaltela.pt\/?s={search_term_string}\"},\"query-input\":{\"@type\":\"PropertyValueSpecification\",\"valueRequired\":true,\"valueName\":\"search_term_string\"}}],\"inLanguage\":\"pt-PT\"},{\"@type\":\"Person\",\"@id\":\"https:\/\/portaltela.pt\/#\/schema\/person\/c4278d4a6028830caff9ee44b42d32ed\",\"name\":\"Telinha\",\"image\":{\"@type\":\"ImageObject\",\"inLanguage\":\"pt-PT\",\"@id\":\"https:\/\/portaltela.pt\/s.01k8rhncp4jt1\/2025\/11\/talking-bot-125x125.png\",\"url\":\"https:\/\/portaltela.pt\/s.01k8rhncp4jt1\/2025\/11\/talking-bot-125x125.png\",\"contentUrl\":\"https:\/\/portaltela.pt\/s.01k8rhncp4jt1\/2025\/11\/talking-bot-125x125.png\",\"caption\":\"Telinha\"},\"sameAs\":[\"https:\/\/portaltela.pt\/\"],\"url\":\"https:\/\/portaltela.pt\/por\/367410592786\/\"}]}<\/script>\n<!-- \/ Yoast SEO plugin. -->","yoast_head_json":{"title":"FNLA angolana convoca congresso para setembro e acusa presidente de ditador - Portal Tela Portugal","robots":{"index":"index","follow":"follow","max-snippet":"max-snippet:-1","max-image-preview":"max-image-preview:large","max-video-preview":"max-video-preview:-1"},"og_locale":"pt_PT","og_type":"article","og_title":"FNLA angolana convoca congresso para setembro e acusa presidente de ditador - Portal Tela Portugal","og_description":"O Comit\u00e9 Central da FNLA, oposi\u00e7\u00e3o angolana, acusou o presidente do partido de ser \u201cimperador, ditador e ex\u00edmio violador\u201d dos estatutos. O \u00f3rg\u00e3o anunciou a convoca\u00e7\u00e3o do VI Congresso Ordin\u00e1rio para setembro pr\u00f3ximo. A decis\u00e3o visa realizar o congresso negando a exist\u00eancia de alas internas. A comunica\u00e7\u00e3o refor\u00e7a a posi\u00e7\u00e3o da oposi\u00e7\u00e3o e a dire\u00e7\u00e3o pretende consolidar o encontro para definir caminhos do partido.","og_url":"https:\/\/portaltela.pt\/noticias\/2026\/03\/26\/fnla-angolana-convoca-congresso-para-setembro-e-acusa-presidente-de-ditador\/","og_site_name":"Portal Tela Portugal","article_published_time":"2026-03-26T13:56:00+00:00","author":"Telinha","twitter_card":"summary_large_image","twitter_misc":{"Escrito por":"Telinha","Tempo estimado de leitura":"1 minuto"},"schema":{"@context":"https:\/\/schema.org","@graph":[{"@type":"Article","@id":"https:\/\/portaltela.pt\/noticias\/2026\/03\/26\/fnla-angolana-convoca-congresso-para-setembro-e-acusa-presidente-de-ditador\/#article","isPartOf":{"@id":"https:\/\/portaltela.pt\/noticias\/2026\/03\/26\/fnla-angolana-convoca-congresso-para-setembro-e-acusa-presidente-de-ditador\/"},"author":{"name":"Telinha","@id":"https:\/\/portaltela.pt\/#\/schema\/person\/c4278d4a6028830caff9ee44b42d32ed"},"headline":"FNLA angolana convoca congresso para setembro e acusa presidente de ditador","datePublished":"2026-03-26T13:56:00+00:00","mainEntityOfPage":{"@id":"https:\/\/portaltela.pt\/noticias\/2026\/03\/26\/fnla-angolana-convoca-congresso-para-setembro-e-acusa-presidente-de-ditador\/"},"wordCount":140,"image":{"@id":"https:\/\/portaltela.pt\/noticias\/2026\/03\/26\/fnla-angolana-convoca-congresso-para-setembro-e-acusa-presidente-de-ditador\/#primaryimage"},"thumbnailUrl":"https:\/\/portaltela.pt\/s.01k8rhncp4jt1\/2026\/03\/CACHE_780X1200_ANALOG_WATERMARKED_37385090_2042590_01042022025942.jpg","keywords":["Angola","congresos","oposi\u00e7\u00e3o","organiza\u00e7\u00e3o","partidos","pol\u00edtica"],"articleSection":["Internacionais","Pol\u00edtica"],"inLanguage":"pt-PT"},{"@type":"WebPage","@id":"https:\/\/portaltela.pt\/noticias\/2026\/03\/26\/fnla-angolana-convoca-congresso-para-setembro-e-acusa-presidente-de-ditador\/","url":"https:\/\/portaltela.pt\/noticias\/2026\/03\/26\/fnla-angolana-convoca-congresso-para-setembro-e-acusa-presidente-de-ditador\/","name":"FNLA angolana convoca congresso para setembro e acusa presidente de ditador - Portal Tela Portugal","isPartOf":{"@id":"https:\/\/portaltela.pt\/#website"},"primaryImageOfPage":{"@id":"https:\/\/portaltela.pt\/noticias\/2026\/03\/26\/fnla-angolana-convoca-congresso-para-setembro-e-acusa-presidente-de-ditador\/#primaryimage"},"image":{"@id":"https:\/\/portaltela.pt\/noticias\/2026\/03\/26\/fnla-angolana-convoca-congresso-para-setembro-e-acusa-presidente-de-ditador\/#primaryimage"},"thumbnailUrl":"https:\/\/portaltela.pt\/s.01k8rhncp4jt1\/2026\/03\/CACHE_780X1200_ANALOG_WATERMARKED_37385090_2042590_01042022025942.jpg","datePublished":"2026-03-26T13:56:00+00:00","author":{"@id":"https:\/\/portaltela.pt\/#\/schema\/person\/c4278d4a6028830caff9ee44b42d32ed"},"breadcrumb":{"@id":"https:\/\/portaltela.pt\/noticias\/2026\/03\/26\/fnla-angolana-convoca-congresso-para-setembro-e-acusa-presidente-de-ditador\/#breadcrumb"},"inLanguage":"pt-PT","potentialAction":[{"@type":"ReadAction","target":["https:\/\/portaltela.pt\/noticias\/2026\/03\/26\/fnla-angolana-convoca-congresso-para-setembro-e-acusa-presidente-de-ditador\/"]}]},{"@type":"ImageObject","inLanguage":"pt-PT","@id":"https:\/\/portaltela.pt\/noticias\/2026\/03\/26\/fnla-angolana-convoca-congresso-para-setembro-e-acusa-presidente-de-ditador\/#primaryimage","url":"https:\/\/portaltela.pt\/s.01k8rhncp4jt1\/2026\/03\/CACHE_780X1200_ANALOG_WATERMARKED_37385090_2042590_01042022025942.jpg","contentUrl":"https:\/\/portaltela.pt\/s.01k8rhncp4jt1\/2026\/03\/CACHE_780X1200_ANALOG_WATERMARKED_37385090_2042590_01042022025942.jpg","width":796,"height":448,"caption":"Angolana FNLA convoca congresso para setembro acusando presidente de \u201cditador\u201d"},{"@type":"BreadcrumbList","@id":"https:\/\/portaltela.pt\/noticias\/2026\/03\/26\/fnla-angolana-convoca-congresso-para-setembro-e-acusa-presidente-de-ditador\/#breadcrumb","itemListElement":[{"@type":"ListItem","position":1,"name":"In\u00edcio","item":"https:\/\/portaltela.pt\/"},{"@type":"ListItem","position":2,"name":"FNLA angolana convoca congresso para setembro e acusa presidente de ditador"}]},{"@type":"WebSite","@id":"https:\/\/portaltela.pt\/#website","url":"https:\/\/portaltela.pt\/","name":"Portal Tela Portugal","description":"","potentialAction":[{"@type":"SearchAction","target":{"@type":"EntryPoint","urlTemplate":"https:\/\/portaltela.pt\/?s={search_term_string}"},"query-input":{"@type":"PropertyValueSpecification","valueRequired":true,"valueName":"search_term_string"}}],"inLanguage":"pt-PT"},{"@type":"Person","@id":"https:\/\/portaltela.pt\/#\/schema\/person\/c4278d4a6028830caff9ee44b42d32ed","name":"Telinha","image":{"@type":"ImageObject","inLanguage":"pt-PT","@id":"https:\/\/portaltela.pt\/s.01k8rhncp4jt1\/2025\/11\/talking-bot-125x125.png","url":"https:\/\/portaltela.pt\/s.01k8rhncp4jt1\/2025\/11\/talking-bot-125x125.png","contentUrl":"https:\/\/portaltela.pt\/s.01k8rhncp4jt1\/2025\/11\/talking-bot-125x125.png","caption":"Telinha"},"sameAs":["https:\/\/portaltela.pt\/"],"url":"https:\/\/portaltela.pt\/por\/367410592786\/"}]}},"_links":{"self":[{"href":"https:\/\/portaltela.pt\/api\/wp\/v2\/posts\/422300","targetHints":{"allow":["GET"]}}],"collection":[{"href":"https:\/\/portaltela.pt\/api\/wp\/v2\/posts"}],"about":[{"href":"https:\/\/portaltela.pt\/api\/wp\/v2\/types\/post"}],"author":[{"embeddable":true,"href":"https:\/\/portaltela.pt\/api\/wp\/v2\/users\/2"}],"replies":[{"embeddable":true,"href":"https:\/\/portaltela.pt\/api\/wp\/v2\/comments?post=422300"}],"version-history":[{"count":0,"href":"https:\/\/portaltela.pt\/api\/wp\/v2\/posts\/422300\/revisions"}],"wp:featuredmedia":[{"embeddable":true,"href":"https:\/\/portaltela.pt\/api\/wp\/v2\/media\/422301"}],"wp:attachment":[{"href":"https:\/\/portaltela.pt\/api\/wp\/v2\/media?parent=422300"}],"wp:term":[{"taxonomy":"category","embeddable":true,"href":"https:\/\/portaltela.pt\/api\/wp\/v2\/categories?post=422300"},{"taxonomy":"post_tag","embeddable":true,"href":"https:\/\/portaltela.pt\/api\/wp\/v2\/tags?post=422300"}],"curies":[{"name":"wp","href":"https:\/\/api.w.org\/{rel}","templated":true}]}}