{"id":422295,"date":"2026-03-26T10:43:22","date_gmt":"2026-03-26T13:43:22","guid":{"rendered":"https:\/\/portaltela.pt\/noticias\/2026\/03\/26\/fc-porto-anuncia-data-de-entrega-das-rosetas-de-ouro-a-socios-com-50-anos\/"},"modified":"2026-03-26T10:43:22","modified_gmt":"2026-03-26T13:43:22","slug":"fc-porto-anuncia-data-de-entrega-das-rosetas-de-ouro-a-socios-com-50-anos","status":"publish","type":"post","link":"https:\/\/portaltela.pt\/desporto\/futebol\/2026\/03\/26\/fc-porto-anuncia-data-de-entrega-das-rosetas-de-ouro-a-socios-com-50-anos\/","title":{"rendered":"FC Porto anuncia data de entrega das Rosetas de Ouro a s\u00f3cios com 50 anos"},"content":{"rendered":"<p>O FC Porto confirmou a data para a entrega das Rosetas de Ouro aos seus s\u00f3cios com 50 anos de filia\u00e7\u00e3o, numa cerim\u00f3nia marcada para o pr\u00f3ximo dia 21 de abril. O evento acontece no Est\u00e1dio do Drag\u00e3o e destina-se a premiar a fidelidade de quem mant\u00e9m liga\u00e7\u00e3o ao clube h\u00e1 cinco d\u00e9cadas.<\/p>\n<p>Segundo o clube, a iniciativa visa reconhecer a contribui\u00e7\u00e3o destes associados para o legado e a identidade azul e branca. O FC Porto informou ter contactado formalmente todos os s\u00f3cios que ser\u00e3o contemplados com as Rosetas de Ouro.<\/p>\n<h3>Cerim\u00f3nia e destinat\u00e1rios<\/h3>\n<p>A organiza\u00e7\u00e3o do evento prev\u00ea uma cerim\u00f3nia no recinto principal do Est\u00e1dio do Drag\u00e3o, com a presen\u00e7a de respons\u00e1veis do clube e dos premiados. A data foi anunciada pelo FC Porto sem indicar hor\u00e1rios espec\u00edficos.<\/p>\n<h3>Detalhes adicionais<\/h3>\n<p>O clube destacou que esta \u00e9 uma iniciativa de homenagem \u00e0 dedica\u00e7\u00e3o dos s\u00f3cios, refor\u00e7ando o valor da liga\u00e7\u00e3o de longa dura\u00e7\u00e3o ao clube. A autarquia n\u00e3o foi mencionada no comunicado oficial.<\/p>\n","protected":false},"excerpt":{"rendered":"<ul>\n<li>O FC Porto anunciou a entrega das Rosetas de Ouro aos s\u00f3cios com 50 anos de filia\u00e7\u00e3o.<\/li>\n<li>A cerim\u00f3nia realiza-se a 21 de abril.<\/li>\n<li>O evento decorrer\u00e1 no Est\u00e1dio do Drag\u00e3o.<\/li>\n<li>O clube confirmou ter contactado formalmente todos os premiados.<\/li>\n<\/ul>\n","protected":false},"author":2,"featured_media":422298,"comment_status":"closed","ping_status":"closed","sticky":false,"template":"","format":"standard","meta":{"footnotes":""},"categories":[21,24],"tags":[1367,152,2028,5953,32,982],"class_list":["post-422295","post","type-post","status-publish","format-standard","has-post-thumbnail","hentry","category-desporto","category-futebol","tag-clubes","tag-desporto","tag-fc-porto","tag-fc-porto-sad","tag-futebol","tag-porto"],"yoast_head":"<!-- This site is optimized with the Yoast SEO plugin v27.2 - https:\/\/yoast.com\/product\/yoast-seo-wordpress\/ -->\n<title>FC Porto anuncia data de entrega das Rosetas de Ouro a s\u00f3cios com 50 anos - Portal Tela Portugal<\/title>\n<meta name=\"robots\" content=\"index, follow, max-snippet:-1, max-image-preview:large, max-video-preview:-1\" \/>\n<meta property=\"og:locale\" content=\"pt_PT\" \/>\n<meta property=\"og:type\" content=\"article\" \/>\n<meta property=\"og:title\" content=\"FC Porto anuncia data de entrega das Rosetas de Ouro a s\u00f3cios com 50 anos - Portal Tela Portugal\" \/>\n<meta property=\"og:description\" content=\"O FC Porto anunciou a entrega das Rosetas de Ouro aos s\u00f3cios com 50 anos de filia\u00e7\u00e3o. A cerim\u00f3nia realiza-se a 21 de abril. O evento decorrer\u00e1 no Est\u00e1dio do Drag\u00e3o. O clube confirmou ter contactado formalmente todos os premiados.\" \/>\n<meta property=\"og:url\" content=\"https:\/\/portaltela.pt\/noticias\/2026\/03\/26\/fc-porto-anuncia-data-de-entrega-das-rosetas-de-ouro-a-socios-com-50-anos\/\" \/>\n<meta property=\"og:site_name\" content=\"Portal Tela Portugal\" \/>\n<meta property=\"article:published_time\" content=\"2026-03-26T13:43:22+00:00\" \/>\n<meta name=\"author\" content=\"Telinha\" \/>\n<meta name=\"twitter:card\" content=\"summary_large_image\" \/>\n<meta name=\"twitter:label1\" content=\"Escrito por\" \/>\n\t<meta name=\"twitter:data1\" content=\"Telinha\" \/>\n\t<meta name=\"twitter:label2\" content=\"Tempo estimado de leitura\" \/>\n\t<meta name=\"twitter:data2\" content=\"1 minuto\" \/>\n<script type=\"application\/ld+json\" class=\"yoast-schema-graph\">{\"@context\":\"https:\/\/schema.org\",\"@graph\":[{\"@type\":\"Article\",\"@id\":\"https:\/\/portaltela.pt\/noticias\/2026\/03\/26\/fc-porto-anuncia-data-de-entrega-das-rosetas-de-ouro-a-socios-com-50-anos\/#article\",\"isPartOf\":{\"@id\":\"https:\/\/portaltela.pt\/noticias\/2026\/03\/26\/fc-porto-anuncia-data-de-entrega-das-rosetas-de-ouro-a-socios-com-50-anos\/\"},\"author\":{\"name\":\"Telinha\",\"@id\":\"https:\/\/portaltela.pt\/#\/schema\/person\/c4278d4a6028830caff9ee44b42d32ed\"},\"headline\":\"FC Porto anuncia data de entrega das Rosetas de Ouro a s\u00f3cios com 50 anos\",\"datePublished\":\"2026-03-26T13:43:22+00:00\",\"mainEntityOfPage\":{\"@id\":\"https:\/\/portaltela.pt\/noticias\/2026\/03\/26\/fc-porto-anuncia-data-de-entrega-das-rosetas-de-ouro-a-socios-com-50-anos\/\"},\"wordCount\":202,\"image\":{\"@id\":\"https:\/\/portaltela.pt\/noticias\/2026\/03\/26\/fc-porto-anuncia-data-de-entrega-das-rosetas-de-ouro-a-socios-com-50-anos\/#primaryimage\"},\"thumbnailUrl\":\"https:\/\/portaltela.pt\/s.01k8rhncp4jt1\/2026\/03\/img_920x518uu2026-03-26-13-41-02-2429458-im-639101293297767122.jpg\",\"keywords\":[\"clubes\",\"desporto\",\"FC Porto\",\"FC Porto SAD\",\"futebol\",\"Porto\"],\"articleSection\":[\"Desporto\",\"Futebol\"],\"inLanguage\":\"pt-PT\"},{\"@type\":\"WebPage\",\"@id\":\"https:\/\/portaltela.pt\/noticias\/2026\/03\/26\/fc-porto-anuncia-data-de-entrega-das-rosetas-de-ouro-a-socios-com-50-anos\/\",\"url\":\"https:\/\/portaltela.pt\/noticias\/2026\/03\/26\/fc-porto-anuncia-data-de-entrega-das-rosetas-de-ouro-a-socios-com-50-anos\/\",\"name\":\"FC Porto anuncia data de entrega das Rosetas de Ouro a s\u00f3cios com 50 anos - Portal Tela Portugal\",\"isPartOf\":{\"@id\":\"https:\/\/portaltela.pt\/#website\"},\"primaryImageOfPage\":{\"@id\":\"https:\/\/portaltela.pt\/noticias\/2026\/03\/26\/fc-porto-anuncia-data-de-entrega-das-rosetas-de-ouro-a-socios-com-50-anos\/#primaryimage\"},\"image\":{\"@id\":\"https:\/\/portaltela.pt\/noticias\/2026\/03\/26\/fc-porto-anuncia-data-de-entrega-das-rosetas-de-ouro-a-socios-com-50-anos\/#primaryimage\"},\"thumbnailUrl\":\"https:\/\/portaltela.pt\/s.01k8rhncp4jt1\/2026\/03\/img_920x518uu2026-03-26-13-41-02-2429458-im-639101293297767122.jpg\",\"datePublished\":\"2026-03-26T13:43:22+00:00\",\"author\":{\"@id\":\"https:\/\/portaltela.pt\/#\/schema\/person\/c4278d4a6028830caff9ee44b42d32ed\"},\"breadcrumb\":{\"@id\":\"https:\/\/portaltela.pt\/noticias\/2026\/03\/26\/fc-porto-anuncia-data-de-entrega-das-rosetas-de-ouro-a-socios-com-50-anos\/#breadcrumb\"},\"inLanguage\":\"pt-PT\",\"potentialAction\":[{\"@type\":\"ReadAction\",\"target\":[\"https:\/\/portaltela.pt\/noticias\/2026\/03\/26\/fc-porto-anuncia-data-de-entrega-das-rosetas-de-ouro-a-socios-com-50-anos\/\"]}]},{\"@type\":\"ImageObject\",\"inLanguage\":\"pt-PT\",\"@id\":\"https:\/\/portaltela.pt\/noticias\/2026\/03\/26\/fc-porto-anuncia-data-de-entrega-das-rosetas-de-ouro-a-socios-com-50-anos\/#primaryimage\",\"url\":\"https:\/\/portaltela.pt\/s.01k8rhncp4jt1\/2026\/03\/img_920x518uu2026-03-26-13-41-02-2429458-im-639101293297767122.jpg\",\"contentUrl\":\"https:\/\/portaltela.pt\/s.01k8rhncp4jt1\/2026\/03\/img_920x518uu2026-03-26-13-41-02-2429458-im-639101293297767122.jpg\",\"width\":920,\"height\":518,\"caption\":\"Cerim\u00f3nia de entrega de Rosetas de Ouro do FC Porto, a 21 de abril\"},{\"@type\":\"BreadcrumbList\",\"@id\":\"https:\/\/portaltela.pt\/noticias\/2026\/03\/26\/fc-porto-anuncia-data-de-entrega-das-rosetas-de-ouro-a-socios-com-50-anos\/#breadcrumb\",\"itemListElement\":[{\"@type\":\"ListItem\",\"position\":1,\"name\":\"In\u00edcio\",\"item\":\"https:\/\/portaltela.pt\/\"},{\"@type\":\"ListItem\",\"position\":2,\"name\":\"FC Porto anuncia data de entrega das Rosetas de Ouro a s\u00f3cios com 50 anos\"}]},{\"@type\":\"WebSite\",\"@id\":\"https:\/\/portaltela.pt\/#website\",\"url\":\"https:\/\/portaltela.pt\/\",\"name\":\"Portal Tela Portugal\",\"description\":\"\",\"potentialAction\":[{\"@type\":\"SearchAction\",\"target\":{\"@type\":\"EntryPoint\",\"urlTemplate\":\"https:\/\/portaltela.pt\/?s={search_term_string}\"},\"query-input\":{\"@type\":\"PropertyValueSpecification\",\"valueRequired\":true,\"valueName\":\"search_term_string\"}}],\"inLanguage\":\"pt-PT\"},{\"@type\":\"Person\",\"@id\":\"https:\/\/portaltela.pt\/#\/schema\/person\/c4278d4a6028830caff9ee44b42d32ed\",\"name\":\"Telinha\",\"image\":{\"@type\":\"ImageObject\",\"inLanguage\":\"pt-PT\",\"@id\":\"https:\/\/portaltela.pt\/s.01k8rhncp4jt1\/2025\/11\/talking-bot-125x125.png\",\"url\":\"https:\/\/portaltela.pt\/s.01k8rhncp4jt1\/2025\/11\/talking-bot-125x125.png\",\"contentUrl\":\"https:\/\/portaltela.pt\/s.01k8rhncp4jt1\/2025\/11\/talking-bot-125x125.png\",\"caption\":\"Telinha\"},\"sameAs\":[\"https:\/\/portaltela.pt\/\"],\"url\":\"https:\/\/portaltela.pt\/por\/367410592786\/\"}]}<\/script>\n<!-- \/ Yoast SEO plugin. -->","yoast_head_json":{"title":"FC Porto anuncia data de entrega das Rosetas de Ouro a s\u00f3cios com 50 anos - Portal Tela Portugal","robots":{"index":"index","follow":"follow","max-snippet":"max-snippet:-1","max-image-preview":"max-image-preview:large","max-video-preview":"max-video-preview:-1"},"og_locale":"pt_PT","og_type":"article","og_title":"FC Porto anuncia data de entrega das Rosetas de Ouro a s\u00f3cios com 50 anos - Portal Tela Portugal","og_description":"O FC Porto anunciou a entrega das Rosetas de Ouro aos s\u00f3cios com 50 anos de filia\u00e7\u00e3o. A cerim\u00f3nia realiza-se a 21 de abril. O evento decorrer\u00e1 no Est\u00e1dio do Drag\u00e3o. O clube confirmou ter contactado formalmente todos os premiados.","og_url":"https:\/\/portaltela.pt\/noticias\/2026\/03\/26\/fc-porto-anuncia-data-de-entrega-das-rosetas-de-ouro-a-socios-com-50-anos\/","og_site_name":"Portal Tela Portugal","article_published_time":"2026-03-26T13:43:22+00:00","author":"Telinha","twitter_card":"summary_large_image","twitter_misc":{"Escrito por":"Telinha","Tempo estimado de leitura":"1 minuto"},"schema":{"@context":"https:\/\/schema.org","@graph":[{"@type":"Article","@id":"https:\/\/portaltela.pt\/noticias\/2026\/03\/26\/fc-porto-anuncia-data-de-entrega-das-rosetas-de-ouro-a-socios-com-50-anos\/#article","isPartOf":{"@id":"https:\/\/portaltela.pt\/noticias\/2026\/03\/26\/fc-porto-anuncia-data-de-entrega-das-rosetas-de-ouro-a-socios-com-50-anos\/"},"author":{"name":"Telinha","@id":"https:\/\/portaltela.pt\/#\/schema\/person\/c4278d4a6028830caff9ee44b42d32ed"},"headline":"FC Porto anuncia data de entrega das Rosetas de Ouro a s\u00f3cios com 50 anos","datePublished":"2026-03-26T13:43:22+00:00","mainEntityOfPage":{"@id":"https:\/\/portaltela.pt\/noticias\/2026\/03\/26\/fc-porto-anuncia-data-de-entrega-das-rosetas-de-ouro-a-socios-com-50-anos\/"},"wordCount":202,"image":{"@id":"https:\/\/portaltela.pt\/noticias\/2026\/03\/26\/fc-porto-anuncia-data-de-entrega-das-rosetas-de-ouro-a-socios-com-50-anos\/#primaryimage"},"thumbnailUrl":"https:\/\/portaltela.pt\/s.01k8rhncp4jt1\/2026\/03\/img_920x518uu2026-03-26-13-41-02-2429458-im-639101293297767122.jpg","keywords":["clubes","desporto","FC Porto","FC Porto SAD","futebol","Porto"],"articleSection":["Desporto","Futebol"],"inLanguage":"pt-PT"},{"@type":"WebPage","@id":"https:\/\/portaltela.pt\/noticias\/2026\/03\/26\/fc-porto-anuncia-data-de-entrega-das-rosetas-de-ouro-a-socios-com-50-anos\/","url":"https:\/\/portaltela.pt\/noticias\/2026\/03\/26\/fc-porto-anuncia-data-de-entrega-das-rosetas-de-ouro-a-socios-com-50-anos\/","name":"FC Porto anuncia data de entrega das Rosetas de Ouro a s\u00f3cios com 50 anos - Portal Tela Portugal","isPartOf":{"@id":"https:\/\/portaltela.pt\/#website"},"primaryImageOfPage":{"@id":"https:\/\/portaltela.pt\/noticias\/2026\/03\/26\/fc-porto-anuncia-data-de-entrega-das-rosetas-de-ouro-a-socios-com-50-anos\/#primaryimage"},"image":{"@id":"https:\/\/portaltela.pt\/noticias\/2026\/03\/26\/fc-porto-anuncia-data-de-entrega-das-rosetas-de-ouro-a-socios-com-50-anos\/#primaryimage"},"thumbnailUrl":"https:\/\/portaltela.pt\/s.01k8rhncp4jt1\/2026\/03\/img_920x518uu2026-03-26-13-41-02-2429458-im-639101293297767122.jpg","datePublished":"2026-03-26T13:43:22+00:00","author":{"@id":"https:\/\/portaltela.pt\/#\/schema\/person\/c4278d4a6028830caff9ee44b42d32ed"},"breadcrumb":{"@id":"https:\/\/portaltela.pt\/noticias\/2026\/03\/26\/fc-porto-anuncia-data-de-entrega-das-rosetas-de-ouro-a-socios-com-50-anos\/#breadcrumb"},"inLanguage":"pt-PT","potentialAction":[{"@type":"ReadAction","target":["https:\/\/portaltela.pt\/noticias\/2026\/03\/26\/fc-porto-anuncia-data-de-entrega-das-rosetas-de-ouro-a-socios-com-50-anos\/"]}]},{"@type":"ImageObject","inLanguage":"pt-PT","@id":"https:\/\/portaltela.pt\/noticias\/2026\/03\/26\/fc-porto-anuncia-data-de-entrega-das-rosetas-de-ouro-a-socios-com-50-anos\/#primaryimage","url":"https:\/\/portaltela.pt\/s.01k8rhncp4jt1\/2026\/03\/img_920x518uu2026-03-26-13-41-02-2429458-im-639101293297767122.jpg","contentUrl":"https:\/\/portaltela.pt\/s.01k8rhncp4jt1\/2026\/03\/img_920x518uu2026-03-26-13-41-02-2429458-im-639101293297767122.jpg","width":920,"height":518,"caption":"Cerim\u00f3nia de entrega de Rosetas de Ouro do FC Porto, a 21 de abril"},{"@type":"BreadcrumbList","@id":"https:\/\/portaltela.pt\/noticias\/2026\/03\/26\/fc-porto-anuncia-data-de-entrega-das-rosetas-de-ouro-a-socios-com-50-anos\/#breadcrumb","itemListElement":[{"@type":"ListItem","position":1,"name":"In\u00edcio","item":"https:\/\/portaltela.pt\/"},{"@type":"ListItem","position":2,"name":"FC Porto anuncia data de entrega das Rosetas de Ouro a s\u00f3cios com 50 anos"}]},{"@type":"WebSite","@id":"https:\/\/portaltela.pt\/#website","url":"https:\/\/portaltela.pt\/","name":"Portal Tela Portugal","description":"","potentialAction":[{"@type":"SearchAction","target":{"@type":"EntryPoint","urlTemplate":"https:\/\/portaltela.pt\/?s={search_term_string}"},"query-input":{"@type":"PropertyValueSpecification","valueRequired":true,"valueName":"search_term_string"}}],"inLanguage":"pt-PT"},{"@type":"Person","@id":"https:\/\/portaltela.pt\/#\/schema\/person\/c4278d4a6028830caff9ee44b42d32ed","name":"Telinha","image":{"@type":"ImageObject","inLanguage":"pt-PT","@id":"https:\/\/portaltela.pt\/s.01k8rhncp4jt1\/2025\/11\/talking-bot-125x125.png","url":"https:\/\/portaltela.pt\/s.01k8rhncp4jt1\/2025\/11\/talking-bot-125x125.png","contentUrl":"https:\/\/portaltela.pt\/s.01k8rhncp4jt1\/2025\/11\/talking-bot-125x125.png","caption":"Telinha"},"sameAs":["https:\/\/portaltela.pt\/"],"url":"https:\/\/portaltela.pt\/por\/367410592786\/"}]}},"_links":{"self":[{"href":"https:\/\/portaltela.pt\/api\/wp\/v2\/posts\/422295","targetHints":{"allow":["GET"]}}],"collection":[{"href":"https:\/\/portaltela.pt\/api\/wp\/v2\/posts"}],"about":[{"href":"https:\/\/portaltela.pt\/api\/wp\/v2\/types\/post"}],"author":[{"embeddable":true,"href":"https:\/\/portaltela.pt\/api\/wp\/v2\/users\/2"}],"replies":[{"embeddable":true,"href":"https:\/\/portaltela.pt\/api\/wp\/v2\/comments?post=422295"}],"version-history":[{"count":0,"href":"https:\/\/portaltela.pt\/api\/wp\/v2\/posts\/422295\/revisions"}],"wp:featuredmedia":[{"embeddable":true,"href":"https:\/\/portaltela.pt\/api\/wp\/v2\/media\/422298"}],"wp:attachment":[{"href":"https:\/\/portaltela.pt\/api\/wp\/v2\/media?parent=422295"}],"wp:term":[{"taxonomy":"category","embeddable":true,"href":"https:\/\/portaltela.pt\/api\/wp\/v2\/categories?post=422295"},{"taxonomy":"post_tag","embeddable":true,"href":"https:\/\/portaltela.pt\/api\/wp\/v2\/tags?post=422295"}],"curies":[{"name":"wp","href":"https:\/\/api.w.org\/{rel}","templated":true}]}}