{"id":422294,"date":"2026-03-26T10:36:00","date_gmt":"2026-03-26T13:36:00","guid":{"rendered":"https:\/\/portaltela.pt\/noticias\/2026\/03\/26\/noelia-castillo-opta-pela-eutanasia-devido-a-dores-cronicas\/"},"modified":"2026-03-26T10:36:00","modified_gmt":"2026-03-26T13:36:00","slug":"noelia-castillo-opta-pela-eutanasia-devido-a-dores-cronicas","status":"publish","type":"post","link":"https:\/\/portaltela.pt\/saude\/2026\/03\/26\/noelia-castillo-opta-pela-eutanasia-devido-a-dores-cronicas\/","title":{"rendered":"Noelia Castillo opta pela eutan\u00e1sia devido a dores cr\u00f3nicas"},"content":{"rendered":"<p>Noelia Castillo, jovem espanhola de 25 anos, est\u00e1 prestes a morrer por eutan\u00e1sia esta quinta-feira na Catalunha. Parapl\u00e9gia desde uma queda em 2022, ela aguardava h\u00e1 601 dias para exercer o direito reconhecido em julho de 2024, ap\u00f3s um protocolo de cerca de 15 minutos que envolve a administra\u00e7\u00e3o de tr\u00eas f\u00e1rmacos.<\/p>\n<p>O processo foi alvo de discuss\u00e3o p\u00fablica devido \u00e0 oposi\u00e7\u00e3o do pai, que contestou a decis\u00e3o em tribunal. O caso percorreu v\u00e1rias inst\u00e2ncias, incluindo o Supremo e o Constitucional, que acabaram por confirmar a legalidade da decis\u00e3o e o direito de autodetermina\u00e7\u00e3o de Noelia Castillo.<\/p>\n<p>A jovem sofria com dores cr\u00f3nicas e sofrimento psicol\u00f3gico intenso, condi\u00e7\u00f5es consideradas n\u00e3o recuper\u00e1veis e que, segundo o jornal El Pa\u00eds, cumpriam os requisitos legais para o acesso \u00e0 morte medicamente assistida. O conflito familiar intensificou-se ao longo do processo, com Noelia a descrever impactos emocionais graves.<\/p>\n<p>A rela\u00e7\u00e3o com o pai foi marcada por tens\u00f5es, com a jovem a afirmar que o progenitor se mantinha distante e a questionar o motivo de continuar viva se n\u00e3o poderia apoiar\u2011a. Noelia viveu longe dos pais desde os 13 anos, sob tutela da Generalitat da Catalunha, em centros de acolhimento para menores.<\/p>\n<p>Ao optar pelo desfecho, Noelia insistiu na sua autonomia mesmo diante do escrut\u00ednio p\u00fablico e familiar, afirmando desejar terminar o processo de forma discreta e sem testemunhas. O caso continua a ser acompanhado por entidades de sa\u00fade e defesa dos direitos fundamentais.<\/p>\n","protected":false},"excerpt":{"rendered":"<ul>\n<li>Noelia Castillo, jovem espanhola de 25 anos, dever\u00e1 morrer esta quinta-feira atrav\u00e9s de um protocolo de eutan\u00e1sia, com dura\u00e7\u00e3o aproximada de quinze minutos e a administra\u00e7\u00e3o de tr\u00eas f\u00e1rmacos.<\/li>\n<li>A decis\u00e3o foi reconhecida legalmente desde julho de 2024, ap\u00f3s uma longa batalha judicial frente \u00e0 oposi\u00e7\u00e3o do pai; o caso passou por v\u00e1rias inst\u00e2ncias, incluindo o Tribunal Supremo e o Tribunal Constitucional, que validaram o direito \u00e0 autodetermina\u00e7\u00e3o.<\/li>\n<li>Castillo tornou-se parapl\u00e9gica em 2022 ap\u00f3s uma queda, vivendo com dores cr\u00f3nicas e sofrimento psicol\u00f3gico intenso, tendo sido considerada \u201cn\u00e3o recuper\u00e1vel\u201d e fisicamente dependente.<\/li>\n<li>Apesar da aprova\u00e7\u00e3o inicial das autoridades de sa\u00fade da Catalunha, o processo foi suspenso por ordem judicial devido \u00e0 contesta\u00e7\u00e3o familiar.<\/li>\n<li>A jovem vive longe dos pais desde os 13 anos, sob tutela da Generalitat da Catalunha, e afirmou querer enfrentar o momento final sozinha, mantendo a sua autonomia at\u00e9 ao fim.<\/li>\n<\/ul>\n","protected":false},"author":2,"featured_media":422297,"comment_status":"closed","ping_status":"closed","sticky":false,"template":"","format":"standard","meta":{"footnotes":""},"categories":[7371,6745],"tags":[5485,6373,2633,2806,2189,271],"class_list":["post-422294","post","type-post","status-publish","format-standard","has-post-thumbnail","hentry","category-medicina","category-saude","tag-catalunha","tag-direitos","tag-direitos-humanos","tag-dor-cronica","tag-espana","tag-saude-publica"],"yoast_head":"<!-- This site is optimized with the Yoast SEO plugin v27.2 - https:\/\/yoast.com\/product\/yoast-seo-wordpress\/ -->\n<title>Noelia Castillo opta pela eutan\u00e1sia devido a dores cr\u00f3nicas - Portal Tela Portugal<\/title>\n<meta name=\"robots\" content=\"index, follow, max-snippet:-1, max-image-preview:large, max-video-preview:-1\" \/>\n<meta property=\"og:locale\" content=\"pt_PT\" \/>\n<meta property=\"og:type\" content=\"article\" \/>\n<meta property=\"og:title\" content=\"Noelia Castillo opta pela eutan\u00e1sia devido a dores cr\u00f3nicas - Portal Tela Portugal\" \/>\n<meta property=\"og:description\" content=\"Noelia Castillo, jovem espanhola de 25 anos, dever\u00e1 morrer esta quinta-feira atrav\u00e9s de um protocolo de eutan\u00e1sia, com dura\u00e7\u00e3o aproximada de quinze minutos e a administra\u00e7\u00e3o de tr\u00eas f\u00e1rmacos. A decis\u00e3o foi reconhecida legalmente desde julho de 2024, ap\u00f3s uma longa batalha judicial frente \u00e0 oposi\u00e7\u00e3o do pai; o caso passou por v\u00e1rias inst\u00e2ncias, incluindo o Tribunal Supremo e o Tribunal Constitucional, que validaram o direito \u00e0 autodetermina\u00e7\u00e3o. Castillo tornou-se parapl\u00e9gica em 2022 ap\u00f3s uma queda, vivendo com dores cr\u00f3nicas e sofrimento psicol\u00f3gico intenso, tendo sido considerada \u201cn\u00e3o recuper\u00e1vel\u201d e fisicamente dependente. Apesar da aprova\u00e7\u00e3o inicial das autoridades de sa\u00fade da Catalunha, o processo foi suspenso por ordem judicial devido \u00e0 contesta\u00e7\u00e3o familiar. A jovem vive longe dos pais desde os 13 anos, sob tutela da Generalitat da Catalunha, e afirmou querer enfrentar o momento final sozinha, mantendo a sua autonomia at\u00e9 ao fim.\" \/>\n<meta property=\"og:url\" content=\"https:\/\/portaltela.pt\/noticias\/2026\/03\/26\/noelia-castillo-opta-pela-eutanasia-devido-a-dores-cronicas\/\" \/>\n<meta property=\"og:site_name\" content=\"Portal Tela Portugal\" \/>\n<meta property=\"article:published_time\" content=\"2026-03-26T13:36:00+00:00\" \/>\n<meta name=\"author\" content=\"Telinha\" \/>\n<meta name=\"twitter:card\" content=\"summary_large_image\" \/>\n<meta name=\"twitter:label1\" content=\"Escrito por\" \/>\n\t<meta name=\"twitter:data1\" content=\"Telinha\" \/>\n\t<meta name=\"twitter:label2\" content=\"Tempo estimado de leitura\" \/>\n\t<meta name=\"twitter:data2\" content=\"1 minuto\" \/>\n<script type=\"application\/ld+json\" class=\"yoast-schema-graph\">{\"@context\":\"https:\/\/schema.org\",\"@graph\":[{\"@type\":\"Article\",\"@id\":\"https:\/\/portaltela.pt\/noticias\/2026\/03\/26\/noelia-castillo-opta-pela-eutanasia-devido-a-dores-cronicas\/#article\",\"isPartOf\":{\"@id\":\"https:\/\/portaltela.pt\/noticias\/2026\/03\/26\/noelia-castillo-opta-pela-eutanasia-devido-a-dores-cronicas\/\"},\"author\":{\"name\":\"Telinha\",\"@id\":\"https:\/\/portaltela.pt\/#\/schema\/person\/c4278d4a6028830caff9ee44b42d32ed\"},\"headline\":\"Noelia Castillo opta pela eutan\u00e1sia devido a dores cr\u00f3nicas\",\"datePublished\":\"2026-03-26T13:36:00+00:00\",\"mainEntityOfPage\":{\"@id\":\"https:\/\/portaltela.pt\/noticias\/2026\/03\/26\/noelia-castillo-opta-pela-eutanasia-devido-a-dores-cronicas\/\"},\"wordCount\":269,\"image\":{\"@id\":\"https:\/\/portaltela.pt\/noticias\/2026\/03\/26\/noelia-castillo-opta-pela-eutanasia-devido-a-dores-cronicas\/#primaryimage\"},\"thumbnailUrl\":\"https:\/\/portaltela.pt\/s.01k8rhncp4jt1\/2026\/03\/img_1500x1000uu2026-03-26-13-17-34-2274921.jpg\",\"keywords\":[\"Catalunha\",\"direitos\",\"direitos humanos\",\"dor cr\u00f3nica\",\"Espa\u00f1a\",\"sa\u00fade p\u00fablica\"],\"articleSection\":[\"Medicina\",\"Sa\u00fade\"],\"inLanguage\":\"pt-PT\"},{\"@type\":\"WebPage\",\"@id\":\"https:\/\/portaltela.pt\/noticias\/2026\/03\/26\/noelia-castillo-opta-pela-eutanasia-devido-a-dores-cronicas\/\",\"url\":\"https:\/\/portaltela.pt\/noticias\/2026\/03\/26\/noelia-castillo-opta-pela-eutanasia-devido-a-dores-cronicas\/\",\"name\":\"Noelia Castillo opta pela eutan\u00e1sia devido a dores cr\u00f3nicas - Portal Tela Portugal\",\"isPartOf\":{\"@id\":\"https:\/\/portaltela.pt\/#website\"},\"primaryImageOfPage\":{\"@id\":\"https:\/\/portaltela.pt\/noticias\/2026\/03\/26\/noelia-castillo-opta-pela-eutanasia-devido-a-dores-cronicas\/#primaryimage\"},\"image\":{\"@id\":\"https:\/\/portaltela.pt\/noticias\/2026\/03\/26\/noelia-castillo-opta-pela-eutanasia-devido-a-dores-cronicas\/#primaryimage\"},\"thumbnailUrl\":\"https:\/\/portaltela.pt\/s.01k8rhncp4jt1\/2026\/03\/img_1500x1000uu2026-03-26-13-17-34-2274921.jpg\",\"datePublished\":\"2026-03-26T13:36:00+00:00\",\"author\":{\"@id\":\"https:\/\/portaltela.pt\/#\/schema\/person\/c4278d4a6028830caff9ee44b42d32ed\"},\"breadcrumb\":{\"@id\":\"https:\/\/portaltela.pt\/noticias\/2026\/03\/26\/noelia-castillo-opta-pela-eutanasia-devido-a-dores-cronicas\/#breadcrumb\"},\"inLanguage\":\"pt-PT\",\"potentialAction\":[{\"@type\":\"ReadAction\",\"target\":[\"https:\/\/portaltela.pt\/noticias\/2026\/03\/26\/noelia-castillo-opta-pela-eutanasia-devido-a-dores-cronicas\/\"]}]},{\"@type\":\"ImageObject\",\"inLanguage\":\"pt-PT\",\"@id\":\"https:\/\/portaltela.pt\/noticias\/2026\/03\/26\/noelia-castillo-opta-pela-eutanasia-devido-a-dores-cronicas\/#primaryimage\",\"url\":\"https:\/\/portaltela.pt\/s.01k8rhncp4jt1\/2026\/03\/img_1500x1000uu2026-03-26-13-17-34-2274921.jpg\",\"contentUrl\":\"https:\/\/portaltela.pt\/s.01k8rhncp4jt1\/2026\/03\/img_1500x1000uu2026-03-26-13-17-34-2274921.jpg\",\"width\":796,\"height\":448,\"caption\":\"Noelia Castillo\"},{\"@type\":\"BreadcrumbList\",\"@id\":\"https:\/\/portaltela.pt\/noticias\/2026\/03\/26\/noelia-castillo-opta-pela-eutanasia-devido-a-dores-cronicas\/#breadcrumb\",\"itemListElement\":[{\"@type\":\"ListItem\",\"position\":1,\"name\":\"In\u00edcio\",\"item\":\"https:\/\/portaltela.pt\/\"},{\"@type\":\"ListItem\",\"position\":2,\"name\":\"Noelia Castillo opta pela eutan\u00e1sia devido a dores cr\u00f3nicas\"}]},{\"@type\":\"WebSite\",\"@id\":\"https:\/\/portaltela.pt\/#website\",\"url\":\"https:\/\/portaltela.pt\/\",\"name\":\"Portal Tela Portugal\",\"description\":\"\",\"potentialAction\":[{\"@type\":\"SearchAction\",\"target\":{\"@type\":\"EntryPoint\",\"urlTemplate\":\"https:\/\/portaltela.pt\/?s={search_term_string}\"},\"query-input\":{\"@type\":\"PropertyValueSpecification\",\"valueRequired\":true,\"valueName\":\"search_term_string\"}}],\"inLanguage\":\"pt-PT\"},{\"@type\":\"Person\",\"@id\":\"https:\/\/portaltela.pt\/#\/schema\/person\/c4278d4a6028830caff9ee44b42d32ed\",\"name\":\"Telinha\",\"image\":{\"@type\":\"ImageObject\",\"inLanguage\":\"pt-PT\",\"@id\":\"https:\/\/portaltela.pt\/s.01k8rhncp4jt1\/2025\/11\/talking-bot-125x125.png\",\"url\":\"https:\/\/portaltela.pt\/s.01k8rhncp4jt1\/2025\/11\/talking-bot-125x125.png\",\"contentUrl\":\"https:\/\/portaltela.pt\/s.01k8rhncp4jt1\/2025\/11\/talking-bot-125x125.png\",\"caption\":\"Telinha\"},\"sameAs\":[\"https:\/\/portaltela.pt\/\"],\"url\":\"https:\/\/portaltela.pt\/por\/367410592786\/\"}]}<\/script>\n<!-- \/ Yoast SEO plugin. -->","yoast_head_json":{"title":"Noelia Castillo opta pela eutan\u00e1sia devido a dores cr\u00f3nicas - Portal Tela Portugal","robots":{"index":"index","follow":"follow","max-snippet":"max-snippet:-1","max-image-preview":"max-image-preview:large","max-video-preview":"max-video-preview:-1"},"og_locale":"pt_PT","og_type":"article","og_title":"Noelia Castillo opta pela eutan\u00e1sia devido a dores cr\u00f3nicas - Portal Tela Portugal","og_description":"Noelia Castillo, jovem espanhola de 25 anos, dever\u00e1 morrer esta quinta-feira atrav\u00e9s de um protocolo de eutan\u00e1sia, com dura\u00e7\u00e3o aproximada de quinze minutos e a administra\u00e7\u00e3o de tr\u00eas f\u00e1rmacos. A decis\u00e3o foi reconhecida legalmente desde julho de 2024, ap\u00f3s uma longa batalha judicial frente \u00e0 oposi\u00e7\u00e3o do pai; o caso passou por v\u00e1rias inst\u00e2ncias, incluindo o Tribunal Supremo e o Tribunal Constitucional, que validaram o direito \u00e0 autodetermina\u00e7\u00e3o. Castillo tornou-se parapl\u00e9gica em 2022 ap\u00f3s uma queda, vivendo com dores cr\u00f3nicas e sofrimento psicol\u00f3gico intenso, tendo sido considerada \u201cn\u00e3o recuper\u00e1vel\u201d e fisicamente dependente. Apesar da aprova\u00e7\u00e3o inicial das autoridades de sa\u00fade da Catalunha, o processo foi suspenso por ordem judicial devido \u00e0 contesta\u00e7\u00e3o familiar. A jovem vive longe dos pais desde os 13 anos, sob tutela da Generalitat da Catalunha, e afirmou querer enfrentar o momento final sozinha, mantendo a sua autonomia at\u00e9 ao fim.","og_url":"https:\/\/portaltela.pt\/noticias\/2026\/03\/26\/noelia-castillo-opta-pela-eutanasia-devido-a-dores-cronicas\/","og_site_name":"Portal Tela Portugal","article_published_time":"2026-03-26T13:36:00+00:00","author":"Telinha","twitter_card":"summary_large_image","twitter_misc":{"Escrito por":"Telinha","Tempo estimado de leitura":"1 minuto"},"schema":{"@context":"https:\/\/schema.org","@graph":[{"@type":"Article","@id":"https:\/\/portaltela.pt\/noticias\/2026\/03\/26\/noelia-castillo-opta-pela-eutanasia-devido-a-dores-cronicas\/#article","isPartOf":{"@id":"https:\/\/portaltela.pt\/noticias\/2026\/03\/26\/noelia-castillo-opta-pela-eutanasia-devido-a-dores-cronicas\/"},"author":{"name":"Telinha","@id":"https:\/\/portaltela.pt\/#\/schema\/person\/c4278d4a6028830caff9ee44b42d32ed"},"headline":"Noelia Castillo opta pela eutan\u00e1sia devido a dores cr\u00f3nicas","datePublished":"2026-03-26T13:36:00+00:00","mainEntityOfPage":{"@id":"https:\/\/portaltela.pt\/noticias\/2026\/03\/26\/noelia-castillo-opta-pela-eutanasia-devido-a-dores-cronicas\/"},"wordCount":269,"image":{"@id":"https:\/\/portaltela.pt\/noticias\/2026\/03\/26\/noelia-castillo-opta-pela-eutanasia-devido-a-dores-cronicas\/#primaryimage"},"thumbnailUrl":"https:\/\/portaltela.pt\/s.01k8rhncp4jt1\/2026\/03\/img_1500x1000uu2026-03-26-13-17-34-2274921.jpg","keywords":["Catalunha","direitos","direitos humanos","dor cr\u00f3nica","Espa\u00f1a","sa\u00fade p\u00fablica"],"articleSection":["Medicina","Sa\u00fade"],"inLanguage":"pt-PT"},{"@type":"WebPage","@id":"https:\/\/portaltela.pt\/noticias\/2026\/03\/26\/noelia-castillo-opta-pela-eutanasia-devido-a-dores-cronicas\/","url":"https:\/\/portaltela.pt\/noticias\/2026\/03\/26\/noelia-castillo-opta-pela-eutanasia-devido-a-dores-cronicas\/","name":"Noelia Castillo opta pela eutan\u00e1sia devido a dores cr\u00f3nicas - Portal Tela Portugal","isPartOf":{"@id":"https:\/\/portaltela.pt\/#website"},"primaryImageOfPage":{"@id":"https:\/\/portaltela.pt\/noticias\/2026\/03\/26\/noelia-castillo-opta-pela-eutanasia-devido-a-dores-cronicas\/#primaryimage"},"image":{"@id":"https:\/\/portaltela.pt\/noticias\/2026\/03\/26\/noelia-castillo-opta-pela-eutanasia-devido-a-dores-cronicas\/#primaryimage"},"thumbnailUrl":"https:\/\/portaltela.pt\/s.01k8rhncp4jt1\/2026\/03\/img_1500x1000uu2026-03-26-13-17-34-2274921.jpg","datePublished":"2026-03-26T13:36:00+00:00","author":{"@id":"https:\/\/portaltela.pt\/#\/schema\/person\/c4278d4a6028830caff9ee44b42d32ed"},"breadcrumb":{"@id":"https:\/\/portaltela.pt\/noticias\/2026\/03\/26\/noelia-castillo-opta-pela-eutanasia-devido-a-dores-cronicas\/#breadcrumb"},"inLanguage":"pt-PT","potentialAction":[{"@type":"ReadAction","target":["https:\/\/portaltela.pt\/noticias\/2026\/03\/26\/noelia-castillo-opta-pela-eutanasia-devido-a-dores-cronicas\/"]}]},{"@type":"ImageObject","inLanguage":"pt-PT","@id":"https:\/\/portaltela.pt\/noticias\/2026\/03\/26\/noelia-castillo-opta-pela-eutanasia-devido-a-dores-cronicas\/#primaryimage","url":"https:\/\/portaltela.pt\/s.01k8rhncp4jt1\/2026\/03\/img_1500x1000uu2026-03-26-13-17-34-2274921.jpg","contentUrl":"https:\/\/portaltela.pt\/s.01k8rhncp4jt1\/2026\/03\/img_1500x1000uu2026-03-26-13-17-34-2274921.jpg","width":796,"height":448,"caption":"Noelia Castillo"},{"@type":"BreadcrumbList","@id":"https:\/\/portaltela.pt\/noticias\/2026\/03\/26\/noelia-castillo-opta-pela-eutanasia-devido-a-dores-cronicas\/#breadcrumb","itemListElement":[{"@type":"ListItem","position":1,"name":"In\u00edcio","item":"https:\/\/portaltela.pt\/"},{"@type":"ListItem","position":2,"name":"Noelia Castillo opta pela eutan\u00e1sia devido a dores cr\u00f3nicas"}]},{"@type":"WebSite","@id":"https:\/\/portaltela.pt\/#website","url":"https:\/\/portaltela.pt\/","name":"Portal Tela Portugal","description":"","potentialAction":[{"@type":"SearchAction","target":{"@type":"EntryPoint","urlTemplate":"https:\/\/portaltela.pt\/?s={search_term_string}"},"query-input":{"@type":"PropertyValueSpecification","valueRequired":true,"valueName":"search_term_string"}}],"inLanguage":"pt-PT"},{"@type":"Person","@id":"https:\/\/portaltela.pt\/#\/schema\/person\/c4278d4a6028830caff9ee44b42d32ed","name":"Telinha","image":{"@type":"ImageObject","inLanguage":"pt-PT","@id":"https:\/\/portaltela.pt\/s.01k8rhncp4jt1\/2025\/11\/talking-bot-125x125.png","url":"https:\/\/portaltela.pt\/s.01k8rhncp4jt1\/2025\/11\/talking-bot-125x125.png","contentUrl":"https:\/\/portaltela.pt\/s.01k8rhncp4jt1\/2025\/11\/talking-bot-125x125.png","caption":"Telinha"},"sameAs":["https:\/\/portaltela.pt\/"],"url":"https:\/\/portaltela.pt\/por\/367410592786\/"}]}},"_links":{"self":[{"href":"https:\/\/portaltela.pt\/api\/wp\/v2\/posts\/422294","targetHints":{"allow":["GET"]}}],"collection":[{"href":"https:\/\/portaltela.pt\/api\/wp\/v2\/posts"}],"about":[{"href":"https:\/\/portaltela.pt\/api\/wp\/v2\/types\/post"}],"author":[{"embeddable":true,"href":"https:\/\/portaltela.pt\/api\/wp\/v2\/users\/2"}],"replies":[{"embeddable":true,"href":"https:\/\/portaltela.pt\/api\/wp\/v2\/comments?post=422294"}],"version-history":[{"count":0,"href":"https:\/\/portaltela.pt\/api\/wp\/v2\/posts\/422294\/revisions"}],"wp:featuredmedia":[{"embeddable":true,"href":"https:\/\/portaltela.pt\/api\/wp\/v2\/media\/422297"}],"wp:attachment":[{"href":"https:\/\/portaltela.pt\/api\/wp\/v2\/media?parent=422294"}],"wp:term":[{"taxonomy":"category","embeddable":true,"href":"https:\/\/portaltela.pt\/api\/wp\/v2\/categories?post=422294"},{"taxonomy":"post_tag","embeddable":true,"href":"https:\/\/portaltela.pt\/api\/wp\/v2\/tags?post=422294"}],"curies":[{"name":"wp","href":"https:\/\/api.w.org\/{rel}","templated":true}]}}