{"id":422288,"date":"2026-03-26T10:33:42","date_gmt":"2026-03-26T13:33:42","guid":{"rendered":"https:\/\/portaltela.pt\/noticias\/2026\/03\/26\/incendio-atinge-predio-de-sete-andares-em-lisboa\/"},"modified":"2026-03-26T10:33:42","modified_gmt":"2026-03-26T13:33:42","slug":"incendio-atinge-predio-de-sete-andares-em-lisboa","status":"publish","type":"post","link":"https:\/\/portaltela.pt\/noticias\/2026\/03\/26\/incendio-atinge-predio-de-sete-andares-em-lisboa\/","title":{"rendered":"Inc\u00eandio atinge pr\u00e9dio de sete andares em Lisboa"},"content":{"rendered":"<p>Um inc\u00eandio deflagrou num pr\u00e9dio de sete andares nas Olaias, em Lisboa, esta quinta-feira. O fogo teve in\u00edcio no quinto andar e obrigou \u00e0 retirada de alguns moradores, sem registo de v\u00edtimas at\u00e9 ao momento.<\/p>\n<p>Ao local deslocaram-se os Bombeiros Sapadores de Lisboa, a PSP e elementos da Prote\u00e7\u00e3o Civil. O aparato gerou medidas de evacua\u00e7\u00e3o e de conscientiza\u00e7\u00e3o dos residentes vizinhos.<\/p>\n<p>Ainda decorrem trabalhos de rescaldo, com per\u00edmetro a ser assegurado pelas autoridades. A origem e a extens\u00e3o dos danos permanecem sob avalia\u00e7\u00e3o, sem confirma\u00e7\u00e3o de causa por parte das entidades.<\/p>\n","protected":false},"excerpt":{"rendered":"<ul>\n<li>Inc\u00eandio deflagrou num pr\u00e9dio de sete andares nas Olaias, em Lisboa, esta quinta-feira.<\/li>\n<li>O fogo come\u00e7ou no quinto andar e levou \u00e0 retirada de alguns moradores.<\/li>\n<\/ul>\n<p>\u2022, ao que tudo indica, n\u00e3o houve v\u00edtimas.<\/p>\n<ul>\n<li>Est\u00e3o ainda a decorrer trabalhos de rescaldo no local.<\/li>\n<li>For\u00e7as envolvidas: Bombeiros Sapadores de Lisboa, PSP e elementos da Prote\u00e7\u00e3o Civil.<\/li>\n<\/ul>\n","protected":false},"author":2,"featured_media":422291,"comment_status":"closed","ping_status":"closed","sticky":false,"template":"","format":"standard","meta":{"footnotes":""},"categories":[6849,1],"tags":[3741,4519,1438,981,320],"class_list":["post-422288","post","type-post","status-publish","format-standard","has-post-thumbnail","hentry","category-acidentes","category-noticias","tag-bombeiros-sapadores","tag-evacuacoes","tag-incendio","tag-lisboa","tag-protecao-civil"],"yoast_head":"<!-- This site is optimized with the Yoast SEO plugin v27.2 - https:\/\/yoast.com\/product\/yoast-seo-wordpress\/ -->\n<title>Inc\u00eandio atinge pr\u00e9dio de sete andares em Lisboa - Portal Tela Portugal<\/title>\n<meta name=\"robots\" content=\"index, follow, max-snippet:-1, max-image-preview:large, max-video-preview:-1\" \/>\n<meta property=\"og:locale\" content=\"pt_PT\" \/>\n<meta property=\"og:type\" content=\"article\" \/>\n<meta property=\"og:title\" content=\"Inc\u00eandio atinge pr\u00e9dio de sete andares em Lisboa - Portal Tela Portugal\" \/>\n<meta property=\"og:description\" content=\"Inc\u00eandio deflagrou num pr\u00e9dio de sete andares nas Olaias, em Lisboa, esta quinta-feira. O fogo come\u00e7ou no quinto andar e levou \u00e0 retirada de alguns moradores. \u2022, ao que tudo indica, n\u00e3o houve v\u00edtimas. Est\u00e3o ainda a decorrer trabalhos de rescaldo no local. For\u00e7as envolvidas: Bombeiros Sapadores de Lisboa, PSP e elementos da Prote\u00e7\u00e3o Civil.\" \/>\n<meta property=\"og:url\" content=\"https:\/\/portaltela.pt\/noticias\/2026\/03\/26\/incendio-atinge-predio-de-sete-andares-em-lisboa\/\" \/>\n<meta property=\"og:site_name\" content=\"Portal Tela Portugal\" \/>\n<meta property=\"article:published_time\" content=\"2026-03-26T13:33:42+00:00\" \/>\n<meta name=\"author\" content=\"Telinha\" \/>\n<meta name=\"twitter:card\" content=\"summary_large_image\" \/>\n<meta name=\"twitter:label1\" content=\"Escrito por\" \/>\n\t<meta name=\"twitter:data1\" content=\"Telinha\" \/>\n\t<meta name=\"twitter:label2\" content=\"Tempo estimado de leitura\" \/>\n\t<meta name=\"twitter:data2\" content=\"1 minuto\" \/>\n<script type=\"application\/ld+json\" class=\"yoast-schema-graph\">{\"@context\":\"https:\/\/schema.org\",\"@graph\":[{\"@type\":\"Article\",\"@id\":\"https:\/\/portaltela.pt\/noticias\/2026\/03\/26\/incendio-atinge-predio-de-sete-andares-em-lisboa\/#article\",\"isPartOf\":{\"@id\":\"https:\/\/portaltela.pt\/noticias\/2026\/03\/26\/incendio-atinge-predio-de-sete-andares-em-lisboa\/\"},\"author\":{\"name\":\"Telinha\",\"@id\":\"https:\/\/portaltela.pt\/#\/schema\/person\/c4278d4a6028830caff9ee44b42d32ed\"},\"headline\":\"Inc\u00eandio atinge pr\u00e9dio de sete andares em Lisboa\",\"datePublished\":\"2026-03-26T13:33:42+00:00\",\"mainEntityOfPage\":{\"@id\":\"https:\/\/portaltela.pt\/noticias\/2026\/03\/26\/incendio-atinge-predio-de-sete-andares-em-lisboa\/\"},\"wordCount\":112,\"image\":{\"@id\":\"https:\/\/portaltela.pt\/noticias\/2026\/03\/26\/incendio-atinge-predio-de-sete-andares-em-lisboa\/#primaryimage\"},\"thumbnailUrl\":\"https:\/\/portaltela.pt\/s.01k8rhncp4jt1\/2026\/03\/img_1500x1000uu2026-03-26-13-33-17-2274922.jpg\",\"keywords\":[\"Bombeiros Sapadores\",\"evacua\u00e7\u00f5es\",\"inc\u00eandio\",\"Lisboa\",\"prote\u00e7\u00e3o civil\"],\"articleSection\":[\"Acidentes\",\"Not\u00edcias\"],\"inLanguage\":\"pt-PT\"},{\"@type\":\"WebPage\",\"@id\":\"https:\/\/portaltela.pt\/noticias\/2026\/03\/26\/incendio-atinge-predio-de-sete-andares-em-lisboa\/\",\"url\":\"https:\/\/portaltela.pt\/noticias\/2026\/03\/26\/incendio-atinge-predio-de-sete-andares-em-lisboa\/\",\"name\":\"Inc\u00eandio atinge pr\u00e9dio de sete andares em Lisboa - Portal Tela Portugal\",\"isPartOf\":{\"@id\":\"https:\/\/portaltela.pt\/#website\"},\"primaryImageOfPage\":{\"@id\":\"https:\/\/portaltela.pt\/noticias\/2026\/03\/26\/incendio-atinge-predio-de-sete-andares-em-lisboa\/#primaryimage\"},\"image\":{\"@id\":\"https:\/\/portaltela.pt\/noticias\/2026\/03\/26\/incendio-atinge-predio-de-sete-andares-em-lisboa\/#primaryimage\"},\"thumbnailUrl\":\"https:\/\/portaltela.pt\/s.01k8rhncp4jt1\/2026\/03\/img_1500x1000uu2026-03-26-13-33-17-2274922.jpg\",\"datePublished\":\"2026-03-26T13:33:42+00:00\",\"author\":{\"@id\":\"https:\/\/portaltela.pt\/#\/schema\/person\/c4278d4a6028830caff9ee44b42d32ed\"},\"breadcrumb\":{\"@id\":\"https:\/\/portaltela.pt\/noticias\/2026\/03\/26\/incendio-atinge-predio-de-sete-andares-em-lisboa\/#breadcrumb\"},\"inLanguage\":\"pt-PT\",\"potentialAction\":[{\"@type\":\"ReadAction\",\"target\":[\"https:\/\/portaltela.pt\/noticias\/2026\/03\/26\/incendio-atinge-predio-de-sete-andares-em-lisboa\/\"]}]},{\"@type\":\"ImageObject\",\"inLanguage\":\"pt-PT\",\"@id\":\"https:\/\/portaltela.pt\/noticias\/2026\/03\/26\/incendio-atinge-predio-de-sete-andares-em-lisboa\/#primaryimage\",\"url\":\"https:\/\/portaltela.pt\/s.01k8rhncp4jt1\/2026\/03\/img_1500x1000uu2026-03-26-13-33-17-2274922.jpg\",\"contentUrl\":\"https:\/\/portaltela.pt\/s.01k8rhncp4jt1\/2026\/03\/img_1500x1000uu2026-03-26-13-33-17-2274922.jpg\",\"width\":796,\"height\":448,\"caption\":\"Inc\u00eandio deflagra em pr\u00e9dio de sete andares em Lisboa\"},{\"@type\":\"BreadcrumbList\",\"@id\":\"https:\/\/portaltela.pt\/noticias\/2026\/03\/26\/incendio-atinge-predio-de-sete-andares-em-lisboa\/#breadcrumb\",\"itemListElement\":[{\"@type\":\"ListItem\",\"position\":1,\"name\":\"In\u00edcio\",\"item\":\"https:\/\/portaltela.pt\/\"},{\"@type\":\"ListItem\",\"position\":2,\"name\":\"Inc\u00eandio atinge pr\u00e9dio de sete andares em Lisboa\"}]},{\"@type\":\"WebSite\",\"@id\":\"https:\/\/portaltela.pt\/#website\",\"url\":\"https:\/\/portaltela.pt\/\",\"name\":\"Portal Tela Portugal\",\"description\":\"\",\"potentialAction\":[{\"@type\":\"SearchAction\",\"target\":{\"@type\":\"EntryPoint\",\"urlTemplate\":\"https:\/\/portaltela.pt\/?s={search_term_string}\"},\"query-input\":{\"@type\":\"PropertyValueSpecification\",\"valueRequired\":true,\"valueName\":\"search_term_string\"}}],\"inLanguage\":\"pt-PT\"},{\"@type\":\"Person\",\"@id\":\"https:\/\/portaltela.pt\/#\/schema\/person\/c4278d4a6028830caff9ee44b42d32ed\",\"name\":\"Telinha\",\"image\":{\"@type\":\"ImageObject\",\"inLanguage\":\"pt-PT\",\"@id\":\"https:\/\/portaltela.pt\/s.01k8rhncp4jt1\/2025\/11\/talking-bot-125x125.png\",\"url\":\"https:\/\/portaltela.pt\/s.01k8rhncp4jt1\/2025\/11\/talking-bot-125x125.png\",\"contentUrl\":\"https:\/\/portaltela.pt\/s.01k8rhncp4jt1\/2025\/11\/talking-bot-125x125.png\",\"caption\":\"Telinha\"},\"sameAs\":[\"https:\/\/portaltela.pt\/\"],\"url\":\"https:\/\/portaltela.pt\/por\/367410592786\/\"}]}<\/script>\n<!-- \/ Yoast SEO plugin. -->","yoast_head_json":{"title":"Inc\u00eandio atinge pr\u00e9dio de sete andares em Lisboa - Portal Tela Portugal","robots":{"index":"index","follow":"follow","max-snippet":"max-snippet:-1","max-image-preview":"max-image-preview:large","max-video-preview":"max-video-preview:-1"},"og_locale":"pt_PT","og_type":"article","og_title":"Inc\u00eandio atinge pr\u00e9dio de sete andares em Lisboa - Portal Tela Portugal","og_description":"Inc\u00eandio deflagrou num pr\u00e9dio de sete andares nas Olaias, em Lisboa, esta quinta-feira. O fogo come\u00e7ou no quinto andar e levou \u00e0 retirada de alguns moradores. \u2022, ao que tudo indica, n\u00e3o houve v\u00edtimas. Est\u00e3o ainda a decorrer trabalhos de rescaldo no local. For\u00e7as envolvidas: Bombeiros Sapadores de Lisboa, PSP e elementos da Prote\u00e7\u00e3o Civil.","og_url":"https:\/\/portaltela.pt\/noticias\/2026\/03\/26\/incendio-atinge-predio-de-sete-andares-em-lisboa\/","og_site_name":"Portal Tela Portugal","article_published_time":"2026-03-26T13:33:42+00:00","author":"Telinha","twitter_card":"summary_large_image","twitter_misc":{"Escrito por":"Telinha","Tempo estimado de leitura":"1 minuto"},"schema":{"@context":"https:\/\/schema.org","@graph":[{"@type":"Article","@id":"https:\/\/portaltela.pt\/noticias\/2026\/03\/26\/incendio-atinge-predio-de-sete-andares-em-lisboa\/#article","isPartOf":{"@id":"https:\/\/portaltela.pt\/noticias\/2026\/03\/26\/incendio-atinge-predio-de-sete-andares-em-lisboa\/"},"author":{"name":"Telinha","@id":"https:\/\/portaltela.pt\/#\/schema\/person\/c4278d4a6028830caff9ee44b42d32ed"},"headline":"Inc\u00eandio atinge pr\u00e9dio de sete andares em Lisboa","datePublished":"2026-03-26T13:33:42+00:00","mainEntityOfPage":{"@id":"https:\/\/portaltela.pt\/noticias\/2026\/03\/26\/incendio-atinge-predio-de-sete-andares-em-lisboa\/"},"wordCount":112,"image":{"@id":"https:\/\/portaltela.pt\/noticias\/2026\/03\/26\/incendio-atinge-predio-de-sete-andares-em-lisboa\/#primaryimage"},"thumbnailUrl":"https:\/\/portaltela.pt\/s.01k8rhncp4jt1\/2026\/03\/img_1500x1000uu2026-03-26-13-33-17-2274922.jpg","keywords":["Bombeiros Sapadores","evacua\u00e7\u00f5es","inc\u00eandio","Lisboa","prote\u00e7\u00e3o civil"],"articleSection":["Acidentes","Not\u00edcias"],"inLanguage":"pt-PT"},{"@type":"WebPage","@id":"https:\/\/portaltela.pt\/noticias\/2026\/03\/26\/incendio-atinge-predio-de-sete-andares-em-lisboa\/","url":"https:\/\/portaltela.pt\/noticias\/2026\/03\/26\/incendio-atinge-predio-de-sete-andares-em-lisboa\/","name":"Inc\u00eandio atinge pr\u00e9dio de sete andares em Lisboa - Portal Tela Portugal","isPartOf":{"@id":"https:\/\/portaltela.pt\/#website"},"primaryImageOfPage":{"@id":"https:\/\/portaltela.pt\/noticias\/2026\/03\/26\/incendio-atinge-predio-de-sete-andares-em-lisboa\/#primaryimage"},"image":{"@id":"https:\/\/portaltela.pt\/noticias\/2026\/03\/26\/incendio-atinge-predio-de-sete-andares-em-lisboa\/#primaryimage"},"thumbnailUrl":"https:\/\/portaltela.pt\/s.01k8rhncp4jt1\/2026\/03\/img_1500x1000uu2026-03-26-13-33-17-2274922.jpg","datePublished":"2026-03-26T13:33:42+00:00","author":{"@id":"https:\/\/portaltela.pt\/#\/schema\/person\/c4278d4a6028830caff9ee44b42d32ed"},"breadcrumb":{"@id":"https:\/\/portaltela.pt\/noticias\/2026\/03\/26\/incendio-atinge-predio-de-sete-andares-em-lisboa\/#breadcrumb"},"inLanguage":"pt-PT","potentialAction":[{"@type":"ReadAction","target":["https:\/\/portaltela.pt\/noticias\/2026\/03\/26\/incendio-atinge-predio-de-sete-andares-em-lisboa\/"]}]},{"@type":"ImageObject","inLanguage":"pt-PT","@id":"https:\/\/portaltela.pt\/noticias\/2026\/03\/26\/incendio-atinge-predio-de-sete-andares-em-lisboa\/#primaryimage","url":"https:\/\/portaltela.pt\/s.01k8rhncp4jt1\/2026\/03\/img_1500x1000uu2026-03-26-13-33-17-2274922.jpg","contentUrl":"https:\/\/portaltela.pt\/s.01k8rhncp4jt1\/2026\/03\/img_1500x1000uu2026-03-26-13-33-17-2274922.jpg","width":796,"height":448,"caption":"Inc\u00eandio deflagra em pr\u00e9dio de sete andares em Lisboa"},{"@type":"BreadcrumbList","@id":"https:\/\/portaltela.pt\/noticias\/2026\/03\/26\/incendio-atinge-predio-de-sete-andares-em-lisboa\/#breadcrumb","itemListElement":[{"@type":"ListItem","position":1,"name":"In\u00edcio","item":"https:\/\/portaltela.pt\/"},{"@type":"ListItem","position":2,"name":"Inc\u00eandio atinge pr\u00e9dio de sete andares em Lisboa"}]},{"@type":"WebSite","@id":"https:\/\/portaltela.pt\/#website","url":"https:\/\/portaltela.pt\/","name":"Portal Tela Portugal","description":"","potentialAction":[{"@type":"SearchAction","target":{"@type":"EntryPoint","urlTemplate":"https:\/\/portaltela.pt\/?s={search_term_string}"},"query-input":{"@type":"PropertyValueSpecification","valueRequired":true,"valueName":"search_term_string"}}],"inLanguage":"pt-PT"},{"@type":"Person","@id":"https:\/\/portaltela.pt\/#\/schema\/person\/c4278d4a6028830caff9ee44b42d32ed","name":"Telinha","image":{"@type":"ImageObject","inLanguage":"pt-PT","@id":"https:\/\/portaltela.pt\/s.01k8rhncp4jt1\/2025\/11\/talking-bot-125x125.png","url":"https:\/\/portaltela.pt\/s.01k8rhncp4jt1\/2025\/11\/talking-bot-125x125.png","contentUrl":"https:\/\/portaltela.pt\/s.01k8rhncp4jt1\/2025\/11\/talking-bot-125x125.png","caption":"Telinha"},"sameAs":["https:\/\/portaltela.pt\/"],"url":"https:\/\/portaltela.pt\/por\/367410592786\/"}]}},"_links":{"self":[{"href":"https:\/\/portaltela.pt\/api\/wp\/v2\/posts\/422288","targetHints":{"allow":["GET"]}}],"collection":[{"href":"https:\/\/portaltela.pt\/api\/wp\/v2\/posts"}],"about":[{"href":"https:\/\/portaltela.pt\/api\/wp\/v2\/types\/post"}],"author":[{"embeddable":true,"href":"https:\/\/portaltela.pt\/api\/wp\/v2\/users\/2"}],"replies":[{"embeddable":true,"href":"https:\/\/portaltela.pt\/api\/wp\/v2\/comments?post=422288"}],"version-history":[{"count":0,"href":"https:\/\/portaltela.pt\/api\/wp\/v2\/posts\/422288\/revisions"}],"wp:featuredmedia":[{"embeddable":true,"href":"https:\/\/portaltela.pt\/api\/wp\/v2\/media\/422291"}],"wp:attachment":[{"href":"https:\/\/portaltela.pt\/api\/wp\/v2\/media?parent=422288"}],"wp:term":[{"taxonomy":"category","embeddable":true,"href":"https:\/\/portaltela.pt\/api\/wp\/v2\/categories?post=422288"},{"taxonomy":"post_tag","embeddable":true,"href":"https:\/\/portaltela.pt\/api\/wp\/v2\/tags?post=422288"}],"curies":[{"name":"wp","href":"https:\/\/api.w.org\/{rel}","templated":true}]}}