{"id":422283,"date":"2026-03-26T10:47:16","date_gmt":"2026-03-26T13:47:16","guid":{"rendered":"https:\/\/portaltela.pt\/noticias\/2026\/03\/26\/ocde-corta-previsoes-para-a-zona-euro-com-subida-dos-precos-de-energia\/"},"modified":"2026-03-26T10:47:16","modified_gmt":"2026-03-26T13:47:16","slug":"ocde-corta-previsoes-para-a-zona-euro-com-subida-dos-precos-de-energia","status":"publish","type":"post","link":"https:\/\/portaltela.pt\/noticias\/economia\/2026\/03\/26\/ocde-corta-previsoes-para-a-zona-euro-com-subida-dos-precos-de-energia\/","title":{"rendered":"OCDE corta previs\u00f5es para a zona euro com subida dos pre\u00e7os de energia"},"content":{"rendered":"<p>A OCDE reviu em baixa a previs\u00e3o de crescimento da zona euro para 2026, face ao aumento dos pre\u00e7os da energia devido ao conflito no M\u00e9dio Oriente. A organiza\u00e7\u00e3o alerta para infla\u00e7\u00e3o mais alta no pr\u00f3ximo ano, com impactos na procura e nos custos das empresas. O an\u00fancio ocorreu esta quinta-feira.<\/p>\n<p>A previs\u00e3o de expans\u00e3o da zona euro foi reduzida em 0,4 pontos percentuais, para 0,8%. Alemanha e Fran\u00e7a surgem com a mesma perspetiva de crescimento, tamb\u00e9m em 0,8%. A infla\u00e7\u00e3o na regi\u00e3o \u00e9 projetada em 2,6% em 2026, mais 0,7 ponto, enquanto o crescimento global fica est\u00e1vel em 2,9% para este ano.<\/p>\n<p>A OCDE aponta que a escalada dos pre\u00e7os da energia e a incerteza do conflito no M\u00e9dio Oriente elevam custos e abatem a procura. Mesmo com perspetivas de forte investimento tecnol\u00f3gico, as taxas de juros poder\u00e3o subir para conter a infla\u00e7\u00e3o caso o BCE veja riscos para a meta de 2%.<\/p>\n<p>A presidente do BCE, Christine Lagarde, afirmou recentemente que a zona euro est\u00e1 mais preparada para absorver choques energ\u00e9ticos do que em 2022, quando a R\u00fassia invadiu a Ucr\u00e2nia. A OCDE recorda que o crescimento mundial poderia ter sido 0,3 p.p. mais alto sem a escalada do conflito.<\/p>\n<p>Os analistas destacam que as perturba\u00e7\u00f5es na energia devem abrandar a partir de meados de 2026, embora persista a incerteza associada \u00e0 dura\u00e7\u00e3o do conflito. A organiza\u00e7\u00e3o ressalva que, se os pre\u00e7os de energia permanecerem elevados, os custos empresariais e a infla\u00e7\u00e3o ao consumidor tendem a subir, limitando o crescimento.<\/p>\n<p>Entre os destaques, a OCDE cita o pre\u00e7o da ureia, fertilizante fundamental, que subiu mais de 40% desde fevereiro e pode afetar rendimentos agr\u00edcolas em 2027. Nos EUA, o crescimento foi revisto para 2,0% em 2026, acima dos 1,7% projetados anteriormente para 2027, com a zona a enfrentar intercalares em novembro.<\/p>\n<p>A China dever\u00e1 crescer 4,4% este ano e 4,3% em 2027, com a OCDE a apontar como fatores o fim de subs\u00eddios ao consumo, a alta dos pre\u00e7os de importa\u00e7ao energ\u00e9tica e ajustes no setor imobili\u00e1rio.<\/p>\n<p>Para atenuar novos choques, a OCDE recomenda pol\u00edticas de efici\u00eancia energ\u00e9tica e redu\u00e7\u00e3o da depend\u00eancia de combust\u00edveis f\u00f3sseis, bem como acordos comerciais que reforcem a previsibilidade das pol\u00edticas e o crescimento sustent\u00e1vel.<\/p>\n","protected":false},"excerpt":{"rendered":"<ul>\n<li>A OCDE reduziu a previs\u00e3o de crescimento da zona euro para 0,8% em 2026, com as maiores economias, Alemanha e Fran\u00e7a, tamb\u00e9m revistas em baixa para 0,8%.<\/li>\n<li>A infla\u00e7\u00e3o na zona euro \u00e9 esperada em 2,6% em 2026, mais 0,7 pontos percentuais face \u00e0 estimativa anterior, devido ao aumento dos pre\u00e7os da energia.<\/li>\n<li>A proje\u00e7\u00e3o de crescimento global mant\u00e9m-se em 2,9% para este ano, mas o conflito no M\u00e9dio Oriente pode elevar custos e pressionar a procura.<\/li>\n<li>O BCE pode subir as taxas de juro no pr\u00f3ximo m\u00eas se a infla\u00e7\u00e3o exceder a meta de 2%, apesar de a presidente Christine Lagarde dizer que a zona euro est\u00e1 mais preparada.<\/li>\n<li>A OCDE prev\u00ea que, a partir de meados de 2026, os choques energ\u00e9ticos devem abrandar, mas alerta para incertezas e para riscos como o aumento do pre\u00e7o da ureia, que pode afetar colheitas em 2027.<\/li>\n<\/ul>\n","protected":false},"author":2,"featured_media":422286,"comment_status":"closed","ping_status":"closed","sticky":false,"template":"","format":"standard","meta":{"footnotes":""},"categories":[2,6735],"tags":[6115,28,174,7291,4345,6885],"class_list":["post-422283","post","type-post","status-publish","format-standard","has-post-thumbnail","hentry","category-economia","category-negocios","tag-_economia","tag-economia","tag-energia","tag-inflaccao","tag-ocde","tag-zona-europeia"],"yoast_head":"<!-- This site is optimized with the Yoast SEO plugin v27.2 - https:\/\/yoast.com\/product\/yoast-seo-wordpress\/ -->\n<title>OCDE corta previs\u00f5es para a zona euro com subida dos pre\u00e7os de energia - Portal Tela Portugal<\/title>\n<meta name=\"robots\" content=\"index, follow, max-snippet:-1, max-image-preview:large, max-video-preview:-1\" \/>\n<meta property=\"og:locale\" content=\"pt_PT\" \/>\n<meta property=\"og:type\" content=\"article\" \/>\n<meta property=\"og:title\" content=\"OCDE corta previs\u00f5es para a zona euro com subida dos pre\u00e7os de energia - Portal Tela Portugal\" \/>\n<meta property=\"og:description\" content=\"A OCDE reduziu a previs\u00e3o de crescimento da zona euro para 0,8% em 2026, com as maiores economias, Alemanha e Fran\u00e7a, tamb\u00e9m revistas em baixa para 0,8%. A infla\u00e7\u00e3o na zona euro \u00e9 esperada em 2,6% em 2026, mais 0,7 pontos percentuais face \u00e0 estimativa anterior, devido ao aumento dos pre\u00e7os da energia. A proje\u00e7\u00e3o de crescimento global mant\u00e9m-se em 2,9% para este ano, mas o conflito no M\u00e9dio Oriente pode elevar custos e pressionar a procura. O BCE pode subir as taxas de juro no pr\u00f3ximo m\u00eas se a infla\u00e7\u00e3o exceder a meta de 2%, apesar de a presidente Christine Lagarde dizer que a zona euro est\u00e1 mais preparada. A OCDE prev\u00ea que, a partir de meados de 2026, os choques energ\u00e9ticos devem abrandar, mas alerta para incertezas e para riscos como o aumento do pre\u00e7o da ureia, que pode afetar colheitas em 2027.\" \/>\n<meta property=\"og:url\" content=\"https:\/\/portaltela.pt\/noticias\/2026\/03\/26\/ocde-corta-previsoes-para-a-zona-euro-com-subida-dos-precos-de-energia\/\" \/>\n<meta property=\"og:site_name\" content=\"Portal Tela Portugal\" \/>\n<meta property=\"article:published_time\" content=\"2026-03-26T13:47:16+00:00\" \/>\n<meta name=\"author\" content=\"Telinha\" \/>\n<meta name=\"twitter:card\" content=\"summary_large_image\" \/>\n<meta name=\"twitter:label1\" content=\"Escrito por\" \/>\n\t<meta name=\"twitter:data1\" content=\"Telinha\" \/>\n\t<meta name=\"twitter:label2\" content=\"Tempo estimado de leitura\" \/>\n\t<meta name=\"twitter:data2\" content=\"2 minutos\" \/>\n<script type=\"application\/ld+json\" class=\"yoast-schema-graph\">{\"@context\":\"https:\/\/schema.org\",\"@graph\":[{\"@type\":\"Article\",\"@id\":\"https:\/\/portaltela.pt\/noticias\/2026\/03\/26\/ocde-corta-previsoes-para-a-zona-euro-com-subida-dos-precos-de-energia\/#article\",\"isPartOf\":{\"@id\":\"https:\/\/portaltela.pt\/noticias\/2026\/03\/26\/ocde-corta-previsoes-para-a-zona-euro-com-subida-dos-precos-de-energia\/\"},\"author\":{\"name\":\"Telinha\",\"@id\":\"https:\/\/portaltela.pt\/#\/schema\/person\/c4278d4a6028830caff9ee44b42d32ed\"},\"headline\":\"OCDE corta previs\u00f5es para a zona euro com subida dos pre\u00e7os de energia\",\"datePublished\":\"2026-03-26T13:47:16+00:00\",\"mainEntityOfPage\":{\"@id\":\"https:\/\/portaltela.pt\/noticias\/2026\/03\/26\/ocde-corta-previsoes-para-a-zona-euro-com-subida-dos-precos-de-energia\/\"},\"wordCount\":407,\"image\":{\"@id\":\"https:\/\/portaltela.pt\/noticias\/2026\/03\/26\/ocde-corta-previsoes-para-a-zona-euro-com-subida-dos-precos-de-energia\/#primaryimage\"},\"thumbnailUrl\":\"https:\/\/portaltela.pt\/s.01k8rhncp4jt1\/2026\/03\/1536x864_cmsv2_11050017-a5e7-558d-a29d-b65e3622f0ed-9699444.jpg\",\"keywords\":[\"_economia\",\"economia\",\"energia\",\"inflac\u00e7\u00e3o\",\"OCDE\",\"Zona Europeia\"],\"articleSection\":[\"Economia\",\"Neg\u00f3cios\"],\"inLanguage\":\"pt-PT\"},{\"@type\":\"WebPage\",\"@id\":\"https:\/\/portaltela.pt\/noticias\/2026\/03\/26\/ocde-corta-previsoes-para-a-zona-euro-com-subida-dos-precos-de-energia\/\",\"url\":\"https:\/\/portaltela.pt\/noticias\/2026\/03\/26\/ocde-corta-previsoes-para-a-zona-euro-com-subida-dos-precos-de-energia\/\",\"name\":\"OCDE corta previs\u00f5es para a zona euro com subida dos pre\u00e7os de energia - Portal Tela Portugal\",\"isPartOf\":{\"@id\":\"https:\/\/portaltela.pt\/#website\"},\"primaryImageOfPage\":{\"@id\":\"https:\/\/portaltela.pt\/noticias\/2026\/03\/26\/ocde-corta-previsoes-para-a-zona-euro-com-subida-dos-precos-de-energia\/#primaryimage\"},\"image\":{\"@id\":\"https:\/\/portaltela.pt\/noticias\/2026\/03\/26\/ocde-corta-previsoes-para-a-zona-euro-com-subida-dos-precos-de-energia\/#primaryimage\"},\"thumbnailUrl\":\"https:\/\/portaltela.pt\/s.01k8rhncp4jt1\/2026\/03\/1536x864_cmsv2_11050017-a5e7-558d-a29d-b65e3622f0ed-9699444.jpg\",\"datePublished\":\"2026-03-26T13:47:16+00:00\",\"author\":{\"@id\":\"https:\/\/portaltela.pt\/#\/schema\/person\/c4278d4a6028830caff9ee44b42d32ed\"},\"breadcrumb\":{\"@id\":\"https:\/\/portaltela.pt\/noticias\/2026\/03\/26\/ocde-corta-previsoes-para-a-zona-euro-com-subida-dos-precos-de-energia\/#breadcrumb\"},\"inLanguage\":\"pt-PT\",\"potentialAction\":[{\"@type\":\"ReadAction\",\"target\":[\"https:\/\/portaltela.pt\/noticias\/2026\/03\/26\/ocde-corta-previsoes-para-a-zona-euro-com-subida-dos-precos-de-energia\/\"]}]},{\"@type\":\"ImageObject\",\"inLanguage\":\"pt-PT\",\"@id\":\"https:\/\/portaltela.pt\/noticias\/2026\/03\/26\/ocde-corta-previsoes-para-a-zona-euro-com-subida-dos-precos-de-energia\/#primaryimage\",\"url\":\"https:\/\/portaltela.pt\/s.01k8rhncp4jt1\/2026\/03\/1536x864_cmsv2_11050017-a5e7-558d-a29d-b65e3622f0ed-9699444.jpg\",\"contentUrl\":\"https:\/\/portaltela.pt\/s.01k8rhncp4jt1\/2026\/03\/1536x864_cmsv2_11050017-a5e7-558d-a29d-b65e3622f0ed-9699444.jpg\",\"width\":1536,\"height\":864,\"caption\":\"Refinaria da BP produz combust\u00edvel em Gelsenkirchen, na Alemanha, quinta-feira, 12 de mar\u00e7o de 2026\"},{\"@type\":\"BreadcrumbList\",\"@id\":\"https:\/\/portaltela.pt\/noticias\/2026\/03\/26\/ocde-corta-previsoes-para-a-zona-euro-com-subida-dos-precos-de-energia\/#breadcrumb\",\"itemListElement\":[{\"@type\":\"ListItem\",\"position\":1,\"name\":\"In\u00edcio\",\"item\":\"https:\/\/portaltela.pt\/\"},{\"@type\":\"ListItem\",\"position\":2,\"name\":\"OCDE corta previs\u00f5es para a zona euro com subida dos pre\u00e7os de energia\"}]},{\"@type\":\"WebSite\",\"@id\":\"https:\/\/portaltela.pt\/#website\",\"url\":\"https:\/\/portaltela.pt\/\",\"name\":\"Portal Tela Portugal\",\"description\":\"\",\"potentialAction\":[{\"@type\":\"SearchAction\",\"target\":{\"@type\":\"EntryPoint\",\"urlTemplate\":\"https:\/\/portaltela.pt\/?s={search_term_string}\"},\"query-input\":{\"@type\":\"PropertyValueSpecification\",\"valueRequired\":true,\"valueName\":\"search_term_string\"}}],\"inLanguage\":\"pt-PT\"},{\"@type\":\"Person\",\"@id\":\"https:\/\/portaltela.pt\/#\/schema\/person\/c4278d4a6028830caff9ee44b42d32ed\",\"name\":\"Telinha\",\"image\":{\"@type\":\"ImageObject\",\"inLanguage\":\"pt-PT\",\"@id\":\"https:\/\/portaltela.pt\/s.01k8rhncp4jt1\/2025\/11\/talking-bot-125x125.png\",\"url\":\"https:\/\/portaltela.pt\/s.01k8rhncp4jt1\/2025\/11\/talking-bot-125x125.png\",\"contentUrl\":\"https:\/\/portaltela.pt\/s.01k8rhncp4jt1\/2025\/11\/talking-bot-125x125.png\",\"caption\":\"Telinha\"},\"sameAs\":[\"https:\/\/portaltela.pt\/\"],\"url\":\"https:\/\/portaltela.pt\/por\/367410592786\/\"}]}<\/script>\n<!-- \/ Yoast SEO plugin. -->","yoast_head_json":{"title":"OCDE corta previs\u00f5es para a zona euro com subida dos pre\u00e7os de energia - Portal Tela Portugal","robots":{"index":"index","follow":"follow","max-snippet":"max-snippet:-1","max-image-preview":"max-image-preview:large","max-video-preview":"max-video-preview:-1"},"og_locale":"pt_PT","og_type":"article","og_title":"OCDE corta previs\u00f5es para a zona euro com subida dos pre\u00e7os de energia - Portal Tela Portugal","og_description":"A OCDE reduziu a previs\u00e3o de crescimento da zona euro para 0,8% em 2026, com as maiores economias, Alemanha e Fran\u00e7a, tamb\u00e9m revistas em baixa para 0,8%. A infla\u00e7\u00e3o na zona euro \u00e9 esperada em 2,6% em 2026, mais 0,7 pontos percentuais face \u00e0 estimativa anterior, devido ao aumento dos pre\u00e7os da energia. A proje\u00e7\u00e3o de crescimento global mant\u00e9m-se em 2,9% para este ano, mas o conflito no M\u00e9dio Oriente pode elevar custos e pressionar a procura. O BCE pode subir as taxas de juro no pr\u00f3ximo m\u00eas se a infla\u00e7\u00e3o exceder a meta de 2%, apesar de a presidente Christine Lagarde dizer que a zona euro est\u00e1 mais preparada. A OCDE prev\u00ea que, a partir de meados de 2026, os choques energ\u00e9ticos devem abrandar, mas alerta para incertezas e para riscos como o aumento do pre\u00e7o da ureia, que pode afetar colheitas em 2027.","og_url":"https:\/\/portaltela.pt\/noticias\/2026\/03\/26\/ocde-corta-previsoes-para-a-zona-euro-com-subida-dos-precos-de-energia\/","og_site_name":"Portal Tela Portugal","article_published_time":"2026-03-26T13:47:16+00:00","author":"Telinha","twitter_card":"summary_large_image","twitter_misc":{"Escrito por":"Telinha","Tempo estimado de leitura":"2 minutos"},"schema":{"@context":"https:\/\/schema.org","@graph":[{"@type":"Article","@id":"https:\/\/portaltela.pt\/noticias\/2026\/03\/26\/ocde-corta-previsoes-para-a-zona-euro-com-subida-dos-precos-de-energia\/#article","isPartOf":{"@id":"https:\/\/portaltela.pt\/noticias\/2026\/03\/26\/ocde-corta-previsoes-para-a-zona-euro-com-subida-dos-precos-de-energia\/"},"author":{"name":"Telinha","@id":"https:\/\/portaltela.pt\/#\/schema\/person\/c4278d4a6028830caff9ee44b42d32ed"},"headline":"OCDE corta previs\u00f5es para a zona euro com subida dos pre\u00e7os de energia","datePublished":"2026-03-26T13:47:16+00:00","mainEntityOfPage":{"@id":"https:\/\/portaltela.pt\/noticias\/2026\/03\/26\/ocde-corta-previsoes-para-a-zona-euro-com-subida-dos-precos-de-energia\/"},"wordCount":407,"image":{"@id":"https:\/\/portaltela.pt\/noticias\/2026\/03\/26\/ocde-corta-previsoes-para-a-zona-euro-com-subida-dos-precos-de-energia\/#primaryimage"},"thumbnailUrl":"https:\/\/portaltela.pt\/s.01k8rhncp4jt1\/2026\/03\/1536x864_cmsv2_11050017-a5e7-558d-a29d-b65e3622f0ed-9699444.jpg","keywords":["_economia","economia","energia","inflac\u00e7\u00e3o","OCDE","Zona Europeia"],"articleSection":["Economia","Neg\u00f3cios"],"inLanguage":"pt-PT"},{"@type":"WebPage","@id":"https:\/\/portaltela.pt\/noticias\/2026\/03\/26\/ocde-corta-previsoes-para-a-zona-euro-com-subida-dos-precos-de-energia\/","url":"https:\/\/portaltela.pt\/noticias\/2026\/03\/26\/ocde-corta-previsoes-para-a-zona-euro-com-subida-dos-precos-de-energia\/","name":"OCDE corta previs\u00f5es para a zona euro com subida dos pre\u00e7os de energia - Portal Tela Portugal","isPartOf":{"@id":"https:\/\/portaltela.pt\/#website"},"primaryImageOfPage":{"@id":"https:\/\/portaltela.pt\/noticias\/2026\/03\/26\/ocde-corta-previsoes-para-a-zona-euro-com-subida-dos-precos-de-energia\/#primaryimage"},"image":{"@id":"https:\/\/portaltela.pt\/noticias\/2026\/03\/26\/ocde-corta-previsoes-para-a-zona-euro-com-subida-dos-precos-de-energia\/#primaryimage"},"thumbnailUrl":"https:\/\/portaltela.pt\/s.01k8rhncp4jt1\/2026\/03\/1536x864_cmsv2_11050017-a5e7-558d-a29d-b65e3622f0ed-9699444.jpg","datePublished":"2026-03-26T13:47:16+00:00","author":{"@id":"https:\/\/portaltela.pt\/#\/schema\/person\/c4278d4a6028830caff9ee44b42d32ed"},"breadcrumb":{"@id":"https:\/\/portaltela.pt\/noticias\/2026\/03\/26\/ocde-corta-previsoes-para-a-zona-euro-com-subida-dos-precos-de-energia\/#breadcrumb"},"inLanguage":"pt-PT","potentialAction":[{"@type":"ReadAction","target":["https:\/\/portaltela.pt\/noticias\/2026\/03\/26\/ocde-corta-previsoes-para-a-zona-euro-com-subida-dos-precos-de-energia\/"]}]},{"@type":"ImageObject","inLanguage":"pt-PT","@id":"https:\/\/portaltela.pt\/noticias\/2026\/03\/26\/ocde-corta-previsoes-para-a-zona-euro-com-subida-dos-precos-de-energia\/#primaryimage","url":"https:\/\/portaltela.pt\/s.01k8rhncp4jt1\/2026\/03\/1536x864_cmsv2_11050017-a5e7-558d-a29d-b65e3622f0ed-9699444.jpg","contentUrl":"https:\/\/portaltela.pt\/s.01k8rhncp4jt1\/2026\/03\/1536x864_cmsv2_11050017-a5e7-558d-a29d-b65e3622f0ed-9699444.jpg","width":1536,"height":864,"caption":"Refinaria da BP produz combust\u00edvel em Gelsenkirchen, na Alemanha, quinta-feira, 12 de mar\u00e7o de 2026"},{"@type":"BreadcrumbList","@id":"https:\/\/portaltela.pt\/noticias\/2026\/03\/26\/ocde-corta-previsoes-para-a-zona-euro-com-subida-dos-precos-de-energia\/#breadcrumb","itemListElement":[{"@type":"ListItem","position":1,"name":"In\u00edcio","item":"https:\/\/portaltela.pt\/"},{"@type":"ListItem","position":2,"name":"OCDE corta previs\u00f5es para a zona euro com subida dos pre\u00e7os de energia"}]},{"@type":"WebSite","@id":"https:\/\/portaltela.pt\/#website","url":"https:\/\/portaltela.pt\/","name":"Portal Tela Portugal","description":"","potentialAction":[{"@type":"SearchAction","target":{"@type":"EntryPoint","urlTemplate":"https:\/\/portaltela.pt\/?s={search_term_string}"},"query-input":{"@type":"PropertyValueSpecification","valueRequired":true,"valueName":"search_term_string"}}],"inLanguage":"pt-PT"},{"@type":"Person","@id":"https:\/\/portaltela.pt\/#\/schema\/person\/c4278d4a6028830caff9ee44b42d32ed","name":"Telinha","image":{"@type":"ImageObject","inLanguage":"pt-PT","@id":"https:\/\/portaltela.pt\/s.01k8rhncp4jt1\/2025\/11\/talking-bot-125x125.png","url":"https:\/\/portaltela.pt\/s.01k8rhncp4jt1\/2025\/11\/talking-bot-125x125.png","contentUrl":"https:\/\/portaltela.pt\/s.01k8rhncp4jt1\/2025\/11\/talking-bot-125x125.png","caption":"Telinha"},"sameAs":["https:\/\/portaltela.pt\/"],"url":"https:\/\/portaltela.pt\/por\/367410592786\/"}]}},"_links":{"self":[{"href":"https:\/\/portaltela.pt\/api\/wp\/v2\/posts\/422283","targetHints":{"allow":["GET"]}}],"collection":[{"href":"https:\/\/portaltela.pt\/api\/wp\/v2\/posts"}],"about":[{"href":"https:\/\/portaltela.pt\/api\/wp\/v2\/types\/post"}],"author":[{"embeddable":true,"href":"https:\/\/portaltela.pt\/api\/wp\/v2\/users\/2"}],"replies":[{"embeddable":true,"href":"https:\/\/portaltela.pt\/api\/wp\/v2\/comments?post=422283"}],"version-history":[{"count":0,"href":"https:\/\/portaltela.pt\/api\/wp\/v2\/posts\/422283\/revisions"}],"wp:featuredmedia":[{"embeddable":true,"href":"https:\/\/portaltela.pt\/api\/wp\/v2\/media\/422286"}],"wp:attachment":[{"href":"https:\/\/portaltela.pt\/api\/wp\/v2\/media?parent=422283"}],"wp:term":[{"taxonomy":"category","embeddable":true,"href":"https:\/\/portaltela.pt\/api\/wp\/v2\/categories?post=422283"},{"taxonomy":"post_tag","embeddable":true,"href":"https:\/\/portaltela.pt\/api\/wp\/v2\/tags?post=422283"}],"curies":[{"name":"wp","href":"https:\/\/api.w.org\/{rel}","templated":true}]}}