{"id":422269,"date":"2026-03-26T10:30:38","date_gmt":"2026-03-26T13:30:38","guid":{"rendered":"https:\/\/portaltela.pt\/noticias\/2026\/03\/26\/pietuszewski-aprovado-no-teste-de-futebol-portugues-eder-elogia-o-desempenho\/"},"modified":"2026-03-26T10:30:38","modified_gmt":"2026-03-26T13:30:38","slug":"pietuszewski-aprovado-no-teste-de-futebol-portugues-eder-elogia-o-desempenho","status":"publish","type":"post","link":"https:\/\/portaltela.pt\/desporto\/futebol\/2026\/03\/26\/pietuszewski-aprovado-no-teste-de-futebol-portugues-eder-elogia-o-desempenho\/","title":{"rendered":"Pietuszewski aprovado no teste de futebol portugu\u00eas, \u00c9der elogia o desempenho"},"content":{"rendered":"<p>Oskar Pietuszewski, extremo de 17 anos do FC Porto, foi formado pela primeira vez na sele\u00e7\u00e3o principal da Pol\u00f3nia. O jovem despertou interesse no pa\u00eds por se tratar de uma promessa emergente.<\/p>\n<p>Em v\u00eddeo divulgado pela federa\u00e7\u00e3o polaca durante os primeiros dias de concentra\u00e7\u00e3o, o jogador \u00e9 questionado sobre as suas primeiras mem\u00f3rias de uma grande competi\u00e7\u00e3o. A resposta mencionou Portugal e \u00c9der, ganhadores do Euro 2016.<\/p>\n<p>\u00c0 \u00e9poca da vit\u00f3ria de Portugal sobre a Fran\u00e7a, Pietuszewski tinha apenas oito anos, o que tornou a refer\u00eancia de \u00c9der um momento marcante na conversa. O conte\u00fado refor\u00e7a a curiosidade em torno da adapta\u00e7\u00e3o do jogador ao escal\u00e3o principal.<\/p>\n<h3>Contexto hist\u00f3rico<\/h3>\n<p>O Euro 2016 ficou marcado pela vit\u00f3ria de Portugal, frente \u00e0 Fran\u00e7a, com golo de \u00c9der. A participa\u00e7\u00e3o de Pietuszewski na sele\u00e7\u00e3o polaca surge numa fase de refor\u00e7o de talento jovem para o conjunto nacional. O clube FC Porto trabalha para a integra\u00e7\u00e3o do jogador no circuito senior.<\/p>\n","protected":false},"excerpt":{"rendered":"<ul>\n<li>Oskar Pietuszewski, extremo do FC Porto, foi chamado pela primeira vez \u00e0 sele\u00e7\u00e3o principal da Pol\u00f3nia, aos 17 anos.<\/li>\n<li>Um v\u00eddeo publicado nas redes sociais da sele\u00e7\u00e3o polaca mostra a conversa entre Pietuszewski e colegas sobre as primeiras mem\u00f3rias em grandes torneios.<\/li>\n<li>Na entrevista, ele refere Portugal e \u00c9der, que conquistaram a Eurocopa de 2016 frente \u00e0 Fran\u00e7a, como parte dessas mem\u00f3rias.<\/li>\n<li>Pietuszewski tinha apenas 8 anos quando Portugal venceu a Euro 2016.<\/li>\n<\/ul>\n","protected":false},"author":2,"featured_media":422271,"comment_status":"closed","ping_status":"closed","sticky":false,"template":"","format":"standard","meta":{"footnotes":""},"categories":[21,24],"tags":[1294,2028,32,3752,1014,2057],"class_list":["post-422269","post","type-post","status-publish","format-standard","has-post-thumbnail","hentry","category-desporto","category-futebol","tag-eder","tag-fc-porto","tag-futebol","tag-pietuszewski","tag-portugal","tag-selecao-nacional"],"yoast_head":"<!-- This site is optimized with the Yoast SEO plugin v27.2 - https:\/\/yoast.com\/product\/yoast-seo-wordpress\/ -->\n<title>Pietuszewski aprovado no teste de futebol portugu\u00eas, \u00c9der elogia o desempenho - Portal Tela Portugal<\/title>\n<meta name=\"robots\" content=\"index, follow, max-snippet:-1, max-image-preview:large, max-video-preview:-1\" \/>\n<meta property=\"og:locale\" content=\"pt_PT\" \/>\n<meta property=\"og:type\" content=\"article\" \/>\n<meta property=\"og:title\" content=\"Pietuszewski aprovado no teste de futebol portugu\u00eas, \u00c9der elogia o desempenho - Portal Tela Portugal\" \/>\n<meta property=\"og:description\" content=\"Oskar Pietuszewski, extremo do FC Porto, foi chamado pela primeira vez \u00e0 sele\u00e7\u00e3o principal da Pol\u00f3nia, aos 17 anos. Um v\u00eddeo publicado nas redes sociais da sele\u00e7\u00e3o polaca mostra a conversa entre Pietuszewski e colegas sobre as primeiras mem\u00f3rias em grandes torneios. Na entrevista, ele refere Portugal e \u00c9der, que conquistaram a Eurocopa de 2016 frente \u00e0 Fran\u00e7a, como parte dessas mem\u00f3rias. Pietuszewski tinha apenas 8 anos quando Portugal venceu a Euro 2016.\" \/>\n<meta property=\"og:url\" content=\"https:\/\/portaltela.pt\/noticias\/2026\/03\/26\/pietuszewski-aprovado-no-teste-de-futebol-portugues-eder-elogia-o-desempenho\/\" \/>\n<meta property=\"og:site_name\" content=\"Portal Tela Portugal\" \/>\n<meta property=\"article:published_time\" content=\"2026-03-26T13:30:38+00:00\" \/>\n<meta name=\"author\" content=\"Telinha\" \/>\n<meta name=\"twitter:card\" content=\"summary_large_image\" \/>\n<meta name=\"twitter:label1\" content=\"Escrito por\" \/>\n\t<meta name=\"twitter:data1\" content=\"Telinha\" \/>\n\t<meta name=\"twitter:label2\" content=\"Tempo estimado de leitura\" \/>\n\t<meta name=\"twitter:data2\" content=\"1 minuto\" \/>\n<script type=\"application\/ld+json\" class=\"yoast-schema-graph\">{\"@context\":\"https:\/\/schema.org\",\"@graph\":[{\"@type\":\"Article\",\"@id\":\"https:\/\/portaltela.pt\/noticias\/2026\/03\/26\/pietuszewski-aprovado-no-teste-de-futebol-portugues-eder-elogia-o-desempenho\/#article\",\"isPartOf\":{\"@id\":\"https:\/\/portaltela.pt\/noticias\/2026\/03\/26\/pietuszewski-aprovado-no-teste-de-futebol-portugues-eder-elogia-o-desempenho\/\"},\"author\":{\"name\":\"Telinha\",\"@id\":\"https:\/\/portaltela.pt\/#\/schema\/person\/c4278d4a6028830caff9ee44b42d32ed\"},\"headline\":\"Pietuszewski aprovado no teste de futebol portugu\u00eas, \u00c9der elogia o desempenho\",\"datePublished\":\"2026-03-26T13:30:38+00:00\",\"mainEntityOfPage\":{\"@id\":\"https:\/\/portaltela.pt\/noticias\/2026\/03\/26\/pietuszewski-aprovado-no-teste-de-futebol-portugues-eder-elogia-o-desempenho\/\"},\"wordCount\":185,\"image\":{\"@id\":\"https:\/\/portaltela.pt\/noticias\/2026\/03\/26\/pietuszewski-aprovado-no-teste-de-futebol-portugues-eder-elogia-o-desempenho\/#primaryimage\"},\"thumbnailUrl\":\"https:\/\/portaltela.pt\/s.01k8rhncp4jt1\/2026\/03\/img_1200x721uu2026-03-26-13-02-04-2429453.jpg\",\"keywords\":[\"\u00c9der\",\"FC Porto\",\"futebol\",\"Pietuszewski\",\"Portugal\",\"Sele\u00e7\u00e3o Nacional\"],\"articleSection\":[\"Desporto\",\"Futebol\"],\"inLanguage\":\"pt-PT\"},{\"@type\":\"WebPage\",\"@id\":\"https:\/\/portaltela.pt\/noticias\/2026\/03\/26\/pietuszewski-aprovado-no-teste-de-futebol-portugues-eder-elogia-o-desempenho\/\",\"url\":\"https:\/\/portaltela.pt\/noticias\/2026\/03\/26\/pietuszewski-aprovado-no-teste-de-futebol-portugues-eder-elogia-o-desempenho\/\",\"name\":\"Pietuszewski aprovado no teste de futebol portugu\u00eas, \u00c9der elogia o desempenho - Portal Tela Portugal\",\"isPartOf\":{\"@id\":\"https:\/\/portaltela.pt\/#website\"},\"primaryImageOfPage\":{\"@id\":\"https:\/\/portaltela.pt\/noticias\/2026\/03\/26\/pietuszewski-aprovado-no-teste-de-futebol-portugues-eder-elogia-o-desempenho\/#primaryimage\"},\"image\":{\"@id\":\"https:\/\/portaltela.pt\/noticias\/2026\/03\/26\/pietuszewski-aprovado-no-teste-de-futebol-portugues-eder-elogia-o-desempenho\/#primaryimage\"},\"thumbnailUrl\":\"https:\/\/portaltela.pt\/s.01k8rhncp4jt1\/2026\/03\/img_1200x721uu2026-03-26-13-02-04-2429453.jpg\",\"datePublished\":\"2026-03-26T13:30:38+00:00\",\"author\":{\"@id\":\"https:\/\/portaltela.pt\/#\/schema\/person\/c4278d4a6028830caff9ee44b42d32ed\"},\"breadcrumb\":{\"@id\":\"https:\/\/portaltela.pt\/noticias\/2026\/03\/26\/pietuszewski-aprovado-no-teste-de-futebol-portugues-eder-elogia-o-desempenho\/#breadcrumb\"},\"inLanguage\":\"pt-PT\",\"potentialAction\":[{\"@type\":\"ReadAction\",\"target\":[\"https:\/\/portaltela.pt\/noticias\/2026\/03\/26\/pietuszewski-aprovado-no-teste-de-futebol-portugues-eder-elogia-o-desempenho\/\"]}]},{\"@type\":\"ImageObject\",\"inLanguage\":\"pt-PT\",\"@id\":\"https:\/\/portaltela.pt\/noticias\/2026\/03\/26\/pietuszewski-aprovado-no-teste-de-futebol-portugues-eder-elogia-o-desempenho\/#primaryimage\",\"url\":\"https:\/\/portaltela.pt\/s.01k8rhncp4jt1\/2026\/03\/img_1200x721uu2026-03-26-13-02-04-2429453.jpg\",\"contentUrl\":\"https:\/\/portaltela.pt\/s.01k8rhncp4jt1\/2026\/03\/img_1200x721uu2026-03-26-13-02-04-2429453.jpg\",\"width\":796,\"height\":448,\"caption\":\"Jovem do FC Porto tinha 8 anos quando Portugal ganhou o o Euro'2016\"},{\"@type\":\"BreadcrumbList\",\"@id\":\"https:\/\/portaltela.pt\/noticias\/2026\/03\/26\/pietuszewski-aprovado-no-teste-de-futebol-portugues-eder-elogia-o-desempenho\/#breadcrumb\",\"itemListElement\":[{\"@type\":\"ListItem\",\"position\":1,\"name\":\"In\u00edcio\",\"item\":\"https:\/\/portaltela.pt\/\"},{\"@type\":\"ListItem\",\"position\":2,\"name\":\"Pietuszewski aprovado no teste de futebol portugu\u00eas, \u00c9der elogia o desempenho\"}]},{\"@type\":\"WebSite\",\"@id\":\"https:\/\/portaltela.pt\/#website\",\"url\":\"https:\/\/portaltela.pt\/\",\"name\":\"Portal Tela Portugal\",\"description\":\"\",\"potentialAction\":[{\"@type\":\"SearchAction\",\"target\":{\"@type\":\"EntryPoint\",\"urlTemplate\":\"https:\/\/portaltela.pt\/?s={search_term_string}\"},\"query-input\":{\"@type\":\"PropertyValueSpecification\",\"valueRequired\":true,\"valueName\":\"search_term_string\"}}],\"inLanguage\":\"pt-PT\"},{\"@type\":\"Person\",\"@id\":\"https:\/\/portaltela.pt\/#\/schema\/person\/c4278d4a6028830caff9ee44b42d32ed\",\"name\":\"Telinha\",\"image\":{\"@type\":\"ImageObject\",\"inLanguage\":\"pt-PT\",\"@id\":\"https:\/\/portaltela.pt\/s.01k8rhncp4jt1\/2025\/11\/talking-bot-125x125.png\",\"url\":\"https:\/\/portaltela.pt\/s.01k8rhncp4jt1\/2025\/11\/talking-bot-125x125.png\",\"contentUrl\":\"https:\/\/portaltela.pt\/s.01k8rhncp4jt1\/2025\/11\/talking-bot-125x125.png\",\"caption\":\"Telinha\"},\"sameAs\":[\"https:\/\/portaltela.pt\/\"],\"url\":\"https:\/\/portaltela.pt\/por\/367410592786\/\"}]}<\/script>\n<!-- \/ Yoast SEO plugin. -->","yoast_head_json":{"title":"Pietuszewski aprovado no teste de futebol portugu\u00eas, \u00c9der elogia o desempenho - Portal Tela Portugal","robots":{"index":"index","follow":"follow","max-snippet":"max-snippet:-1","max-image-preview":"max-image-preview:large","max-video-preview":"max-video-preview:-1"},"og_locale":"pt_PT","og_type":"article","og_title":"Pietuszewski aprovado no teste de futebol portugu\u00eas, \u00c9der elogia o desempenho - Portal Tela Portugal","og_description":"Oskar Pietuszewski, extremo do FC Porto, foi chamado pela primeira vez \u00e0 sele\u00e7\u00e3o principal da Pol\u00f3nia, aos 17 anos. Um v\u00eddeo publicado nas redes sociais da sele\u00e7\u00e3o polaca mostra a conversa entre Pietuszewski e colegas sobre as primeiras mem\u00f3rias em grandes torneios. Na entrevista, ele refere Portugal e \u00c9der, que conquistaram a Eurocopa de 2016 frente \u00e0 Fran\u00e7a, como parte dessas mem\u00f3rias. Pietuszewski tinha apenas 8 anos quando Portugal venceu a Euro 2016.","og_url":"https:\/\/portaltela.pt\/noticias\/2026\/03\/26\/pietuszewski-aprovado-no-teste-de-futebol-portugues-eder-elogia-o-desempenho\/","og_site_name":"Portal Tela Portugal","article_published_time":"2026-03-26T13:30:38+00:00","author":"Telinha","twitter_card":"summary_large_image","twitter_misc":{"Escrito por":"Telinha","Tempo estimado de leitura":"1 minuto"},"schema":{"@context":"https:\/\/schema.org","@graph":[{"@type":"Article","@id":"https:\/\/portaltela.pt\/noticias\/2026\/03\/26\/pietuszewski-aprovado-no-teste-de-futebol-portugues-eder-elogia-o-desempenho\/#article","isPartOf":{"@id":"https:\/\/portaltela.pt\/noticias\/2026\/03\/26\/pietuszewski-aprovado-no-teste-de-futebol-portugues-eder-elogia-o-desempenho\/"},"author":{"name":"Telinha","@id":"https:\/\/portaltela.pt\/#\/schema\/person\/c4278d4a6028830caff9ee44b42d32ed"},"headline":"Pietuszewski aprovado no teste de futebol portugu\u00eas, \u00c9der elogia o desempenho","datePublished":"2026-03-26T13:30:38+00:00","mainEntityOfPage":{"@id":"https:\/\/portaltela.pt\/noticias\/2026\/03\/26\/pietuszewski-aprovado-no-teste-de-futebol-portugues-eder-elogia-o-desempenho\/"},"wordCount":185,"image":{"@id":"https:\/\/portaltela.pt\/noticias\/2026\/03\/26\/pietuszewski-aprovado-no-teste-de-futebol-portugues-eder-elogia-o-desempenho\/#primaryimage"},"thumbnailUrl":"https:\/\/portaltela.pt\/s.01k8rhncp4jt1\/2026\/03\/img_1200x721uu2026-03-26-13-02-04-2429453.jpg","keywords":["\u00c9der","FC Porto","futebol","Pietuszewski","Portugal","Sele\u00e7\u00e3o Nacional"],"articleSection":["Desporto","Futebol"],"inLanguage":"pt-PT"},{"@type":"WebPage","@id":"https:\/\/portaltela.pt\/noticias\/2026\/03\/26\/pietuszewski-aprovado-no-teste-de-futebol-portugues-eder-elogia-o-desempenho\/","url":"https:\/\/portaltela.pt\/noticias\/2026\/03\/26\/pietuszewski-aprovado-no-teste-de-futebol-portugues-eder-elogia-o-desempenho\/","name":"Pietuszewski aprovado no teste de futebol portugu\u00eas, \u00c9der elogia o desempenho - Portal Tela Portugal","isPartOf":{"@id":"https:\/\/portaltela.pt\/#website"},"primaryImageOfPage":{"@id":"https:\/\/portaltela.pt\/noticias\/2026\/03\/26\/pietuszewski-aprovado-no-teste-de-futebol-portugues-eder-elogia-o-desempenho\/#primaryimage"},"image":{"@id":"https:\/\/portaltela.pt\/noticias\/2026\/03\/26\/pietuszewski-aprovado-no-teste-de-futebol-portugues-eder-elogia-o-desempenho\/#primaryimage"},"thumbnailUrl":"https:\/\/portaltela.pt\/s.01k8rhncp4jt1\/2026\/03\/img_1200x721uu2026-03-26-13-02-04-2429453.jpg","datePublished":"2026-03-26T13:30:38+00:00","author":{"@id":"https:\/\/portaltela.pt\/#\/schema\/person\/c4278d4a6028830caff9ee44b42d32ed"},"breadcrumb":{"@id":"https:\/\/portaltela.pt\/noticias\/2026\/03\/26\/pietuszewski-aprovado-no-teste-de-futebol-portugues-eder-elogia-o-desempenho\/#breadcrumb"},"inLanguage":"pt-PT","potentialAction":[{"@type":"ReadAction","target":["https:\/\/portaltela.pt\/noticias\/2026\/03\/26\/pietuszewski-aprovado-no-teste-de-futebol-portugues-eder-elogia-o-desempenho\/"]}]},{"@type":"ImageObject","inLanguage":"pt-PT","@id":"https:\/\/portaltela.pt\/noticias\/2026\/03\/26\/pietuszewski-aprovado-no-teste-de-futebol-portugues-eder-elogia-o-desempenho\/#primaryimage","url":"https:\/\/portaltela.pt\/s.01k8rhncp4jt1\/2026\/03\/img_1200x721uu2026-03-26-13-02-04-2429453.jpg","contentUrl":"https:\/\/portaltela.pt\/s.01k8rhncp4jt1\/2026\/03\/img_1200x721uu2026-03-26-13-02-04-2429453.jpg","width":796,"height":448,"caption":"Jovem do FC Porto tinha 8 anos quando Portugal ganhou o o Euro'2016"},{"@type":"BreadcrumbList","@id":"https:\/\/portaltela.pt\/noticias\/2026\/03\/26\/pietuszewski-aprovado-no-teste-de-futebol-portugues-eder-elogia-o-desempenho\/#breadcrumb","itemListElement":[{"@type":"ListItem","position":1,"name":"In\u00edcio","item":"https:\/\/portaltela.pt\/"},{"@type":"ListItem","position":2,"name":"Pietuszewski aprovado no teste de futebol portugu\u00eas, \u00c9der elogia o desempenho"}]},{"@type":"WebSite","@id":"https:\/\/portaltela.pt\/#website","url":"https:\/\/portaltela.pt\/","name":"Portal Tela Portugal","description":"","potentialAction":[{"@type":"SearchAction","target":{"@type":"EntryPoint","urlTemplate":"https:\/\/portaltela.pt\/?s={search_term_string}"},"query-input":{"@type":"PropertyValueSpecification","valueRequired":true,"valueName":"search_term_string"}}],"inLanguage":"pt-PT"},{"@type":"Person","@id":"https:\/\/portaltela.pt\/#\/schema\/person\/c4278d4a6028830caff9ee44b42d32ed","name":"Telinha","image":{"@type":"ImageObject","inLanguage":"pt-PT","@id":"https:\/\/portaltela.pt\/s.01k8rhncp4jt1\/2025\/11\/talking-bot-125x125.png","url":"https:\/\/portaltela.pt\/s.01k8rhncp4jt1\/2025\/11\/talking-bot-125x125.png","contentUrl":"https:\/\/portaltela.pt\/s.01k8rhncp4jt1\/2025\/11\/talking-bot-125x125.png","caption":"Telinha"},"sameAs":["https:\/\/portaltela.pt\/"],"url":"https:\/\/portaltela.pt\/por\/367410592786\/"}]}},"_links":{"self":[{"href":"https:\/\/portaltela.pt\/api\/wp\/v2\/posts\/422269","targetHints":{"allow":["GET"]}}],"collection":[{"href":"https:\/\/portaltela.pt\/api\/wp\/v2\/posts"}],"about":[{"href":"https:\/\/portaltela.pt\/api\/wp\/v2\/types\/post"}],"author":[{"embeddable":true,"href":"https:\/\/portaltela.pt\/api\/wp\/v2\/users\/2"}],"replies":[{"embeddable":true,"href":"https:\/\/portaltela.pt\/api\/wp\/v2\/comments?post=422269"}],"version-history":[{"count":0,"href":"https:\/\/portaltela.pt\/api\/wp\/v2\/posts\/422269\/revisions"}],"wp:featuredmedia":[{"embeddable":true,"href":"https:\/\/portaltela.pt\/api\/wp\/v2\/media\/422271"}],"wp:attachment":[{"href":"https:\/\/portaltela.pt\/api\/wp\/v2\/media?parent=422269"}],"wp:term":[{"taxonomy":"category","embeddable":true,"href":"https:\/\/portaltela.pt\/api\/wp\/v2\/categories?post=422269"},{"taxonomy":"post_tag","embeddable":true,"href":"https:\/\/portaltela.pt\/api\/wp\/v2\/tags?post=422269"}],"curies":[{"name":"wp","href":"https:\/\/api.w.org\/{rel}","templated":true}]}}