{"id":422268,"date":"2026-03-26T10:16:37","date_gmt":"2026-03-26T13:16:37","guid":{"rendered":"https:\/\/portaltela.pt\/noticias\/2026\/03\/26\/fica-na-cadeia-por-15-crimes-no-concelho-de-almada\/"},"modified":"2026-03-26T10:16:37","modified_gmt":"2026-03-26T13:16:37","slug":"fica-na-cadeia-por-15-crimes-no-concelho-de-almada","status":"publish","type":"post","link":"https:\/\/portaltela.pt\/noticias\/2026\/03\/26\/fica-na-cadeia-por-15-crimes-no-concelho-de-almada\/","title":{"rendered":"Fica na cadeia por 15 crimes no concelho de Almada"},"content":{"rendered":"<p>O que aconteceu<\/p>\n<p>Investigadores da GNR de Almada detiveram, na \u00faltima segunda-feira, um homem de 38 anos suspeito de ter praticado 15 crimes na Charneca de Caparica, entre agosto e dezembro do \u00faltimo ano, num espa\u00e7o de cinco meses.<\/p>\n<p>Quem est\u00e1 envolvido<\/p>\n<p>O detido, com antecedentes criminais, foi apresentado aos servi\u00e7os de justi\u00e7a na qualidade de investigado. A consolidar-se, o total de a\u00e7\u00f5es il\u00edcitas envolve furtos, uso indevido de cart\u00f5es, condu\u00e7\u00e3o sem carta, danos e viol\u00eancia associada a um furto.<\/p>\n<p>Quando e onde<\/p>\n<p>A deten\u00e7\u00e3o ocorreu na Charneca de Caparica, no concelho de Almada. O homem foi apresentado no tribunal de Almada na mesma semana, ficando em pris\u00e3o preventiva.<\/p>\n<p>Porqu\u00ea<\/p>\n<p>As suspeitas prendem-se na pr\u00e1tica de 15 crimes distintos, distribu\u00eddos por furtos qualificados (sete), uso de cart\u00e3o de cr\u00e9dito de forma abusiva (dois), condu\u00e7\u00e3o sem carta (dois), danos (dois), furto e uso de ve\u00edculo (um) e viol\u00eancia associada ao furto (um).<\/p>\n","protected":false},"excerpt":{"rendered":"<ul>\n<li>Investigadores da Guarda Nacional Republicana de Almada detiveram, na \u00faltima segunda-feira, um homem de 38 anos por suspeitas de 15 crimes na Charneca de Caparica, praticados ao longo de cinco meses.<\/li>\n<li>O indiv\u00edduo foi indiciado por sete furtos qualificados, dois crimes de abuso de cart\u00e3o de garantia ou cr\u00e9dito, dois de condu\u00e7\u00e3o sem carta, dois de dano, um de furto e uso de ve\u00edculo e um de viol\u00eancia ap\u00f3s a subtra\u00e7\u00e3o.<\/li>\n<li>O detido j\u00e1 possui antecedentes criminais.<\/li>\n<li>O homem ficou em pris\u00e3o preventiva ap\u00f3s presen\u00e7a ao tribunal de Almada.<\/li>\n<li>Os factos ocorreram no concelho de Almada, na zona da Charneca de Caparica.<\/li>\n<\/ul>\n","protected":false},"author":2,"featured_media":422274,"comment_status":"closed","ping_status":"closed","sticky":false,"template":"","format":"standard","meta":{"footnotes":""},"categories":[6907,1],"tags":[1373,583,177,424,939],"class_list":["post-422268","post","type-post","status-publish","format-standard","has-post-thumbnail","hentry","category-crime","category-noticias","tag-almada","tag-conducao-sem-carta","tag-crimes","tag-furto","tag-violencia"],"yoast_head":"<!-- This site is optimized with the Yoast SEO plugin v27.2 - https:\/\/yoast.com\/product\/yoast-seo-wordpress\/ -->\n<title>Fica na cadeia por 15 crimes no concelho de Almada - Portal Tela Portugal<\/title>\n<meta name=\"robots\" content=\"index, follow, max-snippet:-1, max-image-preview:large, max-video-preview:-1\" \/>\n<meta property=\"og:locale\" content=\"pt_PT\" \/>\n<meta property=\"og:type\" content=\"article\" \/>\n<meta property=\"og:title\" content=\"Fica na cadeia por 15 crimes no concelho de Almada - Portal Tela Portugal\" \/>\n<meta property=\"og:description\" content=\"Investigadores da Guarda Nacional Republicana de Almada detiveram, na \u00faltima segunda-feira, um homem de 38 anos por suspeitas de 15 crimes na Charneca de Caparica, praticados ao longo de cinco meses. O indiv\u00edduo foi indiciado por sete furtos qualificados, dois crimes de abuso de cart\u00e3o de garantia ou cr\u00e9dito, dois de condu\u00e7\u00e3o sem carta, dois de dano, um de furto e uso de ve\u00edculo e um de viol\u00eancia ap\u00f3s a subtra\u00e7\u00e3o. O detido j\u00e1 possui antecedentes criminais. O homem ficou em pris\u00e3o preventiva ap\u00f3s presen\u00e7a ao tribunal de Almada. Os factos ocorreram no concelho de Almada, na zona da Charneca de Caparica.\" \/>\n<meta property=\"og:url\" content=\"https:\/\/portaltela.pt\/noticias\/2026\/03\/26\/fica-na-cadeia-por-15-crimes-no-concelho-de-almada\/\" \/>\n<meta property=\"og:site_name\" content=\"Portal Tela Portugal\" \/>\n<meta property=\"article:published_time\" content=\"2026-03-26T13:16:37+00:00\" \/>\n<meta name=\"author\" content=\"Telinha\" \/>\n<meta name=\"twitter:card\" content=\"summary_large_image\" \/>\n<meta name=\"twitter:label1\" content=\"Escrito por\" \/>\n\t<meta name=\"twitter:data1\" content=\"Telinha\" \/>\n\t<meta name=\"twitter:label2\" content=\"Tempo estimado de leitura\" \/>\n\t<meta name=\"twitter:data2\" content=\"1 minuto\" \/>\n<script type=\"application\/ld+json\" class=\"yoast-schema-graph\">{\"@context\":\"https:\/\/schema.org\",\"@graph\":[{\"@type\":\"Article\",\"@id\":\"https:\/\/portaltela.pt\/noticias\/2026\/03\/26\/fica-na-cadeia-por-15-crimes-no-concelho-de-almada\/#article\",\"isPartOf\":{\"@id\":\"https:\/\/portaltela.pt\/noticias\/2026\/03\/26\/fica-na-cadeia-por-15-crimes-no-concelho-de-almada\/\"},\"author\":{\"name\":\"Telinha\",\"@id\":\"https:\/\/portaltela.pt\/#\/schema\/person\/c4278d4a6028830caff9ee44b42d32ed\"},\"headline\":\"Fica na cadeia por 15 crimes no concelho de Almada\",\"datePublished\":\"2026-03-26T13:16:37+00:00\",\"mainEntityOfPage\":{\"@id\":\"https:\/\/portaltela.pt\/noticias\/2026\/03\/26\/fica-na-cadeia-por-15-crimes-no-concelho-de-almada\/\"},\"wordCount\":174,\"image\":{\"@id\":\"https:\/\/portaltela.pt\/noticias\/2026\/03\/26\/fica-na-cadeia-por-15-crimes-no-concelho-de-almada\/#primaryimage\"},\"thumbnailUrl\":\"https:\/\/portaltela.pt\/s.01k8rhncp4jt1\/2026\/03\/img_1500x1000uu2025-08-23-09-55-19-2230887-im-639101224462422012.jpg\",\"keywords\":[\"Almada\",\"condu\u00e7\u00e3o sem carta\",\"crimes\",\"furto\",\"viol\u00eancia\"],\"articleSection\":[\"Crime\",\"Not\u00edcias\"],\"inLanguage\":\"pt-PT\"},{\"@type\":\"WebPage\",\"@id\":\"https:\/\/portaltela.pt\/noticias\/2026\/03\/26\/fica-na-cadeia-por-15-crimes-no-concelho-de-almada\/\",\"url\":\"https:\/\/portaltela.pt\/noticias\/2026\/03\/26\/fica-na-cadeia-por-15-crimes-no-concelho-de-almada\/\",\"name\":\"Fica na cadeia por 15 crimes no concelho de Almada - Portal Tela Portugal\",\"isPartOf\":{\"@id\":\"https:\/\/portaltela.pt\/#website\"},\"primaryImageOfPage\":{\"@id\":\"https:\/\/portaltela.pt\/noticias\/2026\/03\/26\/fica-na-cadeia-por-15-crimes-no-concelho-de-almada\/#primaryimage\"},\"image\":{\"@id\":\"https:\/\/portaltela.pt\/noticias\/2026\/03\/26\/fica-na-cadeia-por-15-crimes-no-concelho-de-almada\/#primaryimage\"},\"thumbnailUrl\":\"https:\/\/portaltela.pt\/s.01k8rhncp4jt1\/2026\/03\/img_1500x1000uu2025-08-23-09-55-19-2230887-im-639101224462422012.jpg\",\"datePublished\":\"2026-03-26T13:16:37+00:00\",\"author\":{\"@id\":\"https:\/\/portaltela.pt\/#\/schema\/person\/c4278d4a6028830caff9ee44b42d32ed\"},\"breadcrumb\":{\"@id\":\"https:\/\/portaltela.pt\/noticias\/2026\/03\/26\/fica-na-cadeia-por-15-crimes-no-concelho-de-almada\/#breadcrumb\"},\"inLanguage\":\"pt-PT\",\"potentialAction\":[{\"@type\":\"ReadAction\",\"target\":[\"https:\/\/portaltela.pt\/noticias\/2026\/03\/26\/fica-na-cadeia-por-15-crimes-no-concelho-de-almada\/\"]}]},{\"@type\":\"ImageObject\",\"inLanguage\":\"pt-PT\",\"@id\":\"https:\/\/portaltela.pt\/noticias\/2026\/03\/26\/fica-na-cadeia-por-15-crimes-no-concelho-de-almada\/#primaryimage\",\"url\":\"https:\/\/portaltela.pt\/s.01k8rhncp4jt1\/2026\/03\/img_1500x1000uu2025-08-23-09-55-19-2230887-im-639101224462422012.jpg\",\"contentUrl\":\"https:\/\/portaltela.pt\/s.01k8rhncp4jt1\/2026\/03\/img_1500x1000uu2025-08-23-09-55-19-2230887-im-639101224462422012.jpg\",\"width\":796,\"height\":448,\"caption\":\"Investigadores da GNR de Almada detiveram o homem de 38 anos\"},{\"@type\":\"BreadcrumbList\",\"@id\":\"https:\/\/portaltela.pt\/noticias\/2026\/03\/26\/fica-na-cadeia-por-15-crimes-no-concelho-de-almada\/#breadcrumb\",\"itemListElement\":[{\"@type\":\"ListItem\",\"position\":1,\"name\":\"In\u00edcio\",\"item\":\"https:\/\/portaltela.pt\/\"},{\"@type\":\"ListItem\",\"position\":2,\"name\":\"Fica na cadeia por 15 crimes no concelho de Almada\"}]},{\"@type\":\"WebSite\",\"@id\":\"https:\/\/portaltela.pt\/#website\",\"url\":\"https:\/\/portaltela.pt\/\",\"name\":\"Portal Tela Portugal\",\"description\":\"\",\"potentialAction\":[{\"@type\":\"SearchAction\",\"target\":{\"@type\":\"EntryPoint\",\"urlTemplate\":\"https:\/\/portaltela.pt\/?s={search_term_string}\"},\"query-input\":{\"@type\":\"PropertyValueSpecification\",\"valueRequired\":true,\"valueName\":\"search_term_string\"}}],\"inLanguage\":\"pt-PT\"},{\"@type\":\"Person\",\"@id\":\"https:\/\/portaltela.pt\/#\/schema\/person\/c4278d4a6028830caff9ee44b42d32ed\",\"name\":\"Telinha\",\"image\":{\"@type\":\"ImageObject\",\"inLanguage\":\"pt-PT\",\"@id\":\"https:\/\/portaltela.pt\/s.01k8rhncp4jt1\/2025\/11\/talking-bot-125x125.png\",\"url\":\"https:\/\/portaltela.pt\/s.01k8rhncp4jt1\/2025\/11\/talking-bot-125x125.png\",\"contentUrl\":\"https:\/\/portaltela.pt\/s.01k8rhncp4jt1\/2025\/11\/talking-bot-125x125.png\",\"caption\":\"Telinha\"},\"sameAs\":[\"https:\/\/portaltela.pt\/\"],\"url\":\"https:\/\/portaltela.pt\/por\/367410592786\/\"}]}<\/script>\n<!-- \/ Yoast SEO plugin. -->","yoast_head_json":{"title":"Fica na cadeia por 15 crimes no concelho de Almada - Portal Tela Portugal","robots":{"index":"index","follow":"follow","max-snippet":"max-snippet:-1","max-image-preview":"max-image-preview:large","max-video-preview":"max-video-preview:-1"},"og_locale":"pt_PT","og_type":"article","og_title":"Fica na cadeia por 15 crimes no concelho de Almada - Portal Tela Portugal","og_description":"Investigadores da Guarda Nacional Republicana de Almada detiveram, na \u00faltima segunda-feira, um homem de 38 anos por suspeitas de 15 crimes na Charneca de Caparica, praticados ao longo de cinco meses. O indiv\u00edduo foi indiciado por sete furtos qualificados, dois crimes de abuso de cart\u00e3o de garantia ou cr\u00e9dito, dois de condu\u00e7\u00e3o sem carta, dois de dano, um de furto e uso de ve\u00edculo e um de viol\u00eancia ap\u00f3s a subtra\u00e7\u00e3o. O detido j\u00e1 possui antecedentes criminais. O homem ficou em pris\u00e3o preventiva ap\u00f3s presen\u00e7a ao tribunal de Almada. Os factos ocorreram no concelho de Almada, na zona da Charneca de Caparica.","og_url":"https:\/\/portaltela.pt\/noticias\/2026\/03\/26\/fica-na-cadeia-por-15-crimes-no-concelho-de-almada\/","og_site_name":"Portal Tela Portugal","article_published_time":"2026-03-26T13:16:37+00:00","author":"Telinha","twitter_card":"summary_large_image","twitter_misc":{"Escrito por":"Telinha","Tempo estimado de leitura":"1 minuto"},"schema":{"@context":"https:\/\/schema.org","@graph":[{"@type":"Article","@id":"https:\/\/portaltela.pt\/noticias\/2026\/03\/26\/fica-na-cadeia-por-15-crimes-no-concelho-de-almada\/#article","isPartOf":{"@id":"https:\/\/portaltela.pt\/noticias\/2026\/03\/26\/fica-na-cadeia-por-15-crimes-no-concelho-de-almada\/"},"author":{"name":"Telinha","@id":"https:\/\/portaltela.pt\/#\/schema\/person\/c4278d4a6028830caff9ee44b42d32ed"},"headline":"Fica na cadeia por 15 crimes no concelho de Almada","datePublished":"2026-03-26T13:16:37+00:00","mainEntityOfPage":{"@id":"https:\/\/portaltela.pt\/noticias\/2026\/03\/26\/fica-na-cadeia-por-15-crimes-no-concelho-de-almada\/"},"wordCount":174,"image":{"@id":"https:\/\/portaltela.pt\/noticias\/2026\/03\/26\/fica-na-cadeia-por-15-crimes-no-concelho-de-almada\/#primaryimage"},"thumbnailUrl":"https:\/\/portaltela.pt\/s.01k8rhncp4jt1\/2026\/03\/img_1500x1000uu2025-08-23-09-55-19-2230887-im-639101224462422012.jpg","keywords":["Almada","condu\u00e7\u00e3o sem carta","crimes","furto","viol\u00eancia"],"articleSection":["Crime","Not\u00edcias"],"inLanguage":"pt-PT"},{"@type":"WebPage","@id":"https:\/\/portaltela.pt\/noticias\/2026\/03\/26\/fica-na-cadeia-por-15-crimes-no-concelho-de-almada\/","url":"https:\/\/portaltela.pt\/noticias\/2026\/03\/26\/fica-na-cadeia-por-15-crimes-no-concelho-de-almada\/","name":"Fica na cadeia por 15 crimes no concelho de Almada - Portal Tela Portugal","isPartOf":{"@id":"https:\/\/portaltela.pt\/#website"},"primaryImageOfPage":{"@id":"https:\/\/portaltela.pt\/noticias\/2026\/03\/26\/fica-na-cadeia-por-15-crimes-no-concelho-de-almada\/#primaryimage"},"image":{"@id":"https:\/\/portaltela.pt\/noticias\/2026\/03\/26\/fica-na-cadeia-por-15-crimes-no-concelho-de-almada\/#primaryimage"},"thumbnailUrl":"https:\/\/portaltela.pt\/s.01k8rhncp4jt1\/2026\/03\/img_1500x1000uu2025-08-23-09-55-19-2230887-im-639101224462422012.jpg","datePublished":"2026-03-26T13:16:37+00:00","author":{"@id":"https:\/\/portaltela.pt\/#\/schema\/person\/c4278d4a6028830caff9ee44b42d32ed"},"breadcrumb":{"@id":"https:\/\/portaltela.pt\/noticias\/2026\/03\/26\/fica-na-cadeia-por-15-crimes-no-concelho-de-almada\/#breadcrumb"},"inLanguage":"pt-PT","potentialAction":[{"@type":"ReadAction","target":["https:\/\/portaltela.pt\/noticias\/2026\/03\/26\/fica-na-cadeia-por-15-crimes-no-concelho-de-almada\/"]}]},{"@type":"ImageObject","inLanguage":"pt-PT","@id":"https:\/\/portaltela.pt\/noticias\/2026\/03\/26\/fica-na-cadeia-por-15-crimes-no-concelho-de-almada\/#primaryimage","url":"https:\/\/portaltela.pt\/s.01k8rhncp4jt1\/2026\/03\/img_1500x1000uu2025-08-23-09-55-19-2230887-im-639101224462422012.jpg","contentUrl":"https:\/\/portaltela.pt\/s.01k8rhncp4jt1\/2026\/03\/img_1500x1000uu2025-08-23-09-55-19-2230887-im-639101224462422012.jpg","width":796,"height":448,"caption":"Investigadores da GNR de Almada detiveram o homem de 38 anos"},{"@type":"BreadcrumbList","@id":"https:\/\/portaltela.pt\/noticias\/2026\/03\/26\/fica-na-cadeia-por-15-crimes-no-concelho-de-almada\/#breadcrumb","itemListElement":[{"@type":"ListItem","position":1,"name":"In\u00edcio","item":"https:\/\/portaltela.pt\/"},{"@type":"ListItem","position":2,"name":"Fica na cadeia por 15 crimes no concelho de Almada"}]},{"@type":"WebSite","@id":"https:\/\/portaltela.pt\/#website","url":"https:\/\/portaltela.pt\/","name":"Portal Tela Portugal","description":"","potentialAction":[{"@type":"SearchAction","target":{"@type":"EntryPoint","urlTemplate":"https:\/\/portaltela.pt\/?s={search_term_string}"},"query-input":{"@type":"PropertyValueSpecification","valueRequired":true,"valueName":"search_term_string"}}],"inLanguage":"pt-PT"},{"@type":"Person","@id":"https:\/\/portaltela.pt\/#\/schema\/person\/c4278d4a6028830caff9ee44b42d32ed","name":"Telinha","image":{"@type":"ImageObject","inLanguage":"pt-PT","@id":"https:\/\/portaltela.pt\/s.01k8rhncp4jt1\/2025\/11\/talking-bot-125x125.png","url":"https:\/\/portaltela.pt\/s.01k8rhncp4jt1\/2025\/11\/talking-bot-125x125.png","contentUrl":"https:\/\/portaltela.pt\/s.01k8rhncp4jt1\/2025\/11\/talking-bot-125x125.png","caption":"Telinha"},"sameAs":["https:\/\/portaltela.pt\/"],"url":"https:\/\/portaltela.pt\/por\/367410592786\/"}]}},"_links":{"self":[{"href":"https:\/\/portaltela.pt\/api\/wp\/v2\/posts\/422268","targetHints":{"allow":["GET"]}}],"collection":[{"href":"https:\/\/portaltela.pt\/api\/wp\/v2\/posts"}],"about":[{"href":"https:\/\/portaltela.pt\/api\/wp\/v2\/types\/post"}],"author":[{"embeddable":true,"href":"https:\/\/portaltela.pt\/api\/wp\/v2\/users\/2"}],"replies":[{"embeddable":true,"href":"https:\/\/portaltela.pt\/api\/wp\/v2\/comments?post=422268"}],"version-history":[{"count":0,"href":"https:\/\/portaltela.pt\/api\/wp\/v2\/posts\/422268\/revisions"}],"wp:featuredmedia":[{"embeddable":true,"href":"https:\/\/portaltela.pt\/api\/wp\/v2\/media\/422274"}],"wp:attachment":[{"href":"https:\/\/portaltela.pt\/api\/wp\/v2\/media?parent=422268"}],"wp:term":[{"taxonomy":"category","embeddable":true,"href":"https:\/\/portaltela.pt\/api\/wp\/v2\/categories?post=422268"},{"taxonomy":"post_tag","embeddable":true,"href":"https:\/\/portaltela.pt\/api\/wp\/v2\/tags?post=422268"}],"curies":[{"name":"wp","href":"https:\/\/api.w.org\/{rel}","templated":true}]}}