{"id":422243,"date":"2026-03-26T10:05:00","date_gmt":"2026-03-26T13:05:00","guid":{"rendered":"https:\/\/portaltela.pt\/noticias\/2026\/03\/26\/turismo-em-portugal-deve-crescer-este-ano-com-abrandamento-previsto\/"},"modified":"2026-03-26T10:05:00","modified_gmt":"2026-03-26T13:05:00","slug":"turismo-em-portugal-deve-crescer-este-ano-com-abrandamento-previsto","status":"publish","type":"post","link":"https:\/\/portaltela.pt\/noticias\/economia\/2026\/03\/26\/turismo-em-portugal-deve-crescer-este-ano-com-abrandamento-previsto\/","title":{"rendered":"Turismo em Portugal deve crescer este ano, com abrandamento previsto"},"content":{"rendered":"<p>O turismo em Portugal apresenta um abrandamento claro, mas dever\u00e1 continuar a crescer este ano. A avalia\u00e7\u00e3o foi feita pela Associa\u00e7\u00e3o da Hotelaria e Turismo de Portugal (AHP).<\/p>\n<p>Segundo a AHP, a trajet\u00f3ria de recupera\u00e7\u00e3o do setor mant\u00e9m\u2010se, ainda que a cad\u00eancia de crescimento tenha perdido for\u00e7a face a per\u00edodos anteriores. O relat\u00f3rio citado aponta dilui\u00e7\u00e3o de quedas anteriores e uma perspetiva de expans\u00e3o moderada.<\/p>\n<p>A entidade acrescenta que continuam a existir fatores favor\u00e1veis, como o desempenho de mercados emissores e a procura por destinos nacionais, mas alerta para a necessidade de manter condi\u00e7\u00f5es de competitividade para sustentar o crescimento.<\/p>\n<p>A an\u00e1lise da AHP serve como refer\u00eancia para operadores tur\u00edsticos, investidores e autoridades p\u00fablicas, que acompanham de perto a evolu\u00e7\u00e3o do setor ao longo do pr\u00f3ximo per\u00edodo. A organiza\u00e7\u00e3o n\u00e3o avan\u00e7ou com datas espec\u00edficas para o fim do abrandamento.<\/p>\n","protected":false},"excerpt":{"rendered":"<ul>\n<li>O turismo em Portugal enfrenta um claro abrandamento, segundo a Associa\u00e7\u00e3o da Hotelaria e Restaura\u00e7\u00e3o (AHP).<\/li>\n<li>Apesar disso, a AHP prev\u00ea que o setor continuar\u00e1 a crescer este ano.<\/li>\n<li>A avalia\u00e7\u00e3o foi feita pela Associa\u00e7\u00e3o da Hotelaria e Restaura\u00e7\u00e3o (AHP).<\/li>\n<li>N\u00e3o foram apresentados dados num\u00e9ricos no conte\u00fado dispon\u00edvel.<\/li>\n<\/ul>\n","protected":false},"author":2,"featured_media":422244,"comment_status":"closed","ping_status":"closed","sticky":false,"template":"","format":"standard","meta":{"footnotes":""},"categories":[2,6735],"tags":[755,28,5529,1014,5022,169],"class_list":["post-422243","post","type-post","status-publish","format-standard","has-post-thumbnail","hentry","category-economia","category-negocios","tag-desenvolvimento-sustentavel","tag-economia","tag-investimentos","tag-portugal","tag-portugal-continental","tag-turismo"],"yoast_head":"<!-- This site is optimized with the Yoast SEO plugin v27.2 - https:\/\/yoast.com\/product\/yoast-seo-wordpress\/ -->\n<title>Turismo em Portugal deve crescer este ano, com abrandamento previsto - Portal Tela Portugal<\/title>\n<meta name=\"robots\" content=\"index, follow, max-snippet:-1, max-image-preview:large, max-video-preview:-1\" \/>\n<meta property=\"og:locale\" content=\"pt_PT\" \/>\n<meta property=\"og:type\" content=\"article\" \/>\n<meta property=\"og:title\" content=\"Turismo em Portugal deve crescer este ano, com abrandamento previsto - Portal Tela Portugal\" \/>\n<meta property=\"og:description\" content=\"O turismo em Portugal enfrenta um claro abrandamento, segundo a Associa\u00e7\u00e3o da Hotelaria e Restaura\u00e7\u00e3o (AHP). Apesar disso, a AHP prev\u00ea que o setor continuar\u00e1 a crescer este ano. A avalia\u00e7\u00e3o foi feita pela Associa\u00e7\u00e3o da Hotelaria e Restaura\u00e7\u00e3o (AHP). N\u00e3o foram apresentados dados num\u00e9ricos no conte\u00fado dispon\u00edvel.\" \/>\n<meta property=\"og:url\" content=\"https:\/\/portaltela.pt\/noticias\/2026\/03\/26\/turismo-em-portugal-deve-crescer-este-ano-com-abrandamento-previsto\/\" \/>\n<meta property=\"og:site_name\" content=\"Portal Tela Portugal\" \/>\n<meta property=\"article:published_time\" content=\"2026-03-26T13:05:00+00:00\" \/>\n<meta name=\"author\" content=\"Telinha\" \/>\n<meta name=\"twitter:card\" content=\"summary_large_image\" \/>\n<meta name=\"twitter:label1\" content=\"Escrito por\" \/>\n\t<meta name=\"twitter:data1\" content=\"Telinha\" \/>\n\t<meta name=\"twitter:label2\" content=\"Tempo estimado de leitura\" \/>\n\t<meta name=\"twitter:data2\" content=\"1 minuto\" \/>\n<script type=\"application\/ld+json\" class=\"yoast-schema-graph\">{\"@context\":\"https:\/\/schema.org\",\"@graph\":[{\"@type\":\"Article\",\"@id\":\"https:\/\/portaltela.pt\/noticias\/2026\/03\/26\/turismo-em-portugal-deve-crescer-este-ano-com-abrandamento-previsto\/#article\",\"isPartOf\":{\"@id\":\"https:\/\/portaltela.pt\/noticias\/2026\/03\/26\/turismo-em-portugal-deve-crescer-este-ano-com-abrandamento-previsto\/\"},\"author\":{\"name\":\"Telinha\",\"@id\":\"https:\/\/portaltela.pt\/#\/schema\/person\/c4278d4a6028830caff9ee44b42d32ed\"},\"headline\":\"Turismo em Portugal deve crescer este ano, com abrandamento previsto\",\"datePublished\":\"2026-03-26T13:05:00+00:00\",\"mainEntityOfPage\":{\"@id\":\"https:\/\/portaltela.pt\/noticias\/2026\/03\/26\/turismo-em-portugal-deve-crescer-este-ano-com-abrandamento-previsto\/\"},\"wordCount\":174,\"image\":{\"@id\":\"https:\/\/portaltela.pt\/noticias\/2026\/03\/26\/turismo-em-portugal-deve-crescer-este-ano-com-abrandamento-previsto\/#primaryimage\"},\"thumbnailUrl\":\"https:\/\/portaltela.pt\/s.01k8rhncp4jt1\/2026\/03\/CACHE_780X1200_ANALOG_WATERMARKED_14770248_1280637_16072019020953.jpg\",\"keywords\":[\"desenvolvimento sustent\u00e1vel\",\"economia\",\"investimentos\",\"Portugal\",\"Portugal Continental\",\"turismo\"],\"articleSection\":[\"Economia\",\"Neg\u00f3cios\"],\"inLanguage\":\"pt-PT\"},{\"@type\":\"WebPage\",\"@id\":\"https:\/\/portaltela.pt\/noticias\/2026\/03\/26\/turismo-em-portugal-deve-crescer-este-ano-com-abrandamento-previsto\/\",\"url\":\"https:\/\/portaltela.pt\/noticias\/2026\/03\/26\/turismo-em-portugal-deve-crescer-este-ano-com-abrandamento-previsto\/\",\"name\":\"Turismo em Portugal deve crescer este ano, com abrandamento previsto - Portal Tela Portugal\",\"isPartOf\":{\"@id\":\"https:\/\/portaltela.pt\/#website\"},\"primaryImageOfPage\":{\"@id\":\"https:\/\/portaltela.pt\/noticias\/2026\/03\/26\/turismo-em-portugal-deve-crescer-este-ano-com-abrandamento-previsto\/#primaryimage\"},\"image\":{\"@id\":\"https:\/\/portaltela.pt\/noticias\/2026\/03\/26\/turismo-em-portugal-deve-crescer-este-ano-com-abrandamento-previsto\/#primaryimage\"},\"thumbnailUrl\":\"https:\/\/portaltela.pt\/s.01k8rhncp4jt1\/2026\/03\/CACHE_780X1200_ANALOG_WATERMARKED_14770248_1280637_16072019020953.jpg\",\"datePublished\":\"2026-03-26T13:05:00+00:00\",\"author\":{\"@id\":\"https:\/\/portaltela.pt\/#\/schema\/person\/c4278d4a6028830caff9ee44b42d32ed\"},\"breadcrumb\":{\"@id\":\"https:\/\/portaltela.pt\/noticias\/2026\/03\/26\/turismo-em-portugal-deve-crescer-este-ano-com-abrandamento-previsto\/#breadcrumb\"},\"inLanguage\":\"pt-PT\",\"potentialAction\":[{\"@type\":\"ReadAction\",\"target\":[\"https:\/\/portaltela.pt\/noticias\/2026\/03\/26\/turismo-em-portugal-deve-crescer-este-ano-com-abrandamento-previsto\/\"]}]},{\"@type\":\"ImageObject\",\"inLanguage\":\"pt-PT\",\"@id\":\"https:\/\/portaltela.pt\/noticias\/2026\/03\/26\/turismo-em-portugal-deve-crescer-este-ano-com-abrandamento-previsto\/#primaryimage\",\"url\":\"https:\/\/portaltela.pt\/s.01k8rhncp4jt1\/2026\/03\/CACHE_780X1200_ANALOG_WATERMARKED_14770248_1280637_16072019020953.jpg\",\"contentUrl\":\"https:\/\/portaltela.pt\/s.01k8rhncp4jt1\/2026\/03\/CACHE_780X1200_ANALOG_WATERMARKED_14770248_1280637_16072019020953.jpg\",\"width\":768,\"height\":528,\"caption\":\"Turismo em Portugal com claro abrandamento mas continuar\u00e1 a crescer este ano - AHP\"},{\"@type\":\"BreadcrumbList\",\"@id\":\"https:\/\/portaltela.pt\/noticias\/2026\/03\/26\/turismo-em-portugal-deve-crescer-este-ano-com-abrandamento-previsto\/#breadcrumb\",\"itemListElement\":[{\"@type\":\"ListItem\",\"position\":1,\"name\":\"In\u00edcio\",\"item\":\"https:\/\/portaltela.pt\/\"},{\"@type\":\"ListItem\",\"position\":2,\"name\":\"Turismo em Portugal deve crescer este ano, com abrandamento previsto\"}]},{\"@type\":\"WebSite\",\"@id\":\"https:\/\/portaltela.pt\/#website\",\"url\":\"https:\/\/portaltela.pt\/\",\"name\":\"Portal Tela Portugal\",\"description\":\"\",\"potentialAction\":[{\"@type\":\"SearchAction\",\"target\":{\"@type\":\"EntryPoint\",\"urlTemplate\":\"https:\/\/portaltela.pt\/?s={search_term_string}\"},\"query-input\":{\"@type\":\"PropertyValueSpecification\",\"valueRequired\":true,\"valueName\":\"search_term_string\"}}],\"inLanguage\":\"pt-PT\"},{\"@type\":\"Person\",\"@id\":\"https:\/\/portaltela.pt\/#\/schema\/person\/c4278d4a6028830caff9ee44b42d32ed\",\"name\":\"Telinha\",\"image\":{\"@type\":\"ImageObject\",\"inLanguage\":\"pt-PT\",\"@id\":\"https:\/\/portaltela.pt\/s.01k8rhncp4jt1\/2025\/11\/talking-bot-125x125.png\",\"url\":\"https:\/\/portaltela.pt\/s.01k8rhncp4jt1\/2025\/11\/talking-bot-125x125.png\",\"contentUrl\":\"https:\/\/portaltela.pt\/s.01k8rhncp4jt1\/2025\/11\/talking-bot-125x125.png\",\"caption\":\"Telinha\"},\"sameAs\":[\"https:\/\/portaltela.pt\/\"],\"url\":\"https:\/\/portaltela.pt\/por\/367410592786\/\"}]}<\/script>\n<!-- \/ Yoast SEO plugin. -->","yoast_head_json":{"title":"Turismo em Portugal deve crescer este ano, com abrandamento previsto - Portal Tela Portugal","robots":{"index":"index","follow":"follow","max-snippet":"max-snippet:-1","max-image-preview":"max-image-preview:large","max-video-preview":"max-video-preview:-1"},"og_locale":"pt_PT","og_type":"article","og_title":"Turismo em Portugal deve crescer este ano, com abrandamento previsto - Portal Tela Portugal","og_description":"O turismo em Portugal enfrenta um claro abrandamento, segundo a Associa\u00e7\u00e3o da Hotelaria e Restaura\u00e7\u00e3o (AHP). Apesar disso, a AHP prev\u00ea que o setor continuar\u00e1 a crescer este ano. A avalia\u00e7\u00e3o foi feita pela Associa\u00e7\u00e3o da Hotelaria e Restaura\u00e7\u00e3o (AHP). N\u00e3o foram apresentados dados num\u00e9ricos no conte\u00fado dispon\u00edvel.","og_url":"https:\/\/portaltela.pt\/noticias\/2026\/03\/26\/turismo-em-portugal-deve-crescer-este-ano-com-abrandamento-previsto\/","og_site_name":"Portal Tela Portugal","article_published_time":"2026-03-26T13:05:00+00:00","author":"Telinha","twitter_card":"summary_large_image","twitter_misc":{"Escrito por":"Telinha","Tempo estimado de leitura":"1 minuto"},"schema":{"@context":"https:\/\/schema.org","@graph":[{"@type":"Article","@id":"https:\/\/portaltela.pt\/noticias\/2026\/03\/26\/turismo-em-portugal-deve-crescer-este-ano-com-abrandamento-previsto\/#article","isPartOf":{"@id":"https:\/\/portaltela.pt\/noticias\/2026\/03\/26\/turismo-em-portugal-deve-crescer-este-ano-com-abrandamento-previsto\/"},"author":{"name":"Telinha","@id":"https:\/\/portaltela.pt\/#\/schema\/person\/c4278d4a6028830caff9ee44b42d32ed"},"headline":"Turismo em Portugal deve crescer este ano, com abrandamento previsto","datePublished":"2026-03-26T13:05:00+00:00","mainEntityOfPage":{"@id":"https:\/\/portaltela.pt\/noticias\/2026\/03\/26\/turismo-em-portugal-deve-crescer-este-ano-com-abrandamento-previsto\/"},"wordCount":174,"image":{"@id":"https:\/\/portaltela.pt\/noticias\/2026\/03\/26\/turismo-em-portugal-deve-crescer-este-ano-com-abrandamento-previsto\/#primaryimage"},"thumbnailUrl":"https:\/\/portaltela.pt\/s.01k8rhncp4jt1\/2026\/03\/CACHE_780X1200_ANALOG_WATERMARKED_14770248_1280637_16072019020953.jpg","keywords":["desenvolvimento sustent\u00e1vel","economia","investimentos","Portugal","Portugal Continental","turismo"],"articleSection":["Economia","Neg\u00f3cios"],"inLanguage":"pt-PT"},{"@type":"WebPage","@id":"https:\/\/portaltela.pt\/noticias\/2026\/03\/26\/turismo-em-portugal-deve-crescer-este-ano-com-abrandamento-previsto\/","url":"https:\/\/portaltela.pt\/noticias\/2026\/03\/26\/turismo-em-portugal-deve-crescer-este-ano-com-abrandamento-previsto\/","name":"Turismo em Portugal deve crescer este ano, com abrandamento previsto - Portal Tela Portugal","isPartOf":{"@id":"https:\/\/portaltela.pt\/#website"},"primaryImageOfPage":{"@id":"https:\/\/portaltela.pt\/noticias\/2026\/03\/26\/turismo-em-portugal-deve-crescer-este-ano-com-abrandamento-previsto\/#primaryimage"},"image":{"@id":"https:\/\/portaltela.pt\/noticias\/2026\/03\/26\/turismo-em-portugal-deve-crescer-este-ano-com-abrandamento-previsto\/#primaryimage"},"thumbnailUrl":"https:\/\/portaltela.pt\/s.01k8rhncp4jt1\/2026\/03\/CACHE_780X1200_ANALOG_WATERMARKED_14770248_1280637_16072019020953.jpg","datePublished":"2026-03-26T13:05:00+00:00","author":{"@id":"https:\/\/portaltela.pt\/#\/schema\/person\/c4278d4a6028830caff9ee44b42d32ed"},"breadcrumb":{"@id":"https:\/\/portaltela.pt\/noticias\/2026\/03\/26\/turismo-em-portugal-deve-crescer-este-ano-com-abrandamento-previsto\/#breadcrumb"},"inLanguage":"pt-PT","potentialAction":[{"@type":"ReadAction","target":["https:\/\/portaltela.pt\/noticias\/2026\/03\/26\/turismo-em-portugal-deve-crescer-este-ano-com-abrandamento-previsto\/"]}]},{"@type":"ImageObject","inLanguage":"pt-PT","@id":"https:\/\/portaltela.pt\/noticias\/2026\/03\/26\/turismo-em-portugal-deve-crescer-este-ano-com-abrandamento-previsto\/#primaryimage","url":"https:\/\/portaltela.pt\/s.01k8rhncp4jt1\/2026\/03\/CACHE_780X1200_ANALOG_WATERMARKED_14770248_1280637_16072019020953.jpg","contentUrl":"https:\/\/portaltela.pt\/s.01k8rhncp4jt1\/2026\/03\/CACHE_780X1200_ANALOG_WATERMARKED_14770248_1280637_16072019020953.jpg","width":768,"height":528,"caption":"Turismo em Portugal com claro abrandamento mas continuar\u00e1 a crescer este ano - AHP"},{"@type":"BreadcrumbList","@id":"https:\/\/portaltela.pt\/noticias\/2026\/03\/26\/turismo-em-portugal-deve-crescer-este-ano-com-abrandamento-previsto\/#breadcrumb","itemListElement":[{"@type":"ListItem","position":1,"name":"In\u00edcio","item":"https:\/\/portaltela.pt\/"},{"@type":"ListItem","position":2,"name":"Turismo em Portugal deve crescer este ano, com abrandamento previsto"}]},{"@type":"WebSite","@id":"https:\/\/portaltela.pt\/#website","url":"https:\/\/portaltela.pt\/","name":"Portal Tela Portugal","description":"","potentialAction":[{"@type":"SearchAction","target":{"@type":"EntryPoint","urlTemplate":"https:\/\/portaltela.pt\/?s={search_term_string}"},"query-input":{"@type":"PropertyValueSpecification","valueRequired":true,"valueName":"search_term_string"}}],"inLanguage":"pt-PT"},{"@type":"Person","@id":"https:\/\/portaltela.pt\/#\/schema\/person\/c4278d4a6028830caff9ee44b42d32ed","name":"Telinha","image":{"@type":"ImageObject","inLanguage":"pt-PT","@id":"https:\/\/portaltela.pt\/s.01k8rhncp4jt1\/2025\/11\/talking-bot-125x125.png","url":"https:\/\/portaltela.pt\/s.01k8rhncp4jt1\/2025\/11\/talking-bot-125x125.png","contentUrl":"https:\/\/portaltela.pt\/s.01k8rhncp4jt1\/2025\/11\/talking-bot-125x125.png","caption":"Telinha"},"sameAs":["https:\/\/portaltela.pt\/"],"url":"https:\/\/portaltela.pt\/por\/367410592786\/"}]}},"_links":{"self":[{"href":"https:\/\/portaltela.pt\/api\/wp\/v2\/posts\/422243","targetHints":{"allow":["GET"]}}],"collection":[{"href":"https:\/\/portaltela.pt\/api\/wp\/v2\/posts"}],"about":[{"href":"https:\/\/portaltela.pt\/api\/wp\/v2\/types\/post"}],"author":[{"embeddable":true,"href":"https:\/\/portaltela.pt\/api\/wp\/v2\/users\/2"}],"replies":[{"embeddable":true,"href":"https:\/\/portaltela.pt\/api\/wp\/v2\/comments?post=422243"}],"version-history":[{"count":0,"href":"https:\/\/portaltela.pt\/api\/wp\/v2\/posts\/422243\/revisions"}],"wp:featuredmedia":[{"embeddable":true,"href":"https:\/\/portaltela.pt\/api\/wp\/v2\/media\/422244"}],"wp:attachment":[{"href":"https:\/\/portaltela.pt\/api\/wp\/v2\/media?parent=422243"}],"wp:term":[{"taxonomy":"category","embeddable":true,"href":"https:\/\/portaltela.pt\/api\/wp\/v2\/categories?post=422243"},{"taxonomy":"post_tag","embeddable":true,"href":"https:\/\/portaltela.pt\/api\/wp\/v2\/tags?post=422243"}],"curies":[{"name":"wp","href":"https:\/\/api.w.org\/{rel}","templated":true}]}}