{"id":422232,"date":"2026-03-26T10:15:04","date_gmt":"2026-03-26T13:15:04","guid":{"rendered":"https:\/\/portaltela.pt\/noticias\/2026\/03\/26\/sistema-de-videovigilancia-captura-ladroes-no-centro-do-porto\/"},"modified":"2026-03-26T10:15:04","modified_gmt":"2026-03-26T13:15:04","slug":"sistema-de-videovigilancia-captura-ladroes-no-centro-do-porto","status":"publish","type":"post","link":"https:\/\/portaltela.pt\/policia\/2026\/03\/26\/sistema-de-videovigilancia-captura-ladroes-no-centro-do-porto\/","title":{"rendered":"Sistema de videovigil\u00e2ncia captura ladr\u00f5es no centro do Porto"},"content":{"rendered":"<p>O sistema de videovigil\u00e2ncia instalado na baixa da cidade do Porto permitiu capturar dois homens de 42 e 58 anos que tinham cometido um furto no interior de uma viatura, na pra\u00e7a da Rep\u00fablica, na quarta-feira. Gra\u00e7as \u00e0s imagens captadas, as autoridades monitorizaram os movimentos dos suspeitos em tempo real. A deten\u00e7\u00e3o foi formalizada pela 1\u00aa Divis\u00e3o Policial da PSP, \u00e0s 05h15.<\/p>\n<p>Quando intercetados, os suspeitos estavam na posse de uma broca, usada para partir os vidros dos carros, bem como de artigos furtados do interior da viatura atacada na pra\u00e7a da Rep\u00fablica, incluindo uma mala com um port\u00e1til e documentos pertencentes a outras pessoas.<\/p>\n<p>Os detidos, presentes a um juiz de instru\u00e7\u00e3o criminal, ficaram sujeitos a apresenta\u00e7\u00f5es quatro vezes por semana perante as autoridades da \u00e1rea da sua resid\u00eancia.<\/p>\n<h3>Deten\u00e7\u00e3o e seguimento judicial<\/h3>\n<p>A PSP confirmou a deten\u00e7\u00e3o realizada pela 1\u00aa Divis\u00e3o Policial, efetuada com recurso ao sistema de videovigil\u00e2ncia na zona da baixa. As dilig\u00eancias de monitoriza\u00e7\u00e3o permitiram coordenar a interce\u00e7\u00e3o dos suspeitos antes de sa\u00edrem da \u00e1rea.<\/p>\n","protected":false},"excerpt":{"rendered":"<ul>\n<li>O sistema de videovigil\u00e2ncia na baixa do Porto ajudou a capturar dois homens, de 42 e 58 anos, por furto numa viatura na pra\u00e7a da Rep\u00fablica.<\/li>\n<li>A PSP monitorizou em tempo real os movimentos dos suspeitos, culminando na deten\u00e7\u00e3o pela 1\u00aa Divis\u00e3o Policial \u00e0s 05h15.<\/li>\n<li>Na abordagem, foram encontrados com uma broca, usada para partir vidros, e com itens furtados da viatura, incluindo uma mala com port\u00e1til e documentos.<\/li>\n<li>Os detidos foram apresentados a um juiz de instru\u00e7\u00e3o criminal, ficando obrigados a apresenta\u00e7\u00f5es quatro vezes por semana junto das autoridades da \u00e1rea de resid\u00eancia.<\/li>\n<li>O crime ocorreu na quarta-feira, conforme as imagens captadas pelo sistema.<\/li>\n<\/ul>\n","protected":false},"author":2,"featured_media":422240,"comment_status":"closed","ping_status":"closed","sticky":false,"template":"","format":"standard","meta":{"footnotes":""},"categories":[6907,6781],"tags":[5704,4139,424,3418,982,2234],"class_list":["post-422232","post","type-post","status-publish","format-standard","has-post-thumbnail","hentry","category-crime","category-policia","tag-a-psp","tag-detencao","tag-furto","tag-policia-de-seguranca-publica","tag-porto","tag-videovigilancia"],"yoast_head":"<!-- This site is optimized with the Yoast SEO plugin v27.2 - https:\/\/yoast.com\/product\/yoast-seo-wordpress\/ -->\n<title>Sistema de videovigil\u00e2ncia captura ladr\u00f5es no centro do Porto - Portal Tela Portugal<\/title>\n<meta name=\"robots\" content=\"index, follow, max-snippet:-1, max-image-preview:large, max-video-preview:-1\" \/>\n<meta property=\"og:locale\" content=\"pt_PT\" \/>\n<meta property=\"og:type\" content=\"article\" \/>\n<meta property=\"og:title\" content=\"Sistema de videovigil\u00e2ncia captura ladr\u00f5es no centro do Porto - Portal Tela Portugal\" \/>\n<meta property=\"og:description\" content=\"O sistema de videovigil\u00e2ncia na baixa do Porto ajudou a capturar dois homens, de 42 e 58 anos, por furto numa viatura na pra\u00e7a da Rep\u00fablica. A PSP monitorizou em tempo real os movimentos dos suspeitos, culminando na deten\u00e7\u00e3o pela 1\u00aa Divis\u00e3o Policial \u00e0s 05h15. Na abordagem, foram encontrados com uma broca, usada para partir vidros, e com itens furtados da viatura, incluindo uma mala com port\u00e1til e documentos. Os detidos foram apresentados a um juiz de instru\u00e7\u00e3o criminal, ficando obrigados a apresenta\u00e7\u00f5es quatro vezes por semana junto das autoridades da \u00e1rea de resid\u00eancia. O crime ocorreu na quarta-feira, conforme as imagens captadas pelo sistema.\" \/>\n<meta property=\"og:url\" content=\"https:\/\/portaltela.pt\/noticias\/2026\/03\/26\/sistema-de-videovigilancia-captura-ladroes-no-centro-do-porto\/\" \/>\n<meta property=\"og:site_name\" content=\"Portal Tela Portugal\" \/>\n<meta property=\"article:published_time\" content=\"2026-03-26T13:15:04+00:00\" \/>\n<meta name=\"author\" content=\"Telinha\" \/>\n<meta name=\"twitter:card\" content=\"summary_large_image\" \/>\n<meta name=\"twitter:label1\" content=\"Escrito por\" \/>\n\t<meta name=\"twitter:data1\" content=\"Telinha\" \/>\n\t<meta name=\"twitter:label2\" content=\"Tempo estimado de leitura\" \/>\n\t<meta name=\"twitter:data2\" content=\"1 minuto\" \/>\n<script type=\"application\/ld+json\" class=\"yoast-schema-graph\">{\"@context\":\"https:\/\/schema.org\",\"@graph\":[{\"@type\":\"Article\",\"@id\":\"https:\/\/portaltela.pt\/noticias\/2026\/03\/26\/sistema-de-videovigilancia-captura-ladroes-no-centro-do-porto\/#article\",\"isPartOf\":{\"@id\":\"https:\/\/portaltela.pt\/noticias\/2026\/03\/26\/sistema-de-videovigilancia-captura-ladroes-no-centro-do-porto\/\"},\"author\":{\"name\":\"Telinha\",\"@id\":\"https:\/\/portaltela.pt\/#\/schema\/person\/c4278d4a6028830caff9ee44b42d32ed\"},\"headline\":\"Sistema de videovigil\u00e2ncia captura ladr\u00f5es no centro do Porto\",\"datePublished\":\"2026-03-26T13:15:04+00:00\",\"mainEntityOfPage\":{\"@id\":\"https:\/\/portaltela.pt\/noticias\/2026\/03\/26\/sistema-de-videovigilancia-captura-ladroes-no-centro-do-porto\/\"},\"wordCount\":197,\"image\":{\"@id\":\"https:\/\/portaltela.pt\/noticias\/2026\/03\/26\/sistema-de-videovigilancia-captura-ladroes-no-centro-do-porto\/#primaryimage\"},\"thumbnailUrl\":\"https:\/\/portaltela.pt\/s.01k8rhncp4jt1\/2026\/03\/img_1500x1000uu2021-09-01-09-40-56-1076191.jpg\",\"keywords\":[\"A PSP\",\"deten\u00e7\u00e3o\",\"furto\",\"Pol\u00edcia de Seguran\u00e7a P\u00fablica\",\"Porto\",\"videovigil\u00e2ncia\"],\"articleSection\":[\"Crime\",\"Pol\u00edcia\"],\"inLanguage\":\"pt-PT\"},{\"@type\":\"WebPage\",\"@id\":\"https:\/\/portaltela.pt\/noticias\/2026\/03\/26\/sistema-de-videovigilancia-captura-ladroes-no-centro-do-porto\/\",\"url\":\"https:\/\/portaltela.pt\/noticias\/2026\/03\/26\/sistema-de-videovigilancia-captura-ladroes-no-centro-do-porto\/\",\"name\":\"Sistema de videovigil\u00e2ncia captura ladr\u00f5es no centro do Porto - Portal Tela Portugal\",\"isPartOf\":{\"@id\":\"https:\/\/portaltela.pt\/#website\"},\"primaryImageOfPage\":{\"@id\":\"https:\/\/portaltela.pt\/noticias\/2026\/03\/26\/sistema-de-videovigilancia-captura-ladroes-no-centro-do-porto\/#primaryimage\"},\"image\":{\"@id\":\"https:\/\/portaltela.pt\/noticias\/2026\/03\/26\/sistema-de-videovigilancia-captura-ladroes-no-centro-do-porto\/#primaryimage\"},\"thumbnailUrl\":\"https:\/\/portaltela.pt\/s.01k8rhncp4jt1\/2026\/03\/img_1500x1000uu2021-09-01-09-40-56-1076191.jpg\",\"datePublished\":\"2026-03-26T13:15:04+00:00\",\"author\":{\"@id\":\"https:\/\/portaltela.pt\/#\/schema\/person\/c4278d4a6028830caff9ee44b42d32ed\"},\"breadcrumb\":{\"@id\":\"https:\/\/portaltela.pt\/noticias\/2026\/03\/26\/sistema-de-videovigilancia-captura-ladroes-no-centro-do-porto\/#breadcrumb\"},\"inLanguage\":\"pt-PT\",\"potentialAction\":[{\"@type\":\"ReadAction\",\"target\":[\"https:\/\/portaltela.pt\/noticias\/2026\/03\/26\/sistema-de-videovigilancia-captura-ladroes-no-centro-do-porto\/\"]}]},{\"@type\":\"ImageObject\",\"inLanguage\":\"pt-PT\",\"@id\":\"https:\/\/portaltela.pt\/noticias\/2026\/03\/26\/sistema-de-videovigilancia-captura-ladroes-no-centro-do-porto\/#primaryimage\",\"url\":\"https:\/\/portaltela.pt\/s.01k8rhncp4jt1\/2026\/03\/img_1500x1000uu2021-09-01-09-40-56-1076191.jpg\",\"contentUrl\":\"https:\/\/portaltela.pt\/s.01k8rhncp4jt1\/2026\/03\/img_1500x1000uu2021-09-01-09-40-56-1076191.jpg\",\"width\":796,\"height\":448,\"caption\":\"Sistema de videovigil\u00e2ncia instalado por toda a cidade do Porto\"},{\"@type\":\"BreadcrumbList\",\"@id\":\"https:\/\/portaltela.pt\/noticias\/2026\/03\/26\/sistema-de-videovigilancia-captura-ladroes-no-centro-do-porto\/#breadcrumb\",\"itemListElement\":[{\"@type\":\"ListItem\",\"position\":1,\"name\":\"In\u00edcio\",\"item\":\"https:\/\/portaltela.pt\/\"},{\"@type\":\"ListItem\",\"position\":2,\"name\":\"Sistema de videovigil\u00e2ncia captura ladr\u00f5es no centro do Porto\"}]},{\"@type\":\"WebSite\",\"@id\":\"https:\/\/portaltela.pt\/#website\",\"url\":\"https:\/\/portaltela.pt\/\",\"name\":\"Portal Tela Portugal\",\"description\":\"\",\"potentialAction\":[{\"@type\":\"SearchAction\",\"target\":{\"@type\":\"EntryPoint\",\"urlTemplate\":\"https:\/\/portaltela.pt\/?s={search_term_string}\"},\"query-input\":{\"@type\":\"PropertyValueSpecification\",\"valueRequired\":true,\"valueName\":\"search_term_string\"}}],\"inLanguage\":\"pt-PT\"},{\"@type\":\"Person\",\"@id\":\"https:\/\/portaltela.pt\/#\/schema\/person\/c4278d4a6028830caff9ee44b42d32ed\",\"name\":\"Telinha\",\"image\":{\"@type\":\"ImageObject\",\"inLanguage\":\"pt-PT\",\"@id\":\"https:\/\/portaltela.pt\/s.01k8rhncp4jt1\/2025\/11\/talking-bot-125x125.png\",\"url\":\"https:\/\/portaltela.pt\/s.01k8rhncp4jt1\/2025\/11\/talking-bot-125x125.png\",\"contentUrl\":\"https:\/\/portaltela.pt\/s.01k8rhncp4jt1\/2025\/11\/talking-bot-125x125.png\",\"caption\":\"Telinha\"},\"sameAs\":[\"https:\/\/portaltela.pt\/\"],\"url\":\"https:\/\/portaltela.pt\/por\/367410592786\/\"}]}<\/script>\n<!-- \/ Yoast SEO plugin. -->","yoast_head_json":{"title":"Sistema de videovigil\u00e2ncia captura ladr\u00f5es no centro do Porto - Portal Tela Portugal","robots":{"index":"index","follow":"follow","max-snippet":"max-snippet:-1","max-image-preview":"max-image-preview:large","max-video-preview":"max-video-preview:-1"},"og_locale":"pt_PT","og_type":"article","og_title":"Sistema de videovigil\u00e2ncia captura ladr\u00f5es no centro do Porto - Portal Tela Portugal","og_description":"O sistema de videovigil\u00e2ncia na baixa do Porto ajudou a capturar dois homens, de 42 e 58 anos, por furto numa viatura na pra\u00e7a da Rep\u00fablica. A PSP monitorizou em tempo real os movimentos dos suspeitos, culminando na deten\u00e7\u00e3o pela 1\u00aa Divis\u00e3o Policial \u00e0s 05h15. Na abordagem, foram encontrados com uma broca, usada para partir vidros, e com itens furtados da viatura, incluindo uma mala com port\u00e1til e documentos. Os detidos foram apresentados a um juiz de instru\u00e7\u00e3o criminal, ficando obrigados a apresenta\u00e7\u00f5es quatro vezes por semana junto das autoridades da \u00e1rea de resid\u00eancia. O crime ocorreu na quarta-feira, conforme as imagens captadas pelo sistema.","og_url":"https:\/\/portaltela.pt\/noticias\/2026\/03\/26\/sistema-de-videovigilancia-captura-ladroes-no-centro-do-porto\/","og_site_name":"Portal Tela Portugal","article_published_time":"2026-03-26T13:15:04+00:00","author":"Telinha","twitter_card":"summary_large_image","twitter_misc":{"Escrito por":"Telinha","Tempo estimado de leitura":"1 minuto"},"schema":{"@context":"https:\/\/schema.org","@graph":[{"@type":"Article","@id":"https:\/\/portaltela.pt\/noticias\/2026\/03\/26\/sistema-de-videovigilancia-captura-ladroes-no-centro-do-porto\/#article","isPartOf":{"@id":"https:\/\/portaltela.pt\/noticias\/2026\/03\/26\/sistema-de-videovigilancia-captura-ladroes-no-centro-do-porto\/"},"author":{"name":"Telinha","@id":"https:\/\/portaltela.pt\/#\/schema\/person\/c4278d4a6028830caff9ee44b42d32ed"},"headline":"Sistema de videovigil\u00e2ncia captura ladr\u00f5es no centro do Porto","datePublished":"2026-03-26T13:15:04+00:00","mainEntityOfPage":{"@id":"https:\/\/portaltela.pt\/noticias\/2026\/03\/26\/sistema-de-videovigilancia-captura-ladroes-no-centro-do-porto\/"},"wordCount":197,"image":{"@id":"https:\/\/portaltela.pt\/noticias\/2026\/03\/26\/sistema-de-videovigilancia-captura-ladroes-no-centro-do-porto\/#primaryimage"},"thumbnailUrl":"https:\/\/portaltela.pt\/s.01k8rhncp4jt1\/2026\/03\/img_1500x1000uu2021-09-01-09-40-56-1076191.jpg","keywords":["A PSP","deten\u00e7\u00e3o","furto","Pol\u00edcia de Seguran\u00e7a P\u00fablica","Porto","videovigil\u00e2ncia"],"articleSection":["Crime","Pol\u00edcia"],"inLanguage":"pt-PT"},{"@type":"WebPage","@id":"https:\/\/portaltela.pt\/noticias\/2026\/03\/26\/sistema-de-videovigilancia-captura-ladroes-no-centro-do-porto\/","url":"https:\/\/portaltela.pt\/noticias\/2026\/03\/26\/sistema-de-videovigilancia-captura-ladroes-no-centro-do-porto\/","name":"Sistema de videovigil\u00e2ncia captura ladr\u00f5es no centro do Porto - Portal Tela Portugal","isPartOf":{"@id":"https:\/\/portaltela.pt\/#website"},"primaryImageOfPage":{"@id":"https:\/\/portaltela.pt\/noticias\/2026\/03\/26\/sistema-de-videovigilancia-captura-ladroes-no-centro-do-porto\/#primaryimage"},"image":{"@id":"https:\/\/portaltela.pt\/noticias\/2026\/03\/26\/sistema-de-videovigilancia-captura-ladroes-no-centro-do-porto\/#primaryimage"},"thumbnailUrl":"https:\/\/portaltela.pt\/s.01k8rhncp4jt1\/2026\/03\/img_1500x1000uu2021-09-01-09-40-56-1076191.jpg","datePublished":"2026-03-26T13:15:04+00:00","author":{"@id":"https:\/\/portaltela.pt\/#\/schema\/person\/c4278d4a6028830caff9ee44b42d32ed"},"breadcrumb":{"@id":"https:\/\/portaltela.pt\/noticias\/2026\/03\/26\/sistema-de-videovigilancia-captura-ladroes-no-centro-do-porto\/#breadcrumb"},"inLanguage":"pt-PT","potentialAction":[{"@type":"ReadAction","target":["https:\/\/portaltela.pt\/noticias\/2026\/03\/26\/sistema-de-videovigilancia-captura-ladroes-no-centro-do-porto\/"]}]},{"@type":"ImageObject","inLanguage":"pt-PT","@id":"https:\/\/portaltela.pt\/noticias\/2026\/03\/26\/sistema-de-videovigilancia-captura-ladroes-no-centro-do-porto\/#primaryimage","url":"https:\/\/portaltela.pt\/s.01k8rhncp4jt1\/2026\/03\/img_1500x1000uu2021-09-01-09-40-56-1076191.jpg","contentUrl":"https:\/\/portaltela.pt\/s.01k8rhncp4jt1\/2026\/03\/img_1500x1000uu2021-09-01-09-40-56-1076191.jpg","width":796,"height":448,"caption":"Sistema de videovigil\u00e2ncia instalado por toda a cidade do Porto"},{"@type":"BreadcrumbList","@id":"https:\/\/portaltela.pt\/noticias\/2026\/03\/26\/sistema-de-videovigilancia-captura-ladroes-no-centro-do-porto\/#breadcrumb","itemListElement":[{"@type":"ListItem","position":1,"name":"In\u00edcio","item":"https:\/\/portaltela.pt\/"},{"@type":"ListItem","position":2,"name":"Sistema de videovigil\u00e2ncia captura ladr\u00f5es no centro do Porto"}]},{"@type":"WebSite","@id":"https:\/\/portaltela.pt\/#website","url":"https:\/\/portaltela.pt\/","name":"Portal Tela Portugal","description":"","potentialAction":[{"@type":"SearchAction","target":{"@type":"EntryPoint","urlTemplate":"https:\/\/portaltela.pt\/?s={search_term_string}"},"query-input":{"@type":"PropertyValueSpecification","valueRequired":true,"valueName":"search_term_string"}}],"inLanguage":"pt-PT"},{"@type":"Person","@id":"https:\/\/portaltela.pt\/#\/schema\/person\/c4278d4a6028830caff9ee44b42d32ed","name":"Telinha","image":{"@type":"ImageObject","inLanguage":"pt-PT","@id":"https:\/\/portaltela.pt\/s.01k8rhncp4jt1\/2025\/11\/talking-bot-125x125.png","url":"https:\/\/portaltela.pt\/s.01k8rhncp4jt1\/2025\/11\/talking-bot-125x125.png","contentUrl":"https:\/\/portaltela.pt\/s.01k8rhncp4jt1\/2025\/11\/talking-bot-125x125.png","caption":"Telinha"},"sameAs":["https:\/\/portaltela.pt\/"],"url":"https:\/\/portaltela.pt\/por\/367410592786\/"}]}},"_links":{"self":[{"href":"https:\/\/portaltela.pt\/api\/wp\/v2\/posts\/422232","targetHints":{"allow":["GET"]}}],"collection":[{"href":"https:\/\/portaltela.pt\/api\/wp\/v2\/posts"}],"about":[{"href":"https:\/\/portaltela.pt\/api\/wp\/v2\/types\/post"}],"author":[{"embeddable":true,"href":"https:\/\/portaltela.pt\/api\/wp\/v2\/users\/2"}],"replies":[{"embeddable":true,"href":"https:\/\/portaltela.pt\/api\/wp\/v2\/comments?post=422232"}],"version-history":[{"count":0,"href":"https:\/\/portaltela.pt\/api\/wp\/v2\/posts\/422232\/revisions"}],"wp:featuredmedia":[{"embeddable":true,"href":"https:\/\/portaltela.pt\/api\/wp\/v2\/media\/422240"}],"wp:attachment":[{"href":"https:\/\/portaltela.pt\/api\/wp\/v2\/media?parent=422232"}],"wp:term":[{"taxonomy":"category","embeddable":true,"href":"https:\/\/portaltela.pt\/api\/wp\/v2\/categories?post=422232"},{"taxonomy":"post_tag","embeddable":true,"href":"https:\/\/portaltela.pt\/api\/wp\/v2\/tags?post=422232"}],"curies":[{"name":"wp","href":"https:\/\/api.w.org\/{rel}","templated":true}]}}