{"id":422226,"date":"2026-03-26T10:09:24","date_gmt":"2026-03-26T13:09:24","guid":{"rendered":"https:\/\/portaltela.pt\/noticias\/2026\/03\/26\/ryanair-comenta-aniversario-de-arteta-em-dia-de-celebracao\/"},"modified":"2026-03-26T10:09:24","modified_gmt":"2026-03-26T13:09:24","slug":"ryanair-comenta-aniversario-de-arteta-em-dia-de-celebracao","status":"publish","type":"post","link":"https:\/\/portaltela.pt\/desporto\/futebol\/2026\/03\/26\/ryanair-comenta-aniversario-de-arteta-em-dia-de-celebracao\/","title":{"rendered":"Ryanair comenta anivers\u00e1rio de Arteta em dia de celebra\u00e7\u00e3o"},"content":{"rendered":"<p>Mikel Arteta celebra o 44.\u00ba anivers\u00e1rio em 26 de mar\u00e7o de 2026, data anunciada pela imprensa desportiva. O treinador espanhol \u00e9 alvo de felicita\u00e7\u00f5es do Arsenal, atual l\u00edder da Premier League, nas redes sociais. A publica\u00e7\u00e3o do clube de Londres gerou uma resposta de tom provocat\u00f3rio por parte de uma companhia \u00e1rea.<\/p>\n<p>A Ryanair, com base em Dublin e opera\u00e7\u00f5es priorit\u00e1rias no Reino Unido, respondeu ao parab\u00e9ns do Arsenal com uma observa\u00e7\u00e3o ir\u00f3nica sobre o feito. A linha de coment\u00e1rio encaixa numa estrat\u00e9gia recente da empresa de utilizar humor e provoca\u00e7\u00f5es nas redes.<\/p>\n<p>Com sete jornadas pela frente, o Arsenal lidera a Premier League com 70 pontos, mais nove do que o Manchester City, segundo classificado. O intervalo de resultado destaca a dist\u00e2ncia para os perseguidores e a posi\u00e7\u00e3o de lideran\u00e7a do conjunto londrino.<\/p>\n<h3>Contexto no panorama da Liga<\/h3>\n<ul>\n<li>A discuss\u00e3o p\u00fablica entre o Arsenal e a Ryanair ocorre numa altura em que o clube atravessa um momento decisivo na corrida ao t\u00edtulo.<\/li>\n<li>A gest\u00e3o da comunica\u00e7\u00e3o da Ryanair na esfera digital tem sido marcada por mensagens provocat\u00f3rias, mantendo um estilo irreverente nas redes sociais.<\/li>\n<\/ul>\n<p>Fonte(s): informa\u00e7\u00f5es divulgadas pelo Arsenal e pela imprensa desportiva brit\u00e2nica.<\/p>\n","protected":false},"excerpt":{"rendered":"<ul>\n<li>Mikel Arteta nasceu a 26 de mar\u00e7o de 1982 e celebra o 44.\u00ba anivers\u00e1rio esta quinta-feira.<\/li>\n<li>O Arsenal \u00e9 l\u00edder isolado da Premier League com 70 pontos, nove acima do Manchester City.<\/li>\n<li>O clube londrino publicou parab\u00e9ns nas redes sociais; a Ryanair respondeu com o coment\u00e1rio: &#8220;Finalmente a celebrar alguma coisa&#8221;.<\/li>\n<li>A Ryanair tem base em Dublin, mas opera principalmente a partir do Reino Unido, nomeadamente do Aeroporto de Stansted.<\/li>\n<li>A Ryanair \u00e9 conhecida por publica\u00e7\u00f5es provocat\u00f3rias ou humor\u00edsticas nas redes sociais.<\/li>\n<\/ul>\n","protected":false},"author":2,"featured_media":422238,"comment_status":"closed","ping_status":"closed","sticky":false,"template":"","format":"standard","meta":{"footnotes":""},"categories":[21,24],"tags":[3852,2607,32,3369,3789,88],"class_list":["post-422226","post","type-post","status-publish","format-standard","has-post-thumbnail","hentry","category-desporto","category-futebol","tag-arsenal","tag-comunicacao","tag-futebol","tag-premier-league","tag-provocacoes","tag-redes-sociais"],"yoast_head":"<!-- This site is optimized with the Yoast SEO plugin v27.2 - https:\/\/yoast.com\/product\/yoast-seo-wordpress\/ -->\n<title>Ryanair comenta anivers\u00e1rio de Arteta em dia de celebra\u00e7\u00e3o - Portal Tela Portugal<\/title>\n<meta name=\"robots\" content=\"index, follow, max-snippet:-1, max-image-preview:large, max-video-preview:-1\" \/>\n<meta property=\"og:locale\" content=\"pt_PT\" \/>\n<meta property=\"og:type\" content=\"article\" \/>\n<meta property=\"og:title\" content=\"Ryanair comenta anivers\u00e1rio de Arteta em dia de celebra\u00e7\u00e3o - Portal Tela Portugal\" \/>\n<meta property=\"og:description\" content=\"Mikel Arteta nasceu a 26 de mar\u00e7o de 1982 e celebra o 44.\u00ba anivers\u00e1rio esta quinta-feira. O Arsenal \u00e9 l\u00edder isolado da Premier League com 70 pontos, nove acima do Manchester City. O clube londrino publicou parab\u00e9ns nas redes sociais; a Ryanair respondeu com o coment\u00e1rio: &quot;Finalmente a celebrar alguma coisa&quot;. A Ryanair tem base em Dublin, mas opera principalmente a partir do Reino Unido, nomeadamente do Aeroporto de Stansted. A Ryanair \u00e9 conhecida por publica\u00e7\u00f5es provocat\u00f3rias ou humor\u00edsticas nas redes sociais.\" \/>\n<meta property=\"og:url\" content=\"https:\/\/portaltela.pt\/noticias\/2026\/03\/26\/ryanair-comenta-aniversario-de-arteta-em-dia-de-celebracao\/\" \/>\n<meta property=\"og:site_name\" content=\"Portal Tela Portugal\" \/>\n<meta property=\"article:published_time\" content=\"2026-03-26T13:09:24+00:00\" \/>\n<meta name=\"author\" content=\"Telinha\" \/>\n<meta name=\"twitter:card\" content=\"summary_large_image\" \/>\n<meta name=\"twitter:label1\" content=\"Escrito por\" \/>\n\t<meta name=\"twitter:data1\" content=\"Telinha\" \/>\n\t<meta name=\"twitter:label2\" content=\"Tempo estimado de leitura\" \/>\n\t<meta name=\"twitter:data2\" content=\"1 minuto\" \/>\n<script type=\"application\/ld+json\" class=\"yoast-schema-graph\">{\"@context\":\"https:\/\/schema.org\",\"@graph\":[{\"@type\":\"Article\",\"@id\":\"https:\/\/portaltela.pt\/noticias\/2026\/03\/26\/ryanair-comenta-aniversario-de-arteta-em-dia-de-celebracao\/#article\",\"isPartOf\":{\"@id\":\"https:\/\/portaltela.pt\/noticias\/2026\/03\/26\/ryanair-comenta-aniversario-de-arteta-em-dia-de-celebracao\/\"},\"author\":{\"name\":\"Telinha\",\"@id\":\"https:\/\/portaltela.pt\/#\/schema\/person\/c4278d4a6028830caff9ee44b42d32ed\"},\"headline\":\"Ryanair comenta anivers\u00e1rio de Arteta em dia de celebra\u00e7\u00e3o\",\"datePublished\":\"2026-03-26T13:09:24+00:00\",\"mainEntityOfPage\":{\"@id\":\"https:\/\/portaltela.pt\/noticias\/2026\/03\/26\/ryanair-comenta-aniversario-de-arteta-em-dia-de-celebracao\/\"},\"wordCount\":227,\"image\":{\"@id\":\"https:\/\/portaltela.pt\/noticias\/2026\/03\/26\/ryanair-comenta-aniversario-de-arteta-em-dia-de-celebracao\/#primaryimage\"},\"thumbnailUrl\":\"https:\/\/portaltela.pt\/s.01k8rhncp4jt1\/2026\/03\/img_920x518uu2026-03-26-13-05-08-2429454.jpg\",\"keywords\":[\"Arsenal\",\"comunica\u00e7\u00e3o\",\"futebol\",\"Premier League\",\"provoca\u00e7\u00f5es\",\"redes sociais\"],\"articleSection\":[\"Desporto\",\"Futebol\"],\"inLanguage\":\"pt-PT\"},{\"@type\":\"WebPage\",\"@id\":\"https:\/\/portaltela.pt\/noticias\/2026\/03\/26\/ryanair-comenta-aniversario-de-arteta-em-dia-de-celebracao\/\",\"url\":\"https:\/\/portaltela.pt\/noticias\/2026\/03\/26\/ryanair-comenta-aniversario-de-arteta-em-dia-de-celebracao\/\",\"name\":\"Ryanair comenta anivers\u00e1rio de Arteta em dia de celebra\u00e7\u00e3o - Portal Tela Portugal\",\"isPartOf\":{\"@id\":\"https:\/\/portaltela.pt\/#website\"},\"primaryImageOfPage\":{\"@id\":\"https:\/\/portaltela.pt\/noticias\/2026\/03\/26\/ryanair-comenta-aniversario-de-arteta-em-dia-de-celebracao\/#primaryimage\"},\"image\":{\"@id\":\"https:\/\/portaltela.pt\/noticias\/2026\/03\/26\/ryanair-comenta-aniversario-de-arteta-em-dia-de-celebracao\/#primaryimage\"},\"thumbnailUrl\":\"https:\/\/portaltela.pt\/s.01k8rhncp4jt1\/2026\/03\/img_920x518uu2026-03-26-13-05-08-2429454.jpg\",\"datePublished\":\"2026-03-26T13:09:24+00:00\",\"author\":{\"@id\":\"https:\/\/portaltela.pt\/#\/schema\/person\/c4278d4a6028830caff9ee44b42d32ed\"},\"breadcrumb\":{\"@id\":\"https:\/\/portaltela.pt\/noticias\/2026\/03\/26\/ryanair-comenta-aniversario-de-arteta-em-dia-de-celebracao\/#breadcrumb\"},\"inLanguage\":\"pt-PT\",\"potentialAction\":[{\"@type\":\"ReadAction\",\"target\":[\"https:\/\/portaltela.pt\/noticias\/2026\/03\/26\/ryanair-comenta-aniversario-de-arteta-em-dia-de-celebracao\/\"]}]},{\"@type\":\"ImageObject\",\"inLanguage\":\"pt-PT\",\"@id\":\"https:\/\/portaltela.pt\/noticias\/2026\/03\/26\/ryanair-comenta-aniversario-de-arteta-em-dia-de-celebracao\/#primaryimage\",\"url\":\"https:\/\/portaltela.pt\/s.01k8rhncp4jt1\/2026\/03\/img_920x518uu2026-03-26-13-05-08-2429454.jpg\",\"contentUrl\":\"https:\/\/portaltela.pt\/s.01k8rhncp4jt1\/2026\/03\/img_920x518uu2026-03-26-13-05-08-2429454.jpg\",\"width\":796,\"height\":448,\"caption\":\"Mikel Arteta, treinador do Arsenal\"},{\"@type\":\"BreadcrumbList\",\"@id\":\"https:\/\/portaltela.pt\/noticias\/2026\/03\/26\/ryanair-comenta-aniversario-de-arteta-em-dia-de-celebracao\/#breadcrumb\",\"itemListElement\":[{\"@type\":\"ListItem\",\"position\":1,\"name\":\"In\u00edcio\",\"item\":\"https:\/\/portaltela.pt\/\"},{\"@type\":\"ListItem\",\"position\":2,\"name\":\"Ryanair comenta anivers\u00e1rio de Arteta em dia de celebra\u00e7\u00e3o\"}]},{\"@type\":\"WebSite\",\"@id\":\"https:\/\/portaltela.pt\/#website\",\"url\":\"https:\/\/portaltela.pt\/\",\"name\":\"Portal Tela Portugal\",\"description\":\"\",\"potentialAction\":[{\"@type\":\"SearchAction\",\"target\":{\"@type\":\"EntryPoint\",\"urlTemplate\":\"https:\/\/portaltela.pt\/?s={search_term_string}\"},\"query-input\":{\"@type\":\"PropertyValueSpecification\",\"valueRequired\":true,\"valueName\":\"search_term_string\"}}],\"inLanguage\":\"pt-PT\"},{\"@type\":\"Person\",\"@id\":\"https:\/\/portaltela.pt\/#\/schema\/person\/c4278d4a6028830caff9ee44b42d32ed\",\"name\":\"Telinha\",\"image\":{\"@type\":\"ImageObject\",\"inLanguage\":\"pt-PT\",\"@id\":\"https:\/\/portaltela.pt\/s.01k8rhncp4jt1\/2025\/11\/talking-bot-125x125.png\",\"url\":\"https:\/\/portaltela.pt\/s.01k8rhncp4jt1\/2025\/11\/talking-bot-125x125.png\",\"contentUrl\":\"https:\/\/portaltela.pt\/s.01k8rhncp4jt1\/2025\/11\/talking-bot-125x125.png\",\"caption\":\"Telinha\"},\"sameAs\":[\"https:\/\/portaltela.pt\/\"],\"url\":\"https:\/\/portaltela.pt\/por\/367410592786\/\"}]}<\/script>\n<!-- \/ Yoast SEO plugin. -->","yoast_head_json":{"title":"Ryanair comenta anivers\u00e1rio de Arteta em dia de celebra\u00e7\u00e3o - Portal Tela Portugal","robots":{"index":"index","follow":"follow","max-snippet":"max-snippet:-1","max-image-preview":"max-image-preview:large","max-video-preview":"max-video-preview:-1"},"og_locale":"pt_PT","og_type":"article","og_title":"Ryanair comenta anivers\u00e1rio de Arteta em dia de celebra\u00e7\u00e3o - Portal Tela Portugal","og_description":"Mikel Arteta nasceu a 26 de mar\u00e7o de 1982 e celebra o 44.\u00ba anivers\u00e1rio esta quinta-feira. O Arsenal \u00e9 l\u00edder isolado da Premier League com 70 pontos, nove acima do Manchester City. O clube londrino publicou parab\u00e9ns nas redes sociais; a Ryanair respondeu com o coment\u00e1rio: \"Finalmente a celebrar alguma coisa\". A Ryanair tem base em Dublin, mas opera principalmente a partir do Reino Unido, nomeadamente do Aeroporto de Stansted. A Ryanair \u00e9 conhecida por publica\u00e7\u00f5es provocat\u00f3rias ou humor\u00edsticas nas redes sociais.","og_url":"https:\/\/portaltela.pt\/noticias\/2026\/03\/26\/ryanair-comenta-aniversario-de-arteta-em-dia-de-celebracao\/","og_site_name":"Portal Tela Portugal","article_published_time":"2026-03-26T13:09:24+00:00","author":"Telinha","twitter_card":"summary_large_image","twitter_misc":{"Escrito por":"Telinha","Tempo estimado de leitura":"1 minuto"},"schema":{"@context":"https:\/\/schema.org","@graph":[{"@type":"Article","@id":"https:\/\/portaltela.pt\/noticias\/2026\/03\/26\/ryanair-comenta-aniversario-de-arteta-em-dia-de-celebracao\/#article","isPartOf":{"@id":"https:\/\/portaltela.pt\/noticias\/2026\/03\/26\/ryanair-comenta-aniversario-de-arteta-em-dia-de-celebracao\/"},"author":{"name":"Telinha","@id":"https:\/\/portaltela.pt\/#\/schema\/person\/c4278d4a6028830caff9ee44b42d32ed"},"headline":"Ryanair comenta anivers\u00e1rio de Arteta em dia de celebra\u00e7\u00e3o","datePublished":"2026-03-26T13:09:24+00:00","mainEntityOfPage":{"@id":"https:\/\/portaltela.pt\/noticias\/2026\/03\/26\/ryanair-comenta-aniversario-de-arteta-em-dia-de-celebracao\/"},"wordCount":227,"image":{"@id":"https:\/\/portaltela.pt\/noticias\/2026\/03\/26\/ryanair-comenta-aniversario-de-arteta-em-dia-de-celebracao\/#primaryimage"},"thumbnailUrl":"https:\/\/portaltela.pt\/s.01k8rhncp4jt1\/2026\/03\/img_920x518uu2026-03-26-13-05-08-2429454.jpg","keywords":["Arsenal","comunica\u00e7\u00e3o","futebol","Premier League","provoca\u00e7\u00f5es","redes sociais"],"articleSection":["Desporto","Futebol"],"inLanguage":"pt-PT"},{"@type":"WebPage","@id":"https:\/\/portaltela.pt\/noticias\/2026\/03\/26\/ryanair-comenta-aniversario-de-arteta-em-dia-de-celebracao\/","url":"https:\/\/portaltela.pt\/noticias\/2026\/03\/26\/ryanair-comenta-aniversario-de-arteta-em-dia-de-celebracao\/","name":"Ryanair comenta anivers\u00e1rio de Arteta em dia de celebra\u00e7\u00e3o - Portal Tela Portugal","isPartOf":{"@id":"https:\/\/portaltela.pt\/#website"},"primaryImageOfPage":{"@id":"https:\/\/portaltela.pt\/noticias\/2026\/03\/26\/ryanair-comenta-aniversario-de-arteta-em-dia-de-celebracao\/#primaryimage"},"image":{"@id":"https:\/\/portaltela.pt\/noticias\/2026\/03\/26\/ryanair-comenta-aniversario-de-arteta-em-dia-de-celebracao\/#primaryimage"},"thumbnailUrl":"https:\/\/portaltela.pt\/s.01k8rhncp4jt1\/2026\/03\/img_920x518uu2026-03-26-13-05-08-2429454.jpg","datePublished":"2026-03-26T13:09:24+00:00","author":{"@id":"https:\/\/portaltela.pt\/#\/schema\/person\/c4278d4a6028830caff9ee44b42d32ed"},"breadcrumb":{"@id":"https:\/\/portaltela.pt\/noticias\/2026\/03\/26\/ryanair-comenta-aniversario-de-arteta-em-dia-de-celebracao\/#breadcrumb"},"inLanguage":"pt-PT","potentialAction":[{"@type":"ReadAction","target":["https:\/\/portaltela.pt\/noticias\/2026\/03\/26\/ryanair-comenta-aniversario-de-arteta-em-dia-de-celebracao\/"]}]},{"@type":"ImageObject","inLanguage":"pt-PT","@id":"https:\/\/portaltela.pt\/noticias\/2026\/03\/26\/ryanair-comenta-aniversario-de-arteta-em-dia-de-celebracao\/#primaryimage","url":"https:\/\/portaltela.pt\/s.01k8rhncp4jt1\/2026\/03\/img_920x518uu2026-03-26-13-05-08-2429454.jpg","contentUrl":"https:\/\/portaltela.pt\/s.01k8rhncp4jt1\/2026\/03\/img_920x518uu2026-03-26-13-05-08-2429454.jpg","width":796,"height":448,"caption":"Mikel Arteta, treinador do Arsenal"},{"@type":"BreadcrumbList","@id":"https:\/\/portaltela.pt\/noticias\/2026\/03\/26\/ryanair-comenta-aniversario-de-arteta-em-dia-de-celebracao\/#breadcrumb","itemListElement":[{"@type":"ListItem","position":1,"name":"In\u00edcio","item":"https:\/\/portaltela.pt\/"},{"@type":"ListItem","position":2,"name":"Ryanair comenta anivers\u00e1rio de Arteta em dia de celebra\u00e7\u00e3o"}]},{"@type":"WebSite","@id":"https:\/\/portaltela.pt\/#website","url":"https:\/\/portaltela.pt\/","name":"Portal Tela Portugal","description":"","potentialAction":[{"@type":"SearchAction","target":{"@type":"EntryPoint","urlTemplate":"https:\/\/portaltela.pt\/?s={search_term_string}"},"query-input":{"@type":"PropertyValueSpecification","valueRequired":true,"valueName":"search_term_string"}}],"inLanguage":"pt-PT"},{"@type":"Person","@id":"https:\/\/portaltela.pt\/#\/schema\/person\/c4278d4a6028830caff9ee44b42d32ed","name":"Telinha","image":{"@type":"ImageObject","inLanguage":"pt-PT","@id":"https:\/\/portaltela.pt\/s.01k8rhncp4jt1\/2025\/11\/talking-bot-125x125.png","url":"https:\/\/portaltela.pt\/s.01k8rhncp4jt1\/2025\/11\/talking-bot-125x125.png","contentUrl":"https:\/\/portaltela.pt\/s.01k8rhncp4jt1\/2025\/11\/talking-bot-125x125.png","caption":"Telinha"},"sameAs":["https:\/\/portaltela.pt\/"],"url":"https:\/\/portaltela.pt\/por\/367410592786\/"}]}},"_links":{"self":[{"href":"https:\/\/portaltela.pt\/api\/wp\/v2\/posts\/422226","targetHints":{"allow":["GET"]}}],"collection":[{"href":"https:\/\/portaltela.pt\/api\/wp\/v2\/posts"}],"about":[{"href":"https:\/\/portaltela.pt\/api\/wp\/v2\/types\/post"}],"author":[{"embeddable":true,"href":"https:\/\/portaltela.pt\/api\/wp\/v2\/users\/2"}],"replies":[{"embeddable":true,"href":"https:\/\/portaltela.pt\/api\/wp\/v2\/comments?post=422226"}],"version-history":[{"count":0,"href":"https:\/\/portaltela.pt\/api\/wp\/v2\/posts\/422226\/revisions"}],"wp:featuredmedia":[{"embeddable":true,"href":"https:\/\/portaltela.pt\/api\/wp\/v2\/media\/422238"}],"wp:attachment":[{"href":"https:\/\/portaltela.pt\/api\/wp\/v2\/media?parent=422226"}],"wp:term":[{"taxonomy":"category","embeddable":true,"href":"https:\/\/portaltela.pt\/api\/wp\/v2\/categories?post=422226"},{"taxonomy":"post_tag","embeddable":true,"href":"https:\/\/portaltela.pt\/api\/wp\/v2\/tags?post=422226"}],"curies":[{"name":"wp","href":"https:\/\/api.w.org\/{rel}","templated":true}]}}