{"id":422223,"date":"2026-03-26T10:16:44","date_gmt":"2026-03-26T13:16:44","guid":{"rendered":"https:\/\/portaltela.pt\/noticias\/2026\/03\/26\/italia-confirma-primeiro-caso-humano-europeu-de-gripe-aviaria-h9n2\/"},"modified":"2026-03-26T10:16:44","modified_gmt":"2026-03-26T13:16:44","slug":"italia-confirma-primeiro-caso-humano-europeu-de-gripe-aviaria-h9n2","status":"publish","type":"post","link":"https:\/\/portaltela.pt\/saude\/2026\/03\/26\/italia-confirma-primeiro-caso-humano-europeu-de-gripe-aviaria-h9n2\/","title":{"rendered":"It\u00e1lia confirma primeiro caso humano europeu de gripe avi\u00e1ria H9N2"},"content":{"rendered":"<p>A It\u00e1lia confirmou o primeiro caso humano europeu de gripe avi\u00e1ria H9N2. O viajante que chegou de fora da Europa encontra-se na regi\u00e3o da Lombardia, internado com gripe A(H9N2). O an\u00fancio foi feito pelo Minist\u00e9rio da Sa\u00fade italiano nesta quarta-feira, 25 de mar\u00e7o.<\/p>\n<p>O doente, que tinha patologias associadas, est\u00e1 em isolamento hospitalar a receber tratamento. Foram, de imediato, conclu\u00eddas as verifica\u00e7\u00f5es necess\u00e1rias e identificados os contactos no \u00e2mbito da vigil\u00e2ncia e preven\u00e7\u00e3o habituais, segundo o minist\u00e9rio.<\/p>\n<p>Globais dados do Centro Europeu de Preven\u00e7\u00e3o e Controlo das Doen\u00e7as (ECDC) indicam que, desde 1998 at\u00e9 27 de fevereiro de 2026, foram notificados 195 casos humanos de A(H9N2) em 10 pa\u00edses da \u00c1sia e da \u00c1frica. A transmiss\u00e3o pessoa a pessoa n\u00e3o foi detetada at\u00e9 ao momento.<\/p>\n<p>O ECDC refor\u00e7a que as infe\u00e7\u00f5es humanas ocorrem sobretudo por contacto direto com aves infetadas ou ambientes contaminados, e que casos humanos espor\u00e1dicos s\u00e3o esperados onde o v\u00edrus circula entre aves.<\/p>\n<h3>Contexto internacional<\/h3>\n<p>No relat\u00f3rio de monitoriza\u00e7\u00e3o mais recente, relativo a 29 de novembro de 2025 a 27 de fevereiro de 2026, foram notificados dez casos de gripe avi\u00e1ria em humanos. Os casos ocorreram no Camboja (A(H5N1)) e na China (A(H9N2) e A(H10N3)) e n\u00e3o houve mortes. O risco para a popula\u00e7\u00e3o geral da UE\/EEE \u00e9 considerado muito baixo.<\/p>\n","protected":false},"excerpt":{"rendered":"<ul>\n<li>It\u00e1lia confirma o primeiro caso humano europeu de gripe avi\u00e1ria A(H9N2), numa pessoa que viajou de fora da Europa e est\u00e1 internada na Lombardia.<\/li>\n<li>O doente, que tem outras patologias associadas, encontra-se em isolamento hospitalar e a receber tratamento.<\/li>\n<li>O Minist\u00e9rio da Sa\u00fade italiano indicou que foram realizadas as verifica\u00e7\u00f5es necess\u00e1rias e identificados os contactos do caso, no \u00e2mbito das atividades de vigil\u00e2ncia.<\/li>\n<li>Desde 1998 e at\u00e9 27 de fevereiro de 2026, foram notificados 195 casos humanos de A(H9N2) por dez pa\u00edses da \u00c1sia e de \u00c1frica, sem transmiss\u00e3o de pessoa para pessoa.<\/li>\n<li>O risco para a popula\u00e7\u00e3o geral da UE\/EEE \u00e9 considerado muito baixo pelo Centro Europeu de Preven\u00e7\u00e3o e Controlo das Doen\u00e7as, com os casos humanos associadas a contacto direto com aves; dados recentes apontam dez casos de gripe das aves em humanos entre novembro de 2025 e 27 de fevereiro de 2026, nenhum mortal.<\/li>\n<\/ul>\n","protected":false},"author":2,"featured_media":422224,"comment_status":"closed","ping_status":"closed","sticky":false,"template":"","format":"standard","meta":{"footnotes":""},"categories":[1,6745],"tags":[6483,2487,1905,1857,271],"class_list":["post-422223","post","type-post","status-publish","format-standard","has-post-thumbnail","hentry","category-noticias","category-saude","tag-doencas-infecciosas-e-parasitarias","tag-europa","tag-gripe","tag-italia","tag-saude-publica"],"yoast_head":"<!-- This site is optimized with the Yoast SEO plugin v27.2 - https:\/\/yoast.com\/product\/yoast-seo-wordpress\/ -->\n<title>It\u00e1lia confirma primeiro caso humano europeu de gripe avi\u00e1ria H9N2 - Portal Tela Portugal<\/title>\n<meta name=\"robots\" content=\"index, follow, max-snippet:-1, max-image-preview:large, max-video-preview:-1\" \/>\n<meta property=\"og:locale\" content=\"pt_PT\" \/>\n<meta property=\"og:type\" content=\"article\" \/>\n<meta property=\"og:title\" content=\"It\u00e1lia confirma primeiro caso humano europeu de gripe avi\u00e1ria H9N2 - Portal Tela Portugal\" \/>\n<meta property=\"og:description\" content=\"It\u00e1lia confirma o primeiro caso humano europeu de gripe avi\u00e1ria A(H9N2), numa pessoa que viajou de fora da Europa e est\u00e1 internada na Lombardia. O doente, que tem outras patologias associadas, encontra-se em isolamento hospitalar e a receber tratamento. O Minist\u00e9rio da Sa\u00fade italiano indicou que foram realizadas as verifica\u00e7\u00f5es necess\u00e1rias e identificados os contactos do caso, no \u00e2mbito das atividades de vigil\u00e2ncia. Desde 1998 e at\u00e9 27 de fevereiro de 2026, foram notificados 195 casos humanos de A(H9N2) por dez pa\u00edses da \u00c1sia e de \u00c1frica, sem transmiss\u00e3o de pessoa para pessoa. O risco para a popula\u00e7\u00e3o geral da UE\/EEE \u00e9 considerado muito baixo pelo Centro Europeu de Preven\u00e7\u00e3o e Controlo das Doen\u00e7as, com os casos humanos associadas a contacto direto com aves; dados recentes apontam dez casos de gripe das aves em humanos entre novembro de 2025 e 27 de fevereiro de 2026, nenhum mortal.\" \/>\n<meta property=\"og:url\" content=\"https:\/\/portaltela.pt\/noticias\/2026\/03\/26\/italia-confirma-primeiro-caso-humano-europeu-de-gripe-aviaria-h9n2\/\" \/>\n<meta property=\"og:site_name\" content=\"Portal Tela Portugal\" \/>\n<meta property=\"article:published_time\" content=\"2026-03-26T13:16:44+00:00\" \/>\n<meta name=\"author\" content=\"Telinha\" \/>\n<meta name=\"twitter:card\" content=\"summary_large_image\" \/>\n<meta name=\"twitter:label1\" content=\"Escrito por\" \/>\n\t<meta name=\"twitter:data1\" content=\"Telinha\" \/>\n\t<meta name=\"twitter:label2\" content=\"Tempo estimado de leitura\" \/>\n\t<meta name=\"twitter:data2\" content=\"1 minuto\" \/>\n<script type=\"application\/ld+json\" class=\"yoast-schema-graph\">{\"@context\":\"https:\/\/schema.org\",\"@graph\":[{\"@type\":\"Article\",\"@id\":\"https:\/\/portaltela.pt\/noticias\/2026\/03\/26\/italia-confirma-primeiro-caso-humano-europeu-de-gripe-aviaria-h9n2\/#article\",\"isPartOf\":{\"@id\":\"https:\/\/portaltela.pt\/noticias\/2026\/03\/26\/italia-confirma-primeiro-caso-humano-europeu-de-gripe-aviaria-h9n2\/\"},\"author\":{\"name\":\"Telinha\",\"@id\":\"https:\/\/portaltela.pt\/#\/schema\/person\/c4278d4a6028830caff9ee44b42d32ed\"},\"headline\":\"It\u00e1lia confirma primeiro caso humano europeu de gripe avi\u00e1ria H9N2\",\"datePublished\":\"2026-03-26T13:16:44+00:00\",\"mainEntityOfPage\":{\"@id\":\"https:\/\/portaltela.pt\/noticias\/2026\/03\/26\/italia-confirma-primeiro-caso-humano-europeu-de-gripe-aviaria-h9n2\/\"},\"wordCount\":256,\"image\":{\"@id\":\"https:\/\/portaltela.pt\/noticias\/2026\/03\/26\/italia-confirma-primeiro-caso-humano-europeu-de-gripe-aviaria-h9n2\/#primaryimage\"},\"thumbnailUrl\":\"https:\/\/portaltela.pt\/s.01k8rhncp4jt1\/2026\/03\/1536x864_cmsv2_96491e65-d9d5-52ea-beb5-f0052a4f2ce4-9699400.jpg\",\"keywords\":[\"Doen\u00e7as infecciosas e parasit\u00e1rias\",\"Europa\",\"gripe\",\"It\u00e1lia\",\"sa\u00fade p\u00fablica\"],\"articleSection\":[\"Not\u00edcias\",\"Sa\u00fade\"],\"inLanguage\":\"pt-PT\"},{\"@type\":\"WebPage\",\"@id\":\"https:\/\/portaltela.pt\/noticias\/2026\/03\/26\/italia-confirma-primeiro-caso-humano-europeu-de-gripe-aviaria-h9n2\/\",\"url\":\"https:\/\/portaltela.pt\/noticias\/2026\/03\/26\/italia-confirma-primeiro-caso-humano-europeu-de-gripe-aviaria-h9n2\/\",\"name\":\"It\u00e1lia confirma primeiro caso humano europeu de gripe avi\u00e1ria H9N2 - Portal Tela Portugal\",\"isPartOf\":{\"@id\":\"https:\/\/portaltela.pt\/#website\"},\"primaryImageOfPage\":{\"@id\":\"https:\/\/portaltela.pt\/noticias\/2026\/03\/26\/italia-confirma-primeiro-caso-humano-europeu-de-gripe-aviaria-h9n2\/#primaryimage\"},\"image\":{\"@id\":\"https:\/\/portaltela.pt\/noticias\/2026\/03\/26\/italia-confirma-primeiro-caso-humano-europeu-de-gripe-aviaria-h9n2\/#primaryimage\"},\"thumbnailUrl\":\"https:\/\/portaltela.pt\/s.01k8rhncp4jt1\/2026\/03\/1536x864_cmsv2_96491e65-d9d5-52ea-beb5-f0052a4f2ce4-9699400.jpg\",\"datePublished\":\"2026-03-26T13:16:44+00:00\",\"author\":{\"@id\":\"https:\/\/portaltela.pt\/#\/schema\/person\/c4278d4a6028830caff9ee44b42d32ed\"},\"breadcrumb\":{\"@id\":\"https:\/\/portaltela.pt\/noticias\/2026\/03\/26\/italia-confirma-primeiro-caso-humano-europeu-de-gripe-aviaria-h9n2\/#breadcrumb\"},\"inLanguage\":\"pt-PT\",\"potentialAction\":[{\"@type\":\"ReadAction\",\"target\":[\"https:\/\/portaltela.pt\/noticias\/2026\/03\/26\/italia-confirma-primeiro-caso-humano-europeu-de-gripe-aviaria-h9n2\/\"]}]},{\"@type\":\"ImageObject\",\"inLanguage\":\"pt-PT\",\"@id\":\"https:\/\/portaltela.pt\/noticias\/2026\/03\/26\/italia-confirma-primeiro-caso-humano-europeu-de-gripe-aviaria-h9n2\/#primaryimage\",\"url\":\"https:\/\/portaltela.pt\/s.01k8rhncp4jt1\/2026\/03\/1536x864_cmsv2_96491e65-d9d5-52ea-beb5-f0052a4f2ce4-9699400.jpg\",\"contentUrl\":\"https:\/\/portaltela.pt\/s.01k8rhncp4jt1\/2026\/03\/1536x864_cmsv2_96491e65-d9d5-52ea-beb5-f0052a4f2ce4-9699400.jpg\",\"width\":796,\"height\":448,\"caption\":\"ARQUIVO - Galinhas criadas ao ar livre num pasto vedado numa explora\u00e7\u00e3o biol\u00f3gica, em 21 de outubro de 2015, no Iowa\"},{\"@type\":\"BreadcrumbList\",\"@id\":\"https:\/\/portaltela.pt\/noticias\/2026\/03\/26\/italia-confirma-primeiro-caso-humano-europeu-de-gripe-aviaria-h9n2\/#breadcrumb\",\"itemListElement\":[{\"@type\":\"ListItem\",\"position\":1,\"name\":\"In\u00edcio\",\"item\":\"https:\/\/portaltela.pt\/\"},{\"@type\":\"ListItem\",\"position\":2,\"name\":\"It\u00e1lia confirma primeiro caso humano europeu de gripe avi\u00e1ria H9N2\"}]},{\"@type\":\"WebSite\",\"@id\":\"https:\/\/portaltela.pt\/#website\",\"url\":\"https:\/\/portaltela.pt\/\",\"name\":\"Portal Tela Portugal\",\"description\":\"\",\"potentialAction\":[{\"@type\":\"SearchAction\",\"target\":{\"@type\":\"EntryPoint\",\"urlTemplate\":\"https:\/\/portaltela.pt\/?s={search_term_string}\"},\"query-input\":{\"@type\":\"PropertyValueSpecification\",\"valueRequired\":true,\"valueName\":\"search_term_string\"}}],\"inLanguage\":\"pt-PT\"},{\"@type\":\"Person\",\"@id\":\"https:\/\/portaltela.pt\/#\/schema\/person\/c4278d4a6028830caff9ee44b42d32ed\",\"name\":\"Telinha\",\"image\":{\"@type\":\"ImageObject\",\"inLanguage\":\"pt-PT\",\"@id\":\"https:\/\/portaltela.pt\/s.01k8rhncp4jt1\/2025\/11\/talking-bot-125x125.png\",\"url\":\"https:\/\/portaltela.pt\/s.01k8rhncp4jt1\/2025\/11\/talking-bot-125x125.png\",\"contentUrl\":\"https:\/\/portaltela.pt\/s.01k8rhncp4jt1\/2025\/11\/talking-bot-125x125.png\",\"caption\":\"Telinha\"},\"sameAs\":[\"https:\/\/portaltela.pt\/\"],\"url\":\"https:\/\/portaltela.pt\/por\/367410592786\/\"}]}<\/script>\n<!-- \/ Yoast SEO plugin. -->","yoast_head_json":{"title":"It\u00e1lia confirma primeiro caso humano europeu de gripe avi\u00e1ria H9N2 - Portal Tela Portugal","robots":{"index":"index","follow":"follow","max-snippet":"max-snippet:-1","max-image-preview":"max-image-preview:large","max-video-preview":"max-video-preview:-1"},"og_locale":"pt_PT","og_type":"article","og_title":"It\u00e1lia confirma primeiro caso humano europeu de gripe avi\u00e1ria H9N2 - Portal Tela Portugal","og_description":"It\u00e1lia confirma o primeiro caso humano europeu de gripe avi\u00e1ria A(H9N2), numa pessoa que viajou de fora da Europa e est\u00e1 internada na Lombardia. O doente, que tem outras patologias associadas, encontra-se em isolamento hospitalar e a receber tratamento. O Minist\u00e9rio da Sa\u00fade italiano indicou que foram realizadas as verifica\u00e7\u00f5es necess\u00e1rias e identificados os contactos do caso, no \u00e2mbito das atividades de vigil\u00e2ncia. Desde 1998 e at\u00e9 27 de fevereiro de 2026, foram notificados 195 casos humanos de A(H9N2) por dez pa\u00edses da \u00c1sia e de \u00c1frica, sem transmiss\u00e3o de pessoa para pessoa. O risco para a popula\u00e7\u00e3o geral da UE\/EEE \u00e9 considerado muito baixo pelo Centro Europeu de Preven\u00e7\u00e3o e Controlo das Doen\u00e7as, com os casos humanos associadas a contacto direto com aves; dados recentes apontam dez casos de gripe das aves em humanos entre novembro de 2025 e 27 de fevereiro de 2026, nenhum mortal.","og_url":"https:\/\/portaltela.pt\/noticias\/2026\/03\/26\/italia-confirma-primeiro-caso-humano-europeu-de-gripe-aviaria-h9n2\/","og_site_name":"Portal Tela Portugal","article_published_time":"2026-03-26T13:16:44+00:00","author":"Telinha","twitter_card":"summary_large_image","twitter_misc":{"Escrito por":"Telinha","Tempo estimado de leitura":"1 minuto"},"schema":{"@context":"https:\/\/schema.org","@graph":[{"@type":"Article","@id":"https:\/\/portaltela.pt\/noticias\/2026\/03\/26\/italia-confirma-primeiro-caso-humano-europeu-de-gripe-aviaria-h9n2\/#article","isPartOf":{"@id":"https:\/\/portaltela.pt\/noticias\/2026\/03\/26\/italia-confirma-primeiro-caso-humano-europeu-de-gripe-aviaria-h9n2\/"},"author":{"name":"Telinha","@id":"https:\/\/portaltela.pt\/#\/schema\/person\/c4278d4a6028830caff9ee44b42d32ed"},"headline":"It\u00e1lia confirma primeiro caso humano europeu de gripe avi\u00e1ria H9N2","datePublished":"2026-03-26T13:16:44+00:00","mainEntityOfPage":{"@id":"https:\/\/portaltela.pt\/noticias\/2026\/03\/26\/italia-confirma-primeiro-caso-humano-europeu-de-gripe-aviaria-h9n2\/"},"wordCount":256,"image":{"@id":"https:\/\/portaltela.pt\/noticias\/2026\/03\/26\/italia-confirma-primeiro-caso-humano-europeu-de-gripe-aviaria-h9n2\/#primaryimage"},"thumbnailUrl":"https:\/\/portaltela.pt\/s.01k8rhncp4jt1\/2026\/03\/1536x864_cmsv2_96491e65-d9d5-52ea-beb5-f0052a4f2ce4-9699400.jpg","keywords":["Doen\u00e7as infecciosas e parasit\u00e1rias","Europa","gripe","It\u00e1lia","sa\u00fade p\u00fablica"],"articleSection":["Not\u00edcias","Sa\u00fade"],"inLanguage":"pt-PT"},{"@type":"WebPage","@id":"https:\/\/portaltela.pt\/noticias\/2026\/03\/26\/italia-confirma-primeiro-caso-humano-europeu-de-gripe-aviaria-h9n2\/","url":"https:\/\/portaltela.pt\/noticias\/2026\/03\/26\/italia-confirma-primeiro-caso-humano-europeu-de-gripe-aviaria-h9n2\/","name":"It\u00e1lia confirma primeiro caso humano europeu de gripe avi\u00e1ria H9N2 - Portal Tela Portugal","isPartOf":{"@id":"https:\/\/portaltela.pt\/#website"},"primaryImageOfPage":{"@id":"https:\/\/portaltela.pt\/noticias\/2026\/03\/26\/italia-confirma-primeiro-caso-humano-europeu-de-gripe-aviaria-h9n2\/#primaryimage"},"image":{"@id":"https:\/\/portaltela.pt\/noticias\/2026\/03\/26\/italia-confirma-primeiro-caso-humano-europeu-de-gripe-aviaria-h9n2\/#primaryimage"},"thumbnailUrl":"https:\/\/portaltela.pt\/s.01k8rhncp4jt1\/2026\/03\/1536x864_cmsv2_96491e65-d9d5-52ea-beb5-f0052a4f2ce4-9699400.jpg","datePublished":"2026-03-26T13:16:44+00:00","author":{"@id":"https:\/\/portaltela.pt\/#\/schema\/person\/c4278d4a6028830caff9ee44b42d32ed"},"breadcrumb":{"@id":"https:\/\/portaltela.pt\/noticias\/2026\/03\/26\/italia-confirma-primeiro-caso-humano-europeu-de-gripe-aviaria-h9n2\/#breadcrumb"},"inLanguage":"pt-PT","potentialAction":[{"@type":"ReadAction","target":["https:\/\/portaltela.pt\/noticias\/2026\/03\/26\/italia-confirma-primeiro-caso-humano-europeu-de-gripe-aviaria-h9n2\/"]}]},{"@type":"ImageObject","inLanguage":"pt-PT","@id":"https:\/\/portaltela.pt\/noticias\/2026\/03\/26\/italia-confirma-primeiro-caso-humano-europeu-de-gripe-aviaria-h9n2\/#primaryimage","url":"https:\/\/portaltela.pt\/s.01k8rhncp4jt1\/2026\/03\/1536x864_cmsv2_96491e65-d9d5-52ea-beb5-f0052a4f2ce4-9699400.jpg","contentUrl":"https:\/\/portaltela.pt\/s.01k8rhncp4jt1\/2026\/03\/1536x864_cmsv2_96491e65-d9d5-52ea-beb5-f0052a4f2ce4-9699400.jpg","width":796,"height":448,"caption":"ARQUIVO - Galinhas criadas ao ar livre num pasto vedado numa explora\u00e7\u00e3o biol\u00f3gica, em 21 de outubro de 2015, no Iowa"},{"@type":"BreadcrumbList","@id":"https:\/\/portaltela.pt\/noticias\/2026\/03\/26\/italia-confirma-primeiro-caso-humano-europeu-de-gripe-aviaria-h9n2\/#breadcrumb","itemListElement":[{"@type":"ListItem","position":1,"name":"In\u00edcio","item":"https:\/\/portaltela.pt\/"},{"@type":"ListItem","position":2,"name":"It\u00e1lia confirma primeiro caso humano europeu de gripe avi\u00e1ria H9N2"}]},{"@type":"WebSite","@id":"https:\/\/portaltela.pt\/#website","url":"https:\/\/portaltela.pt\/","name":"Portal Tela Portugal","description":"","potentialAction":[{"@type":"SearchAction","target":{"@type":"EntryPoint","urlTemplate":"https:\/\/portaltela.pt\/?s={search_term_string}"},"query-input":{"@type":"PropertyValueSpecification","valueRequired":true,"valueName":"search_term_string"}}],"inLanguage":"pt-PT"},{"@type":"Person","@id":"https:\/\/portaltela.pt\/#\/schema\/person\/c4278d4a6028830caff9ee44b42d32ed","name":"Telinha","image":{"@type":"ImageObject","inLanguage":"pt-PT","@id":"https:\/\/portaltela.pt\/s.01k8rhncp4jt1\/2025\/11\/talking-bot-125x125.png","url":"https:\/\/portaltela.pt\/s.01k8rhncp4jt1\/2025\/11\/talking-bot-125x125.png","contentUrl":"https:\/\/portaltela.pt\/s.01k8rhncp4jt1\/2025\/11\/talking-bot-125x125.png","caption":"Telinha"},"sameAs":["https:\/\/portaltela.pt\/"],"url":"https:\/\/portaltela.pt\/por\/367410592786\/"}]}},"_links":{"self":[{"href":"https:\/\/portaltela.pt\/api\/wp\/v2\/posts\/422223","targetHints":{"allow":["GET"]}}],"collection":[{"href":"https:\/\/portaltela.pt\/api\/wp\/v2\/posts"}],"about":[{"href":"https:\/\/portaltela.pt\/api\/wp\/v2\/types\/post"}],"author":[{"embeddable":true,"href":"https:\/\/portaltela.pt\/api\/wp\/v2\/users\/2"}],"replies":[{"embeddable":true,"href":"https:\/\/portaltela.pt\/api\/wp\/v2\/comments?post=422223"}],"version-history":[{"count":0,"href":"https:\/\/portaltela.pt\/api\/wp\/v2\/posts\/422223\/revisions"}],"wp:featuredmedia":[{"embeddable":true,"href":"https:\/\/portaltela.pt\/api\/wp\/v2\/media\/422224"}],"wp:attachment":[{"href":"https:\/\/portaltela.pt\/api\/wp\/v2\/media?parent=422223"}],"wp:term":[{"taxonomy":"category","embeddable":true,"href":"https:\/\/portaltela.pt\/api\/wp\/v2\/categories?post=422223"},{"taxonomy":"post_tag","embeddable":true,"href":"https:\/\/portaltela.pt\/api\/wp\/v2\/tags?post=422223"}],"curies":[{"name":"wp","href":"https:\/\/api.w.org\/{rel}","templated":true}]}}