{"id":422217,"date":"2026-03-26T09:48:00","date_gmt":"2026-03-26T12:48:00","guid":{"rendered":"https:\/\/portaltela.pt\/noticias\/2026\/03\/26\/vsr-aumenta-risco-para-adultos-mais-velhos-e-doentes-cronicos\/"},"modified":"2026-03-26T09:48:00","modified_gmt":"2026-03-26T12:48:00","slug":"vsr-aumenta-risco-para-adultos-mais-velhos-e-doentes-cronicos","status":"publish","type":"post","link":"https:\/\/portaltela.pt\/saude\/2026\/03\/26\/vsr-aumenta-risco-para-adultos-mais-velhos-e-doentes-cronicos\/","title":{"rendered":"VSR aumenta risco para adultos mais velhos e doentes cr\u00f3nicos"},"content":{"rendered":"<p>O v\u00edrus sincicial respirat\u00f3rio (VSR) representa um risco acrescido para adultos mais velhos e pessoas com doen\u00e7as cr\u00f3nicas, como diabetes, obesidade, doen\u00e7as cardiovasculares, respirat\u00f3rias ou renais. A prote\u00e7\u00e3o \u00e9 apresentada como essencial para indiv\u00edduos e para o sistema de sa\u00fade.<\/p>\n<p>Um encontro realizado a 10 de mar\u00e7o em Lisboa, organizado pela Sociedade Portuguesa de Pneumologia (SPP) em parceria com o P\u00fablico, com apoio da GSK e da Embaixada Brit\u00e2nica, sublinhou a gravidade do VSR em adultos e a necessidade de a\u00e7\u00f5es preventivas.<\/p>\n<p>A investiga\u00e7\u00e3o, centrada no estudo ROSA, revelou que o VSR pode representar at\u00e9 10% das interna\u00e7\u00f5es por infe\u00e7\u00f5es respirat\u00f3rias na ULS de Matosinhos, com custos diretos de internamento de cerca de 4.757 euros por paciente. A mortalidade hospitalar associada ronda os 20%.<\/p>\n<p>A coordenadora do ROSA, Cristina Gavina, salientou que a preval\u00eancia do VSR \u00e9 mais elevada do que o esperado e que muitos doentes t\u00eam mais de 60 anos, diabetes e obesidade, o que aumenta a dura\u00e7\u00e3o das internamentos e a necessidade de oxig\u00e9nio.<\/p>\n<h3>Diversas regi\u00f5es intuem o mesmo padr\u00e3o<\/h3>\n<p>M\u00e9dicos de v\u00e1rias unidades de sa\u00fade indicaram que os dados do ROSA se repetem noutros hospitais, sugerindo uma tend\u00eancia nacional. Em Coimbra, os dados preliminares confirmam o cen\u00e1rio observado no Matosinhos, fortalecendo a vis\u00e3o de um estudo multic\u00eantrico em todo o pa\u00eds.<\/p>\n<p>Internistas da ULS Amadora\/Sintra e de outras \u00e1reas cl\u00ednicas destacaram que, durante o Inverno, os doentes com VSR sofrem complica\u00e7\u00f5es adicionais e quedas de autonomia, o que complica o tratamento e a recupera\u00e7\u00e3o. A preven\u00e7\u00e3o surge, assim, como medida central.<\/p>\n<h3>Proatividade na defesa contra a infe\u00e7\u00e3o<\/h3>\n<p>Profissionais de sa\u00fade defendem a\u00e7\u00f5es preventivas sem tratamento espec\u00edfico dispon\u00edvel atualmente. A preven\u00e7\u00e3o \u00e9 apresentada como a op\u00e7\u00e3o mais custo-eficaz para reduzir interna\u00e7\u00f5es, descompensa\u00e7\u00f5es e mortalidade associadas ao VSR em pessoas com 60+ anos.<\/p>\n<p>Especialistas destacam ainda o impacto econ\u00f3mico e social, com necessidade de literacia sobre o VSR junto da popula\u00e7\u00e3o e dos profissionais de sa\u00fade. A prote\u00e7\u00e3o \u00e9 apresentada como pilar fundamental para reduzir a press\u00e3o no sistema de sa\u00fade durante os meses de maior circula\u00e7\u00e3o.<\/p>\n<h3>Vozes dos doentes<\/h3>\n<p>Associa\u00e7\u00f5es de doentes destacam a urg\u00eancia de maior literacia sobre o VSR e de medidas de prote\u00e7\u00e3o, sobretudo para pessoas com DPOC e asma, que enfrentam exacerbations que frequentemente culminam em internamentos.<\/p>\n<p>O apelo \u00e9 reiterado pela comunidade m\u00e9dica e cient\u00edfica: investir em estrat\u00e9gias de preven\u00e7\u00e3o e na prote\u00e7\u00e3o de grupos vulner\u00e1veis para evitar internamentos graves e preservar a autonomia dos doentes.<\/p>\n<p>Para mais informa\u00e7\u00f5es, consulte o seu m\u00e9dico.<\/p>\n","protected":false},"excerpt":{"rendered":"<ul>\n<li>O v\u00edrus sincicial respirat\u00f3rio (VSR) representa risco relevante para adultos mais velhos e pessoas com doen\u00e7as cr\u00f3nicas, podendo causar complica\u00e7\u00f5es graves e mortalidade.<\/li>\n<li>O estudo ROSA, na Unidade Local de Sa\u00fade de Matosinhos, mostrou que at\u00e9 10% das interna\u00e7\u00f5es por infec\u00e7\u00f5es respirat\u00f3rias s\u00e3o por VSR, com custo de internamento de 4.757 euros e mortalidade hospitalar de cerca de 20%.<\/li>\n<li>Dados de outras unidades de sa\u00fade do pa\u00eds, onde o estudo est\u00e1 a ser replicado, indicam uma tend\u00eancia nacional de elevada preval\u00eancia de admiss\u00f5es por VSR em adultos.<\/li>\n<li>Especialistas defendem a preven\u00e7\u00e3o como resposta principal, dada a aus\u00eancia de tratamento espec\u00edfico, com impacto nas comorbidades, decl\u00ednio funcional e necessidade de oxigenoterapia.<\/li>\n<li>Doentes cr\u00f3nicos e associa\u00e7\u00f5es pedem maior literacia, prote\u00e7\u00e3o\/vacina\u00e7\u00e3o e comparticipa\u00e7\u00e3o de vacinas para reduzir internamentos e pneumonias associadas ao VSR.<\/li>\n<\/ul>\n","protected":false},"author":2,"featured_media":422220,"comment_status":"closed","ping_status":"closed","sticky":false,"template":"","format":"standard","meta":{"footnotes":""},"categories":[1,6745],"tags":[5814,7187,2736,972,5649,2760],"class_list":["post-422217","post","type-post","status-publish","format-standard","has-post-thumbnail","hentry","category-noticias","category-saude","tag-diabetes","tag-doencas-respiratorias","tag-idosos","tag-literacia-em-saude","tag-obesidade","tag-virus-sincicial-respiratorio"],"yoast_head":"<!-- This site is optimized with the Yoast SEO plugin v27.2 - https:\/\/yoast.com\/product\/yoast-seo-wordpress\/ -->\n<title>VSR aumenta risco para adultos mais velhos e doentes cr\u00f3nicos - Portal Tela Portugal<\/title>\n<meta name=\"robots\" content=\"index, follow, max-snippet:-1, max-image-preview:large, max-video-preview:-1\" \/>\n<meta property=\"og:locale\" content=\"pt_PT\" \/>\n<meta property=\"og:type\" content=\"article\" \/>\n<meta property=\"og:title\" content=\"VSR aumenta risco para adultos mais velhos e doentes cr\u00f3nicos - Portal Tela Portugal\" \/>\n<meta property=\"og:description\" content=\"O v\u00edrus sincicial respirat\u00f3rio (VSR) representa risco relevante para adultos mais velhos e pessoas com doen\u00e7as cr\u00f3nicas, podendo causar complica\u00e7\u00f5es graves e mortalidade. O estudo ROSA, na Unidade Local de Sa\u00fade de Matosinhos, mostrou que at\u00e9 10% das interna\u00e7\u00f5es por infec\u00e7\u00f5es respirat\u00f3rias s\u00e3o por VSR, com custo de internamento de 4.757 euros e mortalidade hospitalar de cerca de 20%. Dados de outras unidades de sa\u00fade do pa\u00eds, onde o estudo est\u00e1 a ser replicado, indicam uma tend\u00eancia nacional de elevada preval\u00eancia de admiss\u00f5es por VSR em adultos. Especialistas defendem a preven\u00e7\u00e3o como resposta principal, dada a aus\u00eancia de tratamento espec\u00edfico, com impacto nas comorbidades, decl\u00ednio funcional e necessidade de oxigenoterapia. Doentes cr\u00f3nicos e associa\u00e7\u00f5es pedem maior literacia, prote\u00e7\u00e3o\/vacina\u00e7\u00e3o e comparticipa\u00e7\u00e3o de vacinas para reduzir internamentos e pneumonias associadas ao VSR.\" \/>\n<meta property=\"og:url\" content=\"https:\/\/portaltela.pt\/noticias\/2026\/03\/26\/vsr-aumenta-risco-para-adultos-mais-velhos-e-doentes-cronicos\/\" \/>\n<meta property=\"og:site_name\" content=\"Portal Tela Portugal\" \/>\n<meta property=\"article:published_time\" content=\"2026-03-26T12:48:00+00:00\" \/>\n<meta name=\"author\" content=\"Telinha\" \/>\n<meta name=\"twitter:card\" content=\"summary_large_image\" \/>\n<meta name=\"twitter:label1\" content=\"Escrito por\" \/>\n\t<meta name=\"twitter:data1\" content=\"Telinha\" \/>\n\t<meta name=\"twitter:label2\" content=\"Tempo estimado de leitura\" \/>\n\t<meta name=\"twitter:data2\" content=\"2 minutos\" \/>\n<script type=\"application\/ld+json\" class=\"yoast-schema-graph\">{\"@context\":\"https:\/\/schema.org\",\"@graph\":[{\"@type\":\"Article\",\"@id\":\"https:\/\/portaltela.pt\/noticias\/2026\/03\/26\/vsr-aumenta-risco-para-adultos-mais-velhos-e-doentes-cronicos\/#article\",\"isPartOf\":{\"@id\":\"https:\/\/portaltela.pt\/noticias\/2026\/03\/26\/vsr-aumenta-risco-para-adultos-mais-velhos-e-doentes-cronicos\/\"},\"author\":{\"name\":\"Telinha\",\"@id\":\"https:\/\/portaltela.pt\/#\/schema\/person\/c4278d4a6028830caff9ee44b42d32ed\"},\"headline\":\"VSR aumenta risco para adultos mais velhos e doentes cr\u00f3nicos\",\"datePublished\":\"2026-03-26T12:48:00+00:00\",\"mainEntityOfPage\":{\"@id\":\"https:\/\/portaltela.pt\/noticias\/2026\/03\/26\/vsr-aumenta-risco-para-adultos-mais-velhos-e-doentes-cronicos\/\"},\"wordCount\":474,\"image\":{\"@id\":\"https:\/\/portaltela.pt\/noticias\/2026\/03\/26\/vsr-aumenta-risco-para-adultos-mais-velhos-e-doentes-cronicos\/#primaryimage\"},\"thumbnailUrl\":\"https:\/\/portaltela.pt\/s.01k8rhncp4jt1\/2026\/03\/2076299.jpg\",\"keywords\":[\"diabetes\",\"Doen\u00e7as respirat\u00f3rias\",\"idosos\",\"literacia em sa\u00fade\",\"obesidade\",\"V\u00edrus Sincicial Respirat\u00f3rio\"],\"articleSection\":[\"Not\u00edcias\",\"Sa\u00fade\"],\"inLanguage\":\"pt-PT\"},{\"@type\":\"WebPage\",\"@id\":\"https:\/\/portaltela.pt\/noticias\/2026\/03\/26\/vsr-aumenta-risco-para-adultos-mais-velhos-e-doentes-cronicos\/\",\"url\":\"https:\/\/portaltela.pt\/noticias\/2026\/03\/26\/vsr-aumenta-risco-para-adultos-mais-velhos-e-doentes-cronicos\/\",\"name\":\"VSR aumenta risco para adultos mais velhos e doentes cr\u00f3nicos - Portal Tela Portugal\",\"isPartOf\":{\"@id\":\"https:\/\/portaltela.pt\/#website\"},\"primaryImageOfPage\":{\"@id\":\"https:\/\/portaltela.pt\/noticias\/2026\/03\/26\/vsr-aumenta-risco-para-adultos-mais-velhos-e-doentes-cronicos\/#primaryimage\"},\"image\":{\"@id\":\"https:\/\/portaltela.pt\/noticias\/2026\/03\/26\/vsr-aumenta-risco-para-adultos-mais-velhos-e-doentes-cronicos\/#primaryimage\"},\"thumbnailUrl\":\"https:\/\/portaltela.pt\/s.01k8rhncp4jt1\/2026\/03\/2076299.jpg\",\"datePublished\":\"2026-03-26T12:48:00+00:00\",\"author\":{\"@id\":\"https:\/\/portaltela.pt\/#\/schema\/person\/c4278d4a6028830caff9ee44b42d32ed\"},\"breadcrumb\":{\"@id\":\"https:\/\/portaltela.pt\/noticias\/2026\/03\/26\/vsr-aumenta-risco-para-adultos-mais-velhos-e-doentes-cronicos\/#breadcrumb\"},\"inLanguage\":\"pt-PT\",\"potentialAction\":[{\"@type\":\"ReadAction\",\"target\":[\"https:\/\/portaltela.pt\/noticias\/2026\/03\/26\/vsr-aumenta-risco-para-adultos-mais-velhos-e-doentes-cronicos\/\"]}]},{\"@type\":\"ImageObject\",\"inLanguage\":\"pt-PT\",\"@id\":\"https:\/\/portaltela.pt\/noticias\/2026\/03\/26\/vsr-aumenta-risco-para-adultos-mais-velhos-e-doentes-cronicos\/#primaryimage\",\"url\":\"https:\/\/portaltela.pt\/s.01k8rhncp4jt1\/2026\/03\/2076299.jpg\",\"contentUrl\":\"https:\/\/portaltela.pt\/s.01k8rhncp4jt1\/2026\/03\/2076299.jpg\",\"width\":796,\"height\":448,\"caption\":\"Ant\u00f3nio Saraiva\"},{\"@type\":\"BreadcrumbList\",\"@id\":\"https:\/\/portaltela.pt\/noticias\/2026\/03\/26\/vsr-aumenta-risco-para-adultos-mais-velhos-e-doentes-cronicos\/#breadcrumb\",\"itemListElement\":[{\"@type\":\"ListItem\",\"position\":1,\"name\":\"In\u00edcio\",\"item\":\"https:\/\/portaltela.pt\/\"},{\"@type\":\"ListItem\",\"position\":2,\"name\":\"VSR aumenta risco para adultos mais velhos e doentes cr\u00f3nicos\"}]},{\"@type\":\"WebSite\",\"@id\":\"https:\/\/portaltela.pt\/#website\",\"url\":\"https:\/\/portaltela.pt\/\",\"name\":\"Portal Tela Portugal\",\"description\":\"\",\"potentialAction\":[{\"@type\":\"SearchAction\",\"target\":{\"@type\":\"EntryPoint\",\"urlTemplate\":\"https:\/\/portaltela.pt\/?s={search_term_string}\"},\"query-input\":{\"@type\":\"PropertyValueSpecification\",\"valueRequired\":true,\"valueName\":\"search_term_string\"}}],\"inLanguage\":\"pt-PT\"},{\"@type\":\"Person\",\"@id\":\"https:\/\/portaltela.pt\/#\/schema\/person\/c4278d4a6028830caff9ee44b42d32ed\",\"name\":\"Telinha\",\"image\":{\"@type\":\"ImageObject\",\"inLanguage\":\"pt-PT\",\"@id\":\"https:\/\/portaltela.pt\/s.01k8rhncp4jt1\/2025\/11\/talking-bot-125x125.png\",\"url\":\"https:\/\/portaltela.pt\/s.01k8rhncp4jt1\/2025\/11\/talking-bot-125x125.png\",\"contentUrl\":\"https:\/\/portaltela.pt\/s.01k8rhncp4jt1\/2025\/11\/talking-bot-125x125.png\",\"caption\":\"Telinha\"},\"sameAs\":[\"https:\/\/portaltela.pt\/\"],\"url\":\"https:\/\/portaltela.pt\/por\/367410592786\/\"}]}<\/script>\n<!-- \/ Yoast SEO plugin. -->","yoast_head_json":{"title":"VSR aumenta risco para adultos mais velhos e doentes cr\u00f3nicos - Portal Tela Portugal","robots":{"index":"index","follow":"follow","max-snippet":"max-snippet:-1","max-image-preview":"max-image-preview:large","max-video-preview":"max-video-preview:-1"},"og_locale":"pt_PT","og_type":"article","og_title":"VSR aumenta risco para adultos mais velhos e doentes cr\u00f3nicos - Portal Tela Portugal","og_description":"O v\u00edrus sincicial respirat\u00f3rio (VSR) representa risco relevante para adultos mais velhos e pessoas com doen\u00e7as cr\u00f3nicas, podendo causar complica\u00e7\u00f5es graves e mortalidade. O estudo ROSA, na Unidade Local de Sa\u00fade de Matosinhos, mostrou que at\u00e9 10% das interna\u00e7\u00f5es por infec\u00e7\u00f5es respirat\u00f3rias s\u00e3o por VSR, com custo de internamento de 4.757 euros e mortalidade hospitalar de cerca de 20%. Dados de outras unidades de sa\u00fade do pa\u00eds, onde o estudo est\u00e1 a ser replicado, indicam uma tend\u00eancia nacional de elevada preval\u00eancia de admiss\u00f5es por VSR em adultos. Especialistas defendem a preven\u00e7\u00e3o como resposta principal, dada a aus\u00eancia de tratamento espec\u00edfico, com impacto nas comorbidades, decl\u00ednio funcional e necessidade de oxigenoterapia. Doentes cr\u00f3nicos e associa\u00e7\u00f5es pedem maior literacia, prote\u00e7\u00e3o\/vacina\u00e7\u00e3o e comparticipa\u00e7\u00e3o de vacinas para reduzir internamentos e pneumonias associadas ao VSR.","og_url":"https:\/\/portaltela.pt\/noticias\/2026\/03\/26\/vsr-aumenta-risco-para-adultos-mais-velhos-e-doentes-cronicos\/","og_site_name":"Portal Tela Portugal","article_published_time":"2026-03-26T12:48:00+00:00","author":"Telinha","twitter_card":"summary_large_image","twitter_misc":{"Escrito por":"Telinha","Tempo estimado de leitura":"2 minutos"},"schema":{"@context":"https:\/\/schema.org","@graph":[{"@type":"Article","@id":"https:\/\/portaltela.pt\/noticias\/2026\/03\/26\/vsr-aumenta-risco-para-adultos-mais-velhos-e-doentes-cronicos\/#article","isPartOf":{"@id":"https:\/\/portaltela.pt\/noticias\/2026\/03\/26\/vsr-aumenta-risco-para-adultos-mais-velhos-e-doentes-cronicos\/"},"author":{"name":"Telinha","@id":"https:\/\/portaltela.pt\/#\/schema\/person\/c4278d4a6028830caff9ee44b42d32ed"},"headline":"VSR aumenta risco para adultos mais velhos e doentes cr\u00f3nicos","datePublished":"2026-03-26T12:48:00+00:00","mainEntityOfPage":{"@id":"https:\/\/portaltela.pt\/noticias\/2026\/03\/26\/vsr-aumenta-risco-para-adultos-mais-velhos-e-doentes-cronicos\/"},"wordCount":474,"image":{"@id":"https:\/\/portaltela.pt\/noticias\/2026\/03\/26\/vsr-aumenta-risco-para-adultos-mais-velhos-e-doentes-cronicos\/#primaryimage"},"thumbnailUrl":"https:\/\/portaltela.pt\/s.01k8rhncp4jt1\/2026\/03\/2076299.jpg","keywords":["diabetes","Doen\u00e7as respirat\u00f3rias","idosos","literacia em sa\u00fade","obesidade","V\u00edrus Sincicial Respirat\u00f3rio"],"articleSection":["Not\u00edcias","Sa\u00fade"],"inLanguage":"pt-PT"},{"@type":"WebPage","@id":"https:\/\/portaltela.pt\/noticias\/2026\/03\/26\/vsr-aumenta-risco-para-adultos-mais-velhos-e-doentes-cronicos\/","url":"https:\/\/portaltela.pt\/noticias\/2026\/03\/26\/vsr-aumenta-risco-para-adultos-mais-velhos-e-doentes-cronicos\/","name":"VSR aumenta risco para adultos mais velhos e doentes cr\u00f3nicos - Portal Tela Portugal","isPartOf":{"@id":"https:\/\/portaltela.pt\/#website"},"primaryImageOfPage":{"@id":"https:\/\/portaltela.pt\/noticias\/2026\/03\/26\/vsr-aumenta-risco-para-adultos-mais-velhos-e-doentes-cronicos\/#primaryimage"},"image":{"@id":"https:\/\/portaltela.pt\/noticias\/2026\/03\/26\/vsr-aumenta-risco-para-adultos-mais-velhos-e-doentes-cronicos\/#primaryimage"},"thumbnailUrl":"https:\/\/portaltela.pt\/s.01k8rhncp4jt1\/2026\/03\/2076299.jpg","datePublished":"2026-03-26T12:48:00+00:00","author":{"@id":"https:\/\/portaltela.pt\/#\/schema\/person\/c4278d4a6028830caff9ee44b42d32ed"},"breadcrumb":{"@id":"https:\/\/portaltela.pt\/noticias\/2026\/03\/26\/vsr-aumenta-risco-para-adultos-mais-velhos-e-doentes-cronicos\/#breadcrumb"},"inLanguage":"pt-PT","potentialAction":[{"@type":"ReadAction","target":["https:\/\/portaltela.pt\/noticias\/2026\/03\/26\/vsr-aumenta-risco-para-adultos-mais-velhos-e-doentes-cronicos\/"]}]},{"@type":"ImageObject","inLanguage":"pt-PT","@id":"https:\/\/portaltela.pt\/noticias\/2026\/03\/26\/vsr-aumenta-risco-para-adultos-mais-velhos-e-doentes-cronicos\/#primaryimage","url":"https:\/\/portaltela.pt\/s.01k8rhncp4jt1\/2026\/03\/2076299.jpg","contentUrl":"https:\/\/portaltela.pt\/s.01k8rhncp4jt1\/2026\/03\/2076299.jpg","width":796,"height":448,"caption":"Ant\u00f3nio Saraiva"},{"@type":"BreadcrumbList","@id":"https:\/\/portaltela.pt\/noticias\/2026\/03\/26\/vsr-aumenta-risco-para-adultos-mais-velhos-e-doentes-cronicos\/#breadcrumb","itemListElement":[{"@type":"ListItem","position":1,"name":"In\u00edcio","item":"https:\/\/portaltela.pt\/"},{"@type":"ListItem","position":2,"name":"VSR aumenta risco para adultos mais velhos e doentes cr\u00f3nicos"}]},{"@type":"WebSite","@id":"https:\/\/portaltela.pt\/#website","url":"https:\/\/portaltela.pt\/","name":"Portal Tela Portugal","description":"","potentialAction":[{"@type":"SearchAction","target":{"@type":"EntryPoint","urlTemplate":"https:\/\/portaltela.pt\/?s={search_term_string}"},"query-input":{"@type":"PropertyValueSpecification","valueRequired":true,"valueName":"search_term_string"}}],"inLanguage":"pt-PT"},{"@type":"Person","@id":"https:\/\/portaltela.pt\/#\/schema\/person\/c4278d4a6028830caff9ee44b42d32ed","name":"Telinha","image":{"@type":"ImageObject","inLanguage":"pt-PT","@id":"https:\/\/portaltela.pt\/s.01k8rhncp4jt1\/2025\/11\/talking-bot-125x125.png","url":"https:\/\/portaltela.pt\/s.01k8rhncp4jt1\/2025\/11\/talking-bot-125x125.png","contentUrl":"https:\/\/portaltela.pt\/s.01k8rhncp4jt1\/2025\/11\/talking-bot-125x125.png","caption":"Telinha"},"sameAs":["https:\/\/portaltela.pt\/"],"url":"https:\/\/portaltela.pt\/por\/367410592786\/"}]}},"_links":{"self":[{"href":"https:\/\/portaltela.pt\/api\/wp\/v2\/posts\/422217","targetHints":{"allow":["GET"]}}],"collection":[{"href":"https:\/\/portaltela.pt\/api\/wp\/v2\/posts"}],"about":[{"href":"https:\/\/portaltela.pt\/api\/wp\/v2\/types\/post"}],"author":[{"embeddable":true,"href":"https:\/\/portaltela.pt\/api\/wp\/v2\/users\/2"}],"replies":[{"embeddable":true,"href":"https:\/\/portaltela.pt\/api\/wp\/v2\/comments?post=422217"}],"version-history":[{"count":0,"href":"https:\/\/portaltela.pt\/api\/wp\/v2\/posts\/422217\/revisions"}],"wp:featuredmedia":[{"embeddable":true,"href":"https:\/\/portaltela.pt\/api\/wp\/v2\/media\/422220"}],"wp:attachment":[{"href":"https:\/\/portaltela.pt\/api\/wp\/v2\/media?parent=422217"}],"wp:term":[{"taxonomy":"category","embeddable":true,"href":"https:\/\/portaltela.pt\/api\/wp\/v2\/categories?post=422217"},{"taxonomy":"post_tag","embeddable":true,"href":"https:\/\/portaltela.pt\/api\/wp\/v2\/tags?post=422217"}],"curies":[{"name":"wp","href":"https:\/\/api.w.org\/{rel}","templated":true}]}}