{"id":422216,"date":"2026-03-26T09:42:59","date_gmt":"2026-03-26T12:42:59","guid":{"rendered":"https:\/\/portaltela.pt\/noticias\/2026\/03\/26\/enzo-barrenechea-na-lista-de-arrependimentos-da-juventus\/"},"modified":"2026-03-26T09:42:59","modified_gmt":"2026-03-26T12:42:59","slug":"enzo-barrenechea-na-lista-de-arrependimentos-da-juventus","status":"publish","type":"post","link":"https:\/\/portaltela.pt\/desporto\/futebol\/2026\/03\/26\/enzo-barrenechea-na-lista-de-arrependimentos-da-juventus\/","title":{"rendered":"Enzo Barrenechea na lista de arrependimentos da Juventus"},"content":{"rendered":"<p>Enzo Barrenechea est\u00e1 a entrar na lista de arrependimentos da Juventus, segundo a Gazzetta dello Sport. O m\u00e9dio argentino, que foi figura-chave do Benfica no arranque da temporada, acabou por perder momentum ao longo do ciclo.<\/p>\n<p>O jogador pertenceu \u00e0 Juventus entre 2019 e 2024, com um empr\u00e9stimo ao Valencia na \u00faltima \u00e9poca, inclu\u00edda uma cl\u00e1usula de compra de 15 milh\u00f5es de euros. O neg\u00f3cio ligou-o ainda ao Aston Villa, no regresso definitivo ao futebol italiano para o neg\u00f3cio de Douglas Luiz.<\/p>\n<p>No ver\u00e3o de 2025, Barrenechea foi cedido pelo Villa ao Benfica por empr\u00e9stimo, com uma cl\u00e1usula de obriga\u00e7\u00e3o de compra associada, fixada em cerca de 15 milh\u00f5es de euros. O conjunto encarnado j\u00e1 tem a op\u00e7\u00e3o de tornar o neg\u00f3cio definitivo, mediante essa cl\u00e1usula.<\/p>\n<p>Atualmante, j\u00e1 disputou 39 jogos pelo Benfica, com dois golos e uma assist\u00eancia. O valor da transfer\u00eancia e a evolu\u00e7\u00e3o do empr\u00e9stimo s\u00e3o quest\u00f5es centrais para a an\u00e1lise da gest\u00e3o de ativos da Juventus no \u00faltimo mercado. ### Detalhes contratuais<\/p>\n<p>A opera\u00e7\u00e3o envolve o encaixe financeiro estimado pela imprensa italiana como o retorno de valor pr\u00f3ximo do dobro do que a Juventus obteve originalmente com a venda. De acordo com v\u00e1rias fontes, a situa\u00e7\u00e3o refor\u00e7a o debate interno sobre a valoriza\u00e7\u00e3o de jogadores cedidos.<\/p>\n","protected":false},"excerpt":{"rendered":"<ul>\n<li>Enzo Barrenechea \u00e9 citado pela Gazzetta dello Sport na lista de arrependimentos da Juventus relacionada ao \u00faltimo mercado de transfer\u00eancias.<\/li>\n<li>O m\u00e9dio argentino representou a Juventus entre 2019 e 2024, tendo sido emprestado ao Valencia na \u00faltima temporada com uma cl\u00e1usula de compra de 15 milh\u00f5es de euros.<\/li>\n<li>Antes disso, Barrenechea atuou pelo Frosinone em 2023\/24, ap\u00f3s ter sido transferido pela Juventus, que o levou a Turim em 2019.<\/li>\n<li>O movimento finalizou com o Aston Villa, em troca pela transfer\u00eancia de Douglas Luiz para a Juventus, avaliado em 8 milh\u00f5es de euros (mais 3 milh\u00f5es em b\u00f3nus).<\/li>\n<li>Em 2025, Barrenechea foi cedido pelo Aston Villa ao Benfica por empr\u00e9stimo, com uma obriga\u00e7\u00e3o de compra prevista em cerca de 15 milh\u00f5es de euros; j\u00e1 soma 39 jogos pelo Benfica, com dois golos e uma assist\u00eancia.<\/li>\n<\/ul>\n","protected":false},"author":2,"featured_media":422219,"comment_status":"closed","ping_status":"closed","sticky":false,"template":"","format":"standard","meta":{"footnotes":""},"categories":[21,24],"tags":[1946,6646,2457,32,2050,1633],"class_list":["post-422216","post","type-post","status-publish","format-standard","has-post-thumbnail","hentry","category-desporto","category-futebol","tag-benfica","tag-clausulas","tag-emprestimos","tag-futebol","tag-transferencias","tag-transferencias-internacionais"],"yoast_head":"<!-- This site is optimized with the Yoast SEO plugin v27.2 - https:\/\/yoast.com\/product\/yoast-seo-wordpress\/ -->\n<title>Enzo Barrenechea na lista de arrependimentos da Juventus - Portal Tela Portugal<\/title>\n<meta name=\"robots\" content=\"index, follow, max-snippet:-1, max-image-preview:large, max-video-preview:-1\" \/>\n<meta property=\"og:locale\" content=\"pt_PT\" \/>\n<meta property=\"og:type\" content=\"article\" \/>\n<meta property=\"og:title\" content=\"Enzo Barrenechea na lista de arrependimentos da Juventus - Portal Tela Portugal\" \/>\n<meta property=\"og:description\" content=\"Enzo Barrenechea \u00e9 citado pela Gazzetta dello Sport na lista de arrependimentos da Juventus relacionada ao \u00faltimo mercado de transfer\u00eancias. O m\u00e9dio argentino representou a Juventus entre 2019 e 2024, tendo sido emprestado ao Valencia na \u00faltima temporada com uma cl\u00e1usula de compra de 15 milh\u00f5es de euros. Antes disso, Barrenechea atuou pelo Frosinone em 2023\/24, ap\u00f3s ter sido transferido pela Juventus, que o levou a Turim em 2019. O movimento finalizou com o Aston Villa, em troca pela transfer\u00eancia de Douglas Luiz para a Juventus, avaliado em 8 milh\u00f5es de euros (mais 3 milh\u00f5es em b\u00f3nus). Em 2025, Barrenechea foi cedido pelo Aston Villa ao Benfica por empr\u00e9stimo, com uma obriga\u00e7\u00e3o de compra prevista em cerca de 15 milh\u00f5es de euros; j\u00e1 soma 39 jogos pelo Benfica, com dois golos e uma assist\u00eancia.\" \/>\n<meta property=\"og:url\" content=\"https:\/\/portaltela.pt\/noticias\/2026\/03\/26\/enzo-barrenechea-na-lista-de-arrependimentos-da-juventus\/\" \/>\n<meta property=\"og:site_name\" content=\"Portal Tela Portugal\" \/>\n<meta property=\"article:published_time\" content=\"2026-03-26T12:42:59+00:00\" \/>\n<meta name=\"author\" content=\"Telinha\" \/>\n<meta name=\"twitter:card\" content=\"summary_large_image\" \/>\n<meta name=\"twitter:label1\" content=\"Escrito por\" \/>\n\t<meta name=\"twitter:data1\" content=\"Telinha\" \/>\n\t<meta name=\"twitter:label2\" content=\"Tempo estimado de leitura\" \/>\n\t<meta name=\"twitter:data2\" content=\"1 minuto\" \/>\n<script type=\"application\/ld+json\" class=\"yoast-schema-graph\">{\"@context\":\"https:\/\/schema.org\",\"@graph\":[{\"@type\":\"Article\",\"@id\":\"https:\/\/portaltela.pt\/noticias\/2026\/03\/26\/enzo-barrenechea-na-lista-de-arrependimentos-da-juventus\/#article\",\"isPartOf\":{\"@id\":\"https:\/\/portaltela.pt\/noticias\/2026\/03\/26\/enzo-barrenechea-na-lista-de-arrependimentos-da-juventus\/\"},\"author\":{\"name\":\"Telinha\",\"@id\":\"https:\/\/portaltela.pt\/#\/schema\/person\/c4278d4a6028830caff9ee44b42d32ed\"},\"headline\":\"Enzo Barrenechea na lista de arrependimentos da Juventus\",\"datePublished\":\"2026-03-26T12:42:59+00:00\",\"mainEntityOfPage\":{\"@id\":\"https:\/\/portaltela.pt\/noticias\/2026\/03\/26\/enzo-barrenechea-na-lista-de-arrependimentos-da-juventus\/\"},\"wordCount\":239,\"image\":{\"@id\":\"https:\/\/portaltela.pt\/noticias\/2026\/03\/26\/enzo-barrenechea-na-lista-de-arrependimentos-da-juventus\/#primaryimage\"},\"thumbnailUrl\":\"https:\/\/portaltela.pt\/s.01k8rhncp4jt1\/2026\/03\/img_920x518uu2026-02-22-11-17-51-2423042.jpg\",\"keywords\":[\"Benfica\",\"cl\u00e1usulas\",\"empr\u00e9stimos\",\"futebol\",\"transfer\u00eancias\",\"transfer\u00eancias internacionais\"],\"articleSection\":[\"Desporto\",\"Futebol\"],\"inLanguage\":\"pt-PT\"},{\"@type\":\"WebPage\",\"@id\":\"https:\/\/portaltela.pt\/noticias\/2026\/03\/26\/enzo-barrenechea-na-lista-de-arrependimentos-da-juventus\/\",\"url\":\"https:\/\/portaltela.pt\/noticias\/2026\/03\/26\/enzo-barrenechea-na-lista-de-arrependimentos-da-juventus\/\",\"name\":\"Enzo Barrenechea na lista de arrependimentos da Juventus - Portal Tela Portugal\",\"isPartOf\":{\"@id\":\"https:\/\/portaltela.pt\/#website\"},\"primaryImageOfPage\":{\"@id\":\"https:\/\/portaltela.pt\/noticias\/2026\/03\/26\/enzo-barrenechea-na-lista-de-arrependimentos-da-juventus\/#primaryimage\"},\"image\":{\"@id\":\"https:\/\/portaltela.pt\/noticias\/2026\/03\/26\/enzo-barrenechea-na-lista-de-arrependimentos-da-juventus\/#primaryimage\"},\"thumbnailUrl\":\"https:\/\/portaltela.pt\/s.01k8rhncp4jt1\/2026\/03\/img_920x518uu2026-02-22-11-17-51-2423042.jpg\",\"datePublished\":\"2026-03-26T12:42:59+00:00\",\"author\":{\"@id\":\"https:\/\/portaltela.pt\/#\/schema\/person\/c4278d4a6028830caff9ee44b42d32ed\"},\"breadcrumb\":{\"@id\":\"https:\/\/portaltela.pt\/noticias\/2026\/03\/26\/enzo-barrenechea-na-lista-de-arrependimentos-da-juventus\/#breadcrumb\"},\"inLanguage\":\"pt-PT\",\"potentialAction\":[{\"@type\":\"ReadAction\",\"target\":[\"https:\/\/portaltela.pt\/noticias\/2026\/03\/26\/enzo-barrenechea-na-lista-de-arrependimentos-da-juventus\/\"]}]},{\"@type\":\"ImageObject\",\"inLanguage\":\"pt-PT\",\"@id\":\"https:\/\/portaltela.pt\/noticias\/2026\/03\/26\/enzo-barrenechea-na-lista-de-arrependimentos-da-juventus\/#primaryimage\",\"url\":\"https:\/\/portaltela.pt\/s.01k8rhncp4jt1\/2026\/03\/img_920x518uu2026-02-22-11-17-51-2423042.jpg\",\"contentUrl\":\"https:\/\/portaltela.pt\/s.01k8rhncp4jt1\/2026\/03\/img_920x518uu2026-02-22-11-17-51-2423042.jpg\",\"width\":920,\"height\":518,\"caption\":\"Enzo Barrenechea\"},{\"@type\":\"BreadcrumbList\",\"@id\":\"https:\/\/portaltela.pt\/noticias\/2026\/03\/26\/enzo-barrenechea-na-lista-de-arrependimentos-da-juventus\/#breadcrumb\",\"itemListElement\":[{\"@type\":\"ListItem\",\"position\":1,\"name\":\"In\u00edcio\",\"item\":\"https:\/\/portaltela.pt\/\"},{\"@type\":\"ListItem\",\"position\":2,\"name\":\"Enzo Barrenechea na lista de arrependimentos da Juventus\"}]},{\"@type\":\"WebSite\",\"@id\":\"https:\/\/portaltela.pt\/#website\",\"url\":\"https:\/\/portaltela.pt\/\",\"name\":\"Portal Tela Portugal\",\"description\":\"\",\"potentialAction\":[{\"@type\":\"SearchAction\",\"target\":{\"@type\":\"EntryPoint\",\"urlTemplate\":\"https:\/\/portaltela.pt\/?s={search_term_string}\"},\"query-input\":{\"@type\":\"PropertyValueSpecification\",\"valueRequired\":true,\"valueName\":\"search_term_string\"}}],\"inLanguage\":\"pt-PT\"},{\"@type\":\"Person\",\"@id\":\"https:\/\/portaltela.pt\/#\/schema\/person\/c4278d4a6028830caff9ee44b42d32ed\",\"name\":\"Telinha\",\"image\":{\"@type\":\"ImageObject\",\"inLanguage\":\"pt-PT\",\"@id\":\"https:\/\/portaltela.pt\/s.01k8rhncp4jt1\/2025\/11\/talking-bot-125x125.png\",\"url\":\"https:\/\/portaltela.pt\/s.01k8rhncp4jt1\/2025\/11\/talking-bot-125x125.png\",\"contentUrl\":\"https:\/\/portaltela.pt\/s.01k8rhncp4jt1\/2025\/11\/talking-bot-125x125.png\",\"caption\":\"Telinha\"},\"sameAs\":[\"https:\/\/portaltela.pt\/\"],\"url\":\"https:\/\/portaltela.pt\/por\/367410592786\/\"}]}<\/script>\n<!-- \/ Yoast SEO plugin. -->","yoast_head_json":{"title":"Enzo Barrenechea na lista de arrependimentos da Juventus - Portal Tela Portugal","robots":{"index":"index","follow":"follow","max-snippet":"max-snippet:-1","max-image-preview":"max-image-preview:large","max-video-preview":"max-video-preview:-1"},"og_locale":"pt_PT","og_type":"article","og_title":"Enzo Barrenechea na lista de arrependimentos da Juventus - Portal Tela Portugal","og_description":"Enzo Barrenechea \u00e9 citado pela Gazzetta dello Sport na lista de arrependimentos da Juventus relacionada ao \u00faltimo mercado de transfer\u00eancias. O m\u00e9dio argentino representou a Juventus entre 2019 e 2024, tendo sido emprestado ao Valencia na \u00faltima temporada com uma cl\u00e1usula de compra de 15 milh\u00f5es de euros. Antes disso, Barrenechea atuou pelo Frosinone em 2023\/24, ap\u00f3s ter sido transferido pela Juventus, que o levou a Turim em 2019. O movimento finalizou com o Aston Villa, em troca pela transfer\u00eancia de Douglas Luiz para a Juventus, avaliado em 8 milh\u00f5es de euros (mais 3 milh\u00f5es em b\u00f3nus). Em 2025, Barrenechea foi cedido pelo Aston Villa ao Benfica por empr\u00e9stimo, com uma obriga\u00e7\u00e3o de compra prevista em cerca de 15 milh\u00f5es de euros; j\u00e1 soma 39 jogos pelo Benfica, com dois golos e uma assist\u00eancia.","og_url":"https:\/\/portaltela.pt\/noticias\/2026\/03\/26\/enzo-barrenechea-na-lista-de-arrependimentos-da-juventus\/","og_site_name":"Portal Tela Portugal","article_published_time":"2026-03-26T12:42:59+00:00","author":"Telinha","twitter_card":"summary_large_image","twitter_misc":{"Escrito por":"Telinha","Tempo estimado de leitura":"1 minuto"},"schema":{"@context":"https:\/\/schema.org","@graph":[{"@type":"Article","@id":"https:\/\/portaltela.pt\/noticias\/2026\/03\/26\/enzo-barrenechea-na-lista-de-arrependimentos-da-juventus\/#article","isPartOf":{"@id":"https:\/\/portaltela.pt\/noticias\/2026\/03\/26\/enzo-barrenechea-na-lista-de-arrependimentos-da-juventus\/"},"author":{"name":"Telinha","@id":"https:\/\/portaltela.pt\/#\/schema\/person\/c4278d4a6028830caff9ee44b42d32ed"},"headline":"Enzo Barrenechea na lista de arrependimentos da Juventus","datePublished":"2026-03-26T12:42:59+00:00","mainEntityOfPage":{"@id":"https:\/\/portaltela.pt\/noticias\/2026\/03\/26\/enzo-barrenechea-na-lista-de-arrependimentos-da-juventus\/"},"wordCount":239,"image":{"@id":"https:\/\/portaltela.pt\/noticias\/2026\/03\/26\/enzo-barrenechea-na-lista-de-arrependimentos-da-juventus\/#primaryimage"},"thumbnailUrl":"https:\/\/portaltela.pt\/s.01k8rhncp4jt1\/2026\/03\/img_920x518uu2026-02-22-11-17-51-2423042.jpg","keywords":["Benfica","cl\u00e1usulas","empr\u00e9stimos","futebol","transfer\u00eancias","transfer\u00eancias internacionais"],"articleSection":["Desporto","Futebol"],"inLanguage":"pt-PT"},{"@type":"WebPage","@id":"https:\/\/portaltela.pt\/noticias\/2026\/03\/26\/enzo-barrenechea-na-lista-de-arrependimentos-da-juventus\/","url":"https:\/\/portaltela.pt\/noticias\/2026\/03\/26\/enzo-barrenechea-na-lista-de-arrependimentos-da-juventus\/","name":"Enzo Barrenechea na lista de arrependimentos da Juventus - Portal Tela Portugal","isPartOf":{"@id":"https:\/\/portaltela.pt\/#website"},"primaryImageOfPage":{"@id":"https:\/\/portaltela.pt\/noticias\/2026\/03\/26\/enzo-barrenechea-na-lista-de-arrependimentos-da-juventus\/#primaryimage"},"image":{"@id":"https:\/\/portaltela.pt\/noticias\/2026\/03\/26\/enzo-barrenechea-na-lista-de-arrependimentos-da-juventus\/#primaryimage"},"thumbnailUrl":"https:\/\/portaltela.pt\/s.01k8rhncp4jt1\/2026\/03\/img_920x518uu2026-02-22-11-17-51-2423042.jpg","datePublished":"2026-03-26T12:42:59+00:00","author":{"@id":"https:\/\/portaltela.pt\/#\/schema\/person\/c4278d4a6028830caff9ee44b42d32ed"},"breadcrumb":{"@id":"https:\/\/portaltela.pt\/noticias\/2026\/03\/26\/enzo-barrenechea-na-lista-de-arrependimentos-da-juventus\/#breadcrumb"},"inLanguage":"pt-PT","potentialAction":[{"@type":"ReadAction","target":["https:\/\/portaltela.pt\/noticias\/2026\/03\/26\/enzo-barrenechea-na-lista-de-arrependimentos-da-juventus\/"]}]},{"@type":"ImageObject","inLanguage":"pt-PT","@id":"https:\/\/portaltela.pt\/noticias\/2026\/03\/26\/enzo-barrenechea-na-lista-de-arrependimentos-da-juventus\/#primaryimage","url":"https:\/\/portaltela.pt\/s.01k8rhncp4jt1\/2026\/03\/img_920x518uu2026-02-22-11-17-51-2423042.jpg","contentUrl":"https:\/\/portaltela.pt\/s.01k8rhncp4jt1\/2026\/03\/img_920x518uu2026-02-22-11-17-51-2423042.jpg","width":920,"height":518,"caption":"Enzo Barrenechea"},{"@type":"BreadcrumbList","@id":"https:\/\/portaltela.pt\/noticias\/2026\/03\/26\/enzo-barrenechea-na-lista-de-arrependimentos-da-juventus\/#breadcrumb","itemListElement":[{"@type":"ListItem","position":1,"name":"In\u00edcio","item":"https:\/\/portaltela.pt\/"},{"@type":"ListItem","position":2,"name":"Enzo Barrenechea na lista de arrependimentos da Juventus"}]},{"@type":"WebSite","@id":"https:\/\/portaltela.pt\/#website","url":"https:\/\/portaltela.pt\/","name":"Portal Tela Portugal","description":"","potentialAction":[{"@type":"SearchAction","target":{"@type":"EntryPoint","urlTemplate":"https:\/\/portaltela.pt\/?s={search_term_string}"},"query-input":{"@type":"PropertyValueSpecification","valueRequired":true,"valueName":"search_term_string"}}],"inLanguage":"pt-PT"},{"@type":"Person","@id":"https:\/\/portaltela.pt\/#\/schema\/person\/c4278d4a6028830caff9ee44b42d32ed","name":"Telinha","image":{"@type":"ImageObject","inLanguage":"pt-PT","@id":"https:\/\/portaltela.pt\/s.01k8rhncp4jt1\/2025\/11\/talking-bot-125x125.png","url":"https:\/\/portaltela.pt\/s.01k8rhncp4jt1\/2025\/11\/talking-bot-125x125.png","contentUrl":"https:\/\/portaltela.pt\/s.01k8rhncp4jt1\/2025\/11\/talking-bot-125x125.png","caption":"Telinha"},"sameAs":["https:\/\/portaltela.pt\/"],"url":"https:\/\/portaltela.pt\/por\/367410592786\/"}]}},"_links":{"self":[{"href":"https:\/\/portaltela.pt\/api\/wp\/v2\/posts\/422216","targetHints":{"allow":["GET"]}}],"collection":[{"href":"https:\/\/portaltela.pt\/api\/wp\/v2\/posts"}],"about":[{"href":"https:\/\/portaltela.pt\/api\/wp\/v2\/types\/post"}],"author":[{"embeddable":true,"href":"https:\/\/portaltela.pt\/api\/wp\/v2\/users\/2"}],"replies":[{"embeddable":true,"href":"https:\/\/portaltela.pt\/api\/wp\/v2\/comments?post=422216"}],"version-history":[{"count":0,"href":"https:\/\/portaltela.pt\/api\/wp\/v2\/posts\/422216\/revisions"}],"wp:featuredmedia":[{"embeddable":true,"href":"https:\/\/portaltela.pt\/api\/wp\/v2\/media\/422219"}],"wp:attachment":[{"href":"https:\/\/portaltela.pt\/api\/wp\/v2\/media?parent=422216"}],"wp:term":[{"taxonomy":"category","embeddable":true,"href":"https:\/\/portaltela.pt\/api\/wp\/v2\/categories?post=422216"},{"taxonomy":"post_tag","embeddable":true,"href":"https:\/\/portaltela.pt\/api\/wp\/v2\/tags?post=422216"}],"curies":[{"name":"wp","href":"https:\/\/api.w.org\/{rel}","templated":true}]}}