{"id":422204,"date":"2026-03-25T21:00:00","date_gmt":"2026-03-26T00:00:00","guid":{"rendered":"https:\/\/portaltela.pt\/noticias\/2026\/03\/25\/como-nos-comportamos-quando-sentimos-que-temos-tempo\/"},"modified":"2026-03-25T21:00:00","modified_gmt":"2026-03-26T00:00:00","slug":"como-nos-comportamos-quando-sentimos-que-temos-tempo","status":"publish","type":"post","link":"https:\/\/portaltela.pt\/clima\/2026\/03\/25\/como-nos-comportamos-quando-sentimos-que-temos-tempo\/","title":{"rendered":"Como nos comportamos quando sentimos que temos tempo"},"content":{"rendered":"<p>Ap\u00f3s d\u00e9cadas de conflitos, a Dinamarca reuniu os seus advers\u00e1rios hist\u00f3ricos em torno de um Acordo Tripartido Verde. Agricultura industrial, conserva\u00e7\u00e3o da natureza, sindicatos e organiza\u00e7\u00f5es ambientais criaram 23 grupos locais para redesenhar o pa\u00eds com base em dados cient\u00edficos.<\/p>\n<p>O objetivo \u00e9 reduzir emiss\u00f5es de CO2, retirar terras da produ\u00e7\u00e3o ganhando espa\u00e7o para zonas h\u00famidas e restaurar ecossistemas, mantendo a produ\u00e7\u00e3o e o emprego. A iniciativa nasceu de um consenso entre setores embutido em pol\u00edticas p\u00fablicas.<\/p>\n<h3>Dinamarca mostra caminho, Portugal analisa<\/h3>\n<p>A not\u00edcia foi partilhada por Henrik Vejre numa confer\u00eancia sobre pol\u00edticas baseadas em ci\u00eancia, organizada pela Terra e Change. O debate questionou se Portugal est\u00e1 preparado para uma experi\u00eancia tripartida semelhante.<\/p>\n<h3>Desafios nacionais em foco<\/h3>\n<p>Durante a mesa-redonda moderada por Humberto Delgado Rosa, destacou-se a aus\u00eancia de uma cultura de consensualiza\u00e7\u00e3o em Portugal. A partilha de decis\u00f5es entre governo, agricultores e comunidades permanece fraca.<\/p>\n<h3>Ci\u00eancia e governan\u00e7a em tens\u00e3o<\/h3>\n<p>Helena Freitas alertou para a convoca\u00e7\u00e3o espor\u00e1dica de ci\u00eancia apenas em crises, citando inc\u00eandios de 2017 e 2022. Estruturas p\u00fablicas desmantelam-se quando a aten\u00e7\u00e3o medi\u00e1tica diminui. Cheias do Baixo Mondego tamb\u00e9m foram mencionadas.<\/p>\n<h3>Disponibilidade de dados e coopera\u00e7\u00e3o<\/h3>\n<p>Rui Ferreira dos Santos sublinhou lacunas na avalia\u00e7\u00e3o de medidas, devido \u00e0 falta de ferramentas nacionais. Cristina M\u00e1guas apontou dados dispersos entre CCDR, IPMA e ICNF, dificultando respostas estruturadas.<\/p>\n<h3>Necessidade de atua\u00e7\u00e3o local<\/h3>\n<p>Jos\u00e9 Lima Santos defendeu que a concerta\u00e7\u00e3o precisa de proximidade com agricultores, autarcas e comunidades. Sem di\u00e1logo direto com quem gere o territ\u00f3rio, a concerta\u00e7\u00e3o n\u00e3o funciona.<\/p>\n<h3>Caminho para uma transi\u00e7\u00e3o clim\u00e1tica<\/h3>\n<p>Portugal precisa de vontade pol\u00edtica para pensar al\u00e9m do pr\u00f3ximo ciclo eleitoral. A Dinamarca demorou d\u00e9cadas para chegar a este modelo; o tempo em Portugal, dizem os debatedores, pode ser curto. O artigo sustenta uma reflex\u00e3o sobre prioridades p\u00fablicas.<\/p>\n","protected":false},"excerpt":{"rendered":"<ul>\n<li>Na Dinamarca, agricultora industrial, ind\u00fastria, sindicatos e organiza\u00e7\u00f5es ambientalistas criaram o Acordo Tripartido Verde, com 23 grupos locais a redesenhar o territ\u00f3rio com base em dados cient\u00edficos, aplicando taxas de CO\u2082, retirando terras da produ\u00e7\u00e3o e restaurando zonas h\u00famidas.<\/li>\n<li>A not\u00edcia questiona se Portugal est\u00e1 preparado para uma iniciativa semelhante, destacando a falta de uma cultura de consensualiza\u00e7\u00e3o e de planeamento partilhado entre setores.<\/li>\n<li>Observadores apontam problemas de governan\u00e7a em Portugal: reatividade, uso da ci\u00eancia apenas em crises e dados cient\u00edficos fragmentados entre v\u00e1rias entidades p\u00fablicas.<\/li>\n<li>Exemplos citados mostram fragilidades na gest\u00e3o integrada de recursos: inc\u00eandios de grande dimens\u00e3o, cheias recentes no Baixo Mondego e promessas de infraestruturas que n\u00e3o acompanham a ci\u00eancia.<\/li>\n<li>Conclui-se que uma concerta\u00e7\u00e3o tripartida requer interven\u00e7\u00e3o a escala local, di\u00e1logo direto com agricultores, autarcas e comunidades, bem como vontade pol\u00edtica de tomar decis\u00f5es para al\u00e9m do pr\u00f3ximo ciclo eleitoral.<\/li>\n<\/ul>\n","protected":false},"author":2,"featured_media":422210,"comment_status":"closed","ping_status":"closed","sticky":false,"template":"","format":"standard","meta":{"footnotes":""},"categories":[7380],"tags":[2053,1992,4880,5072,34,2832],"class_list":["post-422204","post","type-post","status-publish","format-standard","has-post-thumbnail","hentry","category-clima","tag-acao-climatica","tag-ciencia","tag-conservacao-ambiental","tag-descarbonizacao","tag-governo","tag-politica"],"yoast_head":"<!-- This site is optimized with the Yoast SEO plugin v27.2 - https:\/\/yoast.com\/product\/yoast-seo-wordpress\/ -->\n<title>Como nos comportamos quando sentimos que temos tempo - Portal Tela Portugal<\/title>\n<meta name=\"robots\" content=\"index, follow, max-snippet:-1, max-image-preview:large, max-video-preview:-1\" \/>\n<meta property=\"og:locale\" content=\"pt_PT\" \/>\n<meta property=\"og:type\" content=\"article\" \/>\n<meta property=\"og:title\" content=\"Como nos comportamos quando sentimos que temos tempo - Portal Tela Portugal\" \/>\n<meta property=\"og:description\" content=\"Na Dinamarca, agricultora industrial, ind\u00fastria, sindicatos e organiza\u00e7\u00f5es ambientalistas criaram o Acordo Tripartido Verde, com 23 grupos locais a redesenhar o territ\u00f3rio com base em dados cient\u00edficos, aplicando taxas de CO\u2082, retirando terras da produ\u00e7\u00e3o e restaurando zonas h\u00famidas. A not\u00edcia questiona se Portugal est\u00e1 preparado para uma iniciativa semelhante, destacando a falta de uma cultura de consensualiza\u00e7\u00e3o e de planeamento partilhado entre setores. Observadores apontam problemas de governan\u00e7a em Portugal: reatividade, uso da ci\u00eancia apenas em crises e dados cient\u00edficos fragmentados entre v\u00e1rias entidades p\u00fablicas. Exemplos citados mostram fragilidades na gest\u00e3o integrada de recursos: inc\u00eandios de grande dimens\u00e3o, cheias recentes no Baixo Mondego e promessas de infraestruturas que n\u00e3o acompanham a ci\u00eancia. Conclui-se que uma concerta\u00e7\u00e3o tripartida requer interven\u00e7\u00e3o a escala local, di\u00e1logo direto com agricultores, autarcas e comunidades, bem como vontade pol\u00edtica de tomar decis\u00f5es para al\u00e9m do pr\u00f3ximo ciclo eleitoral.\" \/>\n<meta property=\"og:url\" content=\"https:\/\/portaltela.pt\/noticias\/2026\/03\/25\/como-nos-comportamos-quando-sentimos-que-temos-tempo\/\" \/>\n<meta property=\"og:site_name\" content=\"Portal Tela Portugal\" \/>\n<meta property=\"article:published_time\" content=\"2026-03-26T00:00:00+00:00\" \/>\n<meta name=\"author\" content=\"Telinha\" \/>\n<meta name=\"twitter:card\" content=\"summary_large_image\" \/>\n<meta name=\"twitter:label1\" content=\"Escrito por\" \/>\n\t<meta name=\"twitter:data1\" content=\"Telinha\" \/>\n\t<meta name=\"twitter:label2\" content=\"Tempo estimado de leitura\" \/>\n\t<meta name=\"twitter:data2\" content=\"2 minutos\" \/>\n<script type=\"application\/ld+json\" class=\"yoast-schema-graph\">{\"@context\":\"https:\/\/schema.org\",\"@graph\":[{\"@type\":\"Article\",\"@id\":\"https:\/\/portaltela.pt\/noticias\/2026\/03\/25\/como-nos-comportamos-quando-sentimos-que-temos-tempo\/#article\",\"isPartOf\":{\"@id\":\"https:\/\/portaltela.pt\/noticias\/2026\/03\/25\/como-nos-comportamos-quando-sentimos-que-temos-tempo\/\"},\"author\":{\"name\":\"Telinha\",\"@id\":\"https:\/\/portaltela.pt\/#\/schema\/person\/c4278d4a6028830caff9ee44b42d32ed\"},\"headline\":\"Como nos comportamos quando sentimos que temos tempo\",\"datePublished\":\"2026-03-26T00:00:00+00:00\",\"mainEntityOfPage\":{\"@id\":\"https:\/\/portaltela.pt\/noticias\/2026\/03\/25\/como-nos-comportamos-quando-sentimos-que-temos-tempo\/\"},\"wordCount\":347,\"image\":{\"@id\":\"https:\/\/portaltela.pt\/noticias\/2026\/03\/25\/como-nos-comportamos-quando-sentimos-que-temos-tempo\/#primaryimage\"},\"thumbnailUrl\":\"https:\/\/portaltela.pt\/s.01k8rhncp4jt1\/2026\/03\/1530339.jpg\",\"keywords\":[\"A\u00e7\u00e3o Clim\u00e1tica\",\"ci\u00eancia\",\"conserva\u00e7\u00e3o ambiental\",\"descarboniza\u00e7\u00e3o\",\"governo\",\"pol\u00edtica\"],\"articleSection\":[\"Clima\"],\"inLanguage\":\"pt-PT\"},{\"@type\":\"WebPage\",\"@id\":\"https:\/\/portaltela.pt\/noticias\/2026\/03\/25\/como-nos-comportamos-quando-sentimos-que-temos-tempo\/\",\"url\":\"https:\/\/portaltela.pt\/noticias\/2026\/03\/25\/como-nos-comportamos-quando-sentimos-que-temos-tempo\/\",\"name\":\"Como nos comportamos quando sentimos que temos tempo - Portal Tela Portugal\",\"isPartOf\":{\"@id\":\"https:\/\/portaltela.pt\/#website\"},\"primaryImageOfPage\":{\"@id\":\"https:\/\/portaltela.pt\/noticias\/2026\/03\/25\/como-nos-comportamos-quando-sentimos-que-temos-tempo\/#primaryimage\"},\"image\":{\"@id\":\"https:\/\/portaltela.pt\/noticias\/2026\/03\/25\/como-nos-comportamos-quando-sentimos-que-temos-tempo\/#primaryimage\"},\"thumbnailUrl\":\"https:\/\/portaltela.pt\/s.01k8rhncp4jt1\/2026\/03\/1530339.jpg\",\"datePublished\":\"2026-03-26T00:00:00+00:00\",\"author\":{\"@id\":\"https:\/\/portaltela.pt\/#\/schema\/person\/c4278d4a6028830caff9ee44b42d32ed\"},\"breadcrumb\":{\"@id\":\"https:\/\/portaltela.pt\/noticias\/2026\/03\/25\/como-nos-comportamos-quando-sentimos-que-temos-tempo\/#breadcrumb\"},\"inLanguage\":\"pt-PT\",\"potentialAction\":[{\"@type\":\"ReadAction\",\"target\":[\"https:\/\/portaltela.pt\/noticias\/2026\/03\/25\/como-nos-comportamos-quando-sentimos-que-temos-tempo\/\"]}]},{\"@type\":\"ImageObject\",\"inLanguage\":\"pt-PT\",\"@id\":\"https:\/\/portaltela.pt\/noticias\/2026\/03\/25\/como-nos-comportamos-quando-sentimos-que-temos-tempo\/#primaryimage\",\"url\":\"https:\/\/portaltela.pt\/s.01k8rhncp4jt1\/2026\/03\/1530339.jpg\",\"contentUrl\":\"https:\/\/portaltela.pt\/s.01k8rhncp4jt1\/2026\/03\/1530339.jpg\",\"width\":796,\"height\":448,\"caption\":\"Photo\"},{\"@type\":\"BreadcrumbList\",\"@id\":\"https:\/\/portaltela.pt\/noticias\/2026\/03\/25\/como-nos-comportamos-quando-sentimos-que-temos-tempo\/#breadcrumb\",\"itemListElement\":[{\"@type\":\"ListItem\",\"position\":1,\"name\":\"In\u00edcio\",\"item\":\"https:\/\/portaltela.pt\/\"},{\"@type\":\"ListItem\",\"position\":2,\"name\":\"Como nos comportamos quando sentimos que temos tempo\"}]},{\"@type\":\"WebSite\",\"@id\":\"https:\/\/portaltela.pt\/#website\",\"url\":\"https:\/\/portaltela.pt\/\",\"name\":\"Portal Tela Portugal\",\"description\":\"\",\"potentialAction\":[{\"@type\":\"SearchAction\",\"target\":{\"@type\":\"EntryPoint\",\"urlTemplate\":\"https:\/\/portaltela.pt\/?s={search_term_string}\"},\"query-input\":{\"@type\":\"PropertyValueSpecification\",\"valueRequired\":true,\"valueName\":\"search_term_string\"}}],\"inLanguage\":\"pt-PT\"},{\"@type\":\"Person\",\"@id\":\"https:\/\/portaltela.pt\/#\/schema\/person\/c4278d4a6028830caff9ee44b42d32ed\",\"name\":\"Telinha\",\"image\":{\"@type\":\"ImageObject\",\"inLanguage\":\"pt-PT\",\"@id\":\"https:\/\/portaltela.pt\/s.01k8rhncp4jt1\/2025\/11\/talking-bot-125x125.png\",\"url\":\"https:\/\/portaltela.pt\/s.01k8rhncp4jt1\/2025\/11\/talking-bot-125x125.png\",\"contentUrl\":\"https:\/\/portaltela.pt\/s.01k8rhncp4jt1\/2025\/11\/talking-bot-125x125.png\",\"caption\":\"Telinha\"},\"sameAs\":[\"https:\/\/portaltela.pt\/\"],\"url\":\"https:\/\/portaltela.pt\/por\/367410592786\/\"}]}<\/script>\n<!-- \/ Yoast SEO plugin. -->","yoast_head_json":{"title":"Como nos comportamos quando sentimos que temos tempo - Portal Tela Portugal","robots":{"index":"index","follow":"follow","max-snippet":"max-snippet:-1","max-image-preview":"max-image-preview:large","max-video-preview":"max-video-preview:-1"},"og_locale":"pt_PT","og_type":"article","og_title":"Como nos comportamos quando sentimos que temos tempo - Portal Tela Portugal","og_description":"Na Dinamarca, agricultora industrial, ind\u00fastria, sindicatos e organiza\u00e7\u00f5es ambientalistas criaram o Acordo Tripartido Verde, com 23 grupos locais a redesenhar o territ\u00f3rio com base em dados cient\u00edficos, aplicando taxas de CO\u2082, retirando terras da produ\u00e7\u00e3o e restaurando zonas h\u00famidas. A not\u00edcia questiona se Portugal est\u00e1 preparado para uma iniciativa semelhante, destacando a falta de uma cultura de consensualiza\u00e7\u00e3o e de planeamento partilhado entre setores. Observadores apontam problemas de governan\u00e7a em Portugal: reatividade, uso da ci\u00eancia apenas em crises e dados cient\u00edficos fragmentados entre v\u00e1rias entidades p\u00fablicas. Exemplos citados mostram fragilidades na gest\u00e3o integrada de recursos: inc\u00eandios de grande dimens\u00e3o, cheias recentes no Baixo Mondego e promessas de infraestruturas que n\u00e3o acompanham a ci\u00eancia. Conclui-se que uma concerta\u00e7\u00e3o tripartida requer interven\u00e7\u00e3o a escala local, di\u00e1logo direto com agricultores, autarcas e comunidades, bem como vontade pol\u00edtica de tomar decis\u00f5es para al\u00e9m do pr\u00f3ximo ciclo eleitoral.","og_url":"https:\/\/portaltela.pt\/noticias\/2026\/03\/25\/como-nos-comportamos-quando-sentimos-que-temos-tempo\/","og_site_name":"Portal Tela Portugal","article_published_time":"2026-03-26T00:00:00+00:00","author":"Telinha","twitter_card":"summary_large_image","twitter_misc":{"Escrito por":"Telinha","Tempo estimado de leitura":"2 minutos"},"schema":{"@context":"https:\/\/schema.org","@graph":[{"@type":"Article","@id":"https:\/\/portaltela.pt\/noticias\/2026\/03\/25\/como-nos-comportamos-quando-sentimos-que-temos-tempo\/#article","isPartOf":{"@id":"https:\/\/portaltela.pt\/noticias\/2026\/03\/25\/como-nos-comportamos-quando-sentimos-que-temos-tempo\/"},"author":{"name":"Telinha","@id":"https:\/\/portaltela.pt\/#\/schema\/person\/c4278d4a6028830caff9ee44b42d32ed"},"headline":"Como nos comportamos quando sentimos que temos tempo","datePublished":"2026-03-26T00:00:00+00:00","mainEntityOfPage":{"@id":"https:\/\/portaltela.pt\/noticias\/2026\/03\/25\/como-nos-comportamos-quando-sentimos-que-temos-tempo\/"},"wordCount":347,"image":{"@id":"https:\/\/portaltela.pt\/noticias\/2026\/03\/25\/como-nos-comportamos-quando-sentimos-que-temos-tempo\/#primaryimage"},"thumbnailUrl":"https:\/\/portaltela.pt\/s.01k8rhncp4jt1\/2026\/03\/1530339.jpg","keywords":["A\u00e7\u00e3o Clim\u00e1tica","ci\u00eancia","conserva\u00e7\u00e3o ambiental","descarboniza\u00e7\u00e3o","governo","pol\u00edtica"],"articleSection":["Clima"],"inLanguage":"pt-PT"},{"@type":"WebPage","@id":"https:\/\/portaltela.pt\/noticias\/2026\/03\/25\/como-nos-comportamos-quando-sentimos-que-temos-tempo\/","url":"https:\/\/portaltela.pt\/noticias\/2026\/03\/25\/como-nos-comportamos-quando-sentimos-que-temos-tempo\/","name":"Como nos comportamos quando sentimos que temos tempo - Portal Tela Portugal","isPartOf":{"@id":"https:\/\/portaltela.pt\/#website"},"primaryImageOfPage":{"@id":"https:\/\/portaltela.pt\/noticias\/2026\/03\/25\/como-nos-comportamos-quando-sentimos-que-temos-tempo\/#primaryimage"},"image":{"@id":"https:\/\/portaltela.pt\/noticias\/2026\/03\/25\/como-nos-comportamos-quando-sentimos-que-temos-tempo\/#primaryimage"},"thumbnailUrl":"https:\/\/portaltela.pt\/s.01k8rhncp4jt1\/2026\/03\/1530339.jpg","datePublished":"2026-03-26T00:00:00+00:00","author":{"@id":"https:\/\/portaltela.pt\/#\/schema\/person\/c4278d4a6028830caff9ee44b42d32ed"},"breadcrumb":{"@id":"https:\/\/portaltela.pt\/noticias\/2026\/03\/25\/como-nos-comportamos-quando-sentimos-que-temos-tempo\/#breadcrumb"},"inLanguage":"pt-PT","potentialAction":[{"@type":"ReadAction","target":["https:\/\/portaltela.pt\/noticias\/2026\/03\/25\/como-nos-comportamos-quando-sentimos-que-temos-tempo\/"]}]},{"@type":"ImageObject","inLanguage":"pt-PT","@id":"https:\/\/portaltela.pt\/noticias\/2026\/03\/25\/como-nos-comportamos-quando-sentimos-que-temos-tempo\/#primaryimage","url":"https:\/\/portaltela.pt\/s.01k8rhncp4jt1\/2026\/03\/1530339.jpg","contentUrl":"https:\/\/portaltela.pt\/s.01k8rhncp4jt1\/2026\/03\/1530339.jpg","width":796,"height":448,"caption":"Photo"},{"@type":"BreadcrumbList","@id":"https:\/\/portaltela.pt\/noticias\/2026\/03\/25\/como-nos-comportamos-quando-sentimos-que-temos-tempo\/#breadcrumb","itemListElement":[{"@type":"ListItem","position":1,"name":"In\u00edcio","item":"https:\/\/portaltela.pt\/"},{"@type":"ListItem","position":2,"name":"Como nos comportamos quando sentimos que temos tempo"}]},{"@type":"WebSite","@id":"https:\/\/portaltela.pt\/#website","url":"https:\/\/portaltela.pt\/","name":"Portal Tela Portugal","description":"","potentialAction":[{"@type":"SearchAction","target":{"@type":"EntryPoint","urlTemplate":"https:\/\/portaltela.pt\/?s={search_term_string}"},"query-input":{"@type":"PropertyValueSpecification","valueRequired":true,"valueName":"search_term_string"}}],"inLanguage":"pt-PT"},{"@type":"Person","@id":"https:\/\/portaltela.pt\/#\/schema\/person\/c4278d4a6028830caff9ee44b42d32ed","name":"Telinha","image":{"@type":"ImageObject","inLanguage":"pt-PT","@id":"https:\/\/portaltela.pt\/s.01k8rhncp4jt1\/2025\/11\/talking-bot-125x125.png","url":"https:\/\/portaltela.pt\/s.01k8rhncp4jt1\/2025\/11\/talking-bot-125x125.png","contentUrl":"https:\/\/portaltela.pt\/s.01k8rhncp4jt1\/2025\/11\/talking-bot-125x125.png","caption":"Telinha"},"sameAs":["https:\/\/portaltela.pt\/"],"url":"https:\/\/portaltela.pt\/por\/367410592786\/"}]}},"_links":{"self":[{"href":"https:\/\/portaltela.pt\/api\/wp\/v2\/posts\/422204","targetHints":{"allow":["GET"]}}],"collection":[{"href":"https:\/\/portaltela.pt\/api\/wp\/v2\/posts"}],"about":[{"href":"https:\/\/portaltela.pt\/api\/wp\/v2\/types\/post"}],"author":[{"embeddable":true,"href":"https:\/\/portaltela.pt\/api\/wp\/v2\/users\/2"}],"replies":[{"embeddable":true,"href":"https:\/\/portaltela.pt\/api\/wp\/v2\/comments?post=422204"}],"version-history":[{"count":0,"href":"https:\/\/portaltela.pt\/api\/wp\/v2\/posts\/422204\/revisions"}],"wp:featuredmedia":[{"embeddable":true,"href":"https:\/\/portaltela.pt\/api\/wp\/v2\/media\/422210"}],"wp:attachment":[{"href":"https:\/\/portaltela.pt\/api\/wp\/v2\/media?parent=422204"}],"wp:term":[{"taxonomy":"category","embeddable":true,"href":"https:\/\/portaltela.pt\/api\/wp\/v2\/categories?post=422204"},{"taxonomy":"post_tag","embeddable":true,"href":"https:\/\/portaltela.pt\/api\/wp\/v2\/tags?post=422204"}],"curies":[{"name":"wp","href":"https:\/\/api.w.org\/{rel}","templated":true}]}}