{"id":422201,"date":"2026-03-26T09:07:00","date_gmt":"2026-03-26T12:07:00","guid":{"rendered":"https:\/\/portaltela.pt\/noticias\/2026\/03\/26\/ue-nao-prolonga-regras-de-detecao-de-abuso-sexual-infantil-online\/"},"modified":"2026-03-26T09:07:00","modified_gmt":"2026-03-26T12:07:00","slug":"ue-nao-prolonga-regras-de-detecao-de-abuso-sexual-infantil-online","status":"publish","type":"post","link":"https:\/\/portaltela.pt\/noticias\/2026\/03\/26\/ue-nao-prolonga-regras-de-detecao-de-abuso-sexual-infantil-online\/","title":{"rendered":"UE n\u00e3o prolonga regras de dete\u00e7\u00e3o de abuso sexual infantil online"},"content":{"rendered":"<p>A Uni\u00e3o Europeia decidiu n\u00e3o prolongar as regras que permitem detectar abuso sexual infantil online. Essas normas v\u00e3o caducar a 3 de abril, ap\u00f3s o Parlamento Europeu ter rejeitado a proposta apresentada pela Comiss\u00e3o Europeia.<\/p>\n<p>O envolvimento central nesta decis\u00e3o \u00e9 do Parlamento Europeu, que rejeitou a proposta da Comiss\u00e3o Europeia. A decis\u00e3o encerra o regime de dete\u00e7\u00e3o implementado at\u00e9 agora no espa\u00e7o digital da UE.<\/p>\n<p>A medida visava facilitar a identifica\u00e7\u00e3o de conte\u00fados de abuso infantil online pelos servi\u00e7os digitais. Com a rejei\u00e7\u00e3o, n\u00e3o haver\u00e1 extens\u00e3o autom\u00e1tica das regras para al\u00e9m da data de caducidade, mantendo o atual quadro regulat\u00f3rio at\u00e9 nova determina\u00e7\u00e3o.<\/p>\n","protected":false},"excerpt":{"rendered":"<ul>\n<li>A Uni\u00e3o Europeia n\u00e3o vai prolongar as regras de dete\u00e7\u00e3o de abuso sexual infantil online.<\/li>\n<li>As regras expiram a 3 de abril.<\/li>\n<li>O Parlamento Europeu rejeitou a proposta da Comiss\u00e3o Europeia.<\/li>\n<li>A decis\u00e3o implica que as regras atuais n\u00e3o ser\u00e3o renovadas.<\/li>\n<\/ul>\n","protected":false},"author":2,"featured_media":422207,"comment_status":"closed","ping_status":"closed","sticky":false,"template":"","format":"standard","meta":{"footnotes":""},"categories":[6814,1],"tags":[1455,7076,3990,5065,5194],"class_list":["post-422201","post","type-post","status-publish","format-standard","has-post-thumbnail","hentry","category-geopolitica","category-noticias","tag-abuso-de-menor-dependente","tag-abuso-de-menores","tag-crimes-sexuais","tag-crimes-sexuais-contra-menores","tag-exploracao-de-menores"],"yoast_head":"<!-- This site is optimized with the Yoast SEO plugin v27.2 - https:\/\/yoast.com\/product\/yoast-seo-wordpress\/ -->\n<title>UE n\u00e3o prolonga regras de dete\u00e7\u00e3o de abuso sexual infantil online - Portal Tela Portugal<\/title>\n<meta name=\"robots\" content=\"index, follow, max-snippet:-1, max-image-preview:large, max-video-preview:-1\" \/>\n<meta property=\"og:locale\" content=\"pt_PT\" \/>\n<meta property=\"og:type\" content=\"article\" \/>\n<meta property=\"og:title\" content=\"UE n\u00e3o prolonga regras de dete\u00e7\u00e3o de abuso sexual infantil online - Portal Tela Portugal\" \/>\n<meta property=\"og:description\" content=\"A Uni\u00e3o Europeia n\u00e3o vai prolongar as regras de dete\u00e7\u00e3o de abuso sexual infantil online. As regras expiram a 3 de abril. O Parlamento Europeu rejeitou a proposta da Comiss\u00e3o Europeia. A decis\u00e3o implica que as regras atuais n\u00e3o ser\u00e3o renovadas.\" \/>\n<meta property=\"og:url\" content=\"https:\/\/portaltela.pt\/noticias\/2026\/03\/26\/ue-nao-prolonga-regras-de-detecao-de-abuso-sexual-infantil-online\/\" \/>\n<meta property=\"og:site_name\" content=\"Portal Tela Portugal\" \/>\n<meta property=\"article:published_time\" content=\"2026-03-26T12:07:00+00:00\" \/>\n<meta name=\"author\" content=\"Telinha\" \/>\n<meta name=\"twitter:card\" content=\"summary_large_image\" \/>\n<meta name=\"twitter:label1\" content=\"Escrito por\" \/>\n\t<meta name=\"twitter:data1\" content=\"Telinha\" \/>\n\t<meta name=\"twitter:label2\" content=\"Tempo estimado de leitura\" \/>\n\t<meta name=\"twitter:data2\" content=\"1 minuto\" \/>\n<script type=\"application\/ld+json\" class=\"yoast-schema-graph\">{\"@context\":\"https:\/\/schema.org\",\"@graph\":[{\"@type\":\"Article\",\"@id\":\"https:\/\/portaltela.pt\/noticias\/2026\/03\/26\/ue-nao-prolonga-regras-de-detecao-de-abuso-sexual-infantil-online\/#article\",\"isPartOf\":{\"@id\":\"https:\/\/portaltela.pt\/noticias\/2026\/03\/26\/ue-nao-prolonga-regras-de-detecao-de-abuso-sexual-infantil-online\/\"},\"author\":{\"name\":\"Telinha\",\"@id\":\"https:\/\/portaltela.pt\/#\/schema\/person\/c4278d4a6028830caff9ee44b42d32ed\"},\"headline\":\"UE n\u00e3o prolonga regras de dete\u00e7\u00e3o de abuso sexual infantil online\",\"datePublished\":\"2026-03-26T12:07:00+00:00\",\"mainEntityOfPage\":{\"@id\":\"https:\/\/portaltela.pt\/noticias\/2026\/03\/26\/ue-nao-prolonga-regras-de-detecao-de-abuso-sexual-infantil-online\/\"},\"wordCount\":135,\"image\":{\"@id\":\"https:\/\/portaltela.pt\/noticias\/2026\/03\/26\/ue-nao-prolonga-regras-de-detecao-de-abuso-sexual-infantil-online\/#primaryimage\"},\"thumbnailUrl\":\"https:\/\/portaltela.pt\/s.01k8rhncp4jt1\/2026\/03\/CACHE_780X1200_ANALOG_WATERMARKED_19346951_364177_24072019042048-1.jpg\",\"keywords\":[\"abuso de menor dependente\",\"abuso de menores\",\"crimes sexuais\",\"crimes sexuais contra menores\",\"explora\u00e7\u00e3o de menores\"],\"articleSection\":[\"Geopol\u00edtica\",\"Not\u00edcias\"],\"inLanguage\":\"pt-PT\"},{\"@type\":\"WebPage\",\"@id\":\"https:\/\/portaltela.pt\/noticias\/2026\/03\/26\/ue-nao-prolonga-regras-de-detecao-de-abuso-sexual-infantil-online\/\",\"url\":\"https:\/\/portaltela.pt\/noticias\/2026\/03\/26\/ue-nao-prolonga-regras-de-detecao-de-abuso-sexual-infantil-online\/\",\"name\":\"UE n\u00e3o prolonga regras de dete\u00e7\u00e3o de abuso sexual infantil online - Portal Tela Portugal\",\"isPartOf\":{\"@id\":\"https:\/\/portaltela.pt\/#website\"},\"primaryImageOfPage\":{\"@id\":\"https:\/\/portaltela.pt\/noticias\/2026\/03\/26\/ue-nao-prolonga-regras-de-detecao-de-abuso-sexual-infantil-online\/#primaryimage\"},\"image\":{\"@id\":\"https:\/\/portaltela.pt\/noticias\/2026\/03\/26\/ue-nao-prolonga-regras-de-detecao-de-abuso-sexual-infantil-online\/#primaryimage\"},\"thumbnailUrl\":\"https:\/\/portaltela.pt\/s.01k8rhncp4jt1\/2026\/03\/CACHE_780X1200_ANALOG_WATERMARKED_19346951_364177_24072019042048-1.jpg\",\"datePublished\":\"2026-03-26T12:07:00+00:00\",\"author\":{\"@id\":\"https:\/\/portaltela.pt\/#\/schema\/person\/c4278d4a6028830caff9ee44b42d32ed\"},\"breadcrumb\":{\"@id\":\"https:\/\/portaltela.pt\/noticias\/2026\/03\/26\/ue-nao-prolonga-regras-de-detecao-de-abuso-sexual-infantil-online\/#breadcrumb\"},\"inLanguage\":\"pt-PT\",\"potentialAction\":[{\"@type\":\"ReadAction\",\"target\":[\"https:\/\/portaltela.pt\/noticias\/2026\/03\/26\/ue-nao-prolonga-regras-de-detecao-de-abuso-sexual-infantil-online\/\"]}]},{\"@type\":\"ImageObject\",\"inLanguage\":\"pt-PT\",\"@id\":\"https:\/\/portaltela.pt\/noticias\/2026\/03\/26\/ue-nao-prolonga-regras-de-detecao-de-abuso-sexual-infantil-online\/#primaryimage\",\"url\":\"https:\/\/portaltela.pt\/s.01k8rhncp4jt1\/2026\/03\/CACHE_780X1200_ANALOG_WATERMARKED_19346951_364177_24072019042048-1.jpg\",\"contentUrl\":\"https:\/\/portaltela.pt\/s.01k8rhncp4jt1\/2026\/03\/CACHE_780X1200_ANALOG_WATERMARKED_19346951_364177_24072019042048-1.jpg\",\"width\":796,\"height\":448,\"caption\":\"Uni\u00e3o Europeia n\u00e3o prolonga regras de dete\u00e7\u00e3o de abuso sexual infantil online\"},{\"@type\":\"BreadcrumbList\",\"@id\":\"https:\/\/portaltela.pt\/noticias\/2026\/03\/26\/ue-nao-prolonga-regras-de-detecao-de-abuso-sexual-infantil-online\/#breadcrumb\",\"itemListElement\":[{\"@type\":\"ListItem\",\"position\":1,\"name\":\"In\u00edcio\",\"item\":\"https:\/\/portaltela.pt\/\"},{\"@type\":\"ListItem\",\"position\":2,\"name\":\"UE n\u00e3o prolonga regras de dete\u00e7\u00e3o de abuso sexual infantil online\"}]},{\"@type\":\"WebSite\",\"@id\":\"https:\/\/portaltela.pt\/#website\",\"url\":\"https:\/\/portaltela.pt\/\",\"name\":\"Portal Tela Portugal\",\"description\":\"\",\"potentialAction\":[{\"@type\":\"SearchAction\",\"target\":{\"@type\":\"EntryPoint\",\"urlTemplate\":\"https:\/\/portaltela.pt\/?s={search_term_string}\"},\"query-input\":{\"@type\":\"PropertyValueSpecification\",\"valueRequired\":true,\"valueName\":\"search_term_string\"}}],\"inLanguage\":\"pt-PT\"},{\"@type\":\"Person\",\"@id\":\"https:\/\/portaltela.pt\/#\/schema\/person\/c4278d4a6028830caff9ee44b42d32ed\",\"name\":\"Telinha\",\"image\":{\"@type\":\"ImageObject\",\"inLanguage\":\"pt-PT\",\"@id\":\"https:\/\/portaltela.pt\/s.01k8rhncp4jt1\/2025\/11\/talking-bot-125x125.png\",\"url\":\"https:\/\/portaltela.pt\/s.01k8rhncp4jt1\/2025\/11\/talking-bot-125x125.png\",\"contentUrl\":\"https:\/\/portaltela.pt\/s.01k8rhncp4jt1\/2025\/11\/talking-bot-125x125.png\",\"caption\":\"Telinha\"},\"sameAs\":[\"https:\/\/portaltela.pt\/\"],\"url\":\"https:\/\/portaltela.pt\/por\/367410592786\/\"}]}<\/script>\n<!-- \/ Yoast SEO plugin. -->","yoast_head_json":{"title":"UE n\u00e3o prolonga regras de dete\u00e7\u00e3o de abuso sexual infantil online - Portal Tela Portugal","robots":{"index":"index","follow":"follow","max-snippet":"max-snippet:-1","max-image-preview":"max-image-preview:large","max-video-preview":"max-video-preview:-1"},"og_locale":"pt_PT","og_type":"article","og_title":"UE n\u00e3o prolonga regras de dete\u00e7\u00e3o de abuso sexual infantil online - Portal Tela Portugal","og_description":"A Uni\u00e3o Europeia n\u00e3o vai prolongar as regras de dete\u00e7\u00e3o de abuso sexual infantil online. As regras expiram a 3 de abril. O Parlamento Europeu rejeitou a proposta da Comiss\u00e3o Europeia. A decis\u00e3o implica que as regras atuais n\u00e3o ser\u00e3o renovadas.","og_url":"https:\/\/portaltela.pt\/noticias\/2026\/03\/26\/ue-nao-prolonga-regras-de-detecao-de-abuso-sexual-infantil-online\/","og_site_name":"Portal Tela Portugal","article_published_time":"2026-03-26T12:07:00+00:00","author":"Telinha","twitter_card":"summary_large_image","twitter_misc":{"Escrito por":"Telinha","Tempo estimado de leitura":"1 minuto"},"schema":{"@context":"https:\/\/schema.org","@graph":[{"@type":"Article","@id":"https:\/\/portaltela.pt\/noticias\/2026\/03\/26\/ue-nao-prolonga-regras-de-detecao-de-abuso-sexual-infantil-online\/#article","isPartOf":{"@id":"https:\/\/portaltela.pt\/noticias\/2026\/03\/26\/ue-nao-prolonga-regras-de-detecao-de-abuso-sexual-infantil-online\/"},"author":{"name":"Telinha","@id":"https:\/\/portaltela.pt\/#\/schema\/person\/c4278d4a6028830caff9ee44b42d32ed"},"headline":"UE n\u00e3o prolonga regras de dete\u00e7\u00e3o de abuso sexual infantil online","datePublished":"2026-03-26T12:07:00+00:00","mainEntityOfPage":{"@id":"https:\/\/portaltela.pt\/noticias\/2026\/03\/26\/ue-nao-prolonga-regras-de-detecao-de-abuso-sexual-infantil-online\/"},"wordCount":135,"image":{"@id":"https:\/\/portaltela.pt\/noticias\/2026\/03\/26\/ue-nao-prolonga-regras-de-detecao-de-abuso-sexual-infantil-online\/#primaryimage"},"thumbnailUrl":"https:\/\/portaltela.pt\/s.01k8rhncp4jt1\/2026\/03\/CACHE_780X1200_ANALOG_WATERMARKED_19346951_364177_24072019042048-1.jpg","keywords":["abuso de menor dependente","abuso de menores","crimes sexuais","crimes sexuais contra menores","explora\u00e7\u00e3o de menores"],"articleSection":["Geopol\u00edtica","Not\u00edcias"],"inLanguage":"pt-PT"},{"@type":"WebPage","@id":"https:\/\/portaltela.pt\/noticias\/2026\/03\/26\/ue-nao-prolonga-regras-de-detecao-de-abuso-sexual-infantil-online\/","url":"https:\/\/portaltela.pt\/noticias\/2026\/03\/26\/ue-nao-prolonga-regras-de-detecao-de-abuso-sexual-infantil-online\/","name":"UE n\u00e3o prolonga regras de dete\u00e7\u00e3o de abuso sexual infantil online - Portal Tela Portugal","isPartOf":{"@id":"https:\/\/portaltela.pt\/#website"},"primaryImageOfPage":{"@id":"https:\/\/portaltela.pt\/noticias\/2026\/03\/26\/ue-nao-prolonga-regras-de-detecao-de-abuso-sexual-infantil-online\/#primaryimage"},"image":{"@id":"https:\/\/portaltela.pt\/noticias\/2026\/03\/26\/ue-nao-prolonga-regras-de-detecao-de-abuso-sexual-infantil-online\/#primaryimage"},"thumbnailUrl":"https:\/\/portaltela.pt\/s.01k8rhncp4jt1\/2026\/03\/CACHE_780X1200_ANALOG_WATERMARKED_19346951_364177_24072019042048-1.jpg","datePublished":"2026-03-26T12:07:00+00:00","author":{"@id":"https:\/\/portaltela.pt\/#\/schema\/person\/c4278d4a6028830caff9ee44b42d32ed"},"breadcrumb":{"@id":"https:\/\/portaltela.pt\/noticias\/2026\/03\/26\/ue-nao-prolonga-regras-de-detecao-de-abuso-sexual-infantil-online\/#breadcrumb"},"inLanguage":"pt-PT","potentialAction":[{"@type":"ReadAction","target":["https:\/\/portaltela.pt\/noticias\/2026\/03\/26\/ue-nao-prolonga-regras-de-detecao-de-abuso-sexual-infantil-online\/"]}]},{"@type":"ImageObject","inLanguage":"pt-PT","@id":"https:\/\/portaltela.pt\/noticias\/2026\/03\/26\/ue-nao-prolonga-regras-de-detecao-de-abuso-sexual-infantil-online\/#primaryimage","url":"https:\/\/portaltela.pt\/s.01k8rhncp4jt1\/2026\/03\/CACHE_780X1200_ANALOG_WATERMARKED_19346951_364177_24072019042048-1.jpg","contentUrl":"https:\/\/portaltela.pt\/s.01k8rhncp4jt1\/2026\/03\/CACHE_780X1200_ANALOG_WATERMARKED_19346951_364177_24072019042048-1.jpg","width":796,"height":448,"caption":"Uni\u00e3o Europeia n\u00e3o prolonga regras de dete\u00e7\u00e3o de abuso sexual infantil online"},{"@type":"BreadcrumbList","@id":"https:\/\/portaltela.pt\/noticias\/2026\/03\/26\/ue-nao-prolonga-regras-de-detecao-de-abuso-sexual-infantil-online\/#breadcrumb","itemListElement":[{"@type":"ListItem","position":1,"name":"In\u00edcio","item":"https:\/\/portaltela.pt\/"},{"@type":"ListItem","position":2,"name":"UE n\u00e3o prolonga regras de dete\u00e7\u00e3o de abuso sexual infantil online"}]},{"@type":"WebSite","@id":"https:\/\/portaltela.pt\/#website","url":"https:\/\/portaltela.pt\/","name":"Portal Tela Portugal","description":"","potentialAction":[{"@type":"SearchAction","target":{"@type":"EntryPoint","urlTemplate":"https:\/\/portaltela.pt\/?s={search_term_string}"},"query-input":{"@type":"PropertyValueSpecification","valueRequired":true,"valueName":"search_term_string"}}],"inLanguage":"pt-PT"},{"@type":"Person","@id":"https:\/\/portaltela.pt\/#\/schema\/person\/c4278d4a6028830caff9ee44b42d32ed","name":"Telinha","image":{"@type":"ImageObject","inLanguage":"pt-PT","@id":"https:\/\/portaltela.pt\/s.01k8rhncp4jt1\/2025\/11\/talking-bot-125x125.png","url":"https:\/\/portaltela.pt\/s.01k8rhncp4jt1\/2025\/11\/talking-bot-125x125.png","contentUrl":"https:\/\/portaltela.pt\/s.01k8rhncp4jt1\/2025\/11\/talking-bot-125x125.png","caption":"Telinha"},"sameAs":["https:\/\/portaltela.pt\/"],"url":"https:\/\/portaltela.pt\/por\/367410592786\/"}]}},"_links":{"self":[{"href":"https:\/\/portaltela.pt\/api\/wp\/v2\/posts\/422201","targetHints":{"allow":["GET"]}}],"collection":[{"href":"https:\/\/portaltela.pt\/api\/wp\/v2\/posts"}],"about":[{"href":"https:\/\/portaltela.pt\/api\/wp\/v2\/types\/post"}],"author":[{"embeddable":true,"href":"https:\/\/portaltela.pt\/api\/wp\/v2\/users\/2"}],"replies":[{"embeddable":true,"href":"https:\/\/portaltela.pt\/api\/wp\/v2\/comments?post=422201"}],"version-history":[{"count":0,"href":"https:\/\/portaltela.pt\/api\/wp\/v2\/posts\/422201\/revisions"}],"wp:featuredmedia":[{"embeddable":true,"href":"https:\/\/portaltela.pt\/api\/wp\/v2\/media\/422207"}],"wp:attachment":[{"href":"https:\/\/portaltela.pt\/api\/wp\/v2\/media?parent=422201"}],"wp:term":[{"taxonomy":"category","embeddable":true,"href":"https:\/\/portaltela.pt\/api\/wp\/v2\/categories?post=422201"},{"taxonomy":"post_tag","embeddable":true,"href":"https:\/\/portaltela.pt\/api\/wp\/v2\/tags?post=422201"}],"curies":[{"name":"wp","href":"https:\/\/api.w.org\/{rel}","templated":true}]}}