{"id":422152,"date":"2026-03-26T09:01:55","date_gmt":"2026-03-26T12:01:55","guid":{"rendered":"https:\/\/portaltela.pt\/noticias\/2026\/03\/26\/poupanca-das-familias-recua-para-121-em-2025\/"},"modified":"2026-03-26T09:01:55","modified_gmt":"2026-03-26T12:01:55","slug":"poupanca-das-familias-recua-para-121-em-2025","status":"publish","type":"post","link":"https:\/\/portaltela.pt\/noticias\/economia\/2026\/03\/26\/poupanca-das-familias-recua-para-121-em-2025\/","title":{"rendered":"Poupan\u00e7a das fam\u00edlias recua para 12,1% em 2025"},"content":{"rendered":"<p>O INE informou que a taxa de poupan\u00e7a das fam\u00edlias recuou para 12,1% do rendimento dispon\u00edvel no final de 2025. A varia\u00e7\u00e3o acompanha a evolu\u00e7\u00e3o trimestral dos indicadores econ\u00f3micos.<\/p>\n<p>O Rendimento Dispon\u00edvel Bruto (RDB) das fam\u00edlias aumentou 1,3% no quarto trimestre de 2025 em rela\u00e7\u00e3o ao trimestre anterior, com remunera\u00e7\u00f5es a crescerem 1,7% e o Valor Acrescentado Bruto (VAB) a subir 1,3%.<\/p>\n<p>O crescimento do RDB, aliado a uma despesa de consumo final que subiu 1,4% no per\u00edodo, levou \u00e0 poupan\u00e7a de 12,1% (menos 0,1 p.p. face ao trimestre anterior).<\/p>\n<h3>Capacidade de financiamento e investimento<\/h3>\n<p>A capacidade de financiamento das fam\u00edlias situou-se em 3,9% do PIB, menos 0,1 p.p. que no trimestre anterior, e menos 0,8 p.p. face ao mesmo trimestre de 2024.<\/p>\n<p>Este resultado deveu-se ao aumento de 4% da Forma\u00e7\u00e3o Bruta de Capital Fixo, essencialmente dirigido \u00e0 habita\u00e7\u00e3o, que compensou o crescimento da poupan\u00e7a.<\/p>\n","protected":false},"excerpt":{"rendered":"<ul>\n<li>A taxa de poupan\u00e7a das fam\u00edlias recuou para 12,1% do rendimento dispon\u00edvel no final de 2025.<\/li>\n<li>O Rendimento Dispon\u00edvel Bruto (RDB) das fam\u00edlias cresceu 1,3% no quarto trimestre de 2025 face ao trimestre anterior.<\/li>\n<li>Remunera\u00e7\u00f5es recebidas aumentaram 1,7% e o Valor Acrescentado Bruto (VAB) subiu 1,3%.<\/li>\n<li>A despesa de consumo final avan\u00e7ou 1,4% no per\u00edodo, contribuindo para a manuten\u00e7\u00e3o da poupan\u00e7a em 12,1%.<\/li>\n<li>A capacidade de financiamento das fam\u00edlias situou-se em 3,9% do Produto Interno Bruto, com a Forma\u00e7\u00e3o Bruta de Capital Fixo a subir 4%, sobretudo na habita\u00e7\u00e3o, a compensar o aumento da poupan\u00e7a.<\/li>\n<\/ul>\n","protected":false},"author":2,"featured_media":422159,"comment_status":"closed","ping_status":"closed","sticky":false,"template":"","format":"standard","meta":{"footnotes":""},"categories":[2,6850],"tags":[6115,6715,28,150,316,1733],"class_list":["post-422152","post","type-post","status-publish","format-standard","has-post-thumbnail","hentry","category-economia","category-financas","tag-_economia","tag-desempenho-economico","tag-economia","tag-habitacao","tag-investimento","tag-poupanca"],"yoast_head":"<!-- This site is optimized with the Yoast SEO plugin v27.2 - https:\/\/yoast.com\/product\/yoast-seo-wordpress\/ -->\n<title>Poupan\u00e7a das fam\u00edlias recua para 12,1% em 2025 - Portal Tela Portugal<\/title>\n<meta name=\"robots\" content=\"index, follow, max-snippet:-1, max-image-preview:large, max-video-preview:-1\" \/>\n<meta property=\"og:locale\" content=\"pt_PT\" \/>\n<meta property=\"og:type\" content=\"article\" \/>\n<meta property=\"og:title\" content=\"Poupan\u00e7a das fam\u00edlias recua para 12,1% em 2025 - Portal Tela Portugal\" \/>\n<meta property=\"og:description\" content=\"A taxa de poupan\u00e7a das fam\u00edlias recuou para 12,1% do rendimento dispon\u00edvel no final de 2025. O Rendimento Dispon\u00edvel Bruto (RDB) das fam\u00edlias cresceu 1,3% no quarto trimestre de 2025 face ao trimestre anterior. Remunera\u00e7\u00f5es recebidas aumentaram 1,7% e o Valor Acrescentado Bruto (VAB) subiu 1,3%. A despesa de consumo final avan\u00e7ou 1,4% no per\u00edodo, contribuindo para a manuten\u00e7\u00e3o da poupan\u00e7a em 12,1%. A capacidade de financiamento das fam\u00edlias situou-se em 3,9% do Produto Interno Bruto, com a Forma\u00e7\u00e3o Bruta de Capital Fixo a subir 4%, sobretudo na habita\u00e7\u00e3o, a compensar o aumento da poupan\u00e7a.\" \/>\n<meta property=\"og:url\" content=\"https:\/\/portaltela.pt\/noticias\/2026\/03\/26\/poupanca-das-familias-recua-para-121-em-2025\/\" \/>\n<meta property=\"og:site_name\" content=\"Portal Tela Portugal\" \/>\n<meta property=\"article:published_time\" content=\"2026-03-26T12:01:55+00:00\" \/>\n<meta name=\"author\" content=\"Telinha\" \/>\n<meta name=\"twitter:card\" content=\"summary_large_image\" \/>\n<meta name=\"twitter:label1\" content=\"Escrito por\" \/>\n\t<meta name=\"twitter:data1\" content=\"Telinha\" \/>\n\t<meta name=\"twitter:label2\" content=\"Tempo estimado de leitura\" \/>\n\t<meta name=\"twitter:data2\" content=\"1 minuto\" \/>\n<script type=\"application\/ld+json\" class=\"yoast-schema-graph\">{\"@context\":\"https:\/\/schema.org\",\"@graph\":[{\"@type\":\"Article\",\"@id\":\"https:\/\/portaltela.pt\/noticias\/2026\/03\/26\/poupanca-das-familias-recua-para-121-em-2025\/#article\",\"isPartOf\":{\"@id\":\"https:\/\/portaltela.pt\/noticias\/2026\/03\/26\/poupanca-das-familias-recua-para-121-em-2025\/\"},\"author\":{\"name\":\"Telinha\",\"@id\":\"https:\/\/portaltela.pt\/#\/schema\/person\/c4278d4a6028830caff9ee44b42d32ed\"},\"headline\":\"Poupan\u00e7a das fam\u00edlias recua para 12,1% em 2025\",\"datePublished\":\"2026-03-26T12:01:55+00:00\",\"mainEntityOfPage\":{\"@id\":\"https:\/\/portaltela.pt\/noticias\/2026\/03\/26\/poupanca-das-familias-recua-para-121-em-2025\/\"},\"wordCount\":157,\"image\":{\"@id\":\"https:\/\/portaltela.pt\/noticias\/2026\/03\/26\/poupanca-das-familias-recua-para-121-em-2025\/#primaryimage\"},\"thumbnailUrl\":\"https:\/\/portaltela.pt\/s.01k8rhncp4jt1\/2026\/03\/img_1500x1000uu2015-10-26-13-14-00-491987.jpg\",\"keywords\":[\"_economia\",\"Desempenho econ\u00f3mico\",\"economia\",\"habita\u00e7\u00e3o\",\"investimento\",\"poupan\u00e7a\"],\"articleSection\":[\"Economia\",\"Finan\u00e7as\"],\"inLanguage\":\"pt-PT\"},{\"@type\":\"WebPage\",\"@id\":\"https:\/\/portaltela.pt\/noticias\/2026\/03\/26\/poupanca-das-familias-recua-para-121-em-2025\/\",\"url\":\"https:\/\/portaltela.pt\/noticias\/2026\/03\/26\/poupanca-das-familias-recua-para-121-em-2025\/\",\"name\":\"Poupan\u00e7a das fam\u00edlias recua para 12,1% em 2025 - Portal Tela Portugal\",\"isPartOf\":{\"@id\":\"https:\/\/portaltela.pt\/#website\"},\"primaryImageOfPage\":{\"@id\":\"https:\/\/portaltela.pt\/noticias\/2026\/03\/26\/poupanca-das-familias-recua-para-121-em-2025\/#primaryimage\"},\"image\":{\"@id\":\"https:\/\/portaltela.pt\/noticias\/2026\/03\/26\/poupanca-das-familias-recua-para-121-em-2025\/#primaryimage\"},\"thumbnailUrl\":\"https:\/\/portaltela.pt\/s.01k8rhncp4jt1\/2026\/03\/img_1500x1000uu2015-10-26-13-14-00-491987.jpg\",\"datePublished\":\"2026-03-26T12:01:55+00:00\",\"author\":{\"@id\":\"https:\/\/portaltela.pt\/#\/schema\/person\/c4278d4a6028830caff9ee44b42d32ed\"},\"breadcrumb\":{\"@id\":\"https:\/\/portaltela.pt\/noticias\/2026\/03\/26\/poupanca-das-familias-recua-para-121-em-2025\/#breadcrumb\"},\"inLanguage\":\"pt-PT\",\"potentialAction\":[{\"@type\":\"ReadAction\",\"target\":[\"https:\/\/portaltela.pt\/noticias\/2026\/03\/26\/poupanca-das-familias-recua-para-121-em-2025\/\"]}]},{\"@type\":\"ImageObject\",\"inLanguage\":\"pt-PT\",\"@id\":\"https:\/\/portaltela.pt\/noticias\/2026\/03\/26\/poupanca-das-familias-recua-para-121-em-2025\/#primaryimage\",\"url\":\"https:\/\/portaltela.pt\/s.01k8rhncp4jt1\/2026\/03\/img_1500x1000uu2015-10-26-13-14-00-491987.jpg\",\"contentUrl\":\"https:\/\/portaltela.pt\/s.01k8rhncp4jt1\/2026\/03\/img_1500x1000uu2015-10-26-13-14-00-491987.jpg\",\"width\":796,\"height\":448,\"caption\":\"Taxa de poupan\u00e7a das fam\u00edlias recua para 12,1% em 2025\"},{\"@type\":\"BreadcrumbList\",\"@id\":\"https:\/\/portaltela.pt\/noticias\/2026\/03\/26\/poupanca-das-familias-recua-para-121-em-2025\/#breadcrumb\",\"itemListElement\":[{\"@type\":\"ListItem\",\"position\":1,\"name\":\"In\u00edcio\",\"item\":\"https:\/\/portaltela.pt\/\"},{\"@type\":\"ListItem\",\"position\":2,\"name\":\"Poupan\u00e7a das fam\u00edlias recua para 12,1% em 2025\"}]},{\"@type\":\"WebSite\",\"@id\":\"https:\/\/portaltela.pt\/#website\",\"url\":\"https:\/\/portaltela.pt\/\",\"name\":\"Portal Tela Portugal\",\"description\":\"\",\"potentialAction\":[{\"@type\":\"SearchAction\",\"target\":{\"@type\":\"EntryPoint\",\"urlTemplate\":\"https:\/\/portaltela.pt\/?s={search_term_string}\"},\"query-input\":{\"@type\":\"PropertyValueSpecification\",\"valueRequired\":true,\"valueName\":\"search_term_string\"}}],\"inLanguage\":\"pt-PT\"},{\"@type\":\"Person\",\"@id\":\"https:\/\/portaltela.pt\/#\/schema\/person\/c4278d4a6028830caff9ee44b42d32ed\",\"name\":\"Telinha\",\"image\":{\"@type\":\"ImageObject\",\"inLanguage\":\"pt-PT\",\"@id\":\"https:\/\/portaltela.pt\/s.01k8rhncp4jt1\/2025\/11\/talking-bot-125x125.png\",\"url\":\"https:\/\/portaltela.pt\/s.01k8rhncp4jt1\/2025\/11\/talking-bot-125x125.png\",\"contentUrl\":\"https:\/\/portaltela.pt\/s.01k8rhncp4jt1\/2025\/11\/talking-bot-125x125.png\",\"caption\":\"Telinha\"},\"sameAs\":[\"https:\/\/portaltela.pt\/\"],\"url\":\"https:\/\/portaltela.pt\/por\/367410592786\/\"}]}<\/script>\n<!-- \/ Yoast SEO plugin. -->","yoast_head_json":{"title":"Poupan\u00e7a das fam\u00edlias recua para 12,1% em 2025 - Portal Tela Portugal","robots":{"index":"index","follow":"follow","max-snippet":"max-snippet:-1","max-image-preview":"max-image-preview:large","max-video-preview":"max-video-preview:-1"},"og_locale":"pt_PT","og_type":"article","og_title":"Poupan\u00e7a das fam\u00edlias recua para 12,1% em 2025 - Portal Tela Portugal","og_description":"A taxa de poupan\u00e7a das fam\u00edlias recuou para 12,1% do rendimento dispon\u00edvel no final de 2025. O Rendimento Dispon\u00edvel Bruto (RDB) das fam\u00edlias cresceu 1,3% no quarto trimestre de 2025 face ao trimestre anterior. Remunera\u00e7\u00f5es recebidas aumentaram 1,7% e o Valor Acrescentado Bruto (VAB) subiu 1,3%. A despesa de consumo final avan\u00e7ou 1,4% no per\u00edodo, contribuindo para a manuten\u00e7\u00e3o da poupan\u00e7a em 12,1%. A capacidade de financiamento das fam\u00edlias situou-se em 3,9% do Produto Interno Bruto, com a Forma\u00e7\u00e3o Bruta de Capital Fixo a subir 4%, sobretudo na habita\u00e7\u00e3o, a compensar o aumento da poupan\u00e7a.","og_url":"https:\/\/portaltela.pt\/noticias\/2026\/03\/26\/poupanca-das-familias-recua-para-121-em-2025\/","og_site_name":"Portal Tela Portugal","article_published_time":"2026-03-26T12:01:55+00:00","author":"Telinha","twitter_card":"summary_large_image","twitter_misc":{"Escrito por":"Telinha","Tempo estimado de leitura":"1 minuto"},"schema":{"@context":"https:\/\/schema.org","@graph":[{"@type":"Article","@id":"https:\/\/portaltela.pt\/noticias\/2026\/03\/26\/poupanca-das-familias-recua-para-121-em-2025\/#article","isPartOf":{"@id":"https:\/\/portaltela.pt\/noticias\/2026\/03\/26\/poupanca-das-familias-recua-para-121-em-2025\/"},"author":{"name":"Telinha","@id":"https:\/\/portaltela.pt\/#\/schema\/person\/c4278d4a6028830caff9ee44b42d32ed"},"headline":"Poupan\u00e7a das fam\u00edlias recua para 12,1% em 2025","datePublished":"2026-03-26T12:01:55+00:00","mainEntityOfPage":{"@id":"https:\/\/portaltela.pt\/noticias\/2026\/03\/26\/poupanca-das-familias-recua-para-121-em-2025\/"},"wordCount":157,"image":{"@id":"https:\/\/portaltela.pt\/noticias\/2026\/03\/26\/poupanca-das-familias-recua-para-121-em-2025\/#primaryimage"},"thumbnailUrl":"https:\/\/portaltela.pt\/s.01k8rhncp4jt1\/2026\/03\/img_1500x1000uu2015-10-26-13-14-00-491987.jpg","keywords":["_economia","Desempenho econ\u00f3mico","economia","habita\u00e7\u00e3o","investimento","poupan\u00e7a"],"articleSection":["Economia","Finan\u00e7as"],"inLanguage":"pt-PT"},{"@type":"WebPage","@id":"https:\/\/portaltela.pt\/noticias\/2026\/03\/26\/poupanca-das-familias-recua-para-121-em-2025\/","url":"https:\/\/portaltela.pt\/noticias\/2026\/03\/26\/poupanca-das-familias-recua-para-121-em-2025\/","name":"Poupan\u00e7a das fam\u00edlias recua para 12,1% em 2025 - Portal Tela Portugal","isPartOf":{"@id":"https:\/\/portaltela.pt\/#website"},"primaryImageOfPage":{"@id":"https:\/\/portaltela.pt\/noticias\/2026\/03\/26\/poupanca-das-familias-recua-para-121-em-2025\/#primaryimage"},"image":{"@id":"https:\/\/portaltela.pt\/noticias\/2026\/03\/26\/poupanca-das-familias-recua-para-121-em-2025\/#primaryimage"},"thumbnailUrl":"https:\/\/portaltela.pt\/s.01k8rhncp4jt1\/2026\/03\/img_1500x1000uu2015-10-26-13-14-00-491987.jpg","datePublished":"2026-03-26T12:01:55+00:00","author":{"@id":"https:\/\/portaltela.pt\/#\/schema\/person\/c4278d4a6028830caff9ee44b42d32ed"},"breadcrumb":{"@id":"https:\/\/portaltela.pt\/noticias\/2026\/03\/26\/poupanca-das-familias-recua-para-121-em-2025\/#breadcrumb"},"inLanguage":"pt-PT","potentialAction":[{"@type":"ReadAction","target":["https:\/\/portaltela.pt\/noticias\/2026\/03\/26\/poupanca-das-familias-recua-para-121-em-2025\/"]}]},{"@type":"ImageObject","inLanguage":"pt-PT","@id":"https:\/\/portaltela.pt\/noticias\/2026\/03\/26\/poupanca-das-familias-recua-para-121-em-2025\/#primaryimage","url":"https:\/\/portaltela.pt\/s.01k8rhncp4jt1\/2026\/03\/img_1500x1000uu2015-10-26-13-14-00-491987.jpg","contentUrl":"https:\/\/portaltela.pt\/s.01k8rhncp4jt1\/2026\/03\/img_1500x1000uu2015-10-26-13-14-00-491987.jpg","width":796,"height":448,"caption":"Taxa de poupan\u00e7a das fam\u00edlias recua para 12,1% em 2025"},{"@type":"BreadcrumbList","@id":"https:\/\/portaltela.pt\/noticias\/2026\/03\/26\/poupanca-das-familias-recua-para-121-em-2025\/#breadcrumb","itemListElement":[{"@type":"ListItem","position":1,"name":"In\u00edcio","item":"https:\/\/portaltela.pt\/"},{"@type":"ListItem","position":2,"name":"Poupan\u00e7a das fam\u00edlias recua para 12,1% em 2025"}]},{"@type":"WebSite","@id":"https:\/\/portaltela.pt\/#website","url":"https:\/\/portaltela.pt\/","name":"Portal Tela Portugal","description":"","potentialAction":[{"@type":"SearchAction","target":{"@type":"EntryPoint","urlTemplate":"https:\/\/portaltela.pt\/?s={search_term_string}"},"query-input":{"@type":"PropertyValueSpecification","valueRequired":true,"valueName":"search_term_string"}}],"inLanguage":"pt-PT"},{"@type":"Person","@id":"https:\/\/portaltela.pt\/#\/schema\/person\/c4278d4a6028830caff9ee44b42d32ed","name":"Telinha","image":{"@type":"ImageObject","inLanguage":"pt-PT","@id":"https:\/\/portaltela.pt\/s.01k8rhncp4jt1\/2025\/11\/talking-bot-125x125.png","url":"https:\/\/portaltela.pt\/s.01k8rhncp4jt1\/2025\/11\/talking-bot-125x125.png","contentUrl":"https:\/\/portaltela.pt\/s.01k8rhncp4jt1\/2025\/11\/talking-bot-125x125.png","caption":"Telinha"},"sameAs":["https:\/\/portaltela.pt\/"],"url":"https:\/\/portaltela.pt\/por\/367410592786\/"}]}},"_links":{"self":[{"href":"https:\/\/portaltela.pt\/api\/wp\/v2\/posts\/422152","targetHints":{"allow":["GET"]}}],"collection":[{"href":"https:\/\/portaltela.pt\/api\/wp\/v2\/posts"}],"about":[{"href":"https:\/\/portaltela.pt\/api\/wp\/v2\/types\/post"}],"author":[{"embeddable":true,"href":"https:\/\/portaltela.pt\/api\/wp\/v2\/users\/2"}],"replies":[{"embeddable":true,"href":"https:\/\/portaltela.pt\/api\/wp\/v2\/comments?post=422152"}],"version-history":[{"count":0,"href":"https:\/\/portaltela.pt\/api\/wp\/v2\/posts\/422152\/revisions"}],"wp:featuredmedia":[{"embeddable":true,"href":"https:\/\/portaltela.pt\/api\/wp\/v2\/media\/422159"}],"wp:attachment":[{"href":"https:\/\/portaltela.pt\/api\/wp\/v2\/media?parent=422152"}],"wp:term":[{"taxonomy":"category","embeddable":true,"href":"https:\/\/portaltela.pt\/api\/wp\/v2\/categories?post=422152"},{"taxonomy":"post_tag","embeddable":true,"href":"https:\/\/portaltela.pt\/api\/wp\/v2\/tags?post=422152"}],"curies":[{"name":"wp","href":"https:\/\/api.w.org\/{rel}","templated":true}]}}