{"id":422147,"date":"2026-03-26T09:09:41","date_gmt":"2026-03-26T12:09:41","guid":{"rendered":"https:\/\/portaltela.pt\/noticias\/2026\/03\/26\/jose-maria-ricciardi-banqueiro-com-adn-de-alvalade-e-aura-de-presidente\/"},"modified":"2026-03-26T09:09:41","modified_gmt":"2026-03-26T12:09:41","slug":"jose-maria-ricciardi-banqueiro-com-adn-de-alvalade-e-aura-de-presidente","status":"publish","type":"post","link":"https:\/\/portaltela.pt\/desporto\/futebol\/2026\/03\/26\/jose-maria-ricciardi-banqueiro-com-adn-de-alvalade-e-aura-de-presidente\/","title":{"rendered":"Jos\u00e9 Maria Ricciardi, banqueiro com ADN de Alvalade e aura de presidente"},"content":{"rendered":"<p>Jos\u00e9 Maria Ricciardi destacou-se como uma figura influente no Sporting, mantendo-se 18 anos no Conselho Fiscal. Sobrinho-neto de Jos\u00e9 Alvalade, alimentou o sonho de chegar \u00e0 presid\u00eancia do clube e chegou a concorrer nas elei\u00e7\u00f5es de 2018, embora sem sucesso.<\/p>\n<p>Ao longo da sua passagem no clube, muitos reconheciam-lhe influ\u00eancia nas grandes decis\u00f5es, direta ou indirecta, mesmo sem ocupar o cargo m\u00e1ximo. Em 2013, teve um papel central ao desbloquear um acordo que converteu d\u00edvida em VMOCS, opera\u00e7\u00e3o marcante da gest\u00e3o da altura.<\/p>\n<h3>Trajet\u00f3ria e influ\u00eancia<\/h3>\n<p>Ricciardi foi uma figura de peso durante a era moderna do Sporting, sendo apontado como um dos nomes mais influentes do conjunto desportivo. A sua participa\u00e7\u00e3o em decis\u00f5es estrat\u00e9gicas e o envolvimento em momentos-chave moldaram parte da linha orientadora do clube. O seu percurso manteve-se associado a decis\u00f5es de impacto econ\u00f3mico e institucional.<\/p>\n","protected":false},"excerpt":{"rendered":"<ul>\n<li>Jos\u00e9 Maria Ricciardi foi uma das figuras mais influentes do Sporting na era moderna, com liga\u00e7\u00e3o familiar a Jos\u00e9 Alvalade e paix\u00e3o pelo clube.<\/li>\n<li>Foi sobrinho-neto de Jos\u00e9 Alvalade e integrou o Conselho Fiscal durante dezoito anos.<\/li>\n<li>Concorreu \u00e0s elei\u00e7\u00f5es de 2018 para o clube, embora n\u00e3o tenha conseguido tornar-se presidente.<\/li>\n<li>Muitas pessoas reconheciam-lhe influ\u00eancia direta ou indireta nas grandes decis\u00f5es do Sporting.<\/li>\n<li>Em 2013 teve papel central ao desbloquear o acordo que converteu d\u00edvida em VMOCs.<\/li>\n<\/ul>\n","protected":false},"author":2,"featured_media":422154,"comment_status":"closed","ping_status":"closed","sticky":false,"template":"","format":"standard","meta":{"footnotes":""},"categories":[21,24],"tags":[6115,152,32,1144,1652],"class_list":["post-422147","post","type-post","status-publish","format-standard","has-post-thumbnail","hentry","category-desporto","category-futebol","tag-_economia","tag-desporto","tag-futebol","tag-instituicoes","tag-sporting"],"yoast_head":"<!-- This site is optimized with the Yoast SEO plugin v27.2 - https:\/\/yoast.com\/product\/yoast-seo-wordpress\/ -->\n<title>Jos\u00e9 Maria Ricciardi, banqueiro com ADN de Alvalade e aura de presidente - Portal Tela Portugal<\/title>\n<meta name=\"robots\" content=\"index, follow, max-snippet:-1, max-image-preview:large, max-video-preview:-1\" \/>\n<meta property=\"og:locale\" content=\"pt_PT\" \/>\n<meta property=\"og:type\" content=\"article\" \/>\n<meta property=\"og:title\" content=\"Jos\u00e9 Maria Ricciardi, banqueiro com ADN de Alvalade e aura de presidente - Portal Tela Portugal\" \/>\n<meta property=\"og:description\" content=\"Jos\u00e9 Maria Ricciardi foi uma das figuras mais influentes do Sporting na era moderna, com liga\u00e7\u00e3o familiar a Jos\u00e9 Alvalade e paix\u00e3o pelo clube. Foi sobrinho-neto de Jos\u00e9 Alvalade e integrou o Conselho Fiscal durante dezoito anos. Concorreu \u00e0s elei\u00e7\u00f5es de 2018 para o clube, embora n\u00e3o tenha conseguido tornar-se presidente. Muitas pessoas reconheciam-lhe influ\u00eancia direta ou indireta nas grandes decis\u00f5es do Sporting. Em 2013 teve papel central ao desbloquear o acordo que converteu d\u00edvida em VMOCs.\" \/>\n<meta property=\"og:url\" content=\"https:\/\/portaltela.pt\/noticias\/2026\/03\/26\/jose-maria-ricciardi-banqueiro-com-adn-de-alvalade-e-aura-de-presidente\/\" \/>\n<meta property=\"og:site_name\" content=\"Portal Tela Portugal\" \/>\n<meta property=\"article:published_time\" content=\"2026-03-26T12:09:41+00:00\" \/>\n<meta name=\"author\" content=\"Telinha\" \/>\n<meta name=\"twitter:card\" content=\"summary_large_image\" \/>\n<meta name=\"twitter:label1\" content=\"Escrito por\" \/>\n\t<meta name=\"twitter:data1\" content=\"Telinha\" \/>\n\t<meta name=\"twitter:label2\" content=\"Tempo estimado de leitura\" \/>\n\t<meta name=\"twitter:data2\" content=\"1 minuto\" \/>\n<script type=\"application\/ld+json\" class=\"yoast-schema-graph\">{\"@context\":\"https:\/\/schema.org\",\"@graph\":[{\"@type\":\"Article\",\"@id\":\"https:\/\/portaltela.pt\/noticias\/2026\/03\/26\/jose-maria-ricciardi-banqueiro-com-adn-de-alvalade-e-aura-de-presidente\/#article\",\"isPartOf\":{\"@id\":\"https:\/\/portaltela.pt\/noticias\/2026\/03\/26\/jose-maria-ricciardi-banqueiro-com-adn-de-alvalade-e-aura-de-presidente\/\"},\"author\":{\"name\":\"Telinha\",\"@id\":\"https:\/\/portaltela.pt\/#\/schema\/person\/c4278d4a6028830caff9ee44b42d32ed\"},\"headline\":\"Jos\u00e9 Maria Ricciardi, banqueiro com ADN de Alvalade e aura de presidente\",\"datePublished\":\"2026-03-26T12:09:41+00:00\",\"mainEntityOfPage\":{\"@id\":\"https:\/\/portaltela.pt\/noticias\/2026\/03\/26\/jose-maria-ricciardi-banqueiro-com-adn-de-alvalade-e-aura-de-presidente\/\"},\"wordCount\":162,\"image\":{\"@id\":\"https:\/\/portaltela.pt\/noticias\/2026\/03\/26\/jose-maria-ricciardi-banqueiro-com-adn-de-alvalade-e-aura-de-presidente\/#primaryimage\"},\"thumbnailUrl\":\"https:\/\/portaltela.pt\/s.01k8rhncp4jt1\/2026\/03\/img_920x518uu2020-04-11-04-29-18-1685938.jpg\",\"keywords\":[\"_economia\",\"desporto\",\"futebol\",\"institui\u00e7\u00f5es\",\"Sporting\"],\"articleSection\":[\"Desporto\",\"Futebol\"],\"inLanguage\":\"pt-PT\"},{\"@type\":\"WebPage\",\"@id\":\"https:\/\/portaltela.pt\/noticias\/2026\/03\/26\/jose-maria-ricciardi-banqueiro-com-adn-de-alvalade-e-aura-de-presidente\/\",\"url\":\"https:\/\/portaltela.pt\/noticias\/2026\/03\/26\/jose-maria-ricciardi-banqueiro-com-adn-de-alvalade-e-aura-de-presidente\/\",\"name\":\"Jos\u00e9 Maria Ricciardi, banqueiro com ADN de Alvalade e aura de presidente - Portal Tela Portugal\",\"isPartOf\":{\"@id\":\"https:\/\/portaltela.pt\/#website\"},\"primaryImageOfPage\":{\"@id\":\"https:\/\/portaltela.pt\/noticias\/2026\/03\/26\/jose-maria-ricciardi-banqueiro-com-adn-de-alvalade-e-aura-de-presidente\/#primaryimage\"},\"image\":{\"@id\":\"https:\/\/portaltela.pt\/noticias\/2026\/03\/26\/jose-maria-ricciardi-banqueiro-com-adn-de-alvalade-e-aura-de-presidente\/#primaryimage\"},\"thumbnailUrl\":\"https:\/\/portaltela.pt\/s.01k8rhncp4jt1\/2026\/03\/img_920x518uu2020-04-11-04-29-18-1685938.jpg\",\"datePublished\":\"2026-03-26T12:09:41+00:00\",\"author\":{\"@id\":\"https:\/\/portaltela.pt\/#\/schema\/person\/c4278d4a6028830caff9ee44b42d32ed\"},\"breadcrumb\":{\"@id\":\"https:\/\/portaltela.pt\/noticias\/2026\/03\/26\/jose-maria-ricciardi-banqueiro-com-adn-de-alvalade-e-aura-de-presidente\/#breadcrumb\"},\"inLanguage\":\"pt-PT\",\"potentialAction\":[{\"@type\":\"ReadAction\",\"target\":[\"https:\/\/portaltela.pt\/noticias\/2026\/03\/26\/jose-maria-ricciardi-banqueiro-com-adn-de-alvalade-e-aura-de-presidente\/\"]}]},{\"@type\":\"ImageObject\",\"inLanguage\":\"pt-PT\",\"@id\":\"https:\/\/portaltela.pt\/noticias\/2026\/03\/26\/jose-maria-ricciardi-banqueiro-com-adn-de-alvalade-e-aura-de-presidente\/#primaryimage\",\"url\":\"https:\/\/portaltela.pt\/s.01k8rhncp4jt1\/2026\/03\/img_920x518uu2020-04-11-04-29-18-1685938.jpg\",\"contentUrl\":\"https:\/\/portaltela.pt\/s.01k8rhncp4jt1\/2026\/03\/img_920x518uu2020-04-11-04-29-18-1685938.jpg\",\"width\":796,\"height\":448,\"caption\":\"Jos\u00e9 Maria Ricciardi\"},{\"@type\":\"BreadcrumbList\",\"@id\":\"https:\/\/portaltela.pt\/noticias\/2026\/03\/26\/jose-maria-ricciardi-banqueiro-com-adn-de-alvalade-e-aura-de-presidente\/#breadcrumb\",\"itemListElement\":[{\"@type\":\"ListItem\",\"position\":1,\"name\":\"In\u00edcio\",\"item\":\"https:\/\/portaltela.pt\/\"},{\"@type\":\"ListItem\",\"position\":2,\"name\":\"Jos\u00e9 Maria Ricciardi, banqueiro com ADN de Alvalade e aura de presidente\"}]},{\"@type\":\"WebSite\",\"@id\":\"https:\/\/portaltela.pt\/#website\",\"url\":\"https:\/\/portaltela.pt\/\",\"name\":\"Portal Tela Portugal\",\"description\":\"\",\"potentialAction\":[{\"@type\":\"SearchAction\",\"target\":{\"@type\":\"EntryPoint\",\"urlTemplate\":\"https:\/\/portaltela.pt\/?s={search_term_string}\"},\"query-input\":{\"@type\":\"PropertyValueSpecification\",\"valueRequired\":true,\"valueName\":\"search_term_string\"}}],\"inLanguage\":\"pt-PT\"},{\"@type\":\"Person\",\"@id\":\"https:\/\/portaltela.pt\/#\/schema\/person\/c4278d4a6028830caff9ee44b42d32ed\",\"name\":\"Telinha\",\"image\":{\"@type\":\"ImageObject\",\"inLanguage\":\"pt-PT\",\"@id\":\"https:\/\/portaltela.pt\/s.01k8rhncp4jt1\/2025\/11\/talking-bot-125x125.png\",\"url\":\"https:\/\/portaltela.pt\/s.01k8rhncp4jt1\/2025\/11\/talking-bot-125x125.png\",\"contentUrl\":\"https:\/\/portaltela.pt\/s.01k8rhncp4jt1\/2025\/11\/talking-bot-125x125.png\",\"caption\":\"Telinha\"},\"sameAs\":[\"https:\/\/portaltela.pt\/\"],\"url\":\"https:\/\/portaltela.pt\/por\/367410592786\/\"}]}<\/script>\n<!-- \/ Yoast SEO plugin. -->","yoast_head_json":{"title":"Jos\u00e9 Maria Ricciardi, banqueiro com ADN de Alvalade e aura de presidente - Portal Tela Portugal","robots":{"index":"index","follow":"follow","max-snippet":"max-snippet:-1","max-image-preview":"max-image-preview:large","max-video-preview":"max-video-preview:-1"},"og_locale":"pt_PT","og_type":"article","og_title":"Jos\u00e9 Maria Ricciardi, banqueiro com ADN de Alvalade e aura de presidente - Portal Tela Portugal","og_description":"Jos\u00e9 Maria Ricciardi foi uma das figuras mais influentes do Sporting na era moderna, com liga\u00e7\u00e3o familiar a Jos\u00e9 Alvalade e paix\u00e3o pelo clube. Foi sobrinho-neto de Jos\u00e9 Alvalade e integrou o Conselho Fiscal durante dezoito anos. Concorreu \u00e0s elei\u00e7\u00f5es de 2018 para o clube, embora n\u00e3o tenha conseguido tornar-se presidente. Muitas pessoas reconheciam-lhe influ\u00eancia direta ou indireta nas grandes decis\u00f5es do Sporting. Em 2013 teve papel central ao desbloquear o acordo que converteu d\u00edvida em VMOCs.","og_url":"https:\/\/portaltela.pt\/noticias\/2026\/03\/26\/jose-maria-ricciardi-banqueiro-com-adn-de-alvalade-e-aura-de-presidente\/","og_site_name":"Portal Tela Portugal","article_published_time":"2026-03-26T12:09:41+00:00","author":"Telinha","twitter_card":"summary_large_image","twitter_misc":{"Escrito por":"Telinha","Tempo estimado de leitura":"1 minuto"},"schema":{"@context":"https:\/\/schema.org","@graph":[{"@type":"Article","@id":"https:\/\/portaltela.pt\/noticias\/2026\/03\/26\/jose-maria-ricciardi-banqueiro-com-adn-de-alvalade-e-aura-de-presidente\/#article","isPartOf":{"@id":"https:\/\/portaltela.pt\/noticias\/2026\/03\/26\/jose-maria-ricciardi-banqueiro-com-adn-de-alvalade-e-aura-de-presidente\/"},"author":{"name":"Telinha","@id":"https:\/\/portaltela.pt\/#\/schema\/person\/c4278d4a6028830caff9ee44b42d32ed"},"headline":"Jos\u00e9 Maria Ricciardi, banqueiro com ADN de Alvalade e aura de presidente","datePublished":"2026-03-26T12:09:41+00:00","mainEntityOfPage":{"@id":"https:\/\/portaltela.pt\/noticias\/2026\/03\/26\/jose-maria-ricciardi-banqueiro-com-adn-de-alvalade-e-aura-de-presidente\/"},"wordCount":162,"image":{"@id":"https:\/\/portaltela.pt\/noticias\/2026\/03\/26\/jose-maria-ricciardi-banqueiro-com-adn-de-alvalade-e-aura-de-presidente\/#primaryimage"},"thumbnailUrl":"https:\/\/portaltela.pt\/s.01k8rhncp4jt1\/2026\/03\/img_920x518uu2020-04-11-04-29-18-1685938.jpg","keywords":["_economia","desporto","futebol","institui\u00e7\u00f5es","Sporting"],"articleSection":["Desporto","Futebol"],"inLanguage":"pt-PT"},{"@type":"WebPage","@id":"https:\/\/portaltela.pt\/noticias\/2026\/03\/26\/jose-maria-ricciardi-banqueiro-com-adn-de-alvalade-e-aura-de-presidente\/","url":"https:\/\/portaltela.pt\/noticias\/2026\/03\/26\/jose-maria-ricciardi-banqueiro-com-adn-de-alvalade-e-aura-de-presidente\/","name":"Jos\u00e9 Maria Ricciardi, banqueiro com ADN de Alvalade e aura de presidente - Portal Tela Portugal","isPartOf":{"@id":"https:\/\/portaltela.pt\/#website"},"primaryImageOfPage":{"@id":"https:\/\/portaltela.pt\/noticias\/2026\/03\/26\/jose-maria-ricciardi-banqueiro-com-adn-de-alvalade-e-aura-de-presidente\/#primaryimage"},"image":{"@id":"https:\/\/portaltela.pt\/noticias\/2026\/03\/26\/jose-maria-ricciardi-banqueiro-com-adn-de-alvalade-e-aura-de-presidente\/#primaryimage"},"thumbnailUrl":"https:\/\/portaltela.pt\/s.01k8rhncp4jt1\/2026\/03\/img_920x518uu2020-04-11-04-29-18-1685938.jpg","datePublished":"2026-03-26T12:09:41+00:00","author":{"@id":"https:\/\/portaltela.pt\/#\/schema\/person\/c4278d4a6028830caff9ee44b42d32ed"},"breadcrumb":{"@id":"https:\/\/portaltela.pt\/noticias\/2026\/03\/26\/jose-maria-ricciardi-banqueiro-com-adn-de-alvalade-e-aura-de-presidente\/#breadcrumb"},"inLanguage":"pt-PT","potentialAction":[{"@type":"ReadAction","target":["https:\/\/portaltela.pt\/noticias\/2026\/03\/26\/jose-maria-ricciardi-banqueiro-com-adn-de-alvalade-e-aura-de-presidente\/"]}]},{"@type":"ImageObject","inLanguage":"pt-PT","@id":"https:\/\/portaltela.pt\/noticias\/2026\/03\/26\/jose-maria-ricciardi-banqueiro-com-adn-de-alvalade-e-aura-de-presidente\/#primaryimage","url":"https:\/\/portaltela.pt\/s.01k8rhncp4jt1\/2026\/03\/img_920x518uu2020-04-11-04-29-18-1685938.jpg","contentUrl":"https:\/\/portaltela.pt\/s.01k8rhncp4jt1\/2026\/03\/img_920x518uu2020-04-11-04-29-18-1685938.jpg","width":796,"height":448,"caption":"Jos\u00e9 Maria Ricciardi"},{"@type":"BreadcrumbList","@id":"https:\/\/portaltela.pt\/noticias\/2026\/03\/26\/jose-maria-ricciardi-banqueiro-com-adn-de-alvalade-e-aura-de-presidente\/#breadcrumb","itemListElement":[{"@type":"ListItem","position":1,"name":"In\u00edcio","item":"https:\/\/portaltela.pt\/"},{"@type":"ListItem","position":2,"name":"Jos\u00e9 Maria Ricciardi, banqueiro com ADN de Alvalade e aura de presidente"}]},{"@type":"WebSite","@id":"https:\/\/portaltela.pt\/#website","url":"https:\/\/portaltela.pt\/","name":"Portal Tela Portugal","description":"","potentialAction":[{"@type":"SearchAction","target":{"@type":"EntryPoint","urlTemplate":"https:\/\/portaltela.pt\/?s={search_term_string}"},"query-input":{"@type":"PropertyValueSpecification","valueRequired":true,"valueName":"search_term_string"}}],"inLanguage":"pt-PT"},{"@type":"Person","@id":"https:\/\/portaltela.pt\/#\/schema\/person\/c4278d4a6028830caff9ee44b42d32ed","name":"Telinha","image":{"@type":"ImageObject","inLanguage":"pt-PT","@id":"https:\/\/portaltela.pt\/s.01k8rhncp4jt1\/2025\/11\/talking-bot-125x125.png","url":"https:\/\/portaltela.pt\/s.01k8rhncp4jt1\/2025\/11\/talking-bot-125x125.png","contentUrl":"https:\/\/portaltela.pt\/s.01k8rhncp4jt1\/2025\/11\/talking-bot-125x125.png","caption":"Telinha"},"sameAs":["https:\/\/portaltela.pt\/"],"url":"https:\/\/portaltela.pt\/por\/367410592786\/"}]}},"_links":{"self":[{"href":"https:\/\/portaltela.pt\/api\/wp\/v2\/posts\/422147","targetHints":{"allow":["GET"]}}],"collection":[{"href":"https:\/\/portaltela.pt\/api\/wp\/v2\/posts"}],"about":[{"href":"https:\/\/portaltela.pt\/api\/wp\/v2\/types\/post"}],"author":[{"embeddable":true,"href":"https:\/\/portaltela.pt\/api\/wp\/v2\/users\/2"}],"replies":[{"embeddable":true,"href":"https:\/\/portaltela.pt\/api\/wp\/v2\/comments?post=422147"}],"version-history":[{"count":0,"href":"https:\/\/portaltela.pt\/api\/wp\/v2\/posts\/422147\/revisions"}],"wp:featuredmedia":[{"embeddable":true,"href":"https:\/\/portaltela.pt\/api\/wp\/v2\/media\/422154"}],"wp:attachment":[{"href":"https:\/\/portaltela.pt\/api\/wp\/v2\/media?parent=422147"}],"wp:term":[{"taxonomy":"category","embeddable":true,"href":"https:\/\/portaltela.pt\/api\/wp\/v2\/categories?post=422147"},{"taxonomy":"post_tag","embeddable":true,"href":"https:\/\/portaltela.pt\/api\/wp\/v2\/tags?post=422147"}],"curies":[{"name":"wp","href":"https:\/\/api.w.org\/{rel}","templated":true}]}}