{"id":422146,"date":"2026-03-26T08:58:00","date_gmt":"2026-03-26T11:58:00","guid":{"rendered":"https:\/\/portaltela.pt\/noticias\/2026\/03\/26\/area-metropolitana-do-porto-tera-oito-novas-estacoes-climaticas-para-incendios\/"},"modified":"2026-03-26T08:58:00","modified_gmt":"2026-03-26T11:58:00","slug":"area-metropolitana-do-porto-tera-oito-novas-estacoes-climaticas-para-incendios","status":"publish","type":"post","link":"https:\/\/portaltela.pt\/meio-ambiente\/2026\/03\/26\/area-metropolitana-do-porto-tera-oito-novas-estacoes-climaticas-para-incendios\/","title":{"rendered":"\u00c1rea Metropolitana do Porto ter\u00e1 oito novas esta\u00e7\u00f5es clim\u00e1ticas para inc\u00eandios"},"content":{"rendered":"<p>A \u00c1rea Metropolitana do Porto vai instalar oito novas esta\u00e7\u00f5es clim\u00e1ticas para cobrir todo o territ\u00f3rio da regi\u00e3o. O investimento total \u00e9 de 650 mil euros.<\/p>\n<p>As novas estruturas v\u00e3o colocar-se em Gondomar, Vila do Conde, Santo Tirso, Santa Maria da Feira, Paredes, Trofa, Oliveira de Azem\u00e9is e Arouca. A meta \u00e9 obter dados mais rigorosos sobre humidade e outras vari\u00e1veis clim\u00e1ticas.<\/p>\n<p>A iniciativa pretende melhorar a resposta a altera\u00e7\u00f5es clim\u00e1ticas e refor\u00e7ar a preven\u00e7\u00e3o e o combate a inc\u00eandios na regi\u00e3o. Os t\u00e9cnicos indicam que a cobertura total eliminaria zonas cinzentas nos dados meteorol\u00f3gicos.<\/p>\n<h3>Cobertura clim\u00e1tica e combate a inc\u00eandios<\/h3>\n<p>A instala\u00e7\u00e3o das esta\u00e7\u00f5es clim\u00e1ticas \u00e9 apresentada como ferramenta para decis\u00f5es mais r\u00e1pidas na gest\u00e3o de fen\u00f3menos extremos. A cobertura completa facilita a monitoriza\u00e7\u00e3o cont\u00ednua do territ\u00f3rio.<\/p>\n<p>O projeto foi apresentado \u00e0s autarquias, com \u00eanfase na coopera\u00e7\u00e3o entre os 17 munic\u00edpios. T\u00e9cnicos destacam a import\u00e2ncia de dados locais para planeamento e resposta.<\/p>\n<h3>Financiamento e coordena\u00e7\u00e3o<\/h3>\n<p>O Norte 2030 assegura o financiamento do projeto. A mensagem sublinha a necessidade de trabalhar de forma conjunta entre os munic\u00edpios para otimizar os fundos comunit\u00e1rios.<\/p>\n<p>Em reuni\u00e3o com autoridades locais, ficou sublinhada a prioridade ambiental da iniciativa. Autarcas destacaram a pertin\u00eancia de a\u00e7\u00f5es coordenadas para a adapta\u00e7\u00e3o clim\u00e1tica.<\/p>\n","protected":false},"excerpt":{"rendered":"<ul>\n<li>A \u00c1rea Metropolitana do Porto vai ter oito novas esta\u00e7\u00f5es clim\u00e1ticas, com o objetivo de cobrir todo o territ\u00f3rio da regi\u00e3o, num investimento de 650 mil euros.<\/li>\n<li>As novas estruturas v\u00e3o ficar em Gondomar, Vila do Conde, Santo Tirso, Santa Maria da Feira, Paredes, Trofa, Oliveira de Azem\u00e9is e Arouca.<\/li>\n<li>A cobertura total permite obter dados mais rigorosos sobre humidade e outras vari\u00e1veis clim\u00e1ticas, preenchendo \u00e1reas que ficaram sem monitoriza\u00e7\u00e3o.<\/li>\n<li>Al\u00e9m de apoiar respostas \u00e0s altera\u00e7\u00f5es clim\u00e1ticas, as esta\u00e7\u00f5es v\u00e3o constituir uma plataforma importante para a preven\u00e7\u00e3o e combate a inc\u00eandios.<\/li>\n<li>O projeto \u00e9 financiado pelo Norte 2030, numa altura em que o presidente da \u00c1rea Metropolitana do Porto destacou a necessidade de trabalhar em conjunto entre os 17 munic\u00edpios para otimizar os fundos comunit\u00e1rios.<\/li>\n<\/ul>\n","protected":false},"author":2,"featured_media":422153,"comment_status":"closed","ping_status":"closed","sticky":false,"template":"","format":"standard","meta":{"footnotes":""},"categories":[7380,6725],"tags":[1272,5228,5224,2617,45],"class_list":["post-422146","post","type-post","status-publish","format-standard","has-post-thumbnail","hentry","category-clima","category-meio-ambiente","tag-adaptacao-climatica","tag-area-metropolitana-de-porto","tag-clima","tag-incendios","tag-meio-ambiente"],"yoast_head":"<!-- This site is optimized with the Yoast SEO plugin v27.2 - https:\/\/yoast.com\/product\/yoast-seo-wordpress\/ -->\n<title>\u00c1rea Metropolitana do Porto ter\u00e1 oito novas esta\u00e7\u00f5es clim\u00e1ticas para inc\u00eandios - Portal Tela Portugal<\/title>\n<meta name=\"robots\" content=\"index, follow, max-snippet:-1, max-image-preview:large, max-video-preview:-1\" \/>\n<meta property=\"og:locale\" content=\"pt_PT\" \/>\n<meta property=\"og:type\" content=\"article\" \/>\n<meta property=\"og:title\" content=\"\u00c1rea Metropolitana do Porto ter\u00e1 oito novas esta\u00e7\u00f5es clim\u00e1ticas para inc\u00eandios - Portal Tela Portugal\" \/>\n<meta property=\"og:description\" content=\"A \u00c1rea Metropolitana do Porto vai ter oito novas esta\u00e7\u00f5es clim\u00e1ticas, com o objetivo de cobrir todo o territ\u00f3rio da regi\u00e3o, num investimento de 650 mil euros. As novas estruturas v\u00e3o ficar em Gondomar, Vila do Conde, Santo Tirso, Santa Maria da Feira, Paredes, Trofa, Oliveira de Azem\u00e9is e Arouca. A cobertura total permite obter dados mais rigorosos sobre humidade e outras vari\u00e1veis clim\u00e1ticas, preenchendo \u00e1reas que ficaram sem monitoriza\u00e7\u00e3o. Al\u00e9m de apoiar respostas \u00e0s altera\u00e7\u00f5es clim\u00e1ticas, as esta\u00e7\u00f5es v\u00e3o constituir uma plataforma importante para a preven\u00e7\u00e3o e combate a inc\u00eandios. O projeto \u00e9 financiado pelo Norte 2030, numa altura em que o presidente da \u00c1rea Metropolitana do Porto destacou a necessidade de trabalhar em conjunto entre os 17 munic\u00edpios para otimizar os fundos comunit\u00e1rios.\" \/>\n<meta property=\"og:url\" content=\"https:\/\/portaltela.pt\/noticias\/2026\/03\/26\/area-metropolitana-do-porto-tera-oito-novas-estacoes-climaticas-para-incendios\/\" \/>\n<meta property=\"og:site_name\" content=\"Portal Tela Portugal\" \/>\n<meta property=\"article:published_time\" content=\"2026-03-26T11:58:00+00:00\" \/>\n<meta name=\"author\" content=\"Telinha\" \/>\n<meta name=\"twitter:card\" content=\"summary_large_image\" \/>\n<meta name=\"twitter:label1\" content=\"Escrito por\" \/>\n\t<meta name=\"twitter:data1\" content=\"Telinha\" \/>\n\t<meta name=\"twitter:label2\" content=\"Tempo estimado de leitura\" \/>\n\t<meta name=\"twitter:data2\" content=\"1 minuto\" \/>\n<script type=\"application\/ld+json\" class=\"yoast-schema-graph\">{\"@context\":\"https:\/\/schema.org\",\"@graph\":[{\"@type\":\"Article\",\"@id\":\"https:\/\/portaltela.pt\/noticias\/2026\/03\/26\/area-metropolitana-do-porto-tera-oito-novas-estacoes-climaticas-para-incendios\/#article\",\"isPartOf\":{\"@id\":\"https:\/\/portaltela.pt\/noticias\/2026\/03\/26\/area-metropolitana-do-porto-tera-oito-novas-estacoes-climaticas-para-incendios\/\"},\"author\":{\"name\":\"Telinha\",\"@id\":\"https:\/\/portaltela.pt\/#\/schema\/person\/c4278d4a6028830caff9ee44b42d32ed\"},\"headline\":\"\u00c1rea Metropolitana do Porto ter\u00e1 oito novas esta\u00e7\u00f5es clim\u00e1ticas para inc\u00eandios\",\"datePublished\":\"2026-03-26T11:58:00+00:00\",\"mainEntityOfPage\":{\"@id\":\"https:\/\/portaltela.pt\/noticias\/2026\/03\/26\/area-metropolitana-do-porto-tera-oito-novas-estacoes-climaticas-para-incendios\/\"},\"wordCount\":253,\"image\":{\"@id\":\"https:\/\/portaltela.pt\/noticias\/2026\/03\/26\/area-metropolitana-do-porto-tera-oito-novas-estacoes-climaticas-para-incendios\/#primaryimage\"},\"thumbnailUrl\":\"https:\/\/portaltela.pt\/s.01k8rhncp4jt1\/2026\/03\/image-1538.jpg\",\"keywords\":[\"adapta\u00e7\u00e3o clim\u00e1tica\",\"\u00c1rea Metropolitana de Porto\",\"clima\",\"inc\u00eandios\",\"meio-ambiente\"],\"articleSection\":[\"Clima\",\"Meio Ambiente\"],\"inLanguage\":\"pt-PT\"},{\"@type\":\"WebPage\",\"@id\":\"https:\/\/portaltela.pt\/noticias\/2026\/03\/26\/area-metropolitana-do-porto-tera-oito-novas-estacoes-climaticas-para-incendios\/\",\"url\":\"https:\/\/portaltela.pt\/noticias\/2026\/03\/26\/area-metropolitana-do-porto-tera-oito-novas-estacoes-climaticas-para-incendios\/\",\"name\":\"\u00c1rea Metropolitana do Porto ter\u00e1 oito novas esta\u00e7\u00f5es clim\u00e1ticas para inc\u00eandios - Portal Tela Portugal\",\"isPartOf\":{\"@id\":\"https:\/\/portaltela.pt\/#website\"},\"primaryImageOfPage\":{\"@id\":\"https:\/\/portaltela.pt\/noticias\/2026\/03\/26\/area-metropolitana-do-porto-tera-oito-novas-estacoes-climaticas-para-incendios\/#primaryimage\"},\"image\":{\"@id\":\"https:\/\/portaltela.pt\/noticias\/2026\/03\/26\/area-metropolitana-do-porto-tera-oito-novas-estacoes-climaticas-para-incendios\/#primaryimage\"},\"thumbnailUrl\":\"https:\/\/portaltela.pt\/s.01k8rhncp4jt1\/2026\/03\/image-1538.jpg\",\"datePublished\":\"2026-03-26T11:58:00+00:00\",\"author\":{\"@id\":\"https:\/\/portaltela.pt\/#\/schema\/person\/c4278d4a6028830caff9ee44b42d32ed\"},\"breadcrumb\":{\"@id\":\"https:\/\/portaltela.pt\/noticias\/2026\/03\/26\/area-metropolitana-do-porto-tera-oito-novas-estacoes-climaticas-para-incendios\/#breadcrumb\"},\"inLanguage\":\"pt-PT\",\"potentialAction\":[{\"@type\":\"ReadAction\",\"target\":[\"https:\/\/portaltela.pt\/noticias\/2026\/03\/26\/area-metropolitana-do-porto-tera-oito-novas-estacoes-climaticas-para-incendios\/\"]}]},{\"@type\":\"ImageObject\",\"inLanguage\":\"pt-PT\",\"@id\":\"https:\/\/portaltela.pt\/noticias\/2026\/03\/26\/area-metropolitana-do-porto-tera-oito-novas-estacoes-climaticas-para-incendios\/#primaryimage\",\"url\":\"https:\/\/portaltela.pt\/s.01k8rhncp4jt1\/2026\/03\/image-1538.jpg\",\"contentUrl\":\"https:\/\/portaltela.pt\/s.01k8rhncp4jt1\/2026\/03\/image-1538.jpg\",\"width\":796,\"height\":448,\"caption\":\"Projeto foi apresentado aos munic\u00edpios\"},{\"@type\":\"BreadcrumbList\",\"@id\":\"https:\/\/portaltela.pt\/noticias\/2026\/03\/26\/area-metropolitana-do-porto-tera-oito-novas-estacoes-climaticas-para-incendios\/#breadcrumb\",\"itemListElement\":[{\"@type\":\"ListItem\",\"position\":1,\"name\":\"In\u00edcio\",\"item\":\"https:\/\/portaltela.pt\/\"},{\"@type\":\"ListItem\",\"position\":2,\"name\":\"\u00c1rea Metropolitana do Porto ter\u00e1 oito novas esta\u00e7\u00f5es clim\u00e1ticas para inc\u00eandios\"}]},{\"@type\":\"WebSite\",\"@id\":\"https:\/\/portaltela.pt\/#website\",\"url\":\"https:\/\/portaltela.pt\/\",\"name\":\"Portal Tela Portugal\",\"description\":\"\",\"potentialAction\":[{\"@type\":\"SearchAction\",\"target\":{\"@type\":\"EntryPoint\",\"urlTemplate\":\"https:\/\/portaltela.pt\/?s={search_term_string}\"},\"query-input\":{\"@type\":\"PropertyValueSpecification\",\"valueRequired\":true,\"valueName\":\"search_term_string\"}}],\"inLanguage\":\"pt-PT\"},{\"@type\":\"Person\",\"@id\":\"https:\/\/portaltela.pt\/#\/schema\/person\/c4278d4a6028830caff9ee44b42d32ed\",\"name\":\"Telinha\",\"image\":{\"@type\":\"ImageObject\",\"inLanguage\":\"pt-PT\",\"@id\":\"https:\/\/portaltela.pt\/s.01k8rhncp4jt1\/2025\/11\/talking-bot-125x125.png\",\"url\":\"https:\/\/portaltela.pt\/s.01k8rhncp4jt1\/2025\/11\/talking-bot-125x125.png\",\"contentUrl\":\"https:\/\/portaltela.pt\/s.01k8rhncp4jt1\/2025\/11\/talking-bot-125x125.png\",\"caption\":\"Telinha\"},\"sameAs\":[\"https:\/\/portaltela.pt\/\"],\"url\":\"https:\/\/portaltela.pt\/por\/367410592786\/\"}]}<\/script>\n<!-- \/ Yoast SEO plugin. -->","yoast_head_json":{"title":"\u00c1rea Metropolitana do Porto ter\u00e1 oito novas esta\u00e7\u00f5es clim\u00e1ticas para inc\u00eandios - Portal Tela Portugal","robots":{"index":"index","follow":"follow","max-snippet":"max-snippet:-1","max-image-preview":"max-image-preview:large","max-video-preview":"max-video-preview:-1"},"og_locale":"pt_PT","og_type":"article","og_title":"\u00c1rea Metropolitana do Porto ter\u00e1 oito novas esta\u00e7\u00f5es clim\u00e1ticas para inc\u00eandios - Portal Tela Portugal","og_description":"A \u00c1rea Metropolitana do Porto vai ter oito novas esta\u00e7\u00f5es clim\u00e1ticas, com o objetivo de cobrir todo o territ\u00f3rio da regi\u00e3o, num investimento de 650 mil euros. As novas estruturas v\u00e3o ficar em Gondomar, Vila do Conde, Santo Tirso, Santa Maria da Feira, Paredes, Trofa, Oliveira de Azem\u00e9is e Arouca. A cobertura total permite obter dados mais rigorosos sobre humidade e outras vari\u00e1veis clim\u00e1ticas, preenchendo \u00e1reas que ficaram sem monitoriza\u00e7\u00e3o. Al\u00e9m de apoiar respostas \u00e0s altera\u00e7\u00f5es clim\u00e1ticas, as esta\u00e7\u00f5es v\u00e3o constituir uma plataforma importante para a preven\u00e7\u00e3o e combate a inc\u00eandios. O projeto \u00e9 financiado pelo Norte 2030, numa altura em que o presidente da \u00c1rea Metropolitana do Porto destacou a necessidade de trabalhar em conjunto entre os 17 munic\u00edpios para otimizar os fundos comunit\u00e1rios.","og_url":"https:\/\/portaltela.pt\/noticias\/2026\/03\/26\/area-metropolitana-do-porto-tera-oito-novas-estacoes-climaticas-para-incendios\/","og_site_name":"Portal Tela Portugal","article_published_time":"2026-03-26T11:58:00+00:00","author":"Telinha","twitter_card":"summary_large_image","twitter_misc":{"Escrito por":"Telinha","Tempo estimado de leitura":"1 minuto"},"schema":{"@context":"https:\/\/schema.org","@graph":[{"@type":"Article","@id":"https:\/\/portaltela.pt\/noticias\/2026\/03\/26\/area-metropolitana-do-porto-tera-oito-novas-estacoes-climaticas-para-incendios\/#article","isPartOf":{"@id":"https:\/\/portaltela.pt\/noticias\/2026\/03\/26\/area-metropolitana-do-porto-tera-oito-novas-estacoes-climaticas-para-incendios\/"},"author":{"name":"Telinha","@id":"https:\/\/portaltela.pt\/#\/schema\/person\/c4278d4a6028830caff9ee44b42d32ed"},"headline":"\u00c1rea Metropolitana do Porto ter\u00e1 oito novas esta\u00e7\u00f5es clim\u00e1ticas para inc\u00eandios","datePublished":"2026-03-26T11:58:00+00:00","mainEntityOfPage":{"@id":"https:\/\/portaltela.pt\/noticias\/2026\/03\/26\/area-metropolitana-do-porto-tera-oito-novas-estacoes-climaticas-para-incendios\/"},"wordCount":253,"image":{"@id":"https:\/\/portaltela.pt\/noticias\/2026\/03\/26\/area-metropolitana-do-porto-tera-oito-novas-estacoes-climaticas-para-incendios\/#primaryimage"},"thumbnailUrl":"https:\/\/portaltela.pt\/s.01k8rhncp4jt1\/2026\/03\/image-1538.jpg","keywords":["adapta\u00e7\u00e3o clim\u00e1tica","\u00c1rea Metropolitana de Porto","clima","inc\u00eandios","meio-ambiente"],"articleSection":["Clima","Meio Ambiente"],"inLanguage":"pt-PT"},{"@type":"WebPage","@id":"https:\/\/portaltela.pt\/noticias\/2026\/03\/26\/area-metropolitana-do-porto-tera-oito-novas-estacoes-climaticas-para-incendios\/","url":"https:\/\/portaltela.pt\/noticias\/2026\/03\/26\/area-metropolitana-do-porto-tera-oito-novas-estacoes-climaticas-para-incendios\/","name":"\u00c1rea Metropolitana do Porto ter\u00e1 oito novas esta\u00e7\u00f5es clim\u00e1ticas para inc\u00eandios - Portal Tela Portugal","isPartOf":{"@id":"https:\/\/portaltela.pt\/#website"},"primaryImageOfPage":{"@id":"https:\/\/portaltela.pt\/noticias\/2026\/03\/26\/area-metropolitana-do-porto-tera-oito-novas-estacoes-climaticas-para-incendios\/#primaryimage"},"image":{"@id":"https:\/\/portaltela.pt\/noticias\/2026\/03\/26\/area-metropolitana-do-porto-tera-oito-novas-estacoes-climaticas-para-incendios\/#primaryimage"},"thumbnailUrl":"https:\/\/portaltela.pt\/s.01k8rhncp4jt1\/2026\/03\/image-1538.jpg","datePublished":"2026-03-26T11:58:00+00:00","author":{"@id":"https:\/\/portaltela.pt\/#\/schema\/person\/c4278d4a6028830caff9ee44b42d32ed"},"breadcrumb":{"@id":"https:\/\/portaltela.pt\/noticias\/2026\/03\/26\/area-metropolitana-do-porto-tera-oito-novas-estacoes-climaticas-para-incendios\/#breadcrumb"},"inLanguage":"pt-PT","potentialAction":[{"@type":"ReadAction","target":["https:\/\/portaltela.pt\/noticias\/2026\/03\/26\/area-metropolitana-do-porto-tera-oito-novas-estacoes-climaticas-para-incendios\/"]}]},{"@type":"ImageObject","inLanguage":"pt-PT","@id":"https:\/\/portaltela.pt\/noticias\/2026\/03\/26\/area-metropolitana-do-porto-tera-oito-novas-estacoes-climaticas-para-incendios\/#primaryimage","url":"https:\/\/portaltela.pt\/s.01k8rhncp4jt1\/2026\/03\/image-1538.jpg","contentUrl":"https:\/\/portaltela.pt\/s.01k8rhncp4jt1\/2026\/03\/image-1538.jpg","width":796,"height":448,"caption":"Projeto foi apresentado aos munic\u00edpios"},{"@type":"BreadcrumbList","@id":"https:\/\/portaltela.pt\/noticias\/2026\/03\/26\/area-metropolitana-do-porto-tera-oito-novas-estacoes-climaticas-para-incendios\/#breadcrumb","itemListElement":[{"@type":"ListItem","position":1,"name":"In\u00edcio","item":"https:\/\/portaltela.pt\/"},{"@type":"ListItem","position":2,"name":"\u00c1rea Metropolitana do Porto ter\u00e1 oito novas esta\u00e7\u00f5es clim\u00e1ticas para inc\u00eandios"}]},{"@type":"WebSite","@id":"https:\/\/portaltela.pt\/#website","url":"https:\/\/portaltela.pt\/","name":"Portal Tela Portugal","description":"","potentialAction":[{"@type":"SearchAction","target":{"@type":"EntryPoint","urlTemplate":"https:\/\/portaltela.pt\/?s={search_term_string}"},"query-input":{"@type":"PropertyValueSpecification","valueRequired":true,"valueName":"search_term_string"}}],"inLanguage":"pt-PT"},{"@type":"Person","@id":"https:\/\/portaltela.pt\/#\/schema\/person\/c4278d4a6028830caff9ee44b42d32ed","name":"Telinha","image":{"@type":"ImageObject","inLanguage":"pt-PT","@id":"https:\/\/portaltela.pt\/s.01k8rhncp4jt1\/2025\/11\/talking-bot-125x125.png","url":"https:\/\/portaltela.pt\/s.01k8rhncp4jt1\/2025\/11\/talking-bot-125x125.png","contentUrl":"https:\/\/portaltela.pt\/s.01k8rhncp4jt1\/2025\/11\/talking-bot-125x125.png","caption":"Telinha"},"sameAs":["https:\/\/portaltela.pt\/"],"url":"https:\/\/portaltela.pt\/por\/367410592786\/"}]}},"_links":{"self":[{"href":"https:\/\/portaltela.pt\/api\/wp\/v2\/posts\/422146","targetHints":{"allow":["GET"]}}],"collection":[{"href":"https:\/\/portaltela.pt\/api\/wp\/v2\/posts"}],"about":[{"href":"https:\/\/portaltela.pt\/api\/wp\/v2\/types\/post"}],"author":[{"embeddable":true,"href":"https:\/\/portaltela.pt\/api\/wp\/v2\/users\/2"}],"replies":[{"embeddable":true,"href":"https:\/\/portaltela.pt\/api\/wp\/v2\/comments?post=422146"}],"version-history":[{"count":0,"href":"https:\/\/portaltela.pt\/api\/wp\/v2\/posts\/422146\/revisions"}],"wp:featuredmedia":[{"embeddable":true,"href":"https:\/\/portaltela.pt\/api\/wp\/v2\/media\/422153"}],"wp:attachment":[{"href":"https:\/\/portaltela.pt\/api\/wp\/v2\/media?parent=422146"}],"wp:term":[{"taxonomy":"category","embeddable":true,"href":"https:\/\/portaltela.pt\/api\/wp\/v2\/categories?post=422146"},{"taxonomy":"post_tag","embeddable":true,"href":"https:\/\/portaltela.pt\/api\/wp\/v2\/tags?post=422146"}],"curies":[{"name":"wp","href":"https:\/\/api.w.org\/{rel}","templated":true}]}}