{"id":422127,"date":"2026-03-26T09:02:29","date_gmt":"2026-03-26T12:02:29","guid":{"rendered":"https:\/\/portaltela.pt\/noticias\/2026\/03\/26\/airbaltic-reforca-voos-de-inverno-para-a-laponia-finlandesa\/"},"modified":"2026-03-26T09:02:29","modified_gmt":"2026-03-26T12:02:29","slug":"airbaltic-reforca-voos-de-inverno-para-a-laponia-finlandesa","status":"publish","type":"post","link":"https:\/\/portaltela.pt\/noticias\/internacional\/2026\/03\/26\/airbaltic-reforca-voos-de-inverno-para-a-laponia-finlandesa\/","title":{"rendered":"AirBaltic refor\u00e7a voos de inverno para a Lap\u00f3nia finlandesa"},"content":{"rendered":"<p>A AirBaltic vai refor\u00e7ar a sua programa\u00e7\u00e3o de inverno com voos diretos para Kuusamo, na Lap\u00f3nia finlandesa, a partir de dezembro. A opera\u00e7\u00e3o liga cinco cidades europeias ao destino, incluindo Londres, Manchester, Berlim, Hamburgo e Riga, a partir de 2026-2027. A medida visa responder ao aumento da procura por f\u00e9rias de neve.<\/p>\n<p>Os voos de Manchester e de Londres Gatwick funcionam aos domingos entre 13 de dezembro de 2026 e 28 de mar\u00e7o de 2027, com aeronaves A220-300, com capacidade para 148 passageiros. A esta\u00e7\u00e3o nocturna em Kuusamo permitir\u00e1 liga\u00e7\u00f5es diretas adicionais entre o destino e outras cidades europeias.<\/p>\n<h3>Novas liga\u00e7\u00f5es para Kuusamo<\/h3>\n<p>Existem tamb\u00e9m voos diretos j\u00e1 dispon\u00edveis de D\u00fcsseldorf, Zurique e Frankfurt para Kuusamo. A medida inclui ainda liga\u00e7\u00f5es de Gran Canaria para Pozna\u0144, Vars\u00f3via e Katowice, bem como liga\u00e7\u00f5es de Tenerife para Li\u00e8ge, Palanga e Ljubljana, ampliando a conectividade da rede.<\/p>\n<h3>Ruka-Kuusamo: procura em ascens\u00e3o<\/h3>\n<p>A expans\u00e3o refor\u00e7a a visibilidade da regi\u00e3o de Ruka-Kuusamo como destino de inverno. A \u00e1rea foi distinguida como Outdoor Destination of the Year 2025, nos Scandinavian Outdoor Awards, atribu\u00eddos na ITB Berlim.<\/p>\n<p>Estima-se que a amplia\u00e7\u00e3o das rotas atraia cerca de 11.840 turistas estrangeiros \u00e0 regi\u00e3o. Al\u00e9m das paisagens de neve, o destino oferece tr\u00eas parques nacionais, caminhadas com raquetes, pesca no gelo e observa\u00e7\u00e3o de auroras boreais.<\/p>\n<p>Para al\u00e9m disso, o legado tur\u00edstico inclui a experi\u00eancia da pastor\u00edcia de renas, festivais de m\u00fasica e de luz, bem como op\u00e7\u00f5es de bem estar, como saunas finlandesas tradicionais.<\/p>\n","protected":false},"excerpt":{"rendered":"<ul>\n<li>A AirBaltic vai lan\u00e7ar voos diretos para Kuusamo, na Lap\u00f3nia finlandesa, a partir de dezembro, a partir de Londres, Manchester, Berlim, Hamburgo e Riga, na programa\u00e7\u00e3o de inverno 2026-2027.<\/li>\n<li>Os voos de Manchester e de Londres Gatwick operam aos domingos, entre 13 de dezembro de 2026 e 28 de mar\u00e7o de 2027, com avi\u00f5es Airbus A220-300 (at\u00e9 148 lugares).<\/li>\n<li>Um avi\u00e3o ficar\u00e1 estacionado durante a noite em Kuusamo para satisfazer o pico de procura e permitir liga\u00e7\u00f5es diretas adicionais entre o destino e outras cidades europeias; haver\u00e1 servi\u00e7os adicionais aos fins de semana.<\/li>\n<li>J\u00e1 existiam voos diretos para Kuusamo a partir de D\u00fcsseldorf, Zurique e Frankfurt, e a AirBaltic tamb\u00e9m expande liga\u00e7\u00f5es entre Gran Canaria e Poznan, Vars\u00f3via, Katowice, bem como Tenerife para Li\u00e8ge, Palanga e Ljubljana.<\/li>\n<li>A expans\u00e3o refor\u00e7a a popularidade de Ruka-Kuusamo como destino de Inverno, premiado como Outdoor Destination of the Year 2025, com expectativa de chegada de cerca de 11.840 turistas estrangeiros.<\/li>\n<\/ul>\n","protected":false},"author":2,"featured_media":422130,"comment_status":"closed","ping_status":"closed","sticky":false,"template":"","format":"standard","meta":{"footnotes":""},"categories":[4,1],"tags":[6789,4845,6592,169,71,6037],"class_list":["post-422127","post","type-post","status-publish","format-standard","has-post-thumbnail","hentry","category-internacional","category-noticias","tag-avioes","tag-conectividade-internacional","tag-destinos-internacionais","tag-turismo","tag-viagens","tag-viagens-internacionais"],"yoast_head":"<!-- This site is optimized with the Yoast SEO plugin v27.2 - https:\/\/yoast.com\/product\/yoast-seo-wordpress\/ -->\n<title>AirBaltic refor\u00e7a voos de inverno para a Lap\u00f3nia finlandesa - Portal Tela Portugal<\/title>\n<meta name=\"robots\" content=\"index, follow, max-snippet:-1, max-image-preview:large, max-video-preview:-1\" \/>\n<meta property=\"og:locale\" content=\"pt_PT\" \/>\n<meta property=\"og:type\" content=\"article\" \/>\n<meta property=\"og:title\" content=\"AirBaltic refor\u00e7a voos de inverno para a Lap\u00f3nia finlandesa - Portal Tela Portugal\" \/>\n<meta property=\"og:description\" content=\"A AirBaltic vai lan\u00e7ar voos diretos para Kuusamo, na Lap\u00f3nia finlandesa, a partir de dezembro, a partir de Londres, Manchester, Berlim, Hamburgo e Riga, na programa\u00e7\u00e3o de inverno 2026-2027. Os voos de Manchester e de Londres Gatwick operam aos domingos, entre 13 de dezembro de 2026 e 28 de mar\u00e7o de 2027, com avi\u00f5es Airbus A220-300 (at\u00e9 148 lugares). Um avi\u00e3o ficar\u00e1 estacionado durante a noite em Kuusamo para satisfazer o pico de procura e permitir liga\u00e7\u00f5es diretas adicionais entre o destino e outras cidades europeias; haver\u00e1 servi\u00e7os adicionais aos fins de semana. J\u00e1 existiam voos diretos para Kuusamo a partir de D\u00fcsseldorf, Zurique e Frankfurt, e a AirBaltic tamb\u00e9m expande liga\u00e7\u00f5es entre Gran Canaria e Poznan, Vars\u00f3via, Katowice, bem como Tenerife para Li\u00e8ge, Palanga e Ljubljana. A expans\u00e3o refor\u00e7a a popularidade de Ruka-Kuusamo como destino de Inverno, premiado como Outdoor Destination of the Year 2025, com expectativa de chegada de cerca de 11.840 turistas estrangeiros.\" \/>\n<meta property=\"og:url\" content=\"https:\/\/portaltela.pt\/noticias\/2026\/03\/26\/airbaltic-reforca-voos-de-inverno-para-a-laponia-finlandesa\/\" \/>\n<meta property=\"og:site_name\" content=\"Portal Tela Portugal\" \/>\n<meta property=\"article:published_time\" content=\"2026-03-26T12:02:29+00:00\" \/>\n<meta name=\"author\" content=\"Telinha\" \/>\n<meta name=\"twitter:card\" content=\"summary_large_image\" \/>\n<meta name=\"twitter:label1\" content=\"Escrito por\" \/>\n\t<meta name=\"twitter:data1\" content=\"Telinha\" \/>\n\t<meta name=\"twitter:label2\" content=\"Tempo estimado de leitura\" \/>\n\t<meta name=\"twitter:data2\" content=\"1 minuto\" \/>\n<script type=\"application\/ld+json\" class=\"yoast-schema-graph\">{\"@context\":\"https:\/\/schema.org\",\"@graph\":[{\"@type\":\"Article\",\"@id\":\"https:\/\/portaltela.pt\/noticias\/2026\/03\/26\/airbaltic-reforca-voos-de-inverno-para-a-laponia-finlandesa\/#article\",\"isPartOf\":{\"@id\":\"https:\/\/portaltela.pt\/noticias\/2026\/03\/26\/airbaltic-reforca-voos-de-inverno-para-a-laponia-finlandesa\/\"},\"author\":{\"name\":\"Telinha\",\"@id\":\"https:\/\/portaltela.pt\/#\/schema\/person\/c4278d4a6028830caff9ee44b42d32ed\"},\"headline\":\"AirBaltic refor\u00e7a voos de inverno para a Lap\u00f3nia finlandesa\",\"datePublished\":\"2026-03-26T12:02:29+00:00\",\"mainEntityOfPage\":{\"@id\":\"https:\/\/portaltela.pt\/noticias\/2026\/03\/26\/airbaltic-reforca-voos-de-inverno-para-a-laponia-finlandesa\/\"},\"wordCount\":281,\"image\":{\"@id\":\"https:\/\/portaltela.pt\/noticias\/2026\/03\/26\/airbaltic-reforca-voos-de-inverno-para-a-laponia-finlandesa\/#primaryimage\"},\"thumbnailUrl\":\"https:\/\/portaltela.pt\/s.01k8rhncp4jt1\/2026\/03\/1536x864_cmsv2_b9b3de6c-23ee-5d80-9948-10052374cff4-9699022.jpg\",\"keywords\":[\"avi\u00f5es\",\"conectividade internacional\",\"destinos internacionais\",\"turismo\",\"viagens\",\"viagens internacionais\"],\"articleSection\":[\"Internacional\",\"Not\u00edcias\"],\"inLanguage\":\"pt-PT\"},{\"@type\":\"WebPage\",\"@id\":\"https:\/\/portaltela.pt\/noticias\/2026\/03\/26\/airbaltic-reforca-voos-de-inverno-para-a-laponia-finlandesa\/\",\"url\":\"https:\/\/portaltela.pt\/noticias\/2026\/03\/26\/airbaltic-reforca-voos-de-inverno-para-a-laponia-finlandesa\/\",\"name\":\"AirBaltic refor\u00e7a voos de inverno para a Lap\u00f3nia finlandesa - Portal Tela Portugal\",\"isPartOf\":{\"@id\":\"https:\/\/portaltela.pt\/#website\"},\"primaryImageOfPage\":{\"@id\":\"https:\/\/portaltela.pt\/noticias\/2026\/03\/26\/airbaltic-reforca-voos-de-inverno-para-a-laponia-finlandesa\/#primaryimage\"},\"image\":{\"@id\":\"https:\/\/portaltela.pt\/noticias\/2026\/03\/26\/airbaltic-reforca-voos-de-inverno-para-a-laponia-finlandesa\/#primaryimage\"},\"thumbnailUrl\":\"https:\/\/portaltela.pt\/s.01k8rhncp4jt1\/2026\/03\/1536x864_cmsv2_b9b3de6c-23ee-5d80-9948-10052374cff4-9699022.jpg\",\"datePublished\":\"2026-03-26T12:02:29+00:00\",\"author\":{\"@id\":\"https:\/\/portaltela.pt\/#\/schema\/person\/c4278d4a6028830caff9ee44b42d32ed\"},\"breadcrumb\":{\"@id\":\"https:\/\/portaltela.pt\/noticias\/2026\/03\/26\/airbaltic-reforca-voos-de-inverno-para-a-laponia-finlandesa\/#breadcrumb\"},\"inLanguage\":\"pt-PT\",\"potentialAction\":[{\"@type\":\"ReadAction\",\"target\":[\"https:\/\/portaltela.pt\/noticias\/2026\/03\/26\/airbaltic-reforca-voos-de-inverno-para-a-laponia-finlandesa\/\"]}]},{\"@type\":\"ImageObject\",\"inLanguage\":\"pt-PT\",\"@id\":\"https:\/\/portaltela.pt\/noticias\/2026\/03\/26\/airbaltic-reforca-voos-de-inverno-para-a-laponia-finlandesa\/#primaryimage\",\"url\":\"https:\/\/portaltela.pt\/s.01k8rhncp4jt1\/2026\/03\/1536x864_cmsv2_b9b3de6c-23ee-5d80-9948-10052374cff4-9699022.jpg\",\"contentUrl\":\"https:\/\/portaltela.pt\/s.01k8rhncp4jt1\/2026\/03\/1536x864_cmsv2_b9b3de6c-23ee-5d80-9948-10052374cff4-9699022.jpg\",\"width\":796,\"height\":448,\"caption\":\"Vista a\u00e9rea da regi\u00e3o de Ruku-Kuusamo\"},{\"@type\":\"BreadcrumbList\",\"@id\":\"https:\/\/portaltela.pt\/noticias\/2026\/03\/26\/airbaltic-reforca-voos-de-inverno-para-a-laponia-finlandesa\/#breadcrumb\",\"itemListElement\":[{\"@type\":\"ListItem\",\"position\":1,\"name\":\"In\u00edcio\",\"item\":\"https:\/\/portaltela.pt\/\"},{\"@type\":\"ListItem\",\"position\":2,\"name\":\"AirBaltic refor\u00e7a voos de inverno para a Lap\u00f3nia finlandesa\"}]},{\"@type\":\"WebSite\",\"@id\":\"https:\/\/portaltela.pt\/#website\",\"url\":\"https:\/\/portaltela.pt\/\",\"name\":\"Portal Tela Portugal\",\"description\":\"\",\"potentialAction\":[{\"@type\":\"SearchAction\",\"target\":{\"@type\":\"EntryPoint\",\"urlTemplate\":\"https:\/\/portaltela.pt\/?s={search_term_string}\"},\"query-input\":{\"@type\":\"PropertyValueSpecification\",\"valueRequired\":true,\"valueName\":\"search_term_string\"}}],\"inLanguage\":\"pt-PT\"},{\"@type\":\"Person\",\"@id\":\"https:\/\/portaltela.pt\/#\/schema\/person\/c4278d4a6028830caff9ee44b42d32ed\",\"name\":\"Telinha\",\"image\":{\"@type\":\"ImageObject\",\"inLanguage\":\"pt-PT\",\"@id\":\"https:\/\/portaltela.pt\/s.01k8rhncp4jt1\/2025\/11\/talking-bot-125x125.png\",\"url\":\"https:\/\/portaltela.pt\/s.01k8rhncp4jt1\/2025\/11\/talking-bot-125x125.png\",\"contentUrl\":\"https:\/\/portaltela.pt\/s.01k8rhncp4jt1\/2025\/11\/talking-bot-125x125.png\",\"caption\":\"Telinha\"},\"sameAs\":[\"https:\/\/portaltela.pt\/\"],\"url\":\"https:\/\/portaltela.pt\/por\/367410592786\/\"}]}<\/script>\n<!-- \/ Yoast SEO plugin. -->","yoast_head_json":{"title":"AirBaltic refor\u00e7a voos de inverno para a Lap\u00f3nia finlandesa - Portal Tela Portugal","robots":{"index":"index","follow":"follow","max-snippet":"max-snippet:-1","max-image-preview":"max-image-preview:large","max-video-preview":"max-video-preview:-1"},"og_locale":"pt_PT","og_type":"article","og_title":"AirBaltic refor\u00e7a voos de inverno para a Lap\u00f3nia finlandesa - Portal Tela Portugal","og_description":"A AirBaltic vai lan\u00e7ar voos diretos para Kuusamo, na Lap\u00f3nia finlandesa, a partir de dezembro, a partir de Londres, Manchester, Berlim, Hamburgo e Riga, na programa\u00e7\u00e3o de inverno 2026-2027. Os voos de Manchester e de Londres Gatwick operam aos domingos, entre 13 de dezembro de 2026 e 28 de mar\u00e7o de 2027, com avi\u00f5es Airbus A220-300 (at\u00e9 148 lugares). Um avi\u00e3o ficar\u00e1 estacionado durante a noite em Kuusamo para satisfazer o pico de procura e permitir liga\u00e7\u00f5es diretas adicionais entre o destino e outras cidades europeias; haver\u00e1 servi\u00e7os adicionais aos fins de semana. J\u00e1 existiam voos diretos para Kuusamo a partir de D\u00fcsseldorf, Zurique e Frankfurt, e a AirBaltic tamb\u00e9m expande liga\u00e7\u00f5es entre Gran Canaria e Poznan, Vars\u00f3via, Katowice, bem como Tenerife para Li\u00e8ge, Palanga e Ljubljana. A expans\u00e3o refor\u00e7a a popularidade de Ruka-Kuusamo como destino de Inverno, premiado como Outdoor Destination of the Year 2025, com expectativa de chegada de cerca de 11.840 turistas estrangeiros.","og_url":"https:\/\/portaltela.pt\/noticias\/2026\/03\/26\/airbaltic-reforca-voos-de-inverno-para-a-laponia-finlandesa\/","og_site_name":"Portal Tela Portugal","article_published_time":"2026-03-26T12:02:29+00:00","author":"Telinha","twitter_card":"summary_large_image","twitter_misc":{"Escrito por":"Telinha","Tempo estimado de leitura":"1 minuto"},"schema":{"@context":"https:\/\/schema.org","@graph":[{"@type":"Article","@id":"https:\/\/portaltela.pt\/noticias\/2026\/03\/26\/airbaltic-reforca-voos-de-inverno-para-a-laponia-finlandesa\/#article","isPartOf":{"@id":"https:\/\/portaltela.pt\/noticias\/2026\/03\/26\/airbaltic-reforca-voos-de-inverno-para-a-laponia-finlandesa\/"},"author":{"name":"Telinha","@id":"https:\/\/portaltela.pt\/#\/schema\/person\/c4278d4a6028830caff9ee44b42d32ed"},"headline":"AirBaltic refor\u00e7a voos de inverno para a Lap\u00f3nia finlandesa","datePublished":"2026-03-26T12:02:29+00:00","mainEntityOfPage":{"@id":"https:\/\/portaltela.pt\/noticias\/2026\/03\/26\/airbaltic-reforca-voos-de-inverno-para-a-laponia-finlandesa\/"},"wordCount":281,"image":{"@id":"https:\/\/portaltela.pt\/noticias\/2026\/03\/26\/airbaltic-reforca-voos-de-inverno-para-a-laponia-finlandesa\/#primaryimage"},"thumbnailUrl":"https:\/\/portaltela.pt\/s.01k8rhncp4jt1\/2026\/03\/1536x864_cmsv2_b9b3de6c-23ee-5d80-9948-10052374cff4-9699022.jpg","keywords":["avi\u00f5es","conectividade internacional","destinos internacionais","turismo","viagens","viagens internacionais"],"articleSection":["Internacional","Not\u00edcias"],"inLanguage":"pt-PT"},{"@type":"WebPage","@id":"https:\/\/portaltela.pt\/noticias\/2026\/03\/26\/airbaltic-reforca-voos-de-inverno-para-a-laponia-finlandesa\/","url":"https:\/\/portaltela.pt\/noticias\/2026\/03\/26\/airbaltic-reforca-voos-de-inverno-para-a-laponia-finlandesa\/","name":"AirBaltic refor\u00e7a voos de inverno para a Lap\u00f3nia finlandesa - Portal Tela Portugal","isPartOf":{"@id":"https:\/\/portaltela.pt\/#website"},"primaryImageOfPage":{"@id":"https:\/\/portaltela.pt\/noticias\/2026\/03\/26\/airbaltic-reforca-voos-de-inverno-para-a-laponia-finlandesa\/#primaryimage"},"image":{"@id":"https:\/\/portaltela.pt\/noticias\/2026\/03\/26\/airbaltic-reforca-voos-de-inverno-para-a-laponia-finlandesa\/#primaryimage"},"thumbnailUrl":"https:\/\/portaltela.pt\/s.01k8rhncp4jt1\/2026\/03\/1536x864_cmsv2_b9b3de6c-23ee-5d80-9948-10052374cff4-9699022.jpg","datePublished":"2026-03-26T12:02:29+00:00","author":{"@id":"https:\/\/portaltela.pt\/#\/schema\/person\/c4278d4a6028830caff9ee44b42d32ed"},"breadcrumb":{"@id":"https:\/\/portaltela.pt\/noticias\/2026\/03\/26\/airbaltic-reforca-voos-de-inverno-para-a-laponia-finlandesa\/#breadcrumb"},"inLanguage":"pt-PT","potentialAction":[{"@type":"ReadAction","target":["https:\/\/portaltela.pt\/noticias\/2026\/03\/26\/airbaltic-reforca-voos-de-inverno-para-a-laponia-finlandesa\/"]}]},{"@type":"ImageObject","inLanguage":"pt-PT","@id":"https:\/\/portaltela.pt\/noticias\/2026\/03\/26\/airbaltic-reforca-voos-de-inverno-para-a-laponia-finlandesa\/#primaryimage","url":"https:\/\/portaltela.pt\/s.01k8rhncp4jt1\/2026\/03\/1536x864_cmsv2_b9b3de6c-23ee-5d80-9948-10052374cff4-9699022.jpg","contentUrl":"https:\/\/portaltela.pt\/s.01k8rhncp4jt1\/2026\/03\/1536x864_cmsv2_b9b3de6c-23ee-5d80-9948-10052374cff4-9699022.jpg","width":796,"height":448,"caption":"Vista a\u00e9rea da regi\u00e3o de Ruku-Kuusamo"},{"@type":"BreadcrumbList","@id":"https:\/\/portaltela.pt\/noticias\/2026\/03\/26\/airbaltic-reforca-voos-de-inverno-para-a-laponia-finlandesa\/#breadcrumb","itemListElement":[{"@type":"ListItem","position":1,"name":"In\u00edcio","item":"https:\/\/portaltela.pt\/"},{"@type":"ListItem","position":2,"name":"AirBaltic refor\u00e7a voos de inverno para a Lap\u00f3nia finlandesa"}]},{"@type":"WebSite","@id":"https:\/\/portaltela.pt\/#website","url":"https:\/\/portaltela.pt\/","name":"Portal Tela Portugal","description":"","potentialAction":[{"@type":"SearchAction","target":{"@type":"EntryPoint","urlTemplate":"https:\/\/portaltela.pt\/?s={search_term_string}"},"query-input":{"@type":"PropertyValueSpecification","valueRequired":true,"valueName":"search_term_string"}}],"inLanguage":"pt-PT"},{"@type":"Person","@id":"https:\/\/portaltela.pt\/#\/schema\/person\/c4278d4a6028830caff9ee44b42d32ed","name":"Telinha","image":{"@type":"ImageObject","inLanguage":"pt-PT","@id":"https:\/\/portaltela.pt\/s.01k8rhncp4jt1\/2025\/11\/talking-bot-125x125.png","url":"https:\/\/portaltela.pt\/s.01k8rhncp4jt1\/2025\/11\/talking-bot-125x125.png","contentUrl":"https:\/\/portaltela.pt\/s.01k8rhncp4jt1\/2025\/11\/talking-bot-125x125.png","caption":"Telinha"},"sameAs":["https:\/\/portaltela.pt\/"],"url":"https:\/\/portaltela.pt\/por\/367410592786\/"}]}},"_links":{"self":[{"href":"https:\/\/portaltela.pt\/api\/wp\/v2\/posts\/422127","targetHints":{"allow":["GET"]}}],"collection":[{"href":"https:\/\/portaltela.pt\/api\/wp\/v2\/posts"}],"about":[{"href":"https:\/\/portaltela.pt\/api\/wp\/v2\/types\/post"}],"author":[{"embeddable":true,"href":"https:\/\/portaltela.pt\/api\/wp\/v2\/users\/2"}],"replies":[{"embeddable":true,"href":"https:\/\/portaltela.pt\/api\/wp\/v2\/comments?post=422127"}],"version-history":[{"count":0,"href":"https:\/\/portaltela.pt\/api\/wp\/v2\/posts\/422127\/revisions"}],"wp:featuredmedia":[{"embeddable":true,"href":"https:\/\/portaltela.pt\/api\/wp\/v2\/media\/422130"}],"wp:attachment":[{"href":"https:\/\/portaltela.pt\/api\/wp\/v2\/media?parent=422127"}],"wp:term":[{"taxonomy":"category","embeddable":true,"href":"https:\/\/portaltela.pt\/api\/wp\/v2\/categories?post=422127"},{"taxonomy":"post_tag","embeddable":true,"href":"https:\/\/portaltela.pt\/api\/wp\/v2\/tags?post=422127"}],"curies":[{"name":"wp","href":"https:\/\/api.w.org\/{rel}","templated":true}]}}