{"id":422121,"date":"2026-03-26T07:46:00","date_gmt":"2026-03-26T10:46:00","guid":{"rendered":"https:\/\/portaltela.pt\/noticias\/2026\/03\/26\/cabaz-alimentar-atinge-novo-maximo-de-25440-euros-diz-deco-proteste\/"},"modified":"2026-03-26T07:46:00","modified_gmt":"2026-03-26T10:46:00","slug":"cabaz-alimentar-atinge-novo-maximo-de-25440-euros-diz-deco-proteste","status":"publish","type":"post","link":"https:\/\/portaltela.pt\/noticias\/economia\/2026\/03\/26\/cabaz-alimentar-atinge-novo-maximo-de-25440-euros-diz-deco-proteste\/","title":{"rendered":"Cabaz alimentar atinge novo m\u00e1ximo de 254,40 euros, diz Deco Proteste"},"content":{"rendered":"<p>O cabaz alimentar subiu ligeiramente, marcando um novo m\u00e1ximo de 254,40 euros, segundo a Deco Proteste. O relat\u00f3rio analisar custos de uma cesta de alimenta\u00e7\u00e3o b\u00e1sica em Portugal.<\/p>\n<p>A Deco Proteste, institui\u00e7\u00e3o de defesa do consumidor, destaca que o aumento reflete press\u00f5es de pre\u00e7os em produtos alimentares. O estudo procura aferir o custo mensal de uma alimenta\u00e7\u00e3o suficiente.<\/p>\n<p>O conte\u00fado completo da an\u00e1lise est\u00e1 dispon\u00edvel apenas para subscritores. A Deco Proteste refor\u00e7a a necessidade de acompanhar o evoluir dos pre\u00e7os para fam\u00edlias, comerciantes e entidades p\u00fablicas.<\/p>\n","protected":false},"excerpt":{"rendered":"<ul>\n<li>O cabaz alimentar subiu ligeiramente, atingindo um novo m\u00e1ximo de 254,40 euros, segundo a Deco Proteste.<\/li>\n<li>O aumento reflete a evolu\u00e7\u00e3o dos pre\u00e7os de refer\u00eancia para alimentos de consumo di\u00e1rio.<\/li>\n<li>O conte\u00fado completo est\u00e1 dispon\u00edvel apenas para subscritores.<\/li>\n<li>Deco Proteste \u00e9 a fonte da informa\u00e7\u00e3o.<\/li>\n<\/ul>\n","protected":false},"author":2,"featured_media":422123,"comment_status":"closed","ping_status":"closed","sticky":false,"template":"","format":"standard","meta":{"footnotes":""},"categories":[2,7385],"tags":[6115,5566,86,155,7296],"class_list":["post-422121","post","type-post","status-publish","format-standard","has-post-thumbnail","hentry","category-economia","category-precos","tag-_economia","tag-a-alimentacao","tag-alimentacao","tag-despesas","tag-precos"],"yoast_head":"<!-- This site is optimized with the Yoast SEO plugin v27.2 - https:\/\/yoast.com\/product\/yoast-seo-wordpress\/ -->\n<title>Cabaz alimentar atinge novo m\u00e1ximo de 254,40 euros, diz Deco Proteste - Portal Tela Portugal<\/title>\n<meta name=\"robots\" content=\"index, follow, max-snippet:-1, max-image-preview:large, max-video-preview:-1\" \/>\n<meta property=\"og:locale\" content=\"pt_PT\" \/>\n<meta property=\"og:type\" content=\"article\" \/>\n<meta property=\"og:title\" content=\"Cabaz alimentar atinge novo m\u00e1ximo de 254,40 euros, diz Deco Proteste - Portal Tela Portugal\" \/>\n<meta property=\"og:description\" content=\"O cabaz alimentar subiu ligeiramente, atingindo um novo m\u00e1ximo de 254,40 euros, segundo a Deco Proteste. O aumento reflete a evolu\u00e7\u00e3o dos pre\u00e7os de refer\u00eancia para alimentos de consumo di\u00e1rio. O conte\u00fado completo est\u00e1 dispon\u00edvel apenas para subscritores. Deco Proteste \u00e9 a fonte da informa\u00e7\u00e3o.\" \/>\n<meta property=\"og:url\" content=\"https:\/\/portaltela.pt\/noticias\/2026\/03\/26\/cabaz-alimentar-atinge-novo-maximo-de-25440-euros-diz-deco-proteste\/\" \/>\n<meta property=\"og:site_name\" content=\"Portal Tela Portugal\" \/>\n<meta property=\"article:published_time\" content=\"2026-03-26T10:46:00+00:00\" \/>\n<meta name=\"author\" content=\"Telinha\" \/>\n<meta name=\"twitter:card\" content=\"summary_large_image\" \/>\n<meta name=\"twitter:label1\" content=\"Escrito por\" \/>\n\t<meta name=\"twitter:data1\" content=\"Telinha\" \/>\n\t<meta name=\"twitter:label2\" content=\"Tempo estimado de leitura\" \/>\n\t<meta name=\"twitter:data2\" content=\"1 minuto\" \/>\n<script type=\"application\/ld+json\" class=\"yoast-schema-graph\">{\"@context\":\"https:\/\/schema.org\",\"@graph\":[{\"@type\":\"Article\",\"@id\":\"https:\/\/portaltela.pt\/noticias\/2026\/03\/26\/cabaz-alimentar-atinge-novo-maximo-de-25440-euros-diz-deco-proteste\/#article\",\"isPartOf\":{\"@id\":\"https:\/\/portaltela.pt\/noticias\/2026\/03\/26\/cabaz-alimentar-atinge-novo-maximo-de-25440-euros-diz-deco-proteste\/\"},\"author\":{\"name\":\"Telinha\",\"@id\":\"https:\/\/portaltela.pt\/#\/schema\/person\/c4278d4a6028830caff9ee44b42d32ed\"},\"headline\":\"Cabaz alimentar atinge novo m\u00e1ximo de 254,40 euros, diz Deco Proteste\",\"datePublished\":\"2026-03-26T10:46:00+00:00\",\"mainEntityOfPage\":{\"@id\":\"https:\/\/portaltela.pt\/noticias\/2026\/03\/26\/cabaz-alimentar-atinge-novo-maximo-de-25440-euros-diz-deco-proteste\/\"},\"wordCount\":111,\"image\":{\"@id\":\"https:\/\/portaltela.pt\/noticias\/2026\/03\/26\/cabaz-alimentar-atinge-novo-maximo-de-25440-euros-diz-deco-proteste\/#primaryimage\"},\"thumbnailUrl\":\"https:\/\/portaltela.pt\/s.01k8rhncp4jt1\/2026\/03\/CACHE_780X1200_ANALOG_WATERMARKED_28425869_3200330_11112020114030.jpg\",\"keywords\":[\"_economia\",\"a alimenta\u00e7\u00e3o\",\"alimenta\u00e7\u00e3o\",\"despesas\",\"pre\u00e7os\"],\"articleSection\":[\"Economia\",\"Pre\u00e7os\"],\"inLanguage\":\"pt-PT\"},{\"@type\":\"WebPage\",\"@id\":\"https:\/\/portaltela.pt\/noticias\/2026\/03\/26\/cabaz-alimentar-atinge-novo-maximo-de-25440-euros-diz-deco-proteste\/\",\"url\":\"https:\/\/portaltela.pt\/noticias\/2026\/03\/26\/cabaz-alimentar-atinge-novo-maximo-de-25440-euros-diz-deco-proteste\/\",\"name\":\"Cabaz alimentar atinge novo m\u00e1ximo de 254,40 euros, diz Deco Proteste - Portal Tela Portugal\",\"isPartOf\":{\"@id\":\"https:\/\/portaltela.pt\/#website\"},\"primaryImageOfPage\":{\"@id\":\"https:\/\/portaltela.pt\/noticias\/2026\/03\/26\/cabaz-alimentar-atinge-novo-maximo-de-25440-euros-diz-deco-proteste\/#primaryimage\"},\"image\":{\"@id\":\"https:\/\/portaltela.pt\/noticias\/2026\/03\/26\/cabaz-alimentar-atinge-novo-maximo-de-25440-euros-diz-deco-proteste\/#primaryimage\"},\"thumbnailUrl\":\"https:\/\/portaltela.pt\/s.01k8rhncp4jt1\/2026\/03\/CACHE_780X1200_ANALOG_WATERMARKED_28425869_3200330_11112020114030.jpg\",\"datePublished\":\"2026-03-26T10:46:00+00:00\",\"author\":{\"@id\":\"https:\/\/portaltela.pt\/#\/schema\/person\/c4278d4a6028830caff9ee44b42d32ed\"},\"breadcrumb\":{\"@id\":\"https:\/\/portaltela.pt\/noticias\/2026\/03\/26\/cabaz-alimentar-atinge-novo-maximo-de-25440-euros-diz-deco-proteste\/#breadcrumb\"},\"inLanguage\":\"pt-PT\",\"potentialAction\":[{\"@type\":\"ReadAction\",\"target\":[\"https:\/\/portaltela.pt\/noticias\/2026\/03\/26\/cabaz-alimentar-atinge-novo-maximo-de-25440-euros-diz-deco-proteste\/\"]}]},{\"@type\":\"ImageObject\",\"inLanguage\":\"pt-PT\",\"@id\":\"https:\/\/portaltela.pt\/noticias\/2026\/03\/26\/cabaz-alimentar-atinge-novo-maximo-de-25440-euros-diz-deco-proteste\/#primaryimage\",\"url\":\"https:\/\/portaltela.pt\/s.01k8rhncp4jt1\/2026\/03\/CACHE_780X1200_ANALOG_WATERMARKED_28425869_3200330_11112020114030.jpg\",\"contentUrl\":\"https:\/\/portaltela.pt\/s.01k8rhncp4jt1\/2026\/03\/CACHE_780X1200_ANALOG_WATERMARKED_28425869_3200330_11112020114030.jpg\",\"width\":796,\"height\":448,\"caption\":\"Cabaz alimentar sobe ligeiramente para novo m\u00e1ximo de 254,40 euros \u2013 Deco Proteste\"},{\"@type\":\"BreadcrumbList\",\"@id\":\"https:\/\/portaltela.pt\/noticias\/2026\/03\/26\/cabaz-alimentar-atinge-novo-maximo-de-25440-euros-diz-deco-proteste\/#breadcrumb\",\"itemListElement\":[{\"@type\":\"ListItem\",\"position\":1,\"name\":\"In\u00edcio\",\"item\":\"https:\/\/portaltela.pt\/\"},{\"@type\":\"ListItem\",\"position\":2,\"name\":\"Cabaz alimentar atinge novo m\u00e1ximo de 254,40 euros, diz Deco Proteste\"}]},{\"@type\":\"WebSite\",\"@id\":\"https:\/\/portaltela.pt\/#website\",\"url\":\"https:\/\/portaltela.pt\/\",\"name\":\"Portal Tela Portugal\",\"description\":\"\",\"potentialAction\":[{\"@type\":\"SearchAction\",\"target\":{\"@type\":\"EntryPoint\",\"urlTemplate\":\"https:\/\/portaltela.pt\/?s={search_term_string}\"},\"query-input\":{\"@type\":\"PropertyValueSpecification\",\"valueRequired\":true,\"valueName\":\"search_term_string\"}}],\"inLanguage\":\"pt-PT\"},{\"@type\":\"Person\",\"@id\":\"https:\/\/portaltela.pt\/#\/schema\/person\/c4278d4a6028830caff9ee44b42d32ed\",\"name\":\"Telinha\",\"image\":{\"@type\":\"ImageObject\",\"inLanguage\":\"pt-PT\",\"@id\":\"https:\/\/portaltela.pt\/s.01k8rhncp4jt1\/2025\/11\/talking-bot-125x125.png\",\"url\":\"https:\/\/portaltela.pt\/s.01k8rhncp4jt1\/2025\/11\/talking-bot-125x125.png\",\"contentUrl\":\"https:\/\/portaltela.pt\/s.01k8rhncp4jt1\/2025\/11\/talking-bot-125x125.png\",\"caption\":\"Telinha\"},\"sameAs\":[\"https:\/\/portaltela.pt\/\"],\"url\":\"https:\/\/portaltela.pt\/por\/367410592786\/\"}]}<\/script>\n<!-- \/ Yoast SEO plugin. -->","yoast_head_json":{"title":"Cabaz alimentar atinge novo m\u00e1ximo de 254,40 euros, diz Deco Proteste - Portal Tela Portugal","robots":{"index":"index","follow":"follow","max-snippet":"max-snippet:-1","max-image-preview":"max-image-preview:large","max-video-preview":"max-video-preview:-1"},"og_locale":"pt_PT","og_type":"article","og_title":"Cabaz alimentar atinge novo m\u00e1ximo de 254,40 euros, diz Deco Proteste - Portal Tela Portugal","og_description":"O cabaz alimentar subiu ligeiramente, atingindo um novo m\u00e1ximo de 254,40 euros, segundo a Deco Proteste. O aumento reflete a evolu\u00e7\u00e3o dos pre\u00e7os de refer\u00eancia para alimentos de consumo di\u00e1rio. O conte\u00fado completo est\u00e1 dispon\u00edvel apenas para subscritores. Deco Proteste \u00e9 a fonte da informa\u00e7\u00e3o.","og_url":"https:\/\/portaltela.pt\/noticias\/2026\/03\/26\/cabaz-alimentar-atinge-novo-maximo-de-25440-euros-diz-deco-proteste\/","og_site_name":"Portal Tela Portugal","article_published_time":"2026-03-26T10:46:00+00:00","author":"Telinha","twitter_card":"summary_large_image","twitter_misc":{"Escrito por":"Telinha","Tempo estimado de leitura":"1 minuto"},"schema":{"@context":"https:\/\/schema.org","@graph":[{"@type":"Article","@id":"https:\/\/portaltela.pt\/noticias\/2026\/03\/26\/cabaz-alimentar-atinge-novo-maximo-de-25440-euros-diz-deco-proteste\/#article","isPartOf":{"@id":"https:\/\/portaltela.pt\/noticias\/2026\/03\/26\/cabaz-alimentar-atinge-novo-maximo-de-25440-euros-diz-deco-proteste\/"},"author":{"name":"Telinha","@id":"https:\/\/portaltela.pt\/#\/schema\/person\/c4278d4a6028830caff9ee44b42d32ed"},"headline":"Cabaz alimentar atinge novo m\u00e1ximo de 254,40 euros, diz Deco Proteste","datePublished":"2026-03-26T10:46:00+00:00","mainEntityOfPage":{"@id":"https:\/\/portaltela.pt\/noticias\/2026\/03\/26\/cabaz-alimentar-atinge-novo-maximo-de-25440-euros-diz-deco-proteste\/"},"wordCount":111,"image":{"@id":"https:\/\/portaltela.pt\/noticias\/2026\/03\/26\/cabaz-alimentar-atinge-novo-maximo-de-25440-euros-diz-deco-proteste\/#primaryimage"},"thumbnailUrl":"https:\/\/portaltela.pt\/s.01k8rhncp4jt1\/2026\/03\/CACHE_780X1200_ANALOG_WATERMARKED_28425869_3200330_11112020114030.jpg","keywords":["_economia","a alimenta\u00e7\u00e3o","alimenta\u00e7\u00e3o","despesas","pre\u00e7os"],"articleSection":["Economia","Pre\u00e7os"],"inLanguage":"pt-PT"},{"@type":"WebPage","@id":"https:\/\/portaltela.pt\/noticias\/2026\/03\/26\/cabaz-alimentar-atinge-novo-maximo-de-25440-euros-diz-deco-proteste\/","url":"https:\/\/portaltela.pt\/noticias\/2026\/03\/26\/cabaz-alimentar-atinge-novo-maximo-de-25440-euros-diz-deco-proteste\/","name":"Cabaz alimentar atinge novo m\u00e1ximo de 254,40 euros, diz Deco Proteste - Portal Tela Portugal","isPartOf":{"@id":"https:\/\/portaltela.pt\/#website"},"primaryImageOfPage":{"@id":"https:\/\/portaltela.pt\/noticias\/2026\/03\/26\/cabaz-alimentar-atinge-novo-maximo-de-25440-euros-diz-deco-proteste\/#primaryimage"},"image":{"@id":"https:\/\/portaltela.pt\/noticias\/2026\/03\/26\/cabaz-alimentar-atinge-novo-maximo-de-25440-euros-diz-deco-proteste\/#primaryimage"},"thumbnailUrl":"https:\/\/portaltela.pt\/s.01k8rhncp4jt1\/2026\/03\/CACHE_780X1200_ANALOG_WATERMARKED_28425869_3200330_11112020114030.jpg","datePublished":"2026-03-26T10:46:00+00:00","author":{"@id":"https:\/\/portaltela.pt\/#\/schema\/person\/c4278d4a6028830caff9ee44b42d32ed"},"breadcrumb":{"@id":"https:\/\/portaltela.pt\/noticias\/2026\/03\/26\/cabaz-alimentar-atinge-novo-maximo-de-25440-euros-diz-deco-proteste\/#breadcrumb"},"inLanguage":"pt-PT","potentialAction":[{"@type":"ReadAction","target":["https:\/\/portaltela.pt\/noticias\/2026\/03\/26\/cabaz-alimentar-atinge-novo-maximo-de-25440-euros-diz-deco-proteste\/"]}]},{"@type":"ImageObject","inLanguage":"pt-PT","@id":"https:\/\/portaltela.pt\/noticias\/2026\/03\/26\/cabaz-alimentar-atinge-novo-maximo-de-25440-euros-diz-deco-proteste\/#primaryimage","url":"https:\/\/portaltela.pt\/s.01k8rhncp4jt1\/2026\/03\/CACHE_780X1200_ANALOG_WATERMARKED_28425869_3200330_11112020114030.jpg","contentUrl":"https:\/\/portaltela.pt\/s.01k8rhncp4jt1\/2026\/03\/CACHE_780X1200_ANALOG_WATERMARKED_28425869_3200330_11112020114030.jpg","width":796,"height":448,"caption":"Cabaz alimentar sobe ligeiramente para novo m\u00e1ximo de 254,40 euros \u2013 Deco Proteste"},{"@type":"BreadcrumbList","@id":"https:\/\/portaltela.pt\/noticias\/2026\/03\/26\/cabaz-alimentar-atinge-novo-maximo-de-25440-euros-diz-deco-proteste\/#breadcrumb","itemListElement":[{"@type":"ListItem","position":1,"name":"In\u00edcio","item":"https:\/\/portaltela.pt\/"},{"@type":"ListItem","position":2,"name":"Cabaz alimentar atinge novo m\u00e1ximo de 254,40 euros, diz Deco Proteste"}]},{"@type":"WebSite","@id":"https:\/\/portaltela.pt\/#website","url":"https:\/\/portaltela.pt\/","name":"Portal Tela Portugal","description":"","potentialAction":[{"@type":"SearchAction","target":{"@type":"EntryPoint","urlTemplate":"https:\/\/portaltela.pt\/?s={search_term_string}"},"query-input":{"@type":"PropertyValueSpecification","valueRequired":true,"valueName":"search_term_string"}}],"inLanguage":"pt-PT"},{"@type":"Person","@id":"https:\/\/portaltela.pt\/#\/schema\/person\/c4278d4a6028830caff9ee44b42d32ed","name":"Telinha","image":{"@type":"ImageObject","inLanguage":"pt-PT","@id":"https:\/\/portaltela.pt\/s.01k8rhncp4jt1\/2025\/11\/talking-bot-125x125.png","url":"https:\/\/portaltela.pt\/s.01k8rhncp4jt1\/2025\/11\/talking-bot-125x125.png","contentUrl":"https:\/\/portaltela.pt\/s.01k8rhncp4jt1\/2025\/11\/talking-bot-125x125.png","caption":"Telinha"},"sameAs":["https:\/\/portaltela.pt\/"],"url":"https:\/\/portaltela.pt\/por\/367410592786\/"}]}},"_links":{"self":[{"href":"https:\/\/portaltela.pt\/api\/wp\/v2\/posts\/422121","targetHints":{"allow":["GET"]}}],"collection":[{"href":"https:\/\/portaltela.pt\/api\/wp\/v2\/posts"}],"about":[{"href":"https:\/\/portaltela.pt\/api\/wp\/v2\/types\/post"}],"author":[{"embeddable":true,"href":"https:\/\/portaltela.pt\/api\/wp\/v2\/users\/2"}],"replies":[{"embeddable":true,"href":"https:\/\/portaltela.pt\/api\/wp\/v2\/comments?post=422121"}],"version-history":[{"count":0,"href":"https:\/\/portaltela.pt\/api\/wp\/v2\/posts\/422121\/revisions"}],"wp:featuredmedia":[{"embeddable":true,"href":"https:\/\/portaltela.pt\/api\/wp\/v2\/media\/422123"}],"wp:attachment":[{"href":"https:\/\/portaltela.pt\/api\/wp\/v2\/media?parent=422121"}],"wp:term":[{"taxonomy":"category","embeddable":true,"href":"https:\/\/portaltela.pt\/api\/wp\/v2\/categories?post=422121"},{"taxonomy":"post_tag","embeddable":true,"href":"https:\/\/portaltela.pt\/api\/wp\/v2\/tags?post=422121"}],"curies":[{"name":"wp","href":"https:\/\/api.w.org\/{rel}","templated":true}]}}