{"id":422103,"date":"2026-03-26T08:37:25","date_gmt":"2026-03-26T11:37:25","guid":{"rendered":"https:\/\/portaltela.pt\/noticias\/2026\/03\/26\/autoridades-pedem-levantamento-da-imunidade-parlamentar-de-francisco-assis\/"},"modified":"2026-03-26T08:37:25","modified_gmt":"2026-03-26T11:37:25","slug":"autoridades-pedem-levantamento-da-imunidade-parlamentar-de-francisco-assis","status":"publish","type":"post","link":"https:\/\/portaltela.pt\/noticias\/internacional\/2026\/03\/26\/autoridades-pedem-levantamento-da-imunidade-parlamentar-de-francisco-assis\/","title":{"rendered":"Autoridades pedem levantamento da imunidade parlamentar de Francisco Assis"},"content":{"rendered":"<p>As autoridades portuguesas pediram o levantamento da imunidade parlamentar de Francisco Assis, eurodeputado do PS, num processo de difama\u00e7\u00e3o movido pelo jurista Alexandre Guerreiro. A informa\u00e7\u00e3o foi confirmada pela presidente do Parlamento Europeu, nesta quinta-feira.<\/p>\n<p>Francisco Assis, na altura presidente do Conselho Econ\u00f3mico e Social, ter\u00e1 feito declara\u00e7\u00f5es em mar\u00e7o de 2022. Nas palavras do pol\u00edtico, Guerreiro era visto como algu\u00e9m que enxovalhava o Estado portugu\u00eas e n\u00e3o podia permanecer ligado ao centro do poder executivo.<\/p>\n<p>Segundo os autos, Assis qualificou Guerreiro como colaboracionista do poder instalado no Kremlin, designa\u00e7\u00e3o que, na leitura do eurodeputado, o afastava de fun\u00e7\u00f5es associadas ao governo. O caso envolve declara\u00e7\u00f5es anteriores que motivaram a a\u00e7\u00e3o legal por difama\u00e7\u00e3o.<\/p>\n","protected":false},"excerpt":{"rendered":"<ul>\n<li>As autoridades portuguesas pediram o levantamento da imunidade parlamentar de Francisco Assis, anunciou a presidente do Parlamento Europeu.<\/li>\n<li>O pedido ocorre no \u00e2mbito de um processo de difama\u00e7\u00e3o movido pelo jurista Alexandre Guerreiro contra o eurodeputado do PS.<\/li>\n<li>As declara\u00e7\u00f5es remontam a mar\u00e7o de 2022, quando Assis, ent\u00e3o presidente do Conselho Econ\u00f3mico e Social, acusou Guerreiro de enxovalhar o Estado portugu\u00eas.<\/li>\n<li>Na altura, Assis disse que Guerreiro era um &#8220;colaboracionista do autocr\u00e1tico e criminoso poder instalado no Kremlin&#8221; e que n\u00e3o podia estar ligado ao centro nevr\u00e1lgico do poder executivo portugu\u00eas.<\/li>\n<li>Francisco Assis \u00e9 eurodeputado do PS e, neste momento, o procedimento para levantar a imunidade ficar\u00e1 dependente da decis\u00e3o do Parlamento Europeu.<\/li>\n<\/ul>\n","protected":false},"author":2,"featured_media":422113,"comment_status":"closed","ping_status":"closed","sticky":false,"template":"","format":"standard","meta":{"footnotes":""},"categories":[4,7127],"tags":[3177,5656,2442,7153,2832,2144],"class_list":["post-422103","post","type-post","status-publish","format-standard","has-post-thumbnail","hentry","category-internacional","category-politica-internacional","tag-autoridade-publica","tag-criminalidade","tag-difamacao","tag-parlamento-europeu","tag-politica","tag-ps"],"yoast_head":"<!-- This site is optimized with the Yoast SEO plugin v27.2 - https:\/\/yoast.com\/product\/yoast-seo-wordpress\/ -->\n<title>Autoridades pedem levantamento da imunidade parlamentar de Francisco Assis - Portal Tela Portugal<\/title>\n<meta name=\"robots\" content=\"index, follow, max-snippet:-1, max-image-preview:large, max-video-preview:-1\" \/>\n<meta property=\"og:locale\" content=\"pt_PT\" \/>\n<meta property=\"og:type\" content=\"article\" \/>\n<meta property=\"og:title\" content=\"Autoridades pedem levantamento da imunidade parlamentar de Francisco Assis - Portal Tela Portugal\" \/>\n<meta property=\"og:description\" content=\"As autoridades portuguesas pediram o levantamento da imunidade parlamentar de Francisco Assis, anunciou a presidente do Parlamento Europeu. O pedido ocorre no \u00e2mbito de um processo de difama\u00e7\u00e3o movido pelo jurista Alexandre Guerreiro contra o eurodeputado do PS. As declara\u00e7\u00f5es remontam a mar\u00e7o de 2022, quando Assis, ent\u00e3o presidente do Conselho Econ\u00f3mico e Social, acusou Guerreiro de enxovalhar o Estado portugu\u00eas. Na altura, Assis disse que Guerreiro era um &quot;colaboracionista do autocr\u00e1tico e criminoso poder instalado no Kremlin&quot; e que n\u00e3o podia estar ligado ao centro nevr\u00e1lgico do poder executivo portugu\u00eas. Francisco Assis \u00e9 eurodeputado do PS e, neste momento, o procedimento para levantar a imunidade ficar\u00e1 dependente da decis\u00e3o do Parlamento Europeu.\" \/>\n<meta property=\"og:url\" content=\"https:\/\/portaltela.pt\/noticias\/2026\/03\/26\/autoridades-pedem-levantamento-da-imunidade-parlamentar-de-francisco-assis\/\" \/>\n<meta property=\"og:site_name\" content=\"Portal Tela Portugal\" \/>\n<meta property=\"article:published_time\" content=\"2026-03-26T11:37:25+00:00\" \/>\n<meta name=\"author\" content=\"Telinha\" \/>\n<meta name=\"twitter:card\" content=\"summary_large_image\" \/>\n<meta name=\"twitter:label1\" content=\"Escrito por\" \/>\n\t<meta name=\"twitter:data1\" content=\"Telinha\" \/>\n\t<meta name=\"twitter:label2\" content=\"Tempo estimado de leitura\" \/>\n\t<meta name=\"twitter:data2\" content=\"1 minuto\" \/>\n<script type=\"application\/ld+json\" class=\"yoast-schema-graph\">{\"@context\":\"https:\/\/schema.org\",\"@graph\":[{\"@type\":\"Article\",\"@id\":\"https:\/\/portaltela.pt\/noticias\/2026\/03\/26\/autoridades-pedem-levantamento-da-imunidade-parlamentar-de-francisco-assis\/#article\",\"isPartOf\":{\"@id\":\"https:\/\/portaltela.pt\/noticias\/2026\/03\/26\/autoridades-pedem-levantamento-da-imunidade-parlamentar-de-francisco-assis\/\"},\"author\":{\"name\":\"Telinha\",\"@id\":\"https:\/\/portaltela.pt\/#\/schema\/person\/c4278d4a6028830caff9ee44b42d32ed\"},\"headline\":\"Autoridades pedem levantamento da imunidade parlamentar de Francisco Assis\",\"datePublished\":\"2026-03-26T11:37:25+00:00\",\"mainEntityOfPage\":{\"@id\":\"https:\/\/portaltela.pt\/noticias\/2026\/03\/26\/autoridades-pedem-levantamento-da-imunidade-parlamentar-de-francisco-assis\/\"},\"wordCount\":136,\"image\":{\"@id\":\"https:\/\/portaltela.pt\/noticias\/2026\/03\/26\/autoridades-pedem-levantamento-da-imunidade-parlamentar-de-francisco-assis\/#primaryimage\"},\"thumbnailUrl\":\"https:\/\/portaltela.pt\/s.01k8rhncp4jt1\/2026\/03\/img_1500x1000uu2024-11-07-22-05-58-2176094.jpg\",\"keywords\":[\"autoridade p\u00fablica\",\"criminalidade\",\"difama\u00e7\u00e3o\",\"Parlamento Europeu\",\"pol\u00edtica\",\"PS\"],\"articleSection\":[\"Internacional\",\"Pol\u00edtica Internacional\"],\"inLanguage\":\"pt-PT\"},{\"@type\":\"WebPage\",\"@id\":\"https:\/\/portaltela.pt\/noticias\/2026\/03\/26\/autoridades-pedem-levantamento-da-imunidade-parlamentar-de-francisco-assis\/\",\"url\":\"https:\/\/portaltela.pt\/noticias\/2026\/03\/26\/autoridades-pedem-levantamento-da-imunidade-parlamentar-de-francisco-assis\/\",\"name\":\"Autoridades pedem levantamento da imunidade parlamentar de Francisco Assis - Portal Tela Portugal\",\"isPartOf\":{\"@id\":\"https:\/\/portaltela.pt\/#website\"},\"primaryImageOfPage\":{\"@id\":\"https:\/\/portaltela.pt\/noticias\/2026\/03\/26\/autoridades-pedem-levantamento-da-imunidade-parlamentar-de-francisco-assis\/#primaryimage\"},\"image\":{\"@id\":\"https:\/\/portaltela.pt\/noticias\/2026\/03\/26\/autoridades-pedem-levantamento-da-imunidade-parlamentar-de-francisco-assis\/#primaryimage\"},\"thumbnailUrl\":\"https:\/\/portaltela.pt\/s.01k8rhncp4jt1\/2026\/03\/img_1500x1000uu2024-11-07-22-05-58-2176094.jpg\",\"datePublished\":\"2026-03-26T11:37:25+00:00\",\"author\":{\"@id\":\"https:\/\/portaltela.pt\/#\/schema\/person\/c4278d4a6028830caff9ee44b42d32ed\"},\"breadcrumb\":{\"@id\":\"https:\/\/portaltela.pt\/noticias\/2026\/03\/26\/autoridades-pedem-levantamento-da-imunidade-parlamentar-de-francisco-assis\/#breadcrumb\"},\"inLanguage\":\"pt-PT\",\"potentialAction\":[{\"@type\":\"ReadAction\",\"target\":[\"https:\/\/portaltela.pt\/noticias\/2026\/03\/26\/autoridades-pedem-levantamento-da-imunidade-parlamentar-de-francisco-assis\/\"]}]},{\"@type\":\"ImageObject\",\"inLanguage\":\"pt-PT\",\"@id\":\"https:\/\/portaltela.pt\/noticias\/2026\/03\/26\/autoridades-pedem-levantamento-da-imunidade-parlamentar-de-francisco-assis\/#primaryimage\",\"url\":\"https:\/\/portaltela.pt\/s.01k8rhncp4jt1\/2026\/03\/img_1500x1000uu2024-11-07-22-05-58-2176094.jpg\",\"contentUrl\":\"https:\/\/portaltela.pt\/s.01k8rhncp4jt1\/2026\/03\/img_1500x1000uu2024-11-07-22-05-58-2176094.jpg\",\"width\":796,\"height\":448,\"caption\":\"Autoridades portuguesas pediram levantamento de imunidade parlamentar de Francisco Assis\"},{\"@type\":\"BreadcrumbList\",\"@id\":\"https:\/\/portaltela.pt\/noticias\/2026\/03\/26\/autoridades-pedem-levantamento-da-imunidade-parlamentar-de-francisco-assis\/#breadcrumb\",\"itemListElement\":[{\"@type\":\"ListItem\",\"position\":1,\"name\":\"In\u00edcio\",\"item\":\"https:\/\/portaltela.pt\/\"},{\"@type\":\"ListItem\",\"position\":2,\"name\":\"Autoridades pedem levantamento da imunidade parlamentar de Francisco Assis\"}]},{\"@type\":\"WebSite\",\"@id\":\"https:\/\/portaltela.pt\/#website\",\"url\":\"https:\/\/portaltela.pt\/\",\"name\":\"Portal Tela Portugal\",\"description\":\"\",\"potentialAction\":[{\"@type\":\"SearchAction\",\"target\":{\"@type\":\"EntryPoint\",\"urlTemplate\":\"https:\/\/portaltela.pt\/?s={search_term_string}\"},\"query-input\":{\"@type\":\"PropertyValueSpecification\",\"valueRequired\":true,\"valueName\":\"search_term_string\"}}],\"inLanguage\":\"pt-PT\"},{\"@type\":\"Person\",\"@id\":\"https:\/\/portaltela.pt\/#\/schema\/person\/c4278d4a6028830caff9ee44b42d32ed\",\"name\":\"Telinha\",\"image\":{\"@type\":\"ImageObject\",\"inLanguage\":\"pt-PT\",\"@id\":\"https:\/\/portaltela.pt\/s.01k8rhncp4jt1\/2025\/11\/talking-bot-125x125.png\",\"url\":\"https:\/\/portaltela.pt\/s.01k8rhncp4jt1\/2025\/11\/talking-bot-125x125.png\",\"contentUrl\":\"https:\/\/portaltela.pt\/s.01k8rhncp4jt1\/2025\/11\/talking-bot-125x125.png\",\"caption\":\"Telinha\"},\"sameAs\":[\"https:\/\/portaltela.pt\/\"],\"url\":\"https:\/\/portaltela.pt\/por\/367410592786\/\"}]}<\/script>\n<!-- \/ Yoast SEO plugin. -->","yoast_head_json":{"title":"Autoridades pedem levantamento da imunidade parlamentar de Francisco Assis - Portal Tela Portugal","robots":{"index":"index","follow":"follow","max-snippet":"max-snippet:-1","max-image-preview":"max-image-preview:large","max-video-preview":"max-video-preview:-1"},"og_locale":"pt_PT","og_type":"article","og_title":"Autoridades pedem levantamento da imunidade parlamentar de Francisco Assis - Portal Tela Portugal","og_description":"As autoridades portuguesas pediram o levantamento da imunidade parlamentar de Francisco Assis, anunciou a presidente do Parlamento Europeu. O pedido ocorre no \u00e2mbito de um processo de difama\u00e7\u00e3o movido pelo jurista Alexandre Guerreiro contra o eurodeputado do PS. As declara\u00e7\u00f5es remontam a mar\u00e7o de 2022, quando Assis, ent\u00e3o presidente do Conselho Econ\u00f3mico e Social, acusou Guerreiro de enxovalhar o Estado portugu\u00eas. Na altura, Assis disse que Guerreiro era um \"colaboracionista do autocr\u00e1tico e criminoso poder instalado no Kremlin\" e que n\u00e3o podia estar ligado ao centro nevr\u00e1lgico do poder executivo portugu\u00eas. Francisco Assis \u00e9 eurodeputado do PS e, neste momento, o procedimento para levantar a imunidade ficar\u00e1 dependente da decis\u00e3o do Parlamento Europeu.","og_url":"https:\/\/portaltela.pt\/noticias\/2026\/03\/26\/autoridades-pedem-levantamento-da-imunidade-parlamentar-de-francisco-assis\/","og_site_name":"Portal Tela Portugal","article_published_time":"2026-03-26T11:37:25+00:00","author":"Telinha","twitter_card":"summary_large_image","twitter_misc":{"Escrito por":"Telinha","Tempo estimado de leitura":"1 minuto"},"schema":{"@context":"https:\/\/schema.org","@graph":[{"@type":"Article","@id":"https:\/\/portaltela.pt\/noticias\/2026\/03\/26\/autoridades-pedem-levantamento-da-imunidade-parlamentar-de-francisco-assis\/#article","isPartOf":{"@id":"https:\/\/portaltela.pt\/noticias\/2026\/03\/26\/autoridades-pedem-levantamento-da-imunidade-parlamentar-de-francisco-assis\/"},"author":{"name":"Telinha","@id":"https:\/\/portaltela.pt\/#\/schema\/person\/c4278d4a6028830caff9ee44b42d32ed"},"headline":"Autoridades pedem levantamento da imunidade parlamentar de Francisco Assis","datePublished":"2026-03-26T11:37:25+00:00","mainEntityOfPage":{"@id":"https:\/\/portaltela.pt\/noticias\/2026\/03\/26\/autoridades-pedem-levantamento-da-imunidade-parlamentar-de-francisco-assis\/"},"wordCount":136,"image":{"@id":"https:\/\/portaltela.pt\/noticias\/2026\/03\/26\/autoridades-pedem-levantamento-da-imunidade-parlamentar-de-francisco-assis\/#primaryimage"},"thumbnailUrl":"https:\/\/portaltela.pt\/s.01k8rhncp4jt1\/2026\/03\/img_1500x1000uu2024-11-07-22-05-58-2176094.jpg","keywords":["autoridade p\u00fablica","criminalidade","difama\u00e7\u00e3o","Parlamento Europeu","pol\u00edtica","PS"],"articleSection":["Internacional","Pol\u00edtica Internacional"],"inLanguage":"pt-PT"},{"@type":"WebPage","@id":"https:\/\/portaltela.pt\/noticias\/2026\/03\/26\/autoridades-pedem-levantamento-da-imunidade-parlamentar-de-francisco-assis\/","url":"https:\/\/portaltela.pt\/noticias\/2026\/03\/26\/autoridades-pedem-levantamento-da-imunidade-parlamentar-de-francisco-assis\/","name":"Autoridades pedem levantamento da imunidade parlamentar de Francisco Assis - Portal Tela Portugal","isPartOf":{"@id":"https:\/\/portaltela.pt\/#website"},"primaryImageOfPage":{"@id":"https:\/\/portaltela.pt\/noticias\/2026\/03\/26\/autoridades-pedem-levantamento-da-imunidade-parlamentar-de-francisco-assis\/#primaryimage"},"image":{"@id":"https:\/\/portaltela.pt\/noticias\/2026\/03\/26\/autoridades-pedem-levantamento-da-imunidade-parlamentar-de-francisco-assis\/#primaryimage"},"thumbnailUrl":"https:\/\/portaltela.pt\/s.01k8rhncp4jt1\/2026\/03\/img_1500x1000uu2024-11-07-22-05-58-2176094.jpg","datePublished":"2026-03-26T11:37:25+00:00","author":{"@id":"https:\/\/portaltela.pt\/#\/schema\/person\/c4278d4a6028830caff9ee44b42d32ed"},"breadcrumb":{"@id":"https:\/\/portaltela.pt\/noticias\/2026\/03\/26\/autoridades-pedem-levantamento-da-imunidade-parlamentar-de-francisco-assis\/#breadcrumb"},"inLanguage":"pt-PT","potentialAction":[{"@type":"ReadAction","target":["https:\/\/portaltela.pt\/noticias\/2026\/03\/26\/autoridades-pedem-levantamento-da-imunidade-parlamentar-de-francisco-assis\/"]}]},{"@type":"ImageObject","inLanguage":"pt-PT","@id":"https:\/\/portaltela.pt\/noticias\/2026\/03\/26\/autoridades-pedem-levantamento-da-imunidade-parlamentar-de-francisco-assis\/#primaryimage","url":"https:\/\/portaltela.pt\/s.01k8rhncp4jt1\/2026\/03\/img_1500x1000uu2024-11-07-22-05-58-2176094.jpg","contentUrl":"https:\/\/portaltela.pt\/s.01k8rhncp4jt1\/2026\/03\/img_1500x1000uu2024-11-07-22-05-58-2176094.jpg","width":796,"height":448,"caption":"Autoridades portuguesas pediram levantamento de imunidade parlamentar de Francisco Assis"},{"@type":"BreadcrumbList","@id":"https:\/\/portaltela.pt\/noticias\/2026\/03\/26\/autoridades-pedem-levantamento-da-imunidade-parlamentar-de-francisco-assis\/#breadcrumb","itemListElement":[{"@type":"ListItem","position":1,"name":"In\u00edcio","item":"https:\/\/portaltela.pt\/"},{"@type":"ListItem","position":2,"name":"Autoridades pedem levantamento da imunidade parlamentar de Francisco Assis"}]},{"@type":"WebSite","@id":"https:\/\/portaltela.pt\/#website","url":"https:\/\/portaltela.pt\/","name":"Portal Tela Portugal","description":"","potentialAction":[{"@type":"SearchAction","target":{"@type":"EntryPoint","urlTemplate":"https:\/\/portaltela.pt\/?s={search_term_string}"},"query-input":{"@type":"PropertyValueSpecification","valueRequired":true,"valueName":"search_term_string"}}],"inLanguage":"pt-PT"},{"@type":"Person","@id":"https:\/\/portaltela.pt\/#\/schema\/person\/c4278d4a6028830caff9ee44b42d32ed","name":"Telinha","image":{"@type":"ImageObject","inLanguage":"pt-PT","@id":"https:\/\/portaltela.pt\/s.01k8rhncp4jt1\/2025\/11\/talking-bot-125x125.png","url":"https:\/\/portaltela.pt\/s.01k8rhncp4jt1\/2025\/11\/talking-bot-125x125.png","contentUrl":"https:\/\/portaltela.pt\/s.01k8rhncp4jt1\/2025\/11\/talking-bot-125x125.png","caption":"Telinha"},"sameAs":["https:\/\/portaltela.pt\/"],"url":"https:\/\/portaltela.pt\/por\/367410592786\/"}]}},"_links":{"self":[{"href":"https:\/\/portaltela.pt\/api\/wp\/v2\/posts\/422103","targetHints":{"allow":["GET"]}}],"collection":[{"href":"https:\/\/portaltela.pt\/api\/wp\/v2\/posts"}],"about":[{"href":"https:\/\/portaltela.pt\/api\/wp\/v2\/types\/post"}],"author":[{"embeddable":true,"href":"https:\/\/portaltela.pt\/api\/wp\/v2\/users\/2"}],"replies":[{"embeddable":true,"href":"https:\/\/portaltela.pt\/api\/wp\/v2\/comments?post=422103"}],"version-history":[{"count":0,"href":"https:\/\/portaltela.pt\/api\/wp\/v2\/posts\/422103\/revisions"}],"wp:featuredmedia":[{"embeddable":true,"href":"https:\/\/portaltela.pt\/api\/wp\/v2\/media\/422113"}],"wp:attachment":[{"href":"https:\/\/portaltela.pt\/api\/wp\/v2\/media?parent=422103"}],"wp:term":[{"taxonomy":"category","embeddable":true,"href":"https:\/\/portaltela.pt\/api\/wp\/v2\/categories?post=422103"},{"taxonomy":"post_tag","embeddable":true,"href":"https:\/\/portaltela.pt\/api\/wp\/v2\/tags?post=422103"}],"curies":[{"name":"wp","href":"https:\/\/api.w.org\/{rel}","templated":true}]}}