{"id":422102,"date":"2026-03-26T08:30:00","date_gmt":"2026-03-26T11:30:00","guid":{"rendered":"https:\/\/portaltela.pt\/noticias\/2026\/03\/26\/trabalho-realizado-no-tecnico-premiado-pela-sociedade-europeia-de-fisica\/"},"modified":"2026-03-26T08:30:00","modified_gmt":"2026-03-26T11:30:00","slug":"trabalho-realizado-no-tecnico-premiado-pela-sociedade-europeia-de-fisica","status":"publish","type":"post","link":"https:\/\/portaltela.pt\/noticias\/internacional\/2026\/03\/26\/trabalho-realizado-no-tecnico-premiado-pela-sociedade-europeia-de-fisica\/","title":{"rendered":"Trabalho realizado no T\u00e9cnico premiado pela Sociedade Europeia de F\u00edsica"},"content":{"rendered":"<p>Um cientista afiliado ao Instituto Superior T\u00e9cnico (IST) de Lisboa foi distinguido com o pr\u00e9mio de investiga\u00e7\u00e3o de doutoramento da Divis\u00e3o de F\u00edsica de Plasmas da Sociedade Europeia de F\u00edsica. O trabalho premiado analisa como regimes extremos afetam o comportamento cin\u00e9tico dos plasmas e podem originar instabilidades que geram emiss\u00e3o de ondas de r\u00e1dio coerentes.<\/p>\n<p>A tese, defendida em setembro de 2025, \u00e9 de Pablo Bilbao, desenvolvida no Instituto de Plasmas e Fus\u00e3o Nuclear (IPFN) do IST, orientada por Lu\u00eds Oliveira e Silva. O estudo investiga rajadas de r\u00e1dio observadas em estrelas de neutr\u00f5es, com foco na rela\u00e7\u00e3o entre plasmas sob campos magn\u00e9ticos intensos e a gera\u00e7\u00e3o de ondas de r\u00e1dio.<\/p>\n<h3>Premia\u00e7\u00e3o e contexto<\/h3>\n<p>O IST explica que o pr\u00e9mio reconhece as melhores teses de doutoramento em f\u00edsica de plasmas na Europa, valorizando originalidade, qualidade cient\u00edfica e impacto internacional. Bilbao integra um grupo de quatro jovens cientistas premiados em 2026, que j\u00e1 prosseguiram para a Universidade de Oxford ap\u00f3s o doutoramento.<\/p>\n<h3>Relev\u00e2ncia cient\u00edfica<\/h3>\n<p>O trabalho mostra que, em cen\u00e1rios relativistas com campos magn\u00e9ticos extremos, a entropia dos electr\u00f5es pode diminuir quando arrefecem, sendo compensada pela emiss\u00e3o de luz, de modo a cumprir a segunda lei da termodin\u00e2mica. Este fen\u00f3meno explica parte das emiss\u00f5es de r\u00e1dio observadas em estrelas de neutr\u00f5es.<\/p>\n<h3>Impacto e perspetivas<\/h3>\n<p>Os resultados ajudam a entender a emiss\u00e3o de luz e ondas de r\u00e1dio a partir de estrelas de neutr\u00f5es, bem como de outros objetos com campos magn\u00e9ticos muito intensos, como buracos negros. A pesquisa revela uma nova forma de plasmas converterem energia em radia\u00e7\u00e3o coerente, abrindo caminhos para observa\u00e7\u00f5es astron\u00f3micas mais espec\u00edficas.<\/p>\n<h3>Reconhecimento internacional<\/h3>\n<p>O comunicado do IST destaca que o pr\u00e9mio refor\u00e7a o posicionamento internacional do IPFN, do IST e da Universidade de Lisboa na f\u00edsica de plasmas. O historial de distinguidos portugueses neste pr\u00e9mio coloca a institui\u00e7\u00e3o entre as mais premiadas da Europa, apenas atr\u00e1s de Oxford.<\/p>\n","protected":false},"excerpt":{"rendered":"<ul>\n<li>Pablo Bilbao, doutorando no Instituto Superior T\u00e9cnico, no Instituto de Plasmas e Fus\u00e3o Nuclear, foi premiado pelo Pr\u00e9mio de Investiga\u00e7\u00e3o de Doutoramento da Divis\u00e3o de F\u00edsica de Plasmas da Sociedade Europeia de F\u00edsica.<\/li>\n<li>O trabalho, defendido em setembro de 2025, analisa como regimes extremos alteram o comportamento cin\u00e9tico de plasmas e podem gerar emiss\u00f5es de ondas de r\u00e1dio coerentes, com foco em rajadas de r\u00e1dio em estrelas de neutr\u00f5es.<\/li>\n<li>O estudo contribui para explicar emiss\u00f5es de r\u00e1dio em estrelas de neutr\u00f5es e em sistemas com campos magn\u00e9ticos intensos, onde a distribui\u00e7\u00e3o de velocidades das part\u00edculas diverge do esperado.<\/li>\n<li>Ap\u00f3s o doutoramento no IST, Bilbao seguiu para a Universidade de Oxford; o pr\u00e9mio reconhece contributos de excel\u00eancia cient\u00edfica e impacto internacional.<\/li>\n<li>O IST sublinha que o pr\u00e9mio refor\u00e7a a posi\u00e7\u00e3o do IPFN, do IST e da Universidade de Lisboa no panorama europeu, ficando atr\u00e1s apenas da Universidade de Oxford em n\u00famero de distinguidos com este pr\u00e9mio.<\/li>\n<\/ul>\n","protected":false},"author":2,"featured_media":422116,"comment_status":"closed","ping_status":"closed","sticky":false,"template":"","format":"standard","meta":{"footnotes":""},"categories":[4,1],"tags":[7186,1992,54,215,159,56],"class_list":["post-422102","post","type-post","status-publish","format-standard","has-post-thumbnail","hentry","category-internacional","category-noticias","tag-astronomia","tag-ciencia","tag-descobertas","tag-investigacao","tag-investigacao-cientifica","tag-pesquisa"],"yoast_head":"<!-- This site is optimized with the Yoast SEO plugin v27.2 - https:\/\/yoast.com\/product\/yoast-seo-wordpress\/ -->\n<title>Trabalho realizado no T\u00e9cnico premiado pela Sociedade Europeia de F\u00edsica - Portal Tela Portugal<\/title>\n<meta name=\"robots\" content=\"index, follow, max-snippet:-1, max-image-preview:large, max-video-preview:-1\" \/>\n<meta property=\"og:locale\" content=\"pt_PT\" \/>\n<meta property=\"og:type\" content=\"article\" \/>\n<meta property=\"og:title\" content=\"Trabalho realizado no T\u00e9cnico premiado pela Sociedade Europeia de F\u00edsica - Portal Tela Portugal\" \/>\n<meta property=\"og:description\" content=\"Pablo Bilbao, doutorando no Instituto Superior T\u00e9cnico, no Instituto de Plasmas e Fus\u00e3o Nuclear, foi premiado pelo Pr\u00e9mio de Investiga\u00e7\u00e3o de Doutoramento da Divis\u00e3o de F\u00edsica de Plasmas da Sociedade Europeia de F\u00edsica. O trabalho, defendido em setembro de 2025, analisa como regimes extremos alteram o comportamento cin\u00e9tico de plasmas e podem gerar emiss\u00f5es de ondas de r\u00e1dio coerentes, com foco em rajadas de r\u00e1dio em estrelas de neutr\u00f5es. O estudo contribui para explicar emiss\u00f5es de r\u00e1dio em estrelas de neutr\u00f5es e em sistemas com campos magn\u00e9ticos intensos, onde a distribui\u00e7\u00e3o de velocidades das part\u00edculas diverge do esperado. Ap\u00f3s o doutoramento no IST, Bilbao seguiu para a Universidade de Oxford; o pr\u00e9mio reconhece contributos de excel\u00eancia cient\u00edfica e impacto internacional. O IST sublinha que o pr\u00e9mio refor\u00e7a a posi\u00e7\u00e3o do IPFN, do IST e da Universidade de Lisboa no panorama europeu, ficando atr\u00e1s apenas da Universidade de Oxford em n\u00famero de distinguidos com este pr\u00e9mio.\" \/>\n<meta property=\"og:url\" content=\"https:\/\/portaltela.pt\/noticias\/2026\/03\/26\/trabalho-realizado-no-tecnico-premiado-pela-sociedade-europeia-de-fisica\/\" \/>\n<meta property=\"og:site_name\" content=\"Portal Tela Portugal\" \/>\n<meta property=\"article:published_time\" content=\"2026-03-26T11:30:00+00:00\" \/>\n<meta name=\"author\" content=\"Telinha\" \/>\n<meta name=\"twitter:card\" content=\"summary_large_image\" \/>\n<meta name=\"twitter:label1\" content=\"Escrito por\" \/>\n\t<meta name=\"twitter:data1\" content=\"Telinha\" \/>\n\t<meta name=\"twitter:label2\" content=\"Tempo estimado de leitura\" \/>\n\t<meta name=\"twitter:data2\" content=\"2 minutos\" \/>\n<script type=\"application\/ld+json\" class=\"yoast-schema-graph\">{\"@context\":\"https:\/\/schema.org\",\"@graph\":[{\"@type\":\"Article\",\"@id\":\"https:\/\/portaltela.pt\/noticias\/2026\/03\/26\/trabalho-realizado-no-tecnico-premiado-pela-sociedade-europeia-de-fisica\/#article\",\"isPartOf\":{\"@id\":\"https:\/\/portaltela.pt\/noticias\/2026\/03\/26\/trabalho-realizado-no-tecnico-premiado-pela-sociedade-europeia-de-fisica\/\"},\"author\":{\"name\":\"Telinha\",\"@id\":\"https:\/\/portaltela.pt\/#\/schema\/person\/c4278d4a6028830caff9ee44b42d32ed\"},\"headline\":\"Trabalho realizado no T\u00e9cnico premiado pela Sociedade Europeia de F\u00edsica\",\"datePublished\":\"2026-03-26T11:30:00+00:00\",\"mainEntityOfPage\":{\"@id\":\"https:\/\/portaltela.pt\/noticias\/2026\/03\/26\/trabalho-realizado-no-tecnico-premiado-pela-sociedade-europeia-de-fisica\/\"},\"wordCount\":368,\"image\":{\"@id\":\"https:\/\/portaltela.pt\/noticias\/2026\/03\/26\/trabalho-realizado-no-tecnico-premiado-pela-sociedade-europeia-de-fisica\/#primaryimage\"},\"thumbnailUrl\":\"https:\/\/portaltela.pt\/s.01k8rhncp4jt1\/2026\/03\/2076821.jpg\",\"keywords\":[\"astronomia\",\"ci\u00eancia\",\"descobertas\",\"investiga\u00e7\u00e3o\",\"investiga\u00e7\u00e3o cient\u00edfica\",\"pesquisa\"],\"articleSection\":[\"Internacional\",\"Not\u00edcias\"],\"inLanguage\":\"pt-PT\"},{\"@type\":\"WebPage\",\"@id\":\"https:\/\/portaltela.pt\/noticias\/2026\/03\/26\/trabalho-realizado-no-tecnico-premiado-pela-sociedade-europeia-de-fisica\/\",\"url\":\"https:\/\/portaltela.pt\/noticias\/2026\/03\/26\/trabalho-realizado-no-tecnico-premiado-pela-sociedade-europeia-de-fisica\/\",\"name\":\"Trabalho realizado no T\u00e9cnico premiado pela Sociedade Europeia de F\u00edsica - Portal Tela Portugal\",\"isPartOf\":{\"@id\":\"https:\/\/portaltela.pt\/#website\"},\"primaryImageOfPage\":{\"@id\":\"https:\/\/portaltela.pt\/noticias\/2026\/03\/26\/trabalho-realizado-no-tecnico-premiado-pela-sociedade-europeia-de-fisica\/#primaryimage\"},\"image\":{\"@id\":\"https:\/\/portaltela.pt\/noticias\/2026\/03\/26\/trabalho-realizado-no-tecnico-premiado-pela-sociedade-europeia-de-fisica\/#primaryimage\"},\"thumbnailUrl\":\"https:\/\/portaltela.pt\/s.01k8rhncp4jt1\/2026\/03\/2076821.jpg\",\"datePublished\":\"2026-03-26T11:30:00+00:00\",\"author\":{\"@id\":\"https:\/\/portaltela.pt\/#\/schema\/person\/c4278d4a6028830caff9ee44b42d32ed\"},\"breadcrumb\":{\"@id\":\"https:\/\/portaltela.pt\/noticias\/2026\/03\/26\/trabalho-realizado-no-tecnico-premiado-pela-sociedade-europeia-de-fisica\/#breadcrumb\"},\"inLanguage\":\"pt-PT\",\"potentialAction\":[{\"@type\":\"ReadAction\",\"target\":[\"https:\/\/portaltela.pt\/noticias\/2026\/03\/26\/trabalho-realizado-no-tecnico-premiado-pela-sociedade-europeia-de-fisica\/\"]}]},{\"@type\":\"ImageObject\",\"inLanguage\":\"pt-PT\",\"@id\":\"https:\/\/portaltela.pt\/noticias\/2026\/03\/26\/trabalho-realizado-no-tecnico-premiado-pela-sociedade-europeia-de-fisica\/#primaryimage\",\"url\":\"https:\/\/portaltela.pt\/s.01k8rhncp4jt1\/2026\/03\/2076821.jpg\",\"contentUrl\":\"https:\/\/portaltela.pt\/s.01k8rhncp4jt1\/2026\/03\/2076821.jpg\",\"width\":796,\"height\":448,\"caption\":\"Fronteira entre um plasma (\u00e0 esquerda, zona inferior) e o v\u00e1cuo (\u00e0 direita, zona superior): no interior do plasma, os electr\u00f5es (esferas vermelhas) e os positr\u00f5es (esferas verdes) giram em torno das linhas de campo magn\u00e9tico (a azul) e desencadeiam a instabilidade, gerando ondula\u00e7\u00f5es \u2014 ondas de plasma \u2014 que se convertem em ondas de r\u00e1dio que escapam\"},{\"@type\":\"BreadcrumbList\",\"@id\":\"https:\/\/portaltela.pt\/noticias\/2026\/03\/26\/trabalho-realizado-no-tecnico-premiado-pela-sociedade-europeia-de-fisica\/#breadcrumb\",\"itemListElement\":[{\"@type\":\"ListItem\",\"position\":1,\"name\":\"In\u00edcio\",\"item\":\"https:\/\/portaltela.pt\/\"},{\"@type\":\"ListItem\",\"position\":2,\"name\":\"Trabalho realizado no T\u00e9cnico premiado pela Sociedade Europeia de F\u00edsica\"}]},{\"@type\":\"WebSite\",\"@id\":\"https:\/\/portaltela.pt\/#website\",\"url\":\"https:\/\/portaltela.pt\/\",\"name\":\"Portal Tela Portugal\",\"description\":\"\",\"potentialAction\":[{\"@type\":\"SearchAction\",\"target\":{\"@type\":\"EntryPoint\",\"urlTemplate\":\"https:\/\/portaltela.pt\/?s={search_term_string}\"},\"query-input\":{\"@type\":\"PropertyValueSpecification\",\"valueRequired\":true,\"valueName\":\"search_term_string\"}}],\"inLanguage\":\"pt-PT\"},{\"@type\":\"Person\",\"@id\":\"https:\/\/portaltela.pt\/#\/schema\/person\/c4278d4a6028830caff9ee44b42d32ed\",\"name\":\"Telinha\",\"image\":{\"@type\":\"ImageObject\",\"inLanguage\":\"pt-PT\",\"@id\":\"https:\/\/portaltela.pt\/s.01k8rhncp4jt1\/2025\/11\/talking-bot-125x125.png\",\"url\":\"https:\/\/portaltela.pt\/s.01k8rhncp4jt1\/2025\/11\/talking-bot-125x125.png\",\"contentUrl\":\"https:\/\/portaltela.pt\/s.01k8rhncp4jt1\/2025\/11\/talking-bot-125x125.png\",\"caption\":\"Telinha\"},\"sameAs\":[\"https:\/\/portaltela.pt\/\"],\"url\":\"https:\/\/portaltela.pt\/por\/367410592786\/\"}]}<\/script>\n<!-- \/ Yoast SEO plugin. -->","yoast_head_json":{"title":"Trabalho realizado no T\u00e9cnico premiado pela Sociedade Europeia de F\u00edsica - Portal Tela Portugal","robots":{"index":"index","follow":"follow","max-snippet":"max-snippet:-1","max-image-preview":"max-image-preview:large","max-video-preview":"max-video-preview:-1"},"og_locale":"pt_PT","og_type":"article","og_title":"Trabalho realizado no T\u00e9cnico premiado pela Sociedade Europeia de F\u00edsica - Portal Tela Portugal","og_description":"Pablo Bilbao, doutorando no Instituto Superior T\u00e9cnico, no Instituto de Plasmas e Fus\u00e3o Nuclear, foi premiado pelo Pr\u00e9mio de Investiga\u00e7\u00e3o de Doutoramento da Divis\u00e3o de F\u00edsica de Plasmas da Sociedade Europeia de F\u00edsica. O trabalho, defendido em setembro de 2025, analisa como regimes extremos alteram o comportamento cin\u00e9tico de plasmas e podem gerar emiss\u00f5es de ondas de r\u00e1dio coerentes, com foco em rajadas de r\u00e1dio em estrelas de neutr\u00f5es. O estudo contribui para explicar emiss\u00f5es de r\u00e1dio em estrelas de neutr\u00f5es e em sistemas com campos magn\u00e9ticos intensos, onde a distribui\u00e7\u00e3o de velocidades das part\u00edculas diverge do esperado. Ap\u00f3s o doutoramento no IST, Bilbao seguiu para a Universidade de Oxford; o pr\u00e9mio reconhece contributos de excel\u00eancia cient\u00edfica e impacto internacional. O IST sublinha que o pr\u00e9mio refor\u00e7a a posi\u00e7\u00e3o do IPFN, do IST e da Universidade de Lisboa no panorama europeu, ficando atr\u00e1s apenas da Universidade de Oxford em n\u00famero de distinguidos com este pr\u00e9mio.","og_url":"https:\/\/portaltela.pt\/noticias\/2026\/03\/26\/trabalho-realizado-no-tecnico-premiado-pela-sociedade-europeia-de-fisica\/","og_site_name":"Portal Tela Portugal","article_published_time":"2026-03-26T11:30:00+00:00","author":"Telinha","twitter_card":"summary_large_image","twitter_misc":{"Escrito por":"Telinha","Tempo estimado de leitura":"2 minutos"},"schema":{"@context":"https:\/\/schema.org","@graph":[{"@type":"Article","@id":"https:\/\/portaltela.pt\/noticias\/2026\/03\/26\/trabalho-realizado-no-tecnico-premiado-pela-sociedade-europeia-de-fisica\/#article","isPartOf":{"@id":"https:\/\/portaltela.pt\/noticias\/2026\/03\/26\/trabalho-realizado-no-tecnico-premiado-pela-sociedade-europeia-de-fisica\/"},"author":{"name":"Telinha","@id":"https:\/\/portaltela.pt\/#\/schema\/person\/c4278d4a6028830caff9ee44b42d32ed"},"headline":"Trabalho realizado no T\u00e9cnico premiado pela Sociedade Europeia de F\u00edsica","datePublished":"2026-03-26T11:30:00+00:00","mainEntityOfPage":{"@id":"https:\/\/portaltela.pt\/noticias\/2026\/03\/26\/trabalho-realizado-no-tecnico-premiado-pela-sociedade-europeia-de-fisica\/"},"wordCount":368,"image":{"@id":"https:\/\/portaltela.pt\/noticias\/2026\/03\/26\/trabalho-realizado-no-tecnico-premiado-pela-sociedade-europeia-de-fisica\/#primaryimage"},"thumbnailUrl":"https:\/\/portaltela.pt\/s.01k8rhncp4jt1\/2026\/03\/2076821.jpg","keywords":["astronomia","ci\u00eancia","descobertas","investiga\u00e7\u00e3o","investiga\u00e7\u00e3o cient\u00edfica","pesquisa"],"articleSection":["Internacional","Not\u00edcias"],"inLanguage":"pt-PT"},{"@type":"WebPage","@id":"https:\/\/portaltela.pt\/noticias\/2026\/03\/26\/trabalho-realizado-no-tecnico-premiado-pela-sociedade-europeia-de-fisica\/","url":"https:\/\/portaltela.pt\/noticias\/2026\/03\/26\/trabalho-realizado-no-tecnico-premiado-pela-sociedade-europeia-de-fisica\/","name":"Trabalho realizado no T\u00e9cnico premiado pela Sociedade Europeia de F\u00edsica - Portal Tela Portugal","isPartOf":{"@id":"https:\/\/portaltela.pt\/#website"},"primaryImageOfPage":{"@id":"https:\/\/portaltela.pt\/noticias\/2026\/03\/26\/trabalho-realizado-no-tecnico-premiado-pela-sociedade-europeia-de-fisica\/#primaryimage"},"image":{"@id":"https:\/\/portaltela.pt\/noticias\/2026\/03\/26\/trabalho-realizado-no-tecnico-premiado-pela-sociedade-europeia-de-fisica\/#primaryimage"},"thumbnailUrl":"https:\/\/portaltela.pt\/s.01k8rhncp4jt1\/2026\/03\/2076821.jpg","datePublished":"2026-03-26T11:30:00+00:00","author":{"@id":"https:\/\/portaltela.pt\/#\/schema\/person\/c4278d4a6028830caff9ee44b42d32ed"},"breadcrumb":{"@id":"https:\/\/portaltela.pt\/noticias\/2026\/03\/26\/trabalho-realizado-no-tecnico-premiado-pela-sociedade-europeia-de-fisica\/#breadcrumb"},"inLanguage":"pt-PT","potentialAction":[{"@type":"ReadAction","target":["https:\/\/portaltela.pt\/noticias\/2026\/03\/26\/trabalho-realizado-no-tecnico-premiado-pela-sociedade-europeia-de-fisica\/"]}]},{"@type":"ImageObject","inLanguage":"pt-PT","@id":"https:\/\/portaltela.pt\/noticias\/2026\/03\/26\/trabalho-realizado-no-tecnico-premiado-pela-sociedade-europeia-de-fisica\/#primaryimage","url":"https:\/\/portaltela.pt\/s.01k8rhncp4jt1\/2026\/03\/2076821.jpg","contentUrl":"https:\/\/portaltela.pt\/s.01k8rhncp4jt1\/2026\/03\/2076821.jpg","width":796,"height":448,"caption":"Fronteira entre um plasma (\u00e0 esquerda, zona inferior) e o v\u00e1cuo (\u00e0 direita, zona superior): no interior do plasma, os electr\u00f5es (esferas vermelhas) e os positr\u00f5es (esferas verdes) giram em torno das linhas de campo magn\u00e9tico (a azul) e desencadeiam a instabilidade, gerando ondula\u00e7\u00f5es \u2014 ondas de plasma \u2014 que se convertem em ondas de r\u00e1dio que escapam"},{"@type":"BreadcrumbList","@id":"https:\/\/portaltela.pt\/noticias\/2026\/03\/26\/trabalho-realizado-no-tecnico-premiado-pela-sociedade-europeia-de-fisica\/#breadcrumb","itemListElement":[{"@type":"ListItem","position":1,"name":"In\u00edcio","item":"https:\/\/portaltela.pt\/"},{"@type":"ListItem","position":2,"name":"Trabalho realizado no T\u00e9cnico premiado pela Sociedade Europeia de F\u00edsica"}]},{"@type":"WebSite","@id":"https:\/\/portaltela.pt\/#website","url":"https:\/\/portaltela.pt\/","name":"Portal Tela Portugal","description":"","potentialAction":[{"@type":"SearchAction","target":{"@type":"EntryPoint","urlTemplate":"https:\/\/portaltela.pt\/?s={search_term_string}"},"query-input":{"@type":"PropertyValueSpecification","valueRequired":true,"valueName":"search_term_string"}}],"inLanguage":"pt-PT"},{"@type":"Person","@id":"https:\/\/portaltela.pt\/#\/schema\/person\/c4278d4a6028830caff9ee44b42d32ed","name":"Telinha","image":{"@type":"ImageObject","inLanguage":"pt-PT","@id":"https:\/\/portaltela.pt\/s.01k8rhncp4jt1\/2025\/11\/talking-bot-125x125.png","url":"https:\/\/portaltela.pt\/s.01k8rhncp4jt1\/2025\/11\/talking-bot-125x125.png","contentUrl":"https:\/\/portaltela.pt\/s.01k8rhncp4jt1\/2025\/11\/talking-bot-125x125.png","caption":"Telinha"},"sameAs":["https:\/\/portaltela.pt\/"],"url":"https:\/\/portaltela.pt\/por\/367410592786\/"}]}},"_links":{"self":[{"href":"https:\/\/portaltela.pt\/api\/wp\/v2\/posts\/422102","targetHints":{"allow":["GET"]}}],"collection":[{"href":"https:\/\/portaltela.pt\/api\/wp\/v2\/posts"}],"about":[{"href":"https:\/\/portaltela.pt\/api\/wp\/v2\/types\/post"}],"author":[{"embeddable":true,"href":"https:\/\/portaltela.pt\/api\/wp\/v2\/users\/2"}],"replies":[{"embeddable":true,"href":"https:\/\/portaltela.pt\/api\/wp\/v2\/comments?post=422102"}],"version-history":[{"count":0,"href":"https:\/\/portaltela.pt\/api\/wp\/v2\/posts\/422102\/revisions"}],"wp:featuredmedia":[{"embeddable":true,"href":"https:\/\/portaltela.pt\/api\/wp\/v2\/media\/422116"}],"wp:attachment":[{"href":"https:\/\/portaltela.pt\/api\/wp\/v2\/media?parent=422102"}],"wp:term":[{"taxonomy":"category","embeddable":true,"href":"https:\/\/portaltela.pt\/api\/wp\/v2\/categories?post=422102"},{"taxonomy":"post_tag","embeddable":true,"href":"https:\/\/portaltela.pt\/api\/wp\/v2\/tags?post=422102"}],"curies":[{"name":"wp","href":"https:\/\/api.w.org\/{rel}","templated":true}]}}