{"id":422101,"date":"2026-03-26T08:39:00","date_gmt":"2026-03-26T11:39:00","guid":{"rendered":"https:\/\/portaltela.pt\/noticias\/2026\/03\/26\/poupanca-das-familias-recua-para-121-em-2025-aponta-ine\/"},"modified":"2026-03-26T08:39:00","modified_gmt":"2026-03-26T11:39:00","slug":"poupanca-das-familias-recua-para-121-em-2025-aponta-ine","status":"publish","type":"post","link":"https:\/\/portaltela.pt\/noticias\/economia\/2026\/03\/26\/poupanca-das-familias-recua-para-121-em-2025-aponta-ine\/","title":{"rendered":"Poupan\u00e7a das fam\u00edlias recua para 12,1% em 2025, aponta INE"},"content":{"rendered":"<p>O Instituto Nacional de Estat\u00edstica (INE) revelou hoje que a taxa de poupan\u00e7a das fam\u00edlias recuou para 12,1% do rendimento dispon\u00edvel no final de 2025. O an\u00fancio refor\u00e7a a leitura de que, no \u00faltimo per\u00edodo, ficou mais baixo o peso da poupan\u00e7a face ao rendimento.<\/p>\n<p>A divulga\u00e7\u00e3o, feita pelo INE, situa o indicador no territ\u00f3rio dos dados oficiais sobre o comportamento da poupan\u00e7a em Portugal. As informa\u00e7\u00f5es baseiam-se na linha de contas nacionais do instituto para o per\u00edodo em quest\u00e3o.<\/p>\n<p>O comunicado n\u00e3o detalha, neste resumo, n\u00fameros adicionais ou varia\u00e7\u00f5es entre trimestres. O INE aponta apenas a cifra de 12,1% como refer\u00eancia para o final de 2025, mantendo a monitoriza\u00e7\u00e3o do comportamento familiar.<\/p>\n","protected":false},"excerpt":{"rendered":"<ul>\n<li>A taxa de poupan\u00e7a das fam\u00edlias recuou para 12,1 por cento do rendimento dispon\u00edvel no final de 2025.<\/li>\n<li>O dado foi divulgado hoje pelo Instituto Nacional de Estat\u00edstica (INE).<\/li>\n<\/ul>\n","protected":false},"author":2,"featured_media":422114,"comment_status":"closed","ping_status":"closed","sticky":false,"template":"","format":"standard","meta":{"footnotes":""},"categories":[2,6850],"tags":[28,148,1014,1733,156],"class_list":["post-422101","post","type-post","status-publish","format-standard","has-post-thumbnail","hentry","category-economia","category-financas","tag-economia","tag-familias","tag-portugal","tag-poupanca","tag-rendimentos"],"yoast_head":"<!-- This site is optimized with the Yoast SEO plugin v27.2 - https:\/\/yoast.com\/product\/yoast-seo-wordpress\/ -->\n<title>Poupan\u00e7a das fam\u00edlias recua para 12,1% em 2025, aponta INE - Portal Tela Portugal<\/title>\n<meta name=\"robots\" content=\"index, follow, max-snippet:-1, max-image-preview:large, max-video-preview:-1\" \/>\n<meta property=\"og:locale\" content=\"pt_PT\" \/>\n<meta property=\"og:type\" content=\"article\" \/>\n<meta property=\"og:title\" content=\"Poupan\u00e7a das fam\u00edlias recua para 12,1% em 2025, aponta INE - Portal Tela Portugal\" \/>\n<meta property=\"og:description\" content=\"A taxa de poupan\u00e7a das fam\u00edlias recuou para 12,1 por cento do rendimento dispon\u00edvel no final de 2025. O dado foi divulgado hoje pelo Instituto Nacional de Estat\u00edstica (INE).\" \/>\n<meta property=\"og:url\" content=\"https:\/\/portaltela.pt\/noticias\/2026\/03\/26\/poupanca-das-familias-recua-para-121-em-2025-aponta-ine\/\" \/>\n<meta property=\"og:site_name\" content=\"Portal Tela Portugal\" \/>\n<meta property=\"article:published_time\" content=\"2026-03-26T11:39:00+00:00\" \/>\n<meta name=\"author\" content=\"Telinha\" \/>\n<meta name=\"twitter:card\" content=\"summary_large_image\" \/>\n<meta name=\"twitter:label1\" content=\"Escrito por\" \/>\n\t<meta name=\"twitter:data1\" content=\"Telinha\" \/>\n\t<meta name=\"twitter:label2\" content=\"Tempo estimado de leitura\" \/>\n\t<meta name=\"twitter:data2\" content=\"1 minuto\" \/>\n<script type=\"application\/ld+json\" class=\"yoast-schema-graph\">{\"@context\":\"https:\/\/schema.org\",\"@graph\":[{\"@type\":\"Article\",\"@id\":\"https:\/\/portaltela.pt\/noticias\/2026\/03\/26\/poupanca-das-familias-recua-para-121-em-2025-aponta-ine\/#article\",\"isPartOf\":{\"@id\":\"https:\/\/portaltela.pt\/noticias\/2026\/03\/26\/poupanca-das-familias-recua-para-121-em-2025-aponta-ine\/\"},\"author\":{\"name\":\"Telinha\",\"@id\":\"https:\/\/portaltela.pt\/#\/schema\/person\/c4278d4a6028830caff9ee44b42d32ed\"},\"headline\":\"Poupan\u00e7a das fam\u00edlias recua para 12,1% em 2025, aponta INE\",\"datePublished\":\"2026-03-26T11:39:00+00:00\",\"mainEntityOfPage\":{\"@id\":\"https:\/\/portaltela.pt\/noticias\/2026\/03\/26\/poupanca-das-familias-recua-para-121-em-2025-aponta-ine\/\"},\"wordCount\":138,\"image\":{\"@id\":\"https:\/\/portaltela.pt\/noticias\/2026\/03\/26\/poupanca-das-familias-recua-para-121-em-2025-aponta-ine\/#primaryimage\"},\"thumbnailUrl\":\"https:\/\/portaltela.pt\/s.01k8rhncp4jt1\/2026\/03\/CACHE_780X1200_ANALOG_WATERMARKED_23833525_2026092_24032019024500.jpg\",\"keywords\":[\"economia\",\"fam\u00edlias\",\"Portugal\",\"poupan\u00e7a\",\"rendimentos\"],\"articleSection\":[\"Economia\",\"Finan\u00e7as\"],\"inLanguage\":\"pt-PT\"},{\"@type\":\"WebPage\",\"@id\":\"https:\/\/portaltela.pt\/noticias\/2026\/03\/26\/poupanca-das-familias-recua-para-121-em-2025-aponta-ine\/\",\"url\":\"https:\/\/portaltela.pt\/noticias\/2026\/03\/26\/poupanca-das-familias-recua-para-121-em-2025-aponta-ine\/\",\"name\":\"Poupan\u00e7a das fam\u00edlias recua para 12,1% em 2025, aponta INE - Portal Tela Portugal\",\"isPartOf\":{\"@id\":\"https:\/\/portaltela.pt\/#website\"},\"primaryImageOfPage\":{\"@id\":\"https:\/\/portaltela.pt\/noticias\/2026\/03\/26\/poupanca-das-familias-recua-para-121-em-2025-aponta-ine\/#primaryimage\"},\"image\":{\"@id\":\"https:\/\/portaltela.pt\/noticias\/2026\/03\/26\/poupanca-das-familias-recua-para-121-em-2025-aponta-ine\/#primaryimage\"},\"thumbnailUrl\":\"https:\/\/portaltela.pt\/s.01k8rhncp4jt1\/2026\/03\/CACHE_780X1200_ANALOG_WATERMARKED_23833525_2026092_24032019024500.jpg\",\"datePublished\":\"2026-03-26T11:39:00+00:00\",\"author\":{\"@id\":\"https:\/\/portaltela.pt\/#\/schema\/person\/c4278d4a6028830caff9ee44b42d32ed\"},\"breadcrumb\":{\"@id\":\"https:\/\/portaltela.pt\/noticias\/2026\/03\/26\/poupanca-das-familias-recua-para-121-em-2025-aponta-ine\/#breadcrumb\"},\"inLanguage\":\"pt-PT\",\"potentialAction\":[{\"@type\":\"ReadAction\",\"target\":[\"https:\/\/portaltela.pt\/noticias\/2026\/03\/26\/poupanca-das-familias-recua-para-121-em-2025-aponta-ine\/\"]}]},{\"@type\":\"ImageObject\",\"inLanguage\":\"pt-PT\",\"@id\":\"https:\/\/portaltela.pt\/noticias\/2026\/03\/26\/poupanca-das-familias-recua-para-121-em-2025-aponta-ine\/#primaryimage\",\"url\":\"https:\/\/portaltela.pt\/s.01k8rhncp4jt1\/2026\/03\/CACHE_780X1200_ANALOG_WATERMARKED_23833525_2026092_24032019024500.jpg\",\"contentUrl\":\"https:\/\/portaltela.pt\/s.01k8rhncp4jt1\/2026\/03\/CACHE_780X1200_ANALOG_WATERMARKED_23833525_2026092_24032019024500.jpg\",\"width\":796,\"height\":448,\"caption\":\"Taxa de poupan\u00e7a das fam\u00edlias recua para 12,1% em 2025 - INE\"},{\"@type\":\"BreadcrumbList\",\"@id\":\"https:\/\/portaltela.pt\/noticias\/2026\/03\/26\/poupanca-das-familias-recua-para-121-em-2025-aponta-ine\/#breadcrumb\",\"itemListElement\":[{\"@type\":\"ListItem\",\"position\":1,\"name\":\"In\u00edcio\",\"item\":\"https:\/\/portaltela.pt\/\"},{\"@type\":\"ListItem\",\"position\":2,\"name\":\"Poupan\u00e7a das fam\u00edlias recua para 12,1% em 2025, aponta INE\"}]},{\"@type\":\"WebSite\",\"@id\":\"https:\/\/portaltela.pt\/#website\",\"url\":\"https:\/\/portaltela.pt\/\",\"name\":\"Portal Tela Portugal\",\"description\":\"\",\"potentialAction\":[{\"@type\":\"SearchAction\",\"target\":{\"@type\":\"EntryPoint\",\"urlTemplate\":\"https:\/\/portaltela.pt\/?s={search_term_string}\"},\"query-input\":{\"@type\":\"PropertyValueSpecification\",\"valueRequired\":true,\"valueName\":\"search_term_string\"}}],\"inLanguage\":\"pt-PT\"},{\"@type\":\"Person\",\"@id\":\"https:\/\/portaltela.pt\/#\/schema\/person\/c4278d4a6028830caff9ee44b42d32ed\",\"name\":\"Telinha\",\"image\":{\"@type\":\"ImageObject\",\"inLanguage\":\"pt-PT\",\"@id\":\"https:\/\/portaltela.pt\/s.01k8rhncp4jt1\/2025\/11\/talking-bot-125x125.png\",\"url\":\"https:\/\/portaltela.pt\/s.01k8rhncp4jt1\/2025\/11\/talking-bot-125x125.png\",\"contentUrl\":\"https:\/\/portaltela.pt\/s.01k8rhncp4jt1\/2025\/11\/talking-bot-125x125.png\",\"caption\":\"Telinha\"},\"sameAs\":[\"https:\/\/portaltela.pt\/\"],\"url\":\"https:\/\/portaltela.pt\/por\/367410592786\/\"}]}<\/script>\n<!-- \/ Yoast SEO plugin. -->","yoast_head_json":{"title":"Poupan\u00e7a das fam\u00edlias recua para 12,1% em 2025, aponta INE - Portal Tela Portugal","robots":{"index":"index","follow":"follow","max-snippet":"max-snippet:-1","max-image-preview":"max-image-preview:large","max-video-preview":"max-video-preview:-1"},"og_locale":"pt_PT","og_type":"article","og_title":"Poupan\u00e7a das fam\u00edlias recua para 12,1% em 2025, aponta INE - Portal Tela Portugal","og_description":"A taxa de poupan\u00e7a das fam\u00edlias recuou para 12,1 por cento do rendimento dispon\u00edvel no final de 2025. O dado foi divulgado hoje pelo Instituto Nacional de Estat\u00edstica (INE).","og_url":"https:\/\/portaltela.pt\/noticias\/2026\/03\/26\/poupanca-das-familias-recua-para-121-em-2025-aponta-ine\/","og_site_name":"Portal Tela Portugal","article_published_time":"2026-03-26T11:39:00+00:00","author":"Telinha","twitter_card":"summary_large_image","twitter_misc":{"Escrito por":"Telinha","Tempo estimado de leitura":"1 minuto"},"schema":{"@context":"https:\/\/schema.org","@graph":[{"@type":"Article","@id":"https:\/\/portaltela.pt\/noticias\/2026\/03\/26\/poupanca-das-familias-recua-para-121-em-2025-aponta-ine\/#article","isPartOf":{"@id":"https:\/\/portaltela.pt\/noticias\/2026\/03\/26\/poupanca-das-familias-recua-para-121-em-2025-aponta-ine\/"},"author":{"name":"Telinha","@id":"https:\/\/portaltela.pt\/#\/schema\/person\/c4278d4a6028830caff9ee44b42d32ed"},"headline":"Poupan\u00e7a das fam\u00edlias recua para 12,1% em 2025, aponta INE","datePublished":"2026-03-26T11:39:00+00:00","mainEntityOfPage":{"@id":"https:\/\/portaltela.pt\/noticias\/2026\/03\/26\/poupanca-das-familias-recua-para-121-em-2025-aponta-ine\/"},"wordCount":138,"image":{"@id":"https:\/\/portaltela.pt\/noticias\/2026\/03\/26\/poupanca-das-familias-recua-para-121-em-2025-aponta-ine\/#primaryimage"},"thumbnailUrl":"https:\/\/portaltela.pt\/s.01k8rhncp4jt1\/2026\/03\/CACHE_780X1200_ANALOG_WATERMARKED_23833525_2026092_24032019024500.jpg","keywords":["economia","fam\u00edlias","Portugal","poupan\u00e7a","rendimentos"],"articleSection":["Economia","Finan\u00e7as"],"inLanguage":"pt-PT"},{"@type":"WebPage","@id":"https:\/\/portaltela.pt\/noticias\/2026\/03\/26\/poupanca-das-familias-recua-para-121-em-2025-aponta-ine\/","url":"https:\/\/portaltela.pt\/noticias\/2026\/03\/26\/poupanca-das-familias-recua-para-121-em-2025-aponta-ine\/","name":"Poupan\u00e7a das fam\u00edlias recua para 12,1% em 2025, aponta INE - Portal Tela Portugal","isPartOf":{"@id":"https:\/\/portaltela.pt\/#website"},"primaryImageOfPage":{"@id":"https:\/\/portaltela.pt\/noticias\/2026\/03\/26\/poupanca-das-familias-recua-para-121-em-2025-aponta-ine\/#primaryimage"},"image":{"@id":"https:\/\/portaltela.pt\/noticias\/2026\/03\/26\/poupanca-das-familias-recua-para-121-em-2025-aponta-ine\/#primaryimage"},"thumbnailUrl":"https:\/\/portaltela.pt\/s.01k8rhncp4jt1\/2026\/03\/CACHE_780X1200_ANALOG_WATERMARKED_23833525_2026092_24032019024500.jpg","datePublished":"2026-03-26T11:39:00+00:00","author":{"@id":"https:\/\/portaltela.pt\/#\/schema\/person\/c4278d4a6028830caff9ee44b42d32ed"},"breadcrumb":{"@id":"https:\/\/portaltela.pt\/noticias\/2026\/03\/26\/poupanca-das-familias-recua-para-121-em-2025-aponta-ine\/#breadcrumb"},"inLanguage":"pt-PT","potentialAction":[{"@type":"ReadAction","target":["https:\/\/portaltela.pt\/noticias\/2026\/03\/26\/poupanca-das-familias-recua-para-121-em-2025-aponta-ine\/"]}]},{"@type":"ImageObject","inLanguage":"pt-PT","@id":"https:\/\/portaltela.pt\/noticias\/2026\/03\/26\/poupanca-das-familias-recua-para-121-em-2025-aponta-ine\/#primaryimage","url":"https:\/\/portaltela.pt\/s.01k8rhncp4jt1\/2026\/03\/CACHE_780X1200_ANALOG_WATERMARKED_23833525_2026092_24032019024500.jpg","contentUrl":"https:\/\/portaltela.pt\/s.01k8rhncp4jt1\/2026\/03\/CACHE_780X1200_ANALOG_WATERMARKED_23833525_2026092_24032019024500.jpg","width":796,"height":448,"caption":"Taxa de poupan\u00e7a das fam\u00edlias recua para 12,1% em 2025 - INE"},{"@type":"BreadcrumbList","@id":"https:\/\/portaltela.pt\/noticias\/2026\/03\/26\/poupanca-das-familias-recua-para-121-em-2025-aponta-ine\/#breadcrumb","itemListElement":[{"@type":"ListItem","position":1,"name":"In\u00edcio","item":"https:\/\/portaltela.pt\/"},{"@type":"ListItem","position":2,"name":"Poupan\u00e7a das fam\u00edlias recua para 12,1% em 2025, aponta INE"}]},{"@type":"WebSite","@id":"https:\/\/portaltela.pt\/#website","url":"https:\/\/portaltela.pt\/","name":"Portal Tela Portugal","description":"","potentialAction":[{"@type":"SearchAction","target":{"@type":"EntryPoint","urlTemplate":"https:\/\/portaltela.pt\/?s={search_term_string}"},"query-input":{"@type":"PropertyValueSpecification","valueRequired":true,"valueName":"search_term_string"}}],"inLanguage":"pt-PT"},{"@type":"Person","@id":"https:\/\/portaltela.pt\/#\/schema\/person\/c4278d4a6028830caff9ee44b42d32ed","name":"Telinha","image":{"@type":"ImageObject","inLanguage":"pt-PT","@id":"https:\/\/portaltela.pt\/s.01k8rhncp4jt1\/2025\/11\/talking-bot-125x125.png","url":"https:\/\/portaltela.pt\/s.01k8rhncp4jt1\/2025\/11\/talking-bot-125x125.png","contentUrl":"https:\/\/portaltela.pt\/s.01k8rhncp4jt1\/2025\/11\/talking-bot-125x125.png","caption":"Telinha"},"sameAs":["https:\/\/portaltela.pt\/"],"url":"https:\/\/portaltela.pt\/por\/367410592786\/"}]}},"_links":{"self":[{"href":"https:\/\/portaltela.pt\/api\/wp\/v2\/posts\/422101","targetHints":{"allow":["GET"]}}],"collection":[{"href":"https:\/\/portaltela.pt\/api\/wp\/v2\/posts"}],"about":[{"href":"https:\/\/portaltela.pt\/api\/wp\/v2\/types\/post"}],"author":[{"embeddable":true,"href":"https:\/\/portaltela.pt\/api\/wp\/v2\/users\/2"}],"replies":[{"embeddable":true,"href":"https:\/\/portaltela.pt\/api\/wp\/v2\/comments?post=422101"}],"version-history":[{"count":0,"href":"https:\/\/portaltela.pt\/api\/wp\/v2\/posts\/422101\/revisions"}],"wp:featuredmedia":[{"embeddable":true,"href":"https:\/\/portaltela.pt\/api\/wp\/v2\/media\/422114"}],"wp:attachment":[{"href":"https:\/\/portaltela.pt\/api\/wp\/v2\/media?parent=422101"}],"wp:term":[{"taxonomy":"category","embeddable":true,"href":"https:\/\/portaltela.pt\/api\/wp\/v2\/categories?post=422101"},{"taxonomy":"post_tag","embeddable":true,"href":"https:\/\/portaltela.pt\/api\/wp\/v2\/tags?post=422101"}],"curies":[{"name":"wp","href":"https:\/\/api.w.org\/{rel}","templated":true}]}}