{"id":422098,"date":"2026-03-26T08:31:48","date_gmt":"2026-03-26T11:31:48","guid":{"rendered":"https:\/\/portaltela.pt\/noticias\/2026\/03\/26\/eua-divulgam-video-de-ataque-a-barco-suspeito-de-narcotrafico\/"},"modified":"2026-03-26T08:31:48","modified_gmt":"2026-03-26T11:31:48","slug":"eua-divulgam-video-de-ataque-a-barco-suspeito-de-narcotrafico","status":"publish","type":"post","link":"https:\/\/portaltela.pt\/noticias\/internacional\/2026\/03\/26\/eua-divulgam-video-de-ataque-a-barco-suspeito-de-narcotrafico\/","title":{"rendered":"EUA divulgam v\u00eddeo de ataque a barco suspeito de narcotr\u00e1fico"},"content":{"rendered":"<p>As For\u00e7as Armadas dos EUA divulgaram, nesta quarta-feira, imagens de um ataque contra uma embarca\u00e7\u00e3o acusada de tr\u00e1fico de droga no Mar do Caribe. Quatro pessoas morreram no momento do incidente.<\/p>\n<p>O v\u00eddeo mostra o lan\u00e7amento de a\u00e7\u00f5es militares contra a embarca\u00e7\u00e3o, cuja identidade n\u00e3o foi confirmada pelas autoridades. A opera\u00e7\u00e3o ocorreu em \u00e1guas do Caribe, segundo as informa\u00e7\u00f5es divulgadas.<\/p>\n<p>Autoridades americanas n\u00e3o detalham, de momento, as circunst\u00e2ncias exatas do ataque nem se houve feridos al\u00e9m das quatro v\u00edtimas. O objetivo declarado \u00e9 combater o tr\u00e1fico de drogas na regi\u00e3o.<\/p>\n","protected":false},"excerpt":{"rendered":"<ul>\n<li>As For\u00e7as Armadas dos Estados Unidos divulgaram um v\u00eddeo do ataque a uma embarca\u00e7\u00e3o acusada de tr\u00e1fico de droga no Mar do Caribe.<\/li>\n<li>O incidente deixou quatro pessoas mortas.<\/li>\n<li>A divulga\u00e7\u00e3o ocorreu nesta quarta-feira.<\/li>\n<li>O comunicado n\u00e3o precisa de informa\u00e7\u00f5es adicionais sobre a embarca\u00e7\u00e3o ou os envolvidos.<\/li>\n<\/ul>\n","protected":false},"author":2,"featured_media":422109,"comment_status":"closed","ping_status":"closed","sticky":false,"template":"","format":"standard","meta":{"footnotes":""},"categories":[6804,4],"tags":[147,1779,81,4298,1909,96],"class_list":["post-422098","post","type-post","status-publish","format-standard","has-post-thumbnail","hentry","category-guerra","category-internacional","tag-crime","tag-forcas-armadas","tag-internacionais","tag-marinha","tag-narcotrafico","tag-trafico-de-droga"],"yoast_head":"<!-- This site is optimized with the Yoast SEO plugin v27.2 - https:\/\/yoast.com\/product\/yoast-seo-wordpress\/ -->\n<title>EUA divulgam v\u00eddeo de ataque a barco suspeito de narcotr\u00e1fico - Portal Tela Portugal<\/title>\n<meta name=\"robots\" content=\"index, follow, max-snippet:-1, max-image-preview:large, max-video-preview:-1\" \/>\n<meta property=\"og:locale\" content=\"pt_PT\" \/>\n<meta property=\"og:type\" content=\"article\" \/>\n<meta property=\"og:title\" content=\"EUA divulgam v\u00eddeo de ataque a barco suspeito de narcotr\u00e1fico - Portal Tela Portugal\" \/>\n<meta property=\"og:description\" content=\"As For\u00e7as Armadas dos Estados Unidos divulgaram um v\u00eddeo do ataque a uma embarca\u00e7\u00e3o acusada de tr\u00e1fico de droga no Mar do Caribe. O incidente deixou quatro pessoas mortas. A divulga\u00e7\u00e3o ocorreu nesta quarta-feira. O comunicado n\u00e3o precisa de informa\u00e7\u00f5es adicionais sobre a embarca\u00e7\u00e3o ou os envolvidos.\" \/>\n<meta property=\"og:url\" content=\"https:\/\/portaltela.pt\/noticias\/2026\/03\/26\/eua-divulgam-video-de-ataque-a-barco-suspeito-de-narcotrafico\/\" \/>\n<meta property=\"og:site_name\" content=\"Portal Tela Portugal\" \/>\n<meta property=\"article:published_time\" content=\"2026-03-26T11:31:48+00:00\" \/>\n<meta name=\"author\" content=\"Telinha\" \/>\n<meta name=\"twitter:card\" content=\"summary_large_image\" \/>\n<meta name=\"twitter:label1\" content=\"Escrito por\" \/>\n\t<meta name=\"twitter:data1\" content=\"Telinha\" \/>\n\t<meta name=\"twitter:label2\" content=\"Tempo estimado de leitura\" \/>\n\t<meta name=\"twitter:data2\" content=\"1 minuto\" \/>\n<script type=\"application\/ld+json\" class=\"yoast-schema-graph\">{\"@context\":\"https:\/\/schema.org\",\"@graph\":[{\"@type\":\"Article\",\"@id\":\"https:\/\/portaltela.pt\/noticias\/2026\/03\/26\/eua-divulgam-video-de-ataque-a-barco-suspeito-de-narcotrafico\/#article\",\"isPartOf\":{\"@id\":\"https:\/\/portaltela.pt\/noticias\/2026\/03\/26\/eua-divulgam-video-de-ataque-a-barco-suspeito-de-narcotrafico\/\"},\"author\":{\"name\":\"Telinha\",\"@id\":\"https:\/\/portaltela.pt\/#\/schema\/person\/c4278d4a6028830caff9ee44b42d32ed\"},\"headline\":\"EUA divulgam v\u00eddeo de ataque a barco suspeito de narcotr\u00e1fico\",\"datePublished\":\"2026-03-26T11:31:48+00:00\",\"mainEntityOfPage\":{\"@id\":\"https:\/\/portaltela.pt\/noticias\/2026\/03\/26\/eua-divulgam-video-de-ataque-a-barco-suspeito-de-narcotrafico\/\"},\"wordCount\":117,\"image\":{\"@id\":\"https:\/\/portaltela.pt\/noticias\/2026\/03\/26\/eua-divulgam-video-de-ataque-a-barco-suspeito-de-narcotrafico\/#primaryimage\"},\"thumbnailUrl\":\"https:\/\/portaltela.pt\/s.01k8rhncp4jt1\/2026\/03\/img_1280x722uu2026-03-26-10-55-53-2274895.jpg\",\"keywords\":[\"crime\",\"For\u00e7as Armadas\",\"internacionais\",\"Marinha\",\"narcotr\u00e1fico\",\"tr\u00e1fico de droga\"],\"articleSection\":[\"Guerra\",\"Internacional\"],\"inLanguage\":\"pt-PT\"},{\"@type\":\"WebPage\",\"@id\":\"https:\/\/portaltela.pt\/noticias\/2026\/03\/26\/eua-divulgam-video-de-ataque-a-barco-suspeito-de-narcotrafico\/\",\"url\":\"https:\/\/portaltela.pt\/noticias\/2026\/03\/26\/eua-divulgam-video-de-ataque-a-barco-suspeito-de-narcotrafico\/\",\"name\":\"EUA divulgam v\u00eddeo de ataque a barco suspeito de narcotr\u00e1fico - Portal Tela Portugal\",\"isPartOf\":{\"@id\":\"https:\/\/portaltela.pt\/#website\"},\"primaryImageOfPage\":{\"@id\":\"https:\/\/portaltela.pt\/noticias\/2026\/03\/26\/eua-divulgam-video-de-ataque-a-barco-suspeito-de-narcotrafico\/#primaryimage\"},\"image\":{\"@id\":\"https:\/\/portaltela.pt\/noticias\/2026\/03\/26\/eua-divulgam-video-de-ataque-a-barco-suspeito-de-narcotrafico\/#primaryimage\"},\"thumbnailUrl\":\"https:\/\/portaltela.pt\/s.01k8rhncp4jt1\/2026\/03\/img_1280x722uu2026-03-26-10-55-53-2274895.jpg\",\"datePublished\":\"2026-03-26T11:31:48+00:00\",\"author\":{\"@id\":\"https:\/\/portaltela.pt\/#\/schema\/person\/c4278d4a6028830caff9ee44b42d32ed\"},\"breadcrumb\":{\"@id\":\"https:\/\/portaltela.pt\/noticias\/2026\/03\/26\/eua-divulgam-video-de-ataque-a-barco-suspeito-de-narcotrafico\/#breadcrumb\"},\"inLanguage\":\"pt-PT\",\"potentialAction\":[{\"@type\":\"ReadAction\",\"target\":[\"https:\/\/portaltela.pt\/noticias\/2026\/03\/26\/eua-divulgam-video-de-ataque-a-barco-suspeito-de-narcotrafico\/\"]}]},{\"@type\":\"ImageObject\",\"inLanguage\":\"pt-PT\",\"@id\":\"https:\/\/portaltela.pt\/noticias\/2026\/03\/26\/eua-divulgam-video-de-ataque-a-barco-suspeito-de-narcotrafico\/#primaryimage\",\"url\":\"https:\/\/portaltela.pt\/s.01k8rhncp4jt1\/2026\/03\/img_1280x722uu2026-03-26-10-55-53-2274895.jpg\",\"contentUrl\":\"https:\/\/portaltela.pt\/s.01k8rhncp4jt1\/2026\/03\/img_1280x722uu2026-03-26-10-55-53-2274895.jpg\",\"width\":796,\"height\":448,\"caption\":\"EUA divulgam v\u00eddeo de ataque a barco suspeito de narcotr\u00e1fico\"},{\"@type\":\"BreadcrumbList\",\"@id\":\"https:\/\/portaltela.pt\/noticias\/2026\/03\/26\/eua-divulgam-video-de-ataque-a-barco-suspeito-de-narcotrafico\/#breadcrumb\",\"itemListElement\":[{\"@type\":\"ListItem\",\"position\":1,\"name\":\"In\u00edcio\",\"item\":\"https:\/\/portaltela.pt\/\"},{\"@type\":\"ListItem\",\"position\":2,\"name\":\"EUA divulgam v\u00eddeo de ataque a barco suspeito de narcotr\u00e1fico\"}]},{\"@type\":\"WebSite\",\"@id\":\"https:\/\/portaltela.pt\/#website\",\"url\":\"https:\/\/portaltela.pt\/\",\"name\":\"Portal Tela Portugal\",\"description\":\"\",\"potentialAction\":[{\"@type\":\"SearchAction\",\"target\":{\"@type\":\"EntryPoint\",\"urlTemplate\":\"https:\/\/portaltela.pt\/?s={search_term_string}\"},\"query-input\":{\"@type\":\"PropertyValueSpecification\",\"valueRequired\":true,\"valueName\":\"search_term_string\"}}],\"inLanguage\":\"pt-PT\"},{\"@type\":\"Person\",\"@id\":\"https:\/\/portaltela.pt\/#\/schema\/person\/c4278d4a6028830caff9ee44b42d32ed\",\"name\":\"Telinha\",\"image\":{\"@type\":\"ImageObject\",\"inLanguage\":\"pt-PT\",\"@id\":\"https:\/\/portaltela.pt\/s.01k8rhncp4jt1\/2025\/11\/talking-bot-125x125.png\",\"url\":\"https:\/\/portaltela.pt\/s.01k8rhncp4jt1\/2025\/11\/talking-bot-125x125.png\",\"contentUrl\":\"https:\/\/portaltela.pt\/s.01k8rhncp4jt1\/2025\/11\/talking-bot-125x125.png\",\"caption\":\"Telinha\"},\"sameAs\":[\"https:\/\/portaltela.pt\/\"],\"url\":\"https:\/\/portaltela.pt\/por\/367410592786\/\"}]}<\/script>\n<!-- \/ Yoast SEO plugin. -->","yoast_head_json":{"title":"EUA divulgam v\u00eddeo de ataque a barco suspeito de narcotr\u00e1fico - Portal Tela Portugal","robots":{"index":"index","follow":"follow","max-snippet":"max-snippet:-1","max-image-preview":"max-image-preview:large","max-video-preview":"max-video-preview:-1"},"og_locale":"pt_PT","og_type":"article","og_title":"EUA divulgam v\u00eddeo de ataque a barco suspeito de narcotr\u00e1fico - Portal Tela Portugal","og_description":"As For\u00e7as Armadas dos Estados Unidos divulgaram um v\u00eddeo do ataque a uma embarca\u00e7\u00e3o acusada de tr\u00e1fico de droga no Mar do Caribe. O incidente deixou quatro pessoas mortas. A divulga\u00e7\u00e3o ocorreu nesta quarta-feira. O comunicado n\u00e3o precisa de informa\u00e7\u00f5es adicionais sobre a embarca\u00e7\u00e3o ou os envolvidos.","og_url":"https:\/\/portaltela.pt\/noticias\/2026\/03\/26\/eua-divulgam-video-de-ataque-a-barco-suspeito-de-narcotrafico\/","og_site_name":"Portal Tela Portugal","article_published_time":"2026-03-26T11:31:48+00:00","author":"Telinha","twitter_card":"summary_large_image","twitter_misc":{"Escrito por":"Telinha","Tempo estimado de leitura":"1 minuto"},"schema":{"@context":"https:\/\/schema.org","@graph":[{"@type":"Article","@id":"https:\/\/portaltela.pt\/noticias\/2026\/03\/26\/eua-divulgam-video-de-ataque-a-barco-suspeito-de-narcotrafico\/#article","isPartOf":{"@id":"https:\/\/portaltela.pt\/noticias\/2026\/03\/26\/eua-divulgam-video-de-ataque-a-barco-suspeito-de-narcotrafico\/"},"author":{"name":"Telinha","@id":"https:\/\/portaltela.pt\/#\/schema\/person\/c4278d4a6028830caff9ee44b42d32ed"},"headline":"EUA divulgam v\u00eddeo de ataque a barco suspeito de narcotr\u00e1fico","datePublished":"2026-03-26T11:31:48+00:00","mainEntityOfPage":{"@id":"https:\/\/portaltela.pt\/noticias\/2026\/03\/26\/eua-divulgam-video-de-ataque-a-barco-suspeito-de-narcotrafico\/"},"wordCount":117,"image":{"@id":"https:\/\/portaltela.pt\/noticias\/2026\/03\/26\/eua-divulgam-video-de-ataque-a-barco-suspeito-de-narcotrafico\/#primaryimage"},"thumbnailUrl":"https:\/\/portaltela.pt\/s.01k8rhncp4jt1\/2026\/03\/img_1280x722uu2026-03-26-10-55-53-2274895.jpg","keywords":["crime","For\u00e7as Armadas","internacionais","Marinha","narcotr\u00e1fico","tr\u00e1fico de droga"],"articleSection":["Guerra","Internacional"],"inLanguage":"pt-PT"},{"@type":"WebPage","@id":"https:\/\/portaltela.pt\/noticias\/2026\/03\/26\/eua-divulgam-video-de-ataque-a-barco-suspeito-de-narcotrafico\/","url":"https:\/\/portaltela.pt\/noticias\/2026\/03\/26\/eua-divulgam-video-de-ataque-a-barco-suspeito-de-narcotrafico\/","name":"EUA divulgam v\u00eddeo de ataque a barco suspeito de narcotr\u00e1fico - Portal Tela Portugal","isPartOf":{"@id":"https:\/\/portaltela.pt\/#website"},"primaryImageOfPage":{"@id":"https:\/\/portaltela.pt\/noticias\/2026\/03\/26\/eua-divulgam-video-de-ataque-a-barco-suspeito-de-narcotrafico\/#primaryimage"},"image":{"@id":"https:\/\/portaltela.pt\/noticias\/2026\/03\/26\/eua-divulgam-video-de-ataque-a-barco-suspeito-de-narcotrafico\/#primaryimage"},"thumbnailUrl":"https:\/\/portaltela.pt\/s.01k8rhncp4jt1\/2026\/03\/img_1280x722uu2026-03-26-10-55-53-2274895.jpg","datePublished":"2026-03-26T11:31:48+00:00","author":{"@id":"https:\/\/portaltela.pt\/#\/schema\/person\/c4278d4a6028830caff9ee44b42d32ed"},"breadcrumb":{"@id":"https:\/\/portaltela.pt\/noticias\/2026\/03\/26\/eua-divulgam-video-de-ataque-a-barco-suspeito-de-narcotrafico\/#breadcrumb"},"inLanguage":"pt-PT","potentialAction":[{"@type":"ReadAction","target":["https:\/\/portaltela.pt\/noticias\/2026\/03\/26\/eua-divulgam-video-de-ataque-a-barco-suspeito-de-narcotrafico\/"]}]},{"@type":"ImageObject","inLanguage":"pt-PT","@id":"https:\/\/portaltela.pt\/noticias\/2026\/03\/26\/eua-divulgam-video-de-ataque-a-barco-suspeito-de-narcotrafico\/#primaryimage","url":"https:\/\/portaltela.pt\/s.01k8rhncp4jt1\/2026\/03\/img_1280x722uu2026-03-26-10-55-53-2274895.jpg","contentUrl":"https:\/\/portaltela.pt\/s.01k8rhncp4jt1\/2026\/03\/img_1280x722uu2026-03-26-10-55-53-2274895.jpg","width":796,"height":448,"caption":"EUA divulgam v\u00eddeo de ataque a barco suspeito de narcotr\u00e1fico"},{"@type":"BreadcrumbList","@id":"https:\/\/portaltela.pt\/noticias\/2026\/03\/26\/eua-divulgam-video-de-ataque-a-barco-suspeito-de-narcotrafico\/#breadcrumb","itemListElement":[{"@type":"ListItem","position":1,"name":"In\u00edcio","item":"https:\/\/portaltela.pt\/"},{"@type":"ListItem","position":2,"name":"EUA divulgam v\u00eddeo de ataque a barco suspeito de narcotr\u00e1fico"}]},{"@type":"WebSite","@id":"https:\/\/portaltela.pt\/#website","url":"https:\/\/portaltela.pt\/","name":"Portal Tela Portugal","description":"","potentialAction":[{"@type":"SearchAction","target":{"@type":"EntryPoint","urlTemplate":"https:\/\/portaltela.pt\/?s={search_term_string}"},"query-input":{"@type":"PropertyValueSpecification","valueRequired":true,"valueName":"search_term_string"}}],"inLanguage":"pt-PT"},{"@type":"Person","@id":"https:\/\/portaltela.pt\/#\/schema\/person\/c4278d4a6028830caff9ee44b42d32ed","name":"Telinha","image":{"@type":"ImageObject","inLanguage":"pt-PT","@id":"https:\/\/portaltela.pt\/s.01k8rhncp4jt1\/2025\/11\/talking-bot-125x125.png","url":"https:\/\/portaltela.pt\/s.01k8rhncp4jt1\/2025\/11\/talking-bot-125x125.png","contentUrl":"https:\/\/portaltela.pt\/s.01k8rhncp4jt1\/2025\/11\/talking-bot-125x125.png","caption":"Telinha"},"sameAs":["https:\/\/portaltela.pt\/"],"url":"https:\/\/portaltela.pt\/por\/367410592786\/"}]}},"_links":{"self":[{"href":"https:\/\/portaltela.pt\/api\/wp\/v2\/posts\/422098","targetHints":{"allow":["GET"]}}],"collection":[{"href":"https:\/\/portaltela.pt\/api\/wp\/v2\/posts"}],"about":[{"href":"https:\/\/portaltela.pt\/api\/wp\/v2\/types\/post"}],"author":[{"embeddable":true,"href":"https:\/\/portaltela.pt\/api\/wp\/v2\/users\/2"}],"replies":[{"embeddable":true,"href":"https:\/\/portaltela.pt\/api\/wp\/v2\/comments?post=422098"}],"version-history":[{"count":0,"href":"https:\/\/portaltela.pt\/api\/wp\/v2\/posts\/422098\/revisions"}],"wp:featuredmedia":[{"embeddable":true,"href":"https:\/\/portaltela.pt\/api\/wp\/v2\/media\/422109"}],"wp:attachment":[{"href":"https:\/\/portaltela.pt\/api\/wp\/v2\/media?parent=422098"}],"wp:term":[{"taxonomy":"category","embeddable":true,"href":"https:\/\/portaltela.pt\/api\/wp\/v2\/categories?post=422098"},{"taxonomy":"post_tag","embeddable":true,"href":"https:\/\/portaltela.pt\/api\/wp\/v2\/tags?post=422098"}],"curies":[{"name":"wp","href":"https:\/\/api.w.org\/{rel}","templated":true}]}}