{"id":422096,"date":"2026-03-26T08:33:00","date_gmt":"2026-03-26T11:33:00","guid":{"rendered":"https:\/\/portaltela.pt\/noticias\/2026\/03\/26\/preco-do-gasoleo-agricola-subiu-cerca-de-50-no-ultimo-mes\/"},"modified":"2026-03-26T08:33:00","modified_gmt":"2026-03-26T11:33:00","slug":"preco-do-gasoleo-agricola-subiu-cerca-de-50-no-ultimo-mes","status":"publish","type":"post","link":"https:\/\/portaltela.pt\/noticias\/economia\/2026\/03\/26\/preco-do-gasoleo-agricola-subiu-cerca-de-50-no-ultimo-mes\/","title":{"rendered":"Pre\u00e7o do gas\u00f3leo agr\u00edcola subiu cerca de 50% no \u00faltimo m\u00eas"},"content":{"rendered":"<p>O pre\u00e7o do gas\u00f3leo agr\u00edcola subiu cerca de 50% no \u00faltimo m\u00eas, aumentando o custo de explora\u00e7\u00e3o para os agricultores. Um produtor revelou que, na pr\u00e1tica, a lavoura fica sem sustentabilidade financeira com este aumento.<\/p>\n<p>O agricultor afirmou que o Estado deveria aumentar os apoios ao setor para compensar o impacto. A subida ocorre num per\u00edodo de prepara\u00e7\u00e3o de terrenos e planta\u00e7\u00e3o, agravando custos de produ\u00e7\u00e3o.<\/p>\n<h3>Aumento do gas\u00f3leo agr\u00edcola<\/h3>\n<p>O Governo n\u00e3o revelou medidas espec\u00edficas ainda, mas admite monitorizar o mercado de combust\u00edveis e o impacto na produ\u00e7\u00e3o agr\u00edcola. Cr\u00edticos defendem apoio direto aos agricultores mais afetados.<\/p>\n<p>Autoridades portuguesas pediram o levantamento da imunidade parlamentar de Francisco Assis. O pedido foi apresentado ao Tribunal de Lisboa, com refer\u00eancia a alegadas irregularidades em territ\u00f3rio nacional.<\/p>\n<h3>Immunidade parlamentar de Francisco Assis<\/h3>\n<p>O processo envolve dilig\u00eancias para confirmar ou rejeitar a imunidade, sem ainda qualquer decis\u00e3o definitiva. N\u00e3o foram estabelecidas liga\u00e7\u00f5es com outras apresenta\u00e7\u00f5es p\u00fablicas at\u00e9 ao momento.<\/p>\n<p>Autocarro caiu ao rio no Bangladesh, resultando em pelo menos 18 mortos. As autoridades indicaram ainda v\u00e1rios feridos, com opera\u00e7\u00f5es de resgate em curso e investiga\u00e7\u00e3o para determinar as causas.<\/p>\n<h3>Incidente de autocarro no Bangladesh<\/h3>\n<p>Testemunhas relatam que o ve\u00edculo transitava numa avenida estreita quando saiu da via, caindo para o rio pr\u00f3ximo. Equipa de resgate trabalha para localizar ocupantes e avaliar danos.<\/p>\n<p>EUA divulgaram v\u00eddeo de ataque a um barco suspeito de narcotr\u00e1fico, alegadamente envolvido em atividades il\u00edcitas. O material audiovisual j\u00e1 foi encaminhado a autoridades de investiga\u00e7\u00e3o.<\/p>\n<h3>V\u00eddeo de ataque a barco suspeito de narcotr\u00e1fico<\/h3>\n<p>As autoridades n\u00e3o confirmaram ainda todos os detalhes operacionais, mas indicam que o incidente est\u00e1 a ser avaliado no quadro de uma opera\u00e7\u00e3o maior contra o tr\u00e1fico. O conte\u00fado refor\u00e7a a vigil\u00e2ncia sobre rotas mar\u00edtimas.<\/p>\n<p>Julgamento do menor acusado de matar a pr\u00f3pria m\u00e3e em Vagos prossegue com a segunda sess\u00e3o. O processo continua com audi\u00eancias que avaliam provas apresentadas pela acusa\u00e7\u00e3o e defesa.<\/p>\n<h3>Processo envolvendo menor em Vagos<\/h3>\n<p>As informa\u00e7\u00f5es processuais indicam continua\u00e7\u00e3o de depoimentos e exame de per\u00edcias. N\u00e3o h\u00e1 declara\u00e7\u00f5es p\u00fablicas de partes envolvidas al\u00e9m do que j\u00e1 foi registrado nos autos.<\/p>\n","protected":false},"excerpt":{"rendered":"<ul>\n<li>O gas\u00f3leo agr\u00edcola subiu cerca de cinquenta por cento no \u00faltimo m\u00eas, com agricultores a dizer que a lavoura fica insustent\u00e1vel e a pedir mais apoios do Estado.<\/li>\n<li>Autoridades portuguesas pediram o levantamento da imunidade parlamentar de Francisco Assis.<\/li>\n<li>No Bangladesh, um autocarro despistou-se e caiu ao rio, com pelo menos dezoito mortos.<\/li>\n<li>Os EUA divulgaram um v\u00eddeo de ataque a um barco suspeito de narcotr\u00e1fico.<\/li>\n<li>O julgamento do menor acusado de matar a m\u00e3e em Vagos prossegue com a segunda sess\u00e3o.<\/li>\n<\/ul>\n","protected":false},"author":2,"featured_media":422107,"comment_status":"closed","ping_status":"closed","sticky":false,"template":"","format":"standard","meta":{"footnotes":""},"categories":[2,1],"tags":[6115,4914,4169,5883,6210,1689],"class_list":["post-422096","post","type-post","status-publish","format-standard","has-post-thumbnail","hentry","category-economia","category-noticias","tag-_economia","tag-a-agricultura","tag-acidente-rodoviario","tag-bangladesh","tag-crimes-contra-menores","tag-gasoleo-colorido"],"yoast_head":"<!-- This site is optimized with the Yoast SEO plugin v27.2 - https:\/\/yoast.com\/product\/yoast-seo-wordpress\/ -->\n<title>Pre\u00e7o do gas\u00f3leo agr\u00edcola subiu cerca de 50% no \u00faltimo m\u00eas - Portal Tela Portugal<\/title>\n<meta name=\"robots\" content=\"index, follow, max-snippet:-1, max-image-preview:large, max-video-preview:-1\" \/>\n<meta property=\"og:locale\" content=\"pt_PT\" \/>\n<meta property=\"og:type\" content=\"article\" \/>\n<meta property=\"og:title\" content=\"Pre\u00e7o do gas\u00f3leo agr\u00edcola subiu cerca de 50% no \u00faltimo m\u00eas - Portal Tela Portugal\" \/>\n<meta property=\"og:description\" content=\"O gas\u00f3leo agr\u00edcola subiu cerca de cinquenta por cento no \u00faltimo m\u00eas, com agricultores a dizer que a lavoura fica insustent\u00e1vel e a pedir mais apoios do Estado. Autoridades portuguesas pediram o levantamento da imunidade parlamentar de Francisco Assis. No Bangladesh, um autocarro despistou-se e caiu ao rio, com pelo menos dezoito mortos. Os EUA divulgaram um v\u00eddeo de ataque a um barco suspeito de narcotr\u00e1fico. O julgamento do menor acusado de matar a m\u00e3e em Vagos prossegue com a segunda sess\u00e3o.\" \/>\n<meta property=\"og:url\" content=\"https:\/\/portaltela.pt\/noticias\/2026\/03\/26\/preco-do-gasoleo-agricola-subiu-cerca-de-50-no-ultimo-mes\/\" \/>\n<meta property=\"og:site_name\" content=\"Portal Tela Portugal\" \/>\n<meta property=\"article:published_time\" content=\"2026-03-26T11:33:00+00:00\" \/>\n<meta name=\"author\" content=\"Telinha\" \/>\n<meta name=\"twitter:card\" content=\"summary_large_image\" \/>\n<meta name=\"twitter:label1\" content=\"Escrito por\" \/>\n\t<meta name=\"twitter:data1\" content=\"Telinha\" \/>\n\t<meta name=\"twitter:label2\" content=\"Tempo estimado de leitura\" \/>\n\t<meta name=\"twitter:data2\" content=\"2 minutos\" \/>\n<script type=\"application\/ld+json\" class=\"yoast-schema-graph\">{\"@context\":\"https:\/\/schema.org\",\"@graph\":[{\"@type\":\"Article\",\"@id\":\"https:\/\/portaltela.pt\/noticias\/2026\/03\/26\/preco-do-gasoleo-agricola-subiu-cerca-de-50-no-ultimo-mes\/#article\",\"isPartOf\":{\"@id\":\"https:\/\/portaltela.pt\/noticias\/2026\/03\/26\/preco-do-gasoleo-agricola-subiu-cerca-de-50-no-ultimo-mes\/\"},\"author\":{\"name\":\"Telinha\",\"@id\":\"https:\/\/portaltela.pt\/#\/schema\/person\/c4278d4a6028830caff9ee44b42d32ed\"},\"headline\":\"Pre\u00e7o do gas\u00f3leo agr\u00edcola subiu cerca de 50% no \u00faltimo m\u00eas\",\"datePublished\":\"2026-03-26T11:33:00+00:00\",\"mainEntityOfPage\":{\"@id\":\"https:\/\/portaltela.pt\/noticias\/2026\/03\/26\/preco-do-gasoleo-agricola-subiu-cerca-de-50-no-ultimo-mes\/\"},\"wordCount\":416,\"image\":{\"@id\":\"https:\/\/portaltela.pt\/noticias\/2026\/03\/26\/preco-do-gasoleo-agricola-subiu-cerca-de-50-no-ultimo-mes\/#primaryimage\"},\"thumbnailUrl\":\"https:\/\/portaltela.pt\/s.01k8rhncp4jt1\/2026\/03\/img_1280x722uu2026-03-26-11-32-20-2274905.jpg\",\"keywords\":[\"_economia\",\"A agricultura\",\"acidente rodovi\u00e1rio\",\"Bangladesh\",\"crimes contra menores\",\"gas\u00f3leo colorido\"],\"articleSection\":[\"Economia\",\"Not\u00edcias\"],\"inLanguage\":\"pt-PT\"},{\"@type\":\"WebPage\",\"@id\":\"https:\/\/portaltela.pt\/noticias\/2026\/03\/26\/preco-do-gasoleo-agricola-subiu-cerca-de-50-no-ultimo-mes\/\",\"url\":\"https:\/\/portaltela.pt\/noticias\/2026\/03\/26\/preco-do-gasoleo-agricola-subiu-cerca-de-50-no-ultimo-mes\/\",\"name\":\"Pre\u00e7o do gas\u00f3leo agr\u00edcola subiu cerca de 50% no \u00faltimo m\u00eas - Portal Tela Portugal\",\"isPartOf\":{\"@id\":\"https:\/\/portaltela.pt\/#website\"},\"primaryImageOfPage\":{\"@id\":\"https:\/\/portaltela.pt\/noticias\/2026\/03\/26\/preco-do-gasoleo-agricola-subiu-cerca-de-50-no-ultimo-mes\/#primaryimage\"},\"image\":{\"@id\":\"https:\/\/portaltela.pt\/noticias\/2026\/03\/26\/preco-do-gasoleo-agricola-subiu-cerca-de-50-no-ultimo-mes\/#primaryimage\"},\"thumbnailUrl\":\"https:\/\/portaltela.pt\/s.01k8rhncp4jt1\/2026\/03\/img_1280x722uu2026-03-26-11-32-20-2274905.jpg\",\"datePublished\":\"2026-03-26T11:33:00+00:00\",\"author\":{\"@id\":\"https:\/\/portaltela.pt\/#\/schema\/person\/c4278d4a6028830caff9ee44b42d32ed\"},\"breadcrumb\":{\"@id\":\"https:\/\/portaltela.pt\/noticias\/2026\/03\/26\/preco-do-gasoleo-agricola-subiu-cerca-de-50-no-ultimo-mes\/#breadcrumb\"},\"inLanguage\":\"pt-PT\",\"potentialAction\":[{\"@type\":\"ReadAction\",\"target\":[\"https:\/\/portaltela.pt\/noticias\/2026\/03\/26\/preco-do-gasoleo-agricola-subiu-cerca-de-50-no-ultimo-mes\/\"]}]},{\"@type\":\"ImageObject\",\"inLanguage\":\"pt-PT\",\"@id\":\"https:\/\/portaltela.pt\/noticias\/2026\/03\/26\/preco-do-gasoleo-agricola-subiu-cerca-de-50-no-ultimo-mes\/#primaryimage\",\"url\":\"https:\/\/portaltela.pt\/s.01k8rhncp4jt1\/2026\/03\/img_1280x722uu2026-03-26-11-32-20-2274905.jpg\",\"contentUrl\":\"https:\/\/portaltela.pt\/s.01k8rhncp4jt1\/2026\/03\/img_1280x722uu2026-03-26-11-32-20-2274905.jpg\",\"width\":796,\"height\":448,\"caption\":\"Photo\"},{\"@type\":\"BreadcrumbList\",\"@id\":\"https:\/\/portaltela.pt\/noticias\/2026\/03\/26\/preco-do-gasoleo-agricola-subiu-cerca-de-50-no-ultimo-mes\/#breadcrumb\",\"itemListElement\":[{\"@type\":\"ListItem\",\"position\":1,\"name\":\"In\u00edcio\",\"item\":\"https:\/\/portaltela.pt\/\"},{\"@type\":\"ListItem\",\"position\":2,\"name\":\"Pre\u00e7o do gas\u00f3leo agr\u00edcola subiu cerca de 50% no \u00faltimo m\u00eas\"}]},{\"@type\":\"WebSite\",\"@id\":\"https:\/\/portaltela.pt\/#website\",\"url\":\"https:\/\/portaltela.pt\/\",\"name\":\"Portal Tela Portugal\",\"description\":\"\",\"potentialAction\":[{\"@type\":\"SearchAction\",\"target\":{\"@type\":\"EntryPoint\",\"urlTemplate\":\"https:\/\/portaltela.pt\/?s={search_term_string}\"},\"query-input\":{\"@type\":\"PropertyValueSpecification\",\"valueRequired\":true,\"valueName\":\"search_term_string\"}}],\"inLanguage\":\"pt-PT\"},{\"@type\":\"Person\",\"@id\":\"https:\/\/portaltela.pt\/#\/schema\/person\/c4278d4a6028830caff9ee44b42d32ed\",\"name\":\"Telinha\",\"image\":{\"@type\":\"ImageObject\",\"inLanguage\":\"pt-PT\",\"@id\":\"https:\/\/portaltela.pt\/s.01k8rhncp4jt1\/2025\/11\/talking-bot-125x125.png\",\"url\":\"https:\/\/portaltela.pt\/s.01k8rhncp4jt1\/2025\/11\/talking-bot-125x125.png\",\"contentUrl\":\"https:\/\/portaltela.pt\/s.01k8rhncp4jt1\/2025\/11\/talking-bot-125x125.png\",\"caption\":\"Telinha\"},\"sameAs\":[\"https:\/\/portaltela.pt\/\"],\"url\":\"https:\/\/portaltela.pt\/por\/367410592786\/\"}]}<\/script>\n<!-- \/ Yoast SEO plugin. -->","yoast_head_json":{"title":"Pre\u00e7o do gas\u00f3leo agr\u00edcola subiu cerca de 50% no \u00faltimo m\u00eas - Portal Tela Portugal","robots":{"index":"index","follow":"follow","max-snippet":"max-snippet:-1","max-image-preview":"max-image-preview:large","max-video-preview":"max-video-preview:-1"},"og_locale":"pt_PT","og_type":"article","og_title":"Pre\u00e7o do gas\u00f3leo agr\u00edcola subiu cerca de 50% no \u00faltimo m\u00eas - Portal Tela Portugal","og_description":"O gas\u00f3leo agr\u00edcola subiu cerca de cinquenta por cento no \u00faltimo m\u00eas, com agricultores a dizer que a lavoura fica insustent\u00e1vel e a pedir mais apoios do Estado. Autoridades portuguesas pediram o levantamento da imunidade parlamentar de Francisco Assis. No Bangladesh, um autocarro despistou-se e caiu ao rio, com pelo menos dezoito mortos. Os EUA divulgaram um v\u00eddeo de ataque a um barco suspeito de narcotr\u00e1fico. O julgamento do menor acusado de matar a m\u00e3e em Vagos prossegue com a segunda sess\u00e3o.","og_url":"https:\/\/portaltela.pt\/noticias\/2026\/03\/26\/preco-do-gasoleo-agricola-subiu-cerca-de-50-no-ultimo-mes\/","og_site_name":"Portal Tela Portugal","article_published_time":"2026-03-26T11:33:00+00:00","author":"Telinha","twitter_card":"summary_large_image","twitter_misc":{"Escrito por":"Telinha","Tempo estimado de leitura":"2 minutos"},"schema":{"@context":"https:\/\/schema.org","@graph":[{"@type":"Article","@id":"https:\/\/portaltela.pt\/noticias\/2026\/03\/26\/preco-do-gasoleo-agricola-subiu-cerca-de-50-no-ultimo-mes\/#article","isPartOf":{"@id":"https:\/\/portaltela.pt\/noticias\/2026\/03\/26\/preco-do-gasoleo-agricola-subiu-cerca-de-50-no-ultimo-mes\/"},"author":{"name":"Telinha","@id":"https:\/\/portaltela.pt\/#\/schema\/person\/c4278d4a6028830caff9ee44b42d32ed"},"headline":"Pre\u00e7o do gas\u00f3leo agr\u00edcola subiu cerca de 50% no \u00faltimo m\u00eas","datePublished":"2026-03-26T11:33:00+00:00","mainEntityOfPage":{"@id":"https:\/\/portaltela.pt\/noticias\/2026\/03\/26\/preco-do-gasoleo-agricola-subiu-cerca-de-50-no-ultimo-mes\/"},"wordCount":416,"image":{"@id":"https:\/\/portaltela.pt\/noticias\/2026\/03\/26\/preco-do-gasoleo-agricola-subiu-cerca-de-50-no-ultimo-mes\/#primaryimage"},"thumbnailUrl":"https:\/\/portaltela.pt\/s.01k8rhncp4jt1\/2026\/03\/img_1280x722uu2026-03-26-11-32-20-2274905.jpg","keywords":["_economia","A agricultura","acidente rodovi\u00e1rio","Bangladesh","crimes contra menores","gas\u00f3leo colorido"],"articleSection":["Economia","Not\u00edcias"],"inLanguage":"pt-PT"},{"@type":"WebPage","@id":"https:\/\/portaltela.pt\/noticias\/2026\/03\/26\/preco-do-gasoleo-agricola-subiu-cerca-de-50-no-ultimo-mes\/","url":"https:\/\/portaltela.pt\/noticias\/2026\/03\/26\/preco-do-gasoleo-agricola-subiu-cerca-de-50-no-ultimo-mes\/","name":"Pre\u00e7o do gas\u00f3leo agr\u00edcola subiu cerca de 50% no \u00faltimo m\u00eas - Portal Tela Portugal","isPartOf":{"@id":"https:\/\/portaltela.pt\/#website"},"primaryImageOfPage":{"@id":"https:\/\/portaltela.pt\/noticias\/2026\/03\/26\/preco-do-gasoleo-agricola-subiu-cerca-de-50-no-ultimo-mes\/#primaryimage"},"image":{"@id":"https:\/\/portaltela.pt\/noticias\/2026\/03\/26\/preco-do-gasoleo-agricola-subiu-cerca-de-50-no-ultimo-mes\/#primaryimage"},"thumbnailUrl":"https:\/\/portaltela.pt\/s.01k8rhncp4jt1\/2026\/03\/img_1280x722uu2026-03-26-11-32-20-2274905.jpg","datePublished":"2026-03-26T11:33:00+00:00","author":{"@id":"https:\/\/portaltela.pt\/#\/schema\/person\/c4278d4a6028830caff9ee44b42d32ed"},"breadcrumb":{"@id":"https:\/\/portaltela.pt\/noticias\/2026\/03\/26\/preco-do-gasoleo-agricola-subiu-cerca-de-50-no-ultimo-mes\/#breadcrumb"},"inLanguage":"pt-PT","potentialAction":[{"@type":"ReadAction","target":["https:\/\/portaltela.pt\/noticias\/2026\/03\/26\/preco-do-gasoleo-agricola-subiu-cerca-de-50-no-ultimo-mes\/"]}]},{"@type":"ImageObject","inLanguage":"pt-PT","@id":"https:\/\/portaltela.pt\/noticias\/2026\/03\/26\/preco-do-gasoleo-agricola-subiu-cerca-de-50-no-ultimo-mes\/#primaryimage","url":"https:\/\/portaltela.pt\/s.01k8rhncp4jt1\/2026\/03\/img_1280x722uu2026-03-26-11-32-20-2274905.jpg","contentUrl":"https:\/\/portaltela.pt\/s.01k8rhncp4jt1\/2026\/03\/img_1280x722uu2026-03-26-11-32-20-2274905.jpg","width":796,"height":448,"caption":"Photo"},{"@type":"BreadcrumbList","@id":"https:\/\/portaltela.pt\/noticias\/2026\/03\/26\/preco-do-gasoleo-agricola-subiu-cerca-de-50-no-ultimo-mes\/#breadcrumb","itemListElement":[{"@type":"ListItem","position":1,"name":"In\u00edcio","item":"https:\/\/portaltela.pt\/"},{"@type":"ListItem","position":2,"name":"Pre\u00e7o do gas\u00f3leo agr\u00edcola subiu cerca de 50% no \u00faltimo m\u00eas"}]},{"@type":"WebSite","@id":"https:\/\/portaltela.pt\/#website","url":"https:\/\/portaltela.pt\/","name":"Portal Tela Portugal","description":"","potentialAction":[{"@type":"SearchAction","target":{"@type":"EntryPoint","urlTemplate":"https:\/\/portaltela.pt\/?s={search_term_string}"},"query-input":{"@type":"PropertyValueSpecification","valueRequired":true,"valueName":"search_term_string"}}],"inLanguage":"pt-PT"},{"@type":"Person","@id":"https:\/\/portaltela.pt\/#\/schema\/person\/c4278d4a6028830caff9ee44b42d32ed","name":"Telinha","image":{"@type":"ImageObject","inLanguage":"pt-PT","@id":"https:\/\/portaltela.pt\/s.01k8rhncp4jt1\/2025\/11\/talking-bot-125x125.png","url":"https:\/\/portaltela.pt\/s.01k8rhncp4jt1\/2025\/11\/talking-bot-125x125.png","contentUrl":"https:\/\/portaltela.pt\/s.01k8rhncp4jt1\/2025\/11\/talking-bot-125x125.png","caption":"Telinha"},"sameAs":["https:\/\/portaltela.pt\/"],"url":"https:\/\/portaltela.pt\/por\/367410592786\/"}]}},"_links":{"self":[{"href":"https:\/\/portaltela.pt\/api\/wp\/v2\/posts\/422096","targetHints":{"allow":["GET"]}}],"collection":[{"href":"https:\/\/portaltela.pt\/api\/wp\/v2\/posts"}],"about":[{"href":"https:\/\/portaltela.pt\/api\/wp\/v2\/types\/post"}],"author":[{"embeddable":true,"href":"https:\/\/portaltela.pt\/api\/wp\/v2\/users\/2"}],"replies":[{"embeddable":true,"href":"https:\/\/portaltela.pt\/api\/wp\/v2\/comments?post=422096"}],"version-history":[{"count":0,"href":"https:\/\/portaltela.pt\/api\/wp\/v2\/posts\/422096\/revisions"}],"wp:featuredmedia":[{"embeddable":true,"href":"https:\/\/portaltela.pt\/api\/wp\/v2\/media\/422107"}],"wp:attachment":[{"href":"https:\/\/portaltela.pt\/api\/wp\/v2\/media?parent=422096"}],"wp:term":[{"taxonomy":"category","embeddable":true,"href":"https:\/\/portaltela.pt\/api\/wp\/v2\/categories?post=422096"},{"taxonomy":"post_tag","embeddable":true,"href":"https:\/\/portaltela.pt\/api\/wp\/v2\/tags?post=422096"}],"curies":[{"name":"wp","href":"https:\/\/api.w.org\/{rel}","templated":true}]}}