{"id":422095,"date":"2026-03-26T08:05:00","date_gmt":"2026-03-26T11:05:00","guid":{"rendered":"https:\/\/portaltela.pt\/noticias\/2026\/03\/26\/rosalia-interrompe-concerto-em-milao-apos-vomitar-no-palco\/"},"modified":"2026-03-26T08:05:00","modified_gmt":"2026-03-26T11:05:00","slug":"rosalia-interrompe-concerto-em-milao-apos-vomitar-no-palco","status":"publish","type":"post","link":"https:\/\/portaltela.pt\/musica\/2026\/03\/26\/rosalia-interrompe-concerto-em-milao-apos-vomitar-no-palco\/","title":{"rendered":"Rosal\u00eda interrompe concerto em Mil\u00e3o ap\u00f3s vomitar no palco"},"content":{"rendered":"<p>Rosal\u00eda interrompeu o concerto da digress\u00e3o Lux em Mil\u00e3o, It\u00e1lia, devido a uma intoxica\u00e7\u00e3o alimentar. A artista informou aos f\u00e3s que havia vomitado e n\u00e3o conseguiria continuar o espet\u00e1culo. O show ficou pela metade.<\/p>\n<p>Entre os presentes estavam cerca de 11 mil espetadores no Unipol Forum. Seguran\u00e7as pediram aos f\u00e3s que deixassem o recinto de forma ordeira, acabando por encerrar o concerto abruptamente.<\/p>\n<p>O espet\u00e1culo, centrado no \u00e1lbum Lux, mistura l\u00ednguas e influ\u00eancias m\u00edsticas, acompanhado por uma orquestra sob um cen\u00e1rio teatral. O Corriere della Sera descreve a transmiss\u00e3o de legendas em direto para a plateia.<\/p>\n<p>Lux arrancou em Fran\u00e7a e termina em setembro, com passagem marcada por Portugal a 8 e 9 de abril, no MEO Arena, em Lisboa. A participa\u00e7\u00e3o de Carminho em Mem\u00f3ria \u00e9 esperada, mas ainda n\u00e3o confirmada oficialmente.<\/p>\n","protected":false},"excerpt":{"rendered":"<ul>\n<li>Rosal\u00eda interrompeu o concerto da digress\u00e3o Lux em Mil\u00e3o pouco depois de come\u00e7ar e o espet\u00e1culo n\u00e3o dever\u00e1 ser retomado.<\/li>\n<li>A cantora justificou a interrup\u00e7\u00e3o com intoxica\u00e7\u00e3o alimentar, dizendo que vomitou atr\u00e1s do palco e n\u00e3o conseguia continuar.<\/li>\n<li>Cerca de 11 mil pessoas estavam no Unipol Forum; as luzes acenderam-se e os seguran\u00e7as pediram aos f\u00e3s para sa\u00edrem de forma ordeira.<\/li>\n<li>A atua\u00e7\u00e3o seria \u00fanica em Mil\u00e3o e, segundo o jornal, n\u00e3o ser\u00e1 conclu\u00edda; a artista saiu do palco com a m\u00e3o na barriga.<\/li>\n<li>A digress\u00e3o Lux arrancou em Fran\u00e7a e termina em setembro em Porto Rico; a passagem por Portugal est\u00e1 marcada para 8 e 9 de abril, em Lisboa, com poss\u00edvel participa\u00e7\u00e3o de Carminho, ainda sem confirma\u00e7\u00e3o oficial.<\/li>\n<\/ul>\n","protected":false},"author":2,"featured_media":422105,"comment_status":"closed","ping_status":"closed","sticky":false,"template":"","format":"standard","meta":{"footnotes":""},"categories":[6676],"tags":[593,7424,3276,1857,122,1014],"class_list":["post-422095","post","type-post","status-publish","format-standard","has-post-thumbnail","hentry","category-musica","tag-concertos","tag-espectaculos","tag-intoxicacao","tag-italia","tag-musica","tag-portugal"],"yoast_head":"<!-- This site is optimized with the Yoast SEO plugin v27.2 - https:\/\/yoast.com\/product\/yoast-seo-wordpress\/ -->\n<title>Rosal\u00eda interrompe concerto em Mil\u00e3o ap\u00f3s vomitar no palco - Portal Tela Portugal<\/title>\n<meta name=\"robots\" content=\"index, follow, max-snippet:-1, max-image-preview:large, max-video-preview:-1\" \/>\n<meta property=\"og:locale\" content=\"pt_PT\" \/>\n<meta property=\"og:type\" content=\"article\" \/>\n<meta property=\"og:title\" content=\"Rosal\u00eda interrompe concerto em Mil\u00e3o ap\u00f3s vomitar no palco - Portal Tela Portugal\" \/>\n<meta property=\"og:description\" content=\"Rosal\u00eda interrompeu o concerto da digress\u00e3o Lux em Mil\u00e3o pouco depois de come\u00e7ar e o espet\u00e1culo n\u00e3o dever\u00e1 ser retomado. A cantora justificou a interrup\u00e7\u00e3o com intoxica\u00e7\u00e3o alimentar, dizendo que vomitou atr\u00e1s do palco e n\u00e3o conseguia continuar. Cerca de 11 mil pessoas estavam no Unipol Forum; as luzes acenderam-se e os seguran\u00e7as pediram aos f\u00e3s para sa\u00edrem de forma ordeira. A atua\u00e7\u00e3o seria \u00fanica em Mil\u00e3o e, segundo o jornal, n\u00e3o ser\u00e1 conclu\u00edda; a artista saiu do palco com a m\u00e3o na barriga. A digress\u00e3o Lux arrancou em Fran\u00e7a e termina em setembro em Porto Rico; a passagem por Portugal est\u00e1 marcada para 8 e 9 de abril, em Lisboa, com poss\u00edvel participa\u00e7\u00e3o de Carminho, ainda sem confirma\u00e7\u00e3o oficial.\" \/>\n<meta property=\"og:url\" content=\"https:\/\/portaltela.pt\/noticias\/2026\/03\/26\/rosalia-interrompe-concerto-em-milao-apos-vomitar-no-palco\/\" \/>\n<meta property=\"og:site_name\" content=\"Portal Tela Portugal\" \/>\n<meta property=\"article:published_time\" content=\"2026-03-26T11:05:00+00:00\" \/>\n<meta name=\"author\" content=\"Telinha\" \/>\n<meta name=\"twitter:card\" content=\"summary_large_image\" \/>\n<meta name=\"twitter:label1\" content=\"Escrito por\" \/>\n\t<meta name=\"twitter:data1\" content=\"Telinha\" \/>\n\t<meta name=\"twitter:label2\" content=\"Tempo estimado de leitura\" \/>\n\t<meta name=\"twitter:data2\" content=\"1 minuto\" \/>\n<script type=\"application\/ld+json\" class=\"yoast-schema-graph\">{\"@context\":\"https:\/\/schema.org\",\"@graph\":[{\"@type\":\"Article\",\"@id\":\"https:\/\/portaltela.pt\/noticias\/2026\/03\/26\/rosalia-interrompe-concerto-em-milao-apos-vomitar-no-palco\/#article\",\"isPartOf\":{\"@id\":\"https:\/\/portaltela.pt\/noticias\/2026\/03\/26\/rosalia-interrompe-concerto-em-milao-apos-vomitar-no-palco\/\"},\"author\":{\"name\":\"Telinha\",\"@id\":\"https:\/\/portaltela.pt\/#\/schema\/person\/c4278d4a6028830caff9ee44b42d32ed\"},\"headline\":\"Rosal\u00eda interrompe concerto em Mil\u00e3o ap\u00f3s vomitar no palco\",\"datePublished\":\"2026-03-26T11:05:00+00:00\",\"mainEntityOfPage\":{\"@id\":\"https:\/\/portaltela.pt\/noticias\/2026\/03\/26\/rosalia-interrompe-concerto-em-milao-apos-vomitar-no-palco\/\"},\"wordCount\":161,\"image\":{\"@id\":\"https:\/\/portaltela.pt\/noticias\/2026\/03\/26\/rosalia-interrompe-concerto-em-milao-apos-vomitar-no-palco\/#primaryimage\"},\"thumbnailUrl\":\"https:\/\/portaltela.pt\/s.01k8rhncp4jt1\/2026\/03\/2076997.jpg\",\"keywords\":[\"concertos\",\"espect\u00e1culos\",\"intoxica\u00e7\u00e3o\",\"It\u00e1lia\",\"m\u00fasica\",\"Portugal\"],\"articleSection\":[\"M\u00fasica\"],\"inLanguage\":\"pt-PT\"},{\"@type\":\"WebPage\",\"@id\":\"https:\/\/portaltela.pt\/noticias\/2026\/03\/26\/rosalia-interrompe-concerto-em-milao-apos-vomitar-no-palco\/\",\"url\":\"https:\/\/portaltela.pt\/noticias\/2026\/03\/26\/rosalia-interrompe-concerto-em-milao-apos-vomitar-no-palco\/\",\"name\":\"Rosal\u00eda interrompe concerto em Mil\u00e3o ap\u00f3s vomitar no palco - Portal Tela Portugal\",\"isPartOf\":{\"@id\":\"https:\/\/portaltela.pt\/#website\"},\"primaryImageOfPage\":{\"@id\":\"https:\/\/portaltela.pt\/noticias\/2026\/03\/26\/rosalia-interrompe-concerto-em-milao-apos-vomitar-no-palco\/#primaryimage\"},\"image\":{\"@id\":\"https:\/\/portaltela.pt\/noticias\/2026\/03\/26\/rosalia-interrompe-concerto-em-milao-apos-vomitar-no-palco\/#primaryimage\"},\"thumbnailUrl\":\"https:\/\/portaltela.pt\/s.01k8rhncp4jt1\/2026\/03\/2076997.jpg\",\"datePublished\":\"2026-03-26T11:05:00+00:00\",\"author\":{\"@id\":\"https:\/\/portaltela.pt\/#\/schema\/person\/c4278d4a6028830caff9ee44b42d32ed\"},\"breadcrumb\":{\"@id\":\"https:\/\/portaltela.pt\/noticias\/2026\/03\/26\/rosalia-interrompe-concerto-em-milao-apos-vomitar-no-palco\/#breadcrumb\"},\"inLanguage\":\"pt-PT\",\"potentialAction\":[{\"@type\":\"ReadAction\",\"target\":[\"https:\/\/portaltela.pt\/noticias\/2026\/03\/26\/rosalia-interrompe-concerto-em-milao-apos-vomitar-no-palco\/\"]}]},{\"@type\":\"ImageObject\",\"inLanguage\":\"pt-PT\",\"@id\":\"https:\/\/portaltela.pt\/noticias\/2026\/03\/26\/rosalia-interrompe-concerto-em-milao-apos-vomitar-no-palco\/#primaryimage\",\"url\":\"https:\/\/portaltela.pt\/s.01k8rhncp4jt1\/2026\/03\/2076997.jpg\",\"contentUrl\":\"https:\/\/portaltela.pt\/s.01k8rhncp4jt1\/2026\/03\/2076997.jpg\",\"width\":796,\"height\":448,\"caption\":\"Rosal\u00eda na \u00faltima passagem por Portugal no Festival Primavera Sound, no Porto, em 2023\"},{\"@type\":\"BreadcrumbList\",\"@id\":\"https:\/\/portaltela.pt\/noticias\/2026\/03\/26\/rosalia-interrompe-concerto-em-milao-apos-vomitar-no-palco\/#breadcrumb\",\"itemListElement\":[{\"@type\":\"ListItem\",\"position\":1,\"name\":\"In\u00edcio\",\"item\":\"https:\/\/portaltela.pt\/\"},{\"@type\":\"ListItem\",\"position\":2,\"name\":\"Rosal\u00eda interrompe concerto em Mil\u00e3o ap\u00f3s vomitar no palco\"}]},{\"@type\":\"WebSite\",\"@id\":\"https:\/\/portaltela.pt\/#website\",\"url\":\"https:\/\/portaltela.pt\/\",\"name\":\"Portal Tela Portugal\",\"description\":\"\",\"potentialAction\":[{\"@type\":\"SearchAction\",\"target\":{\"@type\":\"EntryPoint\",\"urlTemplate\":\"https:\/\/portaltela.pt\/?s={search_term_string}\"},\"query-input\":{\"@type\":\"PropertyValueSpecification\",\"valueRequired\":true,\"valueName\":\"search_term_string\"}}],\"inLanguage\":\"pt-PT\"},{\"@type\":\"Person\",\"@id\":\"https:\/\/portaltela.pt\/#\/schema\/person\/c4278d4a6028830caff9ee44b42d32ed\",\"name\":\"Telinha\",\"image\":{\"@type\":\"ImageObject\",\"inLanguage\":\"pt-PT\",\"@id\":\"https:\/\/portaltela.pt\/s.01k8rhncp4jt1\/2025\/11\/talking-bot-125x125.png\",\"url\":\"https:\/\/portaltela.pt\/s.01k8rhncp4jt1\/2025\/11\/talking-bot-125x125.png\",\"contentUrl\":\"https:\/\/portaltela.pt\/s.01k8rhncp4jt1\/2025\/11\/talking-bot-125x125.png\",\"caption\":\"Telinha\"},\"sameAs\":[\"https:\/\/portaltela.pt\/\"],\"url\":\"https:\/\/portaltela.pt\/por\/367410592786\/\"}]}<\/script>\n<!-- \/ Yoast SEO plugin. -->","yoast_head_json":{"title":"Rosal\u00eda interrompe concerto em Mil\u00e3o ap\u00f3s vomitar no palco - Portal Tela Portugal","robots":{"index":"index","follow":"follow","max-snippet":"max-snippet:-1","max-image-preview":"max-image-preview:large","max-video-preview":"max-video-preview:-1"},"og_locale":"pt_PT","og_type":"article","og_title":"Rosal\u00eda interrompe concerto em Mil\u00e3o ap\u00f3s vomitar no palco - Portal Tela Portugal","og_description":"Rosal\u00eda interrompeu o concerto da digress\u00e3o Lux em Mil\u00e3o pouco depois de come\u00e7ar e o espet\u00e1culo n\u00e3o dever\u00e1 ser retomado. A cantora justificou a interrup\u00e7\u00e3o com intoxica\u00e7\u00e3o alimentar, dizendo que vomitou atr\u00e1s do palco e n\u00e3o conseguia continuar. Cerca de 11 mil pessoas estavam no Unipol Forum; as luzes acenderam-se e os seguran\u00e7as pediram aos f\u00e3s para sa\u00edrem de forma ordeira. A atua\u00e7\u00e3o seria \u00fanica em Mil\u00e3o e, segundo o jornal, n\u00e3o ser\u00e1 conclu\u00edda; a artista saiu do palco com a m\u00e3o na barriga. A digress\u00e3o Lux arrancou em Fran\u00e7a e termina em setembro em Porto Rico; a passagem por Portugal est\u00e1 marcada para 8 e 9 de abril, em Lisboa, com poss\u00edvel participa\u00e7\u00e3o de Carminho, ainda sem confirma\u00e7\u00e3o oficial.","og_url":"https:\/\/portaltela.pt\/noticias\/2026\/03\/26\/rosalia-interrompe-concerto-em-milao-apos-vomitar-no-palco\/","og_site_name":"Portal Tela Portugal","article_published_time":"2026-03-26T11:05:00+00:00","author":"Telinha","twitter_card":"summary_large_image","twitter_misc":{"Escrito por":"Telinha","Tempo estimado de leitura":"1 minuto"},"schema":{"@context":"https:\/\/schema.org","@graph":[{"@type":"Article","@id":"https:\/\/portaltela.pt\/noticias\/2026\/03\/26\/rosalia-interrompe-concerto-em-milao-apos-vomitar-no-palco\/#article","isPartOf":{"@id":"https:\/\/portaltela.pt\/noticias\/2026\/03\/26\/rosalia-interrompe-concerto-em-milao-apos-vomitar-no-palco\/"},"author":{"name":"Telinha","@id":"https:\/\/portaltela.pt\/#\/schema\/person\/c4278d4a6028830caff9ee44b42d32ed"},"headline":"Rosal\u00eda interrompe concerto em Mil\u00e3o ap\u00f3s vomitar no palco","datePublished":"2026-03-26T11:05:00+00:00","mainEntityOfPage":{"@id":"https:\/\/portaltela.pt\/noticias\/2026\/03\/26\/rosalia-interrompe-concerto-em-milao-apos-vomitar-no-palco\/"},"wordCount":161,"image":{"@id":"https:\/\/portaltela.pt\/noticias\/2026\/03\/26\/rosalia-interrompe-concerto-em-milao-apos-vomitar-no-palco\/#primaryimage"},"thumbnailUrl":"https:\/\/portaltela.pt\/s.01k8rhncp4jt1\/2026\/03\/2076997.jpg","keywords":["concertos","espect\u00e1culos","intoxica\u00e7\u00e3o","It\u00e1lia","m\u00fasica","Portugal"],"articleSection":["M\u00fasica"],"inLanguage":"pt-PT"},{"@type":"WebPage","@id":"https:\/\/portaltela.pt\/noticias\/2026\/03\/26\/rosalia-interrompe-concerto-em-milao-apos-vomitar-no-palco\/","url":"https:\/\/portaltela.pt\/noticias\/2026\/03\/26\/rosalia-interrompe-concerto-em-milao-apos-vomitar-no-palco\/","name":"Rosal\u00eda interrompe concerto em Mil\u00e3o ap\u00f3s vomitar no palco - Portal Tela Portugal","isPartOf":{"@id":"https:\/\/portaltela.pt\/#website"},"primaryImageOfPage":{"@id":"https:\/\/portaltela.pt\/noticias\/2026\/03\/26\/rosalia-interrompe-concerto-em-milao-apos-vomitar-no-palco\/#primaryimage"},"image":{"@id":"https:\/\/portaltela.pt\/noticias\/2026\/03\/26\/rosalia-interrompe-concerto-em-milao-apos-vomitar-no-palco\/#primaryimage"},"thumbnailUrl":"https:\/\/portaltela.pt\/s.01k8rhncp4jt1\/2026\/03\/2076997.jpg","datePublished":"2026-03-26T11:05:00+00:00","author":{"@id":"https:\/\/portaltela.pt\/#\/schema\/person\/c4278d4a6028830caff9ee44b42d32ed"},"breadcrumb":{"@id":"https:\/\/portaltela.pt\/noticias\/2026\/03\/26\/rosalia-interrompe-concerto-em-milao-apos-vomitar-no-palco\/#breadcrumb"},"inLanguage":"pt-PT","potentialAction":[{"@type":"ReadAction","target":["https:\/\/portaltela.pt\/noticias\/2026\/03\/26\/rosalia-interrompe-concerto-em-milao-apos-vomitar-no-palco\/"]}]},{"@type":"ImageObject","inLanguage":"pt-PT","@id":"https:\/\/portaltela.pt\/noticias\/2026\/03\/26\/rosalia-interrompe-concerto-em-milao-apos-vomitar-no-palco\/#primaryimage","url":"https:\/\/portaltela.pt\/s.01k8rhncp4jt1\/2026\/03\/2076997.jpg","contentUrl":"https:\/\/portaltela.pt\/s.01k8rhncp4jt1\/2026\/03\/2076997.jpg","width":796,"height":448,"caption":"Rosal\u00eda na \u00faltima passagem por Portugal no Festival Primavera Sound, no Porto, em 2023"},{"@type":"BreadcrumbList","@id":"https:\/\/portaltela.pt\/noticias\/2026\/03\/26\/rosalia-interrompe-concerto-em-milao-apos-vomitar-no-palco\/#breadcrumb","itemListElement":[{"@type":"ListItem","position":1,"name":"In\u00edcio","item":"https:\/\/portaltela.pt\/"},{"@type":"ListItem","position":2,"name":"Rosal\u00eda interrompe concerto em Mil\u00e3o ap\u00f3s vomitar no palco"}]},{"@type":"WebSite","@id":"https:\/\/portaltela.pt\/#website","url":"https:\/\/portaltela.pt\/","name":"Portal Tela Portugal","description":"","potentialAction":[{"@type":"SearchAction","target":{"@type":"EntryPoint","urlTemplate":"https:\/\/portaltela.pt\/?s={search_term_string}"},"query-input":{"@type":"PropertyValueSpecification","valueRequired":true,"valueName":"search_term_string"}}],"inLanguage":"pt-PT"},{"@type":"Person","@id":"https:\/\/portaltela.pt\/#\/schema\/person\/c4278d4a6028830caff9ee44b42d32ed","name":"Telinha","image":{"@type":"ImageObject","inLanguage":"pt-PT","@id":"https:\/\/portaltela.pt\/s.01k8rhncp4jt1\/2025\/11\/talking-bot-125x125.png","url":"https:\/\/portaltela.pt\/s.01k8rhncp4jt1\/2025\/11\/talking-bot-125x125.png","contentUrl":"https:\/\/portaltela.pt\/s.01k8rhncp4jt1\/2025\/11\/talking-bot-125x125.png","caption":"Telinha"},"sameAs":["https:\/\/portaltela.pt\/"],"url":"https:\/\/portaltela.pt\/por\/367410592786\/"}]}},"_links":{"self":[{"href":"https:\/\/portaltela.pt\/api\/wp\/v2\/posts\/422095","targetHints":{"allow":["GET"]}}],"collection":[{"href":"https:\/\/portaltela.pt\/api\/wp\/v2\/posts"}],"about":[{"href":"https:\/\/portaltela.pt\/api\/wp\/v2\/types\/post"}],"author":[{"embeddable":true,"href":"https:\/\/portaltela.pt\/api\/wp\/v2\/users\/2"}],"replies":[{"embeddable":true,"href":"https:\/\/portaltela.pt\/api\/wp\/v2\/comments?post=422095"}],"version-history":[{"count":0,"href":"https:\/\/portaltela.pt\/api\/wp\/v2\/posts\/422095\/revisions"}],"wp:featuredmedia":[{"embeddable":true,"href":"https:\/\/portaltela.pt\/api\/wp\/v2\/media\/422105"}],"wp:attachment":[{"href":"https:\/\/portaltela.pt\/api\/wp\/v2\/media?parent=422095"}],"wp:term":[{"taxonomy":"category","embeddable":true,"href":"https:\/\/portaltela.pt\/api\/wp\/v2\/categories?post=422095"},{"taxonomy":"post_tag","embeddable":true,"href":"https:\/\/portaltela.pt\/api\/wp\/v2\/tags?post=422095"}],"curies":[{"name":"wp","href":"https:\/\/api.w.org\/{rel}","templated":true}]}}