{"id":422091,"date":"2026-03-26T08:29:00","date_gmt":"2026-03-26T11:29:00","guid":{"rendered":"https:\/\/portaltela.pt\/noticias\/2026\/03\/26\/ministerio-publico-acusa-militares-da-gnr-de-sequestrar-menores-evadidos\/"},"modified":"2026-03-26T08:29:00","modified_gmt":"2026-03-26T11:29:00","slug":"ministerio-publico-acusa-militares-da-gnr-de-sequestrar-menores-evadidos","status":"publish","type":"post","link":"https:\/\/portaltela.pt\/justica\/2026\/03\/26\/ministerio-publico-acusa-militares-da-gnr-de-sequestrar-menores-evadidos\/","title":{"rendered":"Minist\u00e9rio P\u00fablico acusa militares da GNR de sequestrar menores evadidos"},"content":{"rendered":"<p>O Minist\u00e9rio P\u00fablico acusa quatro militares da GNR de sequestrar e agredir menores evadidos de uma institui\u00e7\u00e3o, na madrugada de 11 de Abril de 2024, em Palmela. Segundo a PGR, os arguidos enfrentam tr\u00eas crimes de sequestro agravado, um de abuso de poder e outro de inj\u00faria agravada, com uma das acusadas ainda indiciada pela falsifica\u00e7\u00e3o de documento e den\u00fancia caluniosa.<\/p>\n<p>Do facto, dois militares em servi\u00e7o localizaram tr\u00eas menores que tinham fugido da Associa\u00e7\u00e3o Centro Jovem, ordenando que encostassem a um muro e desferindo bofetadas, socos e pontap\u00e9s. Uma colega, telefonando a um terceiro militar de f\u00e9rias, refor\u00e7ou as agress\u00f5es enquanto os demais mantinham os menores imobilizados.<\/p>\n<p>Ap\u00f3s serem conduzidos ao posto da GNR, os jovens teriam sido amea\u00e7ados com um taser e desalgemados. Durante o trajeto de regresso \u00e0 institui\u00e7\u00e3o, os ataques continuaram e, ao chegarem ao centro, os menoresteriam sido orientados a justificar as marcas de viol\u00eancia como resultado de uma queda.<\/p>\n<p>A sequ\u00eancia do primeiro interrogat\u00f3rio judicial indicou que o tribunal de primeira inst\u00e2ncia proibiu os arguidos de contactos entre si, mas n\u00e3o justificou a suspens\u00e3o de fun\u00e7\u00f5es. O Minist\u00e9rio P\u00fablico prepara-se para pedir novamente a suspens\u00e3o do exerc\u00edcio de fun\u00e7\u00f5es, citado como necess\u00e1rio face ao risco de continua\u00e7\u00e3o da atividade criminosa, com os militares dispersos por diferentes postos.<\/p>\n<p>Este caso foi citado pelo Comit\u00e9 para a Preven\u00e7\u00e3o da Tortura do Conselho da Europa, num relat\u00f3rio divulgado em Outubro de 2025, que solicitou explica\u00e7\u00f5es formais ao Estado portugu\u00eas sobre a manuten\u00e7\u00e3o dos militares em fun\u00e7\u00f5es.<\/p>\n","protected":false},"excerpt":{"rendered":"<ul>\n<li>Quatro militares da Guarda Nacional Republicana s\u00e3o acusados pelo Minist\u00e9rio P\u00fablico de sequestro agravado, abuso de poder e inj\u00faria agravada, com uma arguid[a] indiciada tamb\u00e9m por falsifica\u00e7\u00e3o de documento e den\u00fancia caluniosa.<\/li>\n<li>O caso parte de incidentes ocorridos em Palmela, na madrugada de 11 de abril de 2024, envolvendo tr\u00eas menores que tinham sa\u00eddo sem autoriza\u00e7\u00e3o da Associa\u00e7\u00e3o Centro Jovem.<\/li>\n<li>Os militares teriam mandado os menores encostar-se a um muro, desferido agress\u00f5es f\u00edsicas e laterais socos, antes de os regresso \u00e0 institui\u00e7\u00e3o, com aux\u00edlio de um militar de f\u00e9rias que se dirigiu ao local.<\/li>\n<li>Durante o trajeto para o posto, teriam amea\u00e7ado os jovens com um taser e mantido as agress\u00f5es, aconselhando-os a alegar uma queda para justificar as marcas.<\/li>\n<li>O tribunal proibiu temporariamente os arguidos de contactarem entre si, mas n\u00e3o suspendeu as fun\u00e7\u00f5es; o Minist\u00e9rio P\u00fablico pode reiterar a pedido de suspens\u00e3o, devido ao risco de continua\u00e7\u00e3o da atividade criminosa.<\/li>\n<\/ul>\n","protected":false},"author":2,"featured_media":422094,"comment_status":"closed","ping_status":"closed","sticky":false,"template":"","format":"standard","meta":{"footnotes":""},"categories":[6907,6815],"tags":[470,212,1380,6056,250,1170],"class_list":["post-422091","post","type-post","status-publish","format-standard","has-post-thumbnail","hentry","category-crime","category-justica","tag-abuso-de-autoridade","tag-abuso-de-poder","tag-gnr","tag-menores","tag-seguranca-publica","tag-sequestro"],"yoast_head":"<!-- This site is optimized with the Yoast SEO plugin v27.2 - https:\/\/yoast.com\/product\/yoast-seo-wordpress\/ -->\n<title>Minist\u00e9rio P\u00fablico acusa militares da GNR de sequestrar menores evadidos - Portal Tela Portugal<\/title>\n<meta name=\"robots\" content=\"index, follow, max-snippet:-1, max-image-preview:large, max-video-preview:-1\" \/>\n<meta property=\"og:locale\" content=\"pt_PT\" \/>\n<meta property=\"og:type\" content=\"article\" \/>\n<meta property=\"og:title\" content=\"Minist\u00e9rio P\u00fablico acusa militares da GNR de sequestrar menores evadidos - Portal Tela Portugal\" \/>\n<meta property=\"og:description\" content=\"Quatro militares da Guarda Nacional Republicana s\u00e3o acusados pelo Minist\u00e9rio P\u00fablico de sequestro agravado, abuso de poder e inj\u00faria agravada, com uma arguid[a] indiciada tamb\u00e9m por falsifica\u00e7\u00e3o de documento e den\u00fancia caluniosa. O caso parte de incidentes ocorridos em Palmela, na madrugada de 11 de abril de 2024, envolvendo tr\u00eas menores que tinham sa\u00eddo sem autoriza\u00e7\u00e3o da Associa\u00e7\u00e3o Centro Jovem. Os militares teriam mandado os menores encostar-se a um muro, desferido agress\u00f5es f\u00edsicas e laterais socos, antes de os regresso \u00e0 institui\u00e7\u00e3o, com aux\u00edlio de um militar de f\u00e9rias que se dirigiu ao local. Durante o trajeto para o posto, teriam amea\u00e7ado os jovens com um taser e mantido as agress\u00f5es, aconselhando-os a alegar uma queda para justificar as marcas. O tribunal proibiu temporariamente os arguidos de contactarem entre si, mas n\u00e3o suspendeu as fun\u00e7\u00f5es; o Minist\u00e9rio P\u00fablico pode reiterar a pedido de suspens\u00e3o, devido ao risco de continua\u00e7\u00e3o da atividade criminosa.\" \/>\n<meta property=\"og:url\" content=\"https:\/\/portaltela.pt\/noticias\/2026\/03\/26\/ministerio-publico-acusa-militares-da-gnr-de-sequestrar-menores-evadidos\/\" \/>\n<meta property=\"og:site_name\" content=\"Portal Tela Portugal\" \/>\n<meta property=\"article:published_time\" content=\"2026-03-26T11:29:00+00:00\" \/>\n<meta name=\"author\" content=\"Telinha\" \/>\n<meta name=\"twitter:card\" content=\"summary_large_image\" \/>\n<meta name=\"twitter:label1\" content=\"Escrito por\" \/>\n\t<meta name=\"twitter:data1\" content=\"Telinha\" \/>\n\t<meta name=\"twitter:label2\" content=\"Tempo estimado de leitura\" \/>\n\t<meta name=\"twitter:data2\" content=\"1 minuto\" \/>\n<script type=\"application\/ld+json\" class=\"yoast-schema-graph\">{\"@context\":\"https:\/\/schema.org\",\"@graph\":[{\"@type\":\"Article\",\"@id\":\"https:\/\/portaltela.pt\/noticias\/2026\/03\/26\/ministerio-publico-acusa-militares-da-gnr-de-sequestrar-menores-evadidos\/#article\",\"isPartOf\":{\"@id\":\"https:\/\/portaltela.pt\/noticias\/2026\/03\/26\/ministerio-publico-acusa-militares-da-gnr-de-sequestrar-menores-evadidos\/\"},\"author\":{\"name\":\"Telinha\",\"@id\":\"https:\/\/portaltela.pt\/#\/schema\/person\/c4278d4a6028830caff9ee44b42d32ed\"},\"headline\":\"Minist\u00e9rio P\u00fablico acusa militares da GNR de sequestrar menores evadidos\",\"datePublished\":\"2026-03-26T11:29:00+00:00\",\"mainEntityOfPage\":{\"@id\":\"https:\/\/portaltela.pt\/noticias\/2026\/03\/26\/ministerio-publico-acusa-militares-da-gnr-de-sequestrar-menores-evadidos\/\"},\"wordCount\":294,\"image\":{\"@id\":\"https:\/\/portaltela.pt\/noticias\/2026\/03\/26\/ministerio-publico-acusa-militares-da-gnr-de-sequestrar-menores-evadidos\/#primaryimage\"},\"thumbnailUrl\":\"https:\/\/portaltela.pt\/s.01k8rhncp4jt1\/2026\/03\/2077008.jpg\",\"keywords\":[\"abuso de autoridade\",\"abuso de poder\",\"GNR\",\"menores\",\"seguran\u00e7a p\u00fablica\",\"sequestro\"],\"articleSection\":[\"Crime\",\"Justi\u00e7a\"],\"inLanguage\":\"pt-PT\"},{\"@type\":\"WebPage\",\"@id\":\"https:\/\/portaltela.pt\/noticias\/2026\/03\/26\/ministerio-publico-acusa-militares-da-gnr-de-sequestrar-menores-evadidos\/\",\"url\":\"https:\/\/portaltela.pt\/noticias\/2026\/03\/26\/ministerio-publico-acusa-militares-da-gnr-de-sequestrar-menores-evadidos\/\",\"name\":\"Minist\u00e9rio P\u00fablico acusa militares da GNR de sequestrar menores evadidos - Portal Tela Portugal\",\"isPartOf\":{\"@id\":\"https:\/\/portaltela.pt\/#website\"},\"primaryImageOfPage\":{\"@id\":\"https:\/\/portaltela.pt\/noticias\/2026\/03\/26\/ministerio-publico-acusa-militares-da-gnr-de-sequestrar-menores-evadidos\/#primaryimage\"},\"image\":{\"@id\":\"https:\/\/portaltela.pt\/noticias\/2026\/03\/26\/ministerio-publico-acusa-militares-da-gnr-de-sequestrar-menores-evadidos\/#primaryimage\"},\"thumbnailUrl\":\"https:\/\/portaltela.pt\/s.01k8rhncp4jt1\/2026\/03\/2077008.jpg\",\"datePublished\":\"2026-03-26T11:29:00+00:00\",\"author\":{\"@id\":\"https:\/\/portaltela.pt\/#\/schema\/person\/c4278d4a6028830caff9ee44b42d32ed\"},\"breadcrumb\":{\"@id\":\"https:\/\/portaltela.pt\/noticias\/2026\/03\/26\/ministerio-publico-acusa-militares-da-gnr-de-sequestrar-menores-evadidos\/#breadcrumb\"},\"inLanguage\":\"pt-PT\",\"potentialAction\":[{\"@type\":\"ReadAction\",\"target\":[\"https:\/\/portaltela.pt\/noticias\/2026\/03\/26\/ministerio-publico-acusa-militares-da-gnr-de-sequestrar-menores-evadidos\/\"]}]},{\"@type\":\"ImageObject\",\"inLanguage\":\"pt-PT\",\"@id\":\"https:\/\/portaltela.pt\/noticias\/2026\/03\/26\/ministerio-publico-acusa-militares-da-gnr-de-sequestrar-menores-evadidos\/#primaryimage\",\"url\":\"https:\/\/portaltela.pt\/s.01k8rhncp4jt1\/2026\/03\/2077008.jpg\",\"contentUrl\":\"https:\/\/portaltela.pt\/s.01k8rhncp4jt1\/2026\/03\/2077008.jpg\",\"width\":796,\"height\":448,\"caption\":\"Militares foram dispersados por diferentes postos\"},{\"@type\":\"BreadcrumbList\",\"@id\":\"https:\/\/portaltela.pt\/noticias\/2026\/03\/26\/ministerio-publico-acusa-militares-da-gnr-de-sequestrar-menores-evadidos\/#breadcrumb\",\"itemListElement\":[{\"@type\":\"ListItem\",\"position\":1,\"name\":\"In\u00edcio\",\"item\":\"https:\/\/portaltela.pt\/\"},{\"@type\":\"ListItem\",\"position\":2,\"name\":\"Minist\u00e9rio P\u00fablico acusa militares da GNR de sequestrar menores evadidos\"}]},{\"@type\":\"WebSite\",\"@id\":\"https:\/\/portaltela.pt\/#website\",\"url\":\"https:\/\/portaltela.pt\/\",\"name\":\"Portal Tela Portugal\",\"description\":\"\",\"potentialAction\":[{\"@type\":\"SearchAction\",\"target\":{\"@type\":\"EntryPoint\",\"urlTemplate\":\"https:\/\/portaltela.pt\/?s={search_term_string}\"},\"query-input\":{\"@type\":\"PropertyValueSpecification\",\"valueRequired\":true,\"valueName\":\"search_term_string\"}}],\"inLanguage\":\"pt-PT\"},{\"@type\":\"Person\",\"@id\":\"https:\/\/portaltela.pt\/#\/schema\/person\/c4278d4a6028830caff9ee44b42d32ed\",\"name\":\"Telinha\",\"image\":{\"@type\":\"ImageObject\",\"inLanguage\":\"pt-PT\",\"@id\":\"https:\/\/portaltela.pt\/s.01k8rhncp4jt1\/2025\/11\/talking-bot-125x125.png\",\"url\":\"https:\/\/portaltela.pt\/s.01k8rhncp4jt1\/2025\/11\/talking-bot-125x125.png\",\"contentUrl\":\"https:\/\/portaltela.pt\/s.01k8rhncp4jt1\/2025\/11\/talking-bot-125x125.png\",\"caption\":\"Telinha\"},\"sameAs\":[\"https:\/\/portaltela.pt\/\"],\"url\":\"https:\/\/portaltela.pt\/por\/367410592786\/\"}]}<\/script>\n<!-- \/ Yoast SEO plugin. -->","yoast_head_json":{"title":"Minist\u00e9rio P\u00fablico acusa militares da GNR de sequestrar menores evadidos - Portal Tela Portugal","robots":{"index":"index","follow":"follow","max-snippet":"max-snippet:-1","max-image-preview":"max-image-preview:large","max-video-preview":"max-video-preview:-1"},"og_locale":"pt_PT","og_type":"article","og_title":"Minist\u00e9rio P\u00fablico acusa militares da GNR de sequestrar menores evadidos - Portal Tela Portugal","og_description":"Quatro militares da Guarda Nacional Republicana s\u00e3o acusados pelo Minist\u00e9rio P\u00fablico de sequestro agravado, abuso de poder e inj\u00faria agravada, com uma arguid[a] indiciada tamb\u00e9m por falsifica\u00e7\u00e3o de documento e den\u00fancia caluniosa. O caso parte de incidentes ocorridos em Palmela, na madrugada de 11 de abril de 2024, envolvendo tr\u00eas menores que tinham sa\u00eddo sem autoriza\u00e7\u00e3o da Associa\u00e7\u00e3o Centro Jovem. Os militares teriam mandado os menores encostar-se a um muro, desferido agress\u00f5es f\u00edsicas e laterais socos, antes de os regresso \u00e0 institui\u00e7\u00e3o, com aux\u00edlio de um militar de f\u00e9rias que se dirigiu ao local. Durante o trajeto para o posto, teriam amea\u00e7ado os jovens com um taser e mantido as agress\u00f5es, aconselhando-os a alegar uma queda para justificar as marcas. O tribunal proibiu temporariamente os arguidos de contactarem entre si, mas n\u00e3o suspendeu as fun\u00e7\u00f5es; o Minist\u00e9rio P\u00fablico pode reiterar a pedido de suspens\u00e3o, devido ao risco de continua\u00e7\u00e3o da atividade criminosa.","og_url":"https:\/\/portaltela.pt\/noticias\/2026\/03\/26\/ministerio-publico-acusa-militares-da-gnr-de-sequestrar-menores-evadidos\/","og_site_name":"Portal Tela Portugal","article_published_time":"2026-03-26T11:29:00+00:00","author":"Telinha","twitter_card":"summary_large_image","twitter_misc":{"Escrito por":"Telinha","Tempo estimado de leitura":"1 minuto"},"schema":{"@context":"https:\/\/schema.org","@graph":[{"@type":"Article","@id":"https:\/\/portaltela.pt\/noticias\/2026\/03\/26\/ministerio-publico-acusa-militares-da-gnr-de-sequestrar-menores-evadidos\/#article","isPartOf":{"@id":"https:\/\/portaltela.pt\/noticias\/2026\/03\/26\/ministerio-publico-acusa-militares-da-gnr-de-sequestrar-menores-evadidos\/"},"author":{"name":"Telinha","@id":"https:\/\/portaltela.pt\/#\/schema\/person\/c4278d4a6028830caff9ee44b42d32ed"},"headline":"Minist\u00e9rio P\u00fablico acusa militares da GNR de sequestrar menores evadidos","datePublished":"2026-03-26T11:29:00+00:00","mainEntityOfPage":{"@id":"https:\/\/portaltela.pt\/noticias\/2026\/03\/26\/ministerio-publico-acusa-militares-da-gnr-de-sequestrar-menores-evadidos\/"},"wordCount":294,"image":{"@id":"https:\/\/portaltela.pt\/noticias\/2026\/03\/26\/ministerio-publico-acusa-militares-da-gnr-de-sequestrar-menores-evadidos\/#primaryimage"},"thumbnailUrl":"https:\/\/portaltela.pt\/s.01k8rhncp4jt1\/2026\/03\/2077008.jpg","keywords":["abuso de autoridade","abuso de poder","GNR","menores","seguran\u00e7a p\u00fablica","sequestro"],"articleSection":["Crime","Justi\u00e7a"],"inLanguage":"pt-PT"},{"@type":"WebPage","@id":"https:\/\/portaltela.pt\/noticias\/2026\/03\/26\/ministerio-publico-acusa-militares-da-gnr-de-sequestrar-menores-evadidos\/","url":"https:\/\/portaltela.pt\/noticias\/2026\/03\/26\/ministerio-publico-acusa-militares-da-gnr-de-sequestrar-menores-evadidos\/","name":"Minist\u00e9rio P\u00fablico acusa militares da GNR de sequestrar menores evadidos - Portal Tela Portugal","isPartOf":{"@id":"https:\/\/portaltela.pt\/#website"},"primaryImageOfPage":{"@id":"https:\/\/portaltela.pt\/noticias\/2026\/03\/26\/ministerio-publico-acusa-militares-da-gnr-de-sequestrar-menores-evadidos\/#primaryimage"},"image":{"@id":"https:\/\/portaltela.pt\/noticias\/2026\/03\/26\/ministerio-publico-acusa-militares-da-gnr-de-sequestrar-menores-evadidos\/#primaryimage"},"thumbnailUrl":"https:\/\/portaltela.pt\/s.01k8rhncp4jt1\/2026\/03\/2077008.jpg","datePublished":"2026-03-26T11:29:00+00:00","author":{"@id":"https:\/\/portaltela.pt\/#\/schema\/person\/c4278d4a6028830caff9ee44b42d32ed"},"breadcrumb":{"@id":"https:\/\/portaltela.pt\/noticias\/2026\/03\/26\/ministerio-publico-acusa-militares-da-gnr-de-sequestrar-menores-evadidos\/#breadcrumb"},"inLanguage":"pt-PT","potentialAction":[{"@type":"ReadAction","target":["https:\/\/portaltela.pt\/noticias\/2026\/03\/26\/ministerio-publico-acusa-militares-da-gnr-de-sequestrar-menores-evadidos\/"]}]},{"@type":"ImageObject","inLanguage":"pt-PT","@id":"https:\/\/portaltela.pt\/noticias\/2026\/03\/26\/ministerio-publico-acusa-militares-da-gnr-de-sequestrar-menores-evadidos\/#primaryimage","url":"https:\/\/portaltela.pt\/s.01k8rhncp4jt1\/2026\/03\/2077008.jpg","contentUrl":"https:\/\/portaltela.pt\/s.01k8rhncp4jt1\/2026\/03\/2077008.jpg","width":796,"height":448,"caption":"Militares foram dispersados por diferentes postos"},{"@type":"BreadcrumbList","@id":"https:\/\/portaltela.pt\/noticias\/2026\/03\/26\/ministerio-publico-acusa-militares-da-gnr-de-sequestrar-menores-evadidos\/#breadcrumb","itemListElement":[{"@type":"ListItem","position":1,"name":"In\u00edcio","item":"https:\/\/portaltela.pt\/"},{"@type":"ListItem","position":2,"name":"Minist\u00e9rio P\u00fablico acusa militares da GNR de sequestrar menores evadidos"}]},{"@type":"WebSite","@id":"https:\/\/portaltela.pt\/#website","url":"https:\/\/portaltela.pt\/","name":"Portal Tela Portugal","description":"","potentialAction":[{"@type":"SearchAction","target":{"@type":"EntryPoint","urlTemplate":"https:\/\/portaltela.pt\/?s={search_term_string}"},"query-input":{"@type":"PropertyValueSpecification","valueRequired":true,"valueName":"search_term_string"}}],"inLanguage":"pt-PT"},{"@type":"Person","@id":"https:\/\/portaltela.pt\/#\/schema\/person\/c4278d4a6028830caff9ee44b42d32ed","name":"Telinha","image":{"@type":"ImageObject","inLanguage":"pt-PT","@id":"https:\/\/portaltela.pt\/s.01k8rhncp4jt1\/2025\/11\/talking-bot-125x125.png","url":"https:\/\/portaltela.pt\/s.01k8rhncp4jt1\/2025\/11\/talking-bot-125x125.png","contentUrl":"https:\/\/portaltela.pt\/s.01k8rhncp4jt1\/2025\/11\/talking-bot-125x125.png","caption":"Telinha"},"sameAs":["https:\/\/portaltela.pt\/"],"url":"https:\/\/portaltela.pt\/por\/367410592786\/"}]}},"_links":{"self":[{"href":"https:\/\/portaltela.pt\/api\/wp\/v2\/posts\/422091","targetHints":{"allow":["GET"]}}],"collection":[{"href":"https:\/\/portaltela.pt\/api\/wp\/v2\/posts"}],"about":[{"href":"https:\/\/portaltela.pt\/api\/wp\/v2\/types\/post"}],"author":[{"embeddable":true,"href":"https:\/\/portaltela.pt\/api\/wp\/v2\/users\/2"}],"replies":[{"embeddable":true,"href":"https:\/\/portaltela.pt\/api\/wp\/v2\/comments?post=422091"}],"version-history":[{"count":0,"href":"https:\/\/portaltela.pt\/api\/wp\/v2\/posts\/422091\/revisions"}],"wp:featuredmedia":[{"embeddable":true,"href":"https:\/\/portaltela.pt\/api\/wp\/v2\/media\/422094"}],"wp:attachment":[{"href":"https:\/\/portaltela.pt\/api\/wp\/v2\/media?parent=422091"}],"wp:term":[{"taxonomy":"category","embeddable":true,"href":"https:\/\/portaltela.pt\/api\/wp\/v2\/categories?post=422091"},{"taxonomy":"post_tag","embeddable":true,"href":"https:\/\/portaltela.pt\/api\/wp\/v2\/tags?post=422091"}],"curies":[{"name":"wp","href":"https:\/\/api.w.org\/{rel}","templated":true}]}}