{"id":422085,"date":"2026-03-26T08:40:00","date_gmt":"2026-03-26T11:40:00","guid":{"rendered":"https:\/\/portaltela.pt\/noticias\/2026\/03\/26\/angola-lanca-campanha-para-vacinar-9-milhoes-de-criancas-contra-a-poliomielite\/"},"modified":"2026-03-26T08:40:00","modified_gmt":"2026-03-26T11:40:00","slug":"angola-lanca-campanha-para-vacinar-9-milhoes-de-criancas-contra-a-poliomielite","status":"publish","type":"post","link":"https:\/\/portaltela.pt\/saude\/2026\/03\/26\/angola-lanca-campanha-para-vacinar-9-milhoes-de-criancas-contra-a-poliomielite\/","title":{"rendered":"Angola lan\u00e7a campanha para vacinar 9 milh\u00f5es de crian\u00e7as contra a poliomielite"},"content":{"rendered":"<p>Angola iniciou hoje uma campanha de vacina\u00e7\u00e3o contra a poliomielite com o objetivo de vacinar cerca de nove milh\u00f5es de crian\u00e7as at\u00e9 aos 5 anos. A opera\u00e7\u00e3o ocorre em todo o territ\u00f3rio nacional.<\/p>\n<p>A iniciativa decorre at\u00e9 28 de mar\u00e7o e \u00e9 coordenada pelas autoridades de sa\u00fade do pa\u00eds, contando com equipas de vacina\u00e7\u00e3o em unidades de sa\u00fade, locais de maior densidade populacional e a\u00e7\u00f5es de mobiliza\u00e7\u00e3o comunit\u00e1ria.<\/p>\n<p>A campanha visa refor\u00e7ar a imuniza\u00e7\u00e3o e prevenir surtos da doen\u00e7a, assegurando acesso a crian\u00e7as em zonas urbanas e rurais. As equipes v\u00e3o a cl\u00ednicas, escolas e comunidades onde a cobertura se justifica.<\/p>\n<h3>Organiza\u00e7\u00e3o e desdobramentos<\/h3>\n<p>As autoridades pretendem manter a poliomielite sob controlo e monitorizar a ades\u00e3o da popula\u00e7\u00e3o infantil \u00e0 vacina\u00e7\u00e3o. O plano envolve estrat\u00e9gias de divulga\u00e7\u00e3o e apoio log\u00edstico para alcan\u00e7ar todas as regi\u00f5es do pa\u00eds.<\/p>\n","protected":false},"excerpt":{"rendered":"<ul>\n<li>Angola inicia hoje uma campanha de vacina\u00e7\u00e3o contra a poliomielite para imunizar cerca de nove milh\u00f5es de crian\u00e7as at\u00e9 aos cinco anos.<\/li>\n<li>A opera\u00e7\u00e3o decorre em todo o pa\u00eds e prolonga-se at\u00e9 ao dia 28 de mar\u00e7o.<\/li>\n<li>A iniciativa visa refor\u00e7ar a prote\u00e7\u00e3o infantil contra a poliomielite.<\/li>\n<\/ul>\n","protected":false},"author":2,"featured_media":422087,"comment_status":"closed","ping_status":"closed","sticky":false,"template":"","format":"standard","meta":{"footnotes":""},"categories":[7371,6745],"tags":[5227,4837,823,172,271,3949],"class_list":["post-422085","post","type-post","status-publish","format-standard","has-post-thumbnail","hentry","category-medicina","category-saude","tag-africa","tag-angola","tag-campanha","tag-saude","tag-saude-publica","tag-vacinacoes"],"yoast_head":"<!-- This site is optimized with the Yoast SEO plugin v27.2 - https:\/\/yoast.com\/product\/yoast-seo-wordpress\/ -->\n<title>Angola lan\u00e7a campanha para vacinar 9 milh\u00f5es de crian\u00e7as contra a poliomielite - Portal Tela Portugal<\/title>\n<meta name=\"robots\" content=\"index, follow, max-snippet:-1, max-image-preview:large, max-video-preview:-1\" \/>\n<meta property=\"og:locale\" content=\"pt_PT\" \/>\n<meta property=\"og:type\" content=\"article\" \/>\n<meta property=\"og:title\" content=\"Angola lan\u00e7a campanha para vacinar 9 milh\u00f5es de crian\u00e7as contra a poliomielite - Portal Tela Portugal\" \/>\n<meta property=\"og:description\" content=\"Angola inicia hoje uma campanha de vacina\u00e7\u00e3o contra a poliomielite para imunizar cerca de nove milh\u00f5es de crian\u00e7as at\u00e9 aos cinco anos. A opera\u00e7\u00e3o decorre em todo o pa\u00eds e prolonga-se at\u00e9 ao dia 28 de mar\u00e7o. A iniciativa visa refor\u00e7ar a prote\u00e7\u00e3o infantil contra a poliomielite.\" \/>\n<meta property=\"og:url\" content=\"https:\/\/portaltela.pt\/noticias\/2026\/03\/26\/angola-lanca-campanha-para-vacinar-9-milhoes-de-criancas-contra-a-poliomielite\/\" \/>\n<meta property=\"og:site_name\" content=\"Portal Tela Portugal\" \/>\n<meta property=\"article:published_time\" content=\"2026-03-26T11:40:00+00:00\" \/>\n<meta name=\"author\" content=\"Telinha\" \/>\n<meta name=\"twitter:card\" content=\"summary_large_image\" \/>\n<meta name=\"twitter:label1\" content=\"Escrito por\" \/>\n\t<meta name=\"twitter:data1\" content=\"Telinha\" \/>\n\t<meta name=\"twitter:label2\" content=\"Tempo estimado de leitura\" \/>\n\t<meta name=\"twitter:data2\" content=\"1 minuto\" \/>\n<script type=\"application\/ld+json\" class=\"yoast-schema-graph\">{\"@context\":\"https:\/\/schema.org\",\"@graph\":[{\"@type\":\"Article\",\"@id\":\"https:\/\/portaltela.pt\/noticias\/2026\/03\/26\/angola-lanca-campanha-para-vacinar-9-milhoes-de-criancas-contra-a-poliomielite\/#article\",\"isPartOf\":{\"@id\":\"https:\/\/portaltela.pt\/noticias\/2026\/03\/26\/angola-lanca-campanha-para-vacinar-9-milhoes-de-criancas-contra-a-poliomielite\/\"},\"author\":{\"name\":\"Telinha\",\"@id\":\"https:\/\/portaltela.pt\/#\/schema\/person\/c4278d4a6028830caff9ee44b42d32ed\"},\"headline\":\"Angola lan\u00e7a campanha para vacinar 9 milh\u00f5es de crian\u00e7as contra a poliomielite\",\"datePublished\":\"2026-03-26T11:40:00+00:00\",\"mainEntityOfPage\":{\"@id\":\"https:\/\/portaltela.pt\/noticias\/2026\/03\/26\/angola-lanca-campanha-para-vacinar-9-milhoes-de-criancas-contra-a-poliomielite\/\"},\"wordCount\":176,\"image\":{\"@id\":\"https:\/\/portaltela.pt\/noticias\/2026\/03\/26\/angola-lanca-campanha-para-vacinar-9-milhoes-de-criancas-contra-a-poliomielite\/#primaryimage\"},\"thumbnailUrl\":\"https:\/\/portaltela.pt\/s.01k8rhncp4jt1\/2026\/03\/CACHE_780X1200_ANALOG_WATERMARKED_20346779_2472085_20032019105114.jpg\",\"keywords\":[\"\u00c1frica\",\"Angola\",\"campanha\",\"sa\u00fade\",\"sa\u00fade p\u00fablica\",\"vacina\u00e7\u00f5es\"],\"articleSection\":[\"Medicina\",\"Sa\u00fade\"],\"inLanguage\":\"pt-PT\"},{\"@type\":\"WebPage\",\"@id\":\"https:\/\/portaltela.pt\/noticias\/2026\/03\/26\/angola-lanca-campanha-para-vacinar-9-milhoes-de-criancas-contra-a-poliomielite\/\",\"url\":\"https:\/\/portaltela.pt\/noticias\/2026\/03\/26\/angola-lanca-campanha-para-vacinar-9-milhoes-de-criancas-contra-a-poliomielite\/\",\"name\":\"Angola lan\u00e7a campanha para vacinar 9 milh\u00f5es de crian\u00e7as contra a poliomielite - Portal Tela Portugal\",\"isPartOf\":{\"@id\":\"https:\/\/portaltela.pt\/#website\"},\"primaryImageOfPage\":{\"@id\":\"https:\/\/portaltela.pt\/noticias\/2026\/03\/26\/angola-lanca-campanha-para-vacinar-9-milhoes-de-criancas-contra-a-poliomielite\/#primaryimage\"},\"image\":{\"@id\":\"https:\/\/portaltela.pt\/noticias\/2026\/03\/26\/angola-lanca-campanha-para-vacinar-9-milhoes-de-criancas-contra-a-poliomielite\/#primaryimage\"},\"thumbnailUrl\":\"https:\/\/portaltela.pt\/s.01k8rhncp4jt1\/2026\/03\/CACHE_780X1200_ANALOG_WATERMARKED_20346779_2472085_20032019105114.jpg\",\"datePublished\":\"2026-03-26T11:40:00+00:00\",\"author\":{\"@id\":\"https:\/\/portaltela.pt\/#\/schema\/person\/c4278d4a6028830caff9ee44b42d32ed\"},\"breadcrumb\":{\"@id\":\"https:\/\/portaltela.pt\/noticias\/2026\/03\/26\/angola-lanca-campanha-para-vacinar-9-milhoes-de-criancas-contra-a-poliomielite\/#breadcrumb\"},\"inLanguage\":\"pt-PT\",\"potentialAction\":[{\"@type\":\"ReadAction\",\"target\":[\"https:\/\/portaltela.pt\/noticias\/2026\/03\/26\/angola-lanca-campanha-para-vacinar-9-milhoes-de-criancas-contra-a-poliomielite\/\"]}]},{\"@type\":\"ImageObject\",\"inLanguage\":\"pt-PT\",\"@id\":\"https:\/\/portaltela.pt\/noticias\/2026\/03\/26\/angola-lanca-campanha-para-vacinar-9-milhoes-de-criancas-contra-a-poliomielite\/#primaryimage\",\"url\":\"https:\/\/portaltela.pt\/s.01k8rhncp4jt1\/2026\/03\/CACHE_780X1200_ANALOG_WATERMARKED_20346779_2472085_20032019105114.jpg\",\"contentUrl\":\"https:\/\/portaltela.pt\/s.01k8rhncp4jt1\/2026\/03\/CACHE_780X1200_ANALOG_WATERMARKED_20346779_2472085_20032019105114.jpg\",\"width\":768,\"height\":512,\"caption\":\"Angola lan\u00e7a campanha para vacinar nove milh\u00f5es de crian\u00e7as contra a poliomielite\"},{\"@type\":\"BreadcrumbList\",\"@id\":\"https:\/\/portaltela.pt\/noticias\/2026\/03\/26\/angola-lanca-campanha-para-vacinar-9-milhoes-de-criancas-contra-a-poliomielite\/#breadcrumb\",\"itemListElement\":[{\"@type\":\"ListItem\",\"position\":1,\"name\":\"In\u00edcio\",\"item\":\"https:\/\/portaltela.pt\/\"},{\"@type\":\"ListItem\",\"position\":2,\"name\":\"Angola lan\u00e7a campanha para vacinar 9 milh\u00f5es de crian\u00e7as contra a poliomielite\"}]},{\"@type\":\"WebSite\",\"@id\":\"https:\/\/portaltela.pt\/#website\",\"url\":\"https:\/\/portaltela.pt\/\",\"name\":\"Portal Tela Portugal\",\"description\":\"\",\"potentialAction\":[{\"@type\":\"SearchAction\",\"target\":{\"@type\":\"EntryPoint\",\"urlTemplate\":\"https:\/\/portaltela.pt\/?s={search_term_string}\"},\"query-input\":{\"@type\":\"PropertyValueSpecification\",\"valueRequired\":true,\"valueName\":\"search_term_string\"}}],\"inLanguage\":\"pt-PT\"},{\"@type\":\"Person\",\"@id\":\"https:\/\/portaltela.pt\/#\/schema\/person\/c4278d4a6028830caff9ee44b42d32ed\",\"name\":\"Telinha\",\"image\":{\"@type\":\"ImageObject\",\"inLanguage\":\"pt-PT\",\"@id\":\"https:\/\/portaltela.pt\/s.01k8rhncp4jt1\/2025\/11\/talking-bot-125x125.png\",\"url\":\"https:\/\/portaltela.pt\/s.01k8rhncp4jt1\/2025\/11\/talking-bot-125x125.png\",\"contentUrl\":\"https:\/\/portaltela.pt\/s.01k8rhncp4jt1\/2025\/11\/talking-bot-125x125.png\",\"caption\":\"Telinha\"},\"sameAs\":[\"https:\/\/portaltela.pt\/\"],\"url\":\"https:\/\/portaltela.pt\/por\/367410592786\/\"}]}<\/script>\n<!-- \/ Yoast SEO plugin. -->","yoast_head_json":{"title":"Angola lan\u00e7a campanha para vacinar 9 milh\u00f5es de crian\u00e7as contra a poliomielite - Portal Tela Portugal","robots":{"index":"index","follow":"follow","max-snippet":"max-snippet:-1","max-image-preview":"max-image-preview:large","max-video-preview":"max-video-preview:-1"},"og_locale":"pt_PT","og_type":"article","og_title":"Angola lan\u00e7a campanha para vacinar 9 milh\u00f5es de crian\u00e7as contra a poliomielite - Portal Tela Portugal","og_description":"Angola inicia hoje uma campanha de vacina\u00e7\u00e3o contra a poliomielite para imunizar cerca de nove milh\u00f5es de crian\u00e7as at\u00e9 aos cinco anos. A opera\u00e7\u00e3o decorre em todo o pa\u00eds e prolonga-se at\u00e9 ao dia 28 de mar\u00e7o. A iniciativa visa refor\u00e7ar a prote\u00e7\u00e3o infantil contra a poliomielite.","og_url":"https:\/\/portaltela.pt\/noticias\/2026\/03\/26\/angola-lanca-campanha-para-vacinar-9-milhoes-de-criancas-contra-a-poliomielite\/","og_site_name":"Portal Tela Portugal","article_published_time":"2026-03-26T11:40:00+00:00","author":"Telinha","twitter_card":"summary_large_image","twitter_misc":{"Escrito por":"Telinha","Tempo estimado de leitura":"1 minuto"},"schema":{"@context":"https:\/\/schema.org","@graph":[{"@type":"Article","@id":"https:\/\/portaltela.pt\/noticias\/2026\/03\/26\/angola-lanca-campanha-para-vacinar-9-milhoes-de-criancas-contra-a-poliomielite\/#article","isPartOf":{"@id":"https:\/\/portaltela.pt\/noticias\/2026\/03\/26\/angola-lanca-campanha-para-vacinar-9-milhoes-de-criancas-contra-a-poliomielite\/"},"author":{"name":"Telinha","@id":"https:\/\/portaltela.pt\/#\/schema\/person\/c4278d4a6028830caff9ee44b42d32ed"},"headline":"Angola lan\u00e7a campanha para vacinar 9 milh\u00f5es de crian\u00e7as contra a poliomielite","datePublished":"2026-03-26T11:40:00+00:00","mainEntityOfPage":{"@id":"https:\/\/portaltela.pt\/noticias\/2026\/03\/26\/angola-lanca-campanha-para-vacinar-9-milhoes-de-criancas-contra-a-poliomielite\/"},"wordCount":176,"image":{"@id":"https:\/\/portaltela.pt\/noticias\/2026\/03\/26\/angola-lanca-campanha-para-vacinar-9-milhoes-de-criancas-contra-a-poliomielite\/#primaryimage"},"thumbnailUrl":"https:\/\/portaltela.pt\/s.01k8rhncp4jt1\/2026\/03\/CACHE_780X1200_ANALOG_WATERMARKED_20346779_2472085_20032019105114.jpg","keywords":["\u00c1frica","Angola","campanha","sa\u00fade","sa\u00fade p\u00fablica","vacina\u00e7\u00f5es"],"articleSection":["Medicina","Sa\u00fade"],"inLanguage":"pt-PT"},{"@type":"WebPage","@id":"https:\/\/portaltela.pt\/noticias\/2026\/03\/26\/angola-lanca-campanha-para-vacinar-9-milhoes-de-criancas-contra-a-poliomielite\/","url":"https:\/\/portaltela.pt\/noticias\/2026\/03\/26\/angola-lanca-campanha-para-vacinar-9-milhoes-de-criancas-contra-a-poliomielite\/","name":"Angola lan\u00e7a campanha para vacinar 9 milh\u00f5es de crian\u00e7as contra a poliomielite - Portal Tela Portugal","isPartOf":{"@id":"https:\/\/portaltela.pt\/#website"},"primaryImageOfPage":{"@id":"https:\/\/portaltela.pt\/noticias\/2026\/03\/26\/angola-lanca-campanha-para-vacinar-9-milhoes-de-criancas-contra-a-poliomielite\/#primaryimage"},"image":{"@id":"https:\/\/portaltela.pt\/noticias\/2026\/03\/26\/angola-lanca-campanha-para-vacinar-9-milhoes-de-criancas-contra-a-poliomielite\/#primaryimage"},"thumbnailUrl":"https:\/\/portaltela.pt\/s.01k8rhncp4jt1\/2026\/03\/CACHE_780X1200_ANALOG_WATERMARKED_20346779_2472085_20032019105114.jpg","datePublished":"2026-03-26T11:40:00+00:00","author":{"@id":"https:\/\/portaltela.pt\/#\/schema\/person\/c4278d4a6028830caff9ee44b42d32ed"},"breadcrumb":{"@id":"https:\/\/portaltela.pt\/noticias\/2026\/03\/26\/angola-lanca-campanha-para-vacinar-9-milhoes-de-criancas-contra-a-poliomielite\/#breadcrumb"},"inLanguage":"pt-PT","potentialAction":[{"@type":"ReadAction","target":["https:\/\/portaltela.pt\/noticias\/2026\/03\/26\/angola-lanca-campanha-para-vacinar-9-milhoes-de-criancas-contra-a-poliomielite\/"]}]},{"@type":"ImageObject","inLanguage":"pt-PT","@id":"https:\/\/portaltela.pt\/noticias\/2026\/03\/26\/angola-lanca-campanha-para-vacinar-9-milhoes-de-criancas-contra-a-poliomielite\/#primaryimage","url":"https:\/\/portaltela.pt\/s.01k8rhncp4jt1\/2026\/03\/CACHE_780X1200_ANALOG_WATERMARKED_20346779_2472085_20032019105114.jpg","contentUrl":"https:\/\/portaltela.pt\/s.01k8rhncp4jt1\/2026\/03\/CACHE_780X1200_ANALOG_WATERMARKED_20346779_2472085_20032019105114.jpg","width":768,"height":512,"caption":"Angola lan\u00e7a campanha para vacinar nove milh\u00f5es de crian\u00e7as contra a poliomielite"},{"@type":"BreadcrumbList","@id":"https:\/\/portaltela.pt\/noticias\/2026\/03\/26\/angola-lanca-campanha-para-vacinar-9-milhoes-de-criancas-contra-a-poliomielite\/#breadcrumb","itemListElement":[{"@type":"ListItem","position":1,"name":"In\u00edcio","item":"https:\/\/portaltela.pt\/"},{"@type":"ListItem","position":2,"name":"Angola lan\u00e7a campanha para vacinar 9 milh\u00f5es de crian\u00e7as contra a poliomielite"}]},{"@type":"WebSite","@id":"https:\/\/portaltela.pt\/#website","url":"https:\/\/portaltela.pt\/","name":"Portal Tela Portugal","description":"","potentialAction":[{"@type":"SearchAction","target":{"@type":"EntryPoint","urlTemplate":"https:\/\/portaltela.pt\/?s={search_term_string}"},"query-input":{"@type":"PropertyValueSpecification","valueRequired":true,"valueName":"search_term_string"}}],"inLanguage":"pt-PT"},{"@type":"Person","@id":"https:\/\/portaltela.pt\/#\/schema\/person\/c4278d4a6028830caff9ee44b42d32ed","name":"Telinha","image":{"@type":"ImageObject","inLanguage":"pt-PT","@id":"https:\/\/portaltela.pt\/s.01k8rhncp4jt1\/2025\/11\/talking-bot-125x125.png","url":"https:\/\/portaltela.pt\/s.01k8rhncp4jt1\/2025\/11\/talking-bot-125x125.png","contentUrl":"https:\/\/portaltela.pt\/s.01k8rhncp4jt1\/2025\/11\/talking-bot-125x125.png","caption":"Telinha"},"sameAs":["https:\/\/portaltela.pt\/"],"url":"https:\/\/portaltela.pt\/por\/367410592786\/"}]}},"_links":{"self":[{"href":"https:\/\/portaltela.pt\/api\/wp\/v2\/posts\/422085","targetHints":{"allow":["GET"]}}],"collection":[{"href":"https:\/\/portaltela.pt\/api\/wp\/v2\/posts"}],"about":[{"href":"https:\/\/portaltela.pt\/api\/wp\/v2\/types\/post"}],"author":[{"embeddable":true,"href":"https:\/\/portaltela.pt\/api\/wp\/v2\/users\/2"}],"replies":[{"embeddable":true,"href":"https:\/\/portaltela.pt\/api\/wp\/v2\/comments?post=422085"}],"version-history":[{"count":0,"href":"https:\/\/portaltela.pt\/api\/wp\/v2\/posts\/422085\/revisions"}],"wp:featuredmedia":[{"embeddable":true,"href":"https:\/\/portaltela.pt\/api\/wp\/v2\/media\/422087"}],"wp:attachment":[{"href":"https:\/\/portaltela.pt\/api\/wp\/v2\/media?parent=422085"}],"wp:term":[{"taxonomy":"category","embeddable":true,"href":"https:\/\/portaltela.pt\/api\/wp\/v2\/categories?post=422085"},{"taxonomy":"post_tag","embeddable":true,"href":"https:\/\/portaltela.pt\/api\/wp\/v2\/tags?post=422085"}],"curies":[{"name":"wp","href":"https:\/\/api.w.org\/{rel}","templated":true}]}}