{"id":422082,"date":"2026-03-26T08:32:39","date_gmt":"2026-03-26T11:32:39","guid":{"rendered":"https:\/\/portaltela.pt\/noticias\/2026\/03\/26\/melania-trump-apresenta-robo-humanoide-e-ia-em-cimeira-global-de-educacao\/"},"modified":"2026-03-26T08:32:39","modified_gmt":"2026-03-26T11:32:39","slug":"melania-trump-apresenta-robo-humanoide-e-ia-em-cimeira-global-de-educacao","status":"publish","type":"post","link":"https:\/\/portaltela.pt\/tecnologia\/2026\/03\/26\/melania-trump-apresenta-robo-humanoide-e-ia-em-cimeira-global-de-educacao\/","title":{"rendered":"Melania Trump apresenta rob\u00f4 humanoide e IA em cimeira global de educa\u00e7\u00e3o"},"content":{"rendered":"<p>Melania Trump abriu de forma inesperada uma cimeira internacional sobre educa\u00e7\u00e3o e tecnologia ao chegar \u00e0 Casa Branca acompanhada do rob\u00f4 humanoide Figure 3. O evento, a cimeira global Fostering the Future Together, integrou representantes de mais de 40 pa\u00edses, empresas tech e figuras p\u00fablicas, num esfor\u00e7o de coopera\u00e7\u00e3o p\u00fablico-privada.<\/p>\n<p>O rob\u00f4 foi usado inicialmente para dirigir-se ao p\u00fablico com uma mensagem de honra e de participa\u00e7\u00e3o no movimento hist\u00f3rico para impulsionar a educa\u00e7\u00e3o com tecnologia. Pouco depois, o Figure 3 saiu da sala e n\u00e3o retornou, sem interrup\u00e7\u00f5es ao protocolo subsequente.<\/p>\n<p>Entre os presentes estiveram Olena Zelenska, Brigitte Macron e Sara Netanyahu, assim como representantes de gigantes tecnol\u00f3gicos como Microsoft, Google e OpenAI. A iniciativa visa ampliar o acesso \u00e0 educa\u00e7\u00e3o e \u00e0s ferramentas digitais, promovendo seguran\u00e7a online e literacia digital.<\/p>\n<p>Chamada \u00e0 a\u00e7\u00e3o, a l\u00edder federal destacou que governos e empresas devem colaborar para estabelecer encontros regionais, incentivar o setor privado e aprovar legisla\u00e7\u00e3o que proteja as crian\u00e7as num mundo cada vez mais digital. A mensagem enfatizou prud\u00eancia face ao avan\u00e7o tecnol\u00f3gico.<\/p>\n<p>Trump sublinhou que o conhecimento \u00e9 base da civiliza\u00e7\u00e3o, defendendo a aproxima\u00e7\u00e3o entre os sectores p\u00fablico e privado para sustentar o crescimento da tecnologia na educa\u00e7\u00e3o. Enfatizou que o objetivo \u00e9 aproximar interesses e acelerar resultados.<\/p>\n<p>A presidente da cimeira convidou os participantes a imaginar uma sala de aula liderada por um educador humanoide com IA, capaz de lecionar literatura, ci\u00eancia, filosofia e hist\u00f3ria a qualquer hora, inclusive em casa. A proposta ilustra o conceito de professor digital dispon\u00edvel.<\/p>\n<p>Ao encerrar o evento, apelou aos pa\u00edses para inspirarem as crian\u00e7as a criar plataformas, abrir novas ind\u00fastrias e melhorar a produ\u00e7\u00e3o em m\u00faltiplos setores, mantendo o di\u00e1logo entre os intervenientes ativo e cont\u00ednuo.<\/p>\n","protected":false},"excerpt":{"rendered":"<ul>\n<li>Melania Trump inaugurou, na Casa Branca, a cimeira global sobre educa\u00e7\u00e3o e tecnologia, a &#8220;Fostering the Future Together Global Coalition Summit&#8221;, acompanhada do rob\u00f4 humanoide Figure 3.<\/li>\n<li>O Figure 3 dirigiu-se ao p\u00fablico antes de qualquer interven\u00e7\u00e3o, dizendo estar honrado por participar e agradecer por fazer parte do movimento, e depois saiu da sala.<\/li>\n<li>Estiveram presentes representantes de mais de quarenta pa\u00edses, incluindo Olena Zelenska, Brigitte Macron e Sara Netanyahu, bem como executivos de Microsoft, Google e OpenAI.<\/li>\n<li>A iniciativa visa ampliar o acesso \u00e0 educa\u00e7\u00e3o e \u00e0s ferramentas digitais para crian\u00e7as globalmente, refor\u00e7ar a seguran\u00e7a online e promover a literacia digital, com a colabora\u00e7\u00e3o entre governos e empresas.<\/li>\n<li>A primeira-dama mencionou a possibilidade de uma sala de aula liderada por IA, chamada Plato, e pediu que os pa\u00edses incentivem encontros regionais, parcerias com o setor privado e legisla\u00e7\u00e3o para proteger as crian\u00e7as no mundo digital, mantendo um di\u00e1logo conjunto.<\/li>\n<\/ul>\n","protected":false},"author":2,"featured_media":422084,"comment_status":"closed","ping_status":"closed","sticky":false,"template":"","format":"standard","meta":{"footnotes":""},"categories":[1,6716],"tags":[4787,163,2917,51,2629,153],"class_list":["post-422082","post","type-post","status-publish","format-standard","has-post-thumbnail","hentry","category-noticias","category-tecnologia","tag-colaboracao-internacional","tag-educacao","tag-educacao-digital","tag-inteligencia-artificial","tag-literacia-digital","tag-tecnologia"],"yoast_head":"<!-- This site is optimized with the Yoast SEO plugin v27.2 - https:\/\/yoast.com\/product\/yoast-seo-wordpress\/ -->\n<title>Melania Trump apresenta rob\u00f4 humanoide e IA em cimeira global de educa\u00e7\u00e3o - Portal Tela Portugal<\/title>\n<meta name=\"robots\" content=\"index, follow, max-snippet:-1, max-image-preview:large, max-video-preview:-1\" \/>\n<meta property=\"og:locale\" content=\"pt_PT\" \/>\n<meta property=\"og:type\" content=\"article\" \/>\n<meta property=\"og:title\" content=\"Melania Trump apresenta rob\u00f4 humanoide e IA em cimeira global de educa\u00e7\u00e3o - Portal Tela Portugal\" \/>\n<meta property=\"og:description\" content=\"Melania Trump inaugurou, na Casa Branca, a cimeira global sobre educa\u00e7\u00e3o e tecnologia, a &quot;Fostering the Future Together Global Coalition Summit&quot;, acompanhada do rob\u00f4 humanoide Figure 3. O Figure 3 dirigiu-se ao p\u00fablico antes de qualquer interven\u00e7\u00e3o, dizendo estar honrado por participar e agradecer por fazer parte do movimento, e depois saiu da sala. Estiveram presentes representantes de mais de quarenta pa\u00edses, incluindo Olena Zelenska, Brigitte Macron e Sara Netanyahu, bem como executivos de Microsoft, Google e OpenAI. A iniciativa visa ampliar o acesso \u00e0 educa\u00e7\u00e3o e \u00e0s ferramentas digitais para crian\u00e7as globalmente, refor\u00e7ar a seguran\u00e7a online e promover a literacia digital, com a colabora\u00e7\u00e3o entre governos e empresas. A primeira-dama mencionou a possibilidade de uma sala de aula liderada por IA, chamada Plato, e pediu que os pa\u00edses incentivem encontros regionais, parcerias com o setor privado e legisla\u00e7\u00e3o para proteger as crian\u00e7as no mundo digital, mantendo um di\u00e1logo conjunto.\" \/>\n<meta property=\"og:url\" content=\"https:\/\/portaltela.pt\/noticias\/2026\/03\/26\/melania-trump-apresenta-robo-humanoide-e-ia-em-cimeira-global-de-educacao\/\" \/>\n<meta property=\"og:site_name\" content=\"Portal Tela Portugal\" \/>\n<meta property=\"article:published_time\" content=\"2026-03-26T11:32:39+00:00\" \/>\n<meta name=\"author\" content=\"Telinha\" \/>\n<meta name=\"twitter:card\" content=\"summary_large_image\" \/>\n<meta name=\"twitter:label1\" content=\"Escrito por\" \/>\n\t<meta name=\"twitter:data1\" content=\"Telinha\" \/>\n\t<meta name=\"twitter:label2\" content=\"Tempo estimado de leitura\" \/>\n\t<meta name=\"twitter:data2\" content=\"2 minutos\" \/>\n<script type=\"application\/ld+json\" class=\"yoast-schema-graph\">{\"@context\":\"https:\/\/schema.org\",\"@graph\":[{\"@type\":\"Article\",\"@id\":\"https:\/\/portaltela.pt\/noticias\/2026\/03\/26\/melania-trump-apresenta-robo-humanoide-e-ia-em-cimeira-global-de-educacao\/#article\",\"isPartOf\":{\"@id\":\"https:\/\/portaltela.pt\/noticias\/2026\/03\/26\/melania-trump-apresenta-robo-humanoide-e-ia-em-cimeira-global-de-educacao\/\"},\"author\":{\"name\":\"Telinha\",\"@id\":\"https:\/\/portaltela.pt\/#\/schema\/person\/c4278d4a6028830caff9ee44b42d32ed\"},\"headline\":\"Melania Trump apresenta rob\u00f4 humanoide e IA em cimeira global de educa\u00e7\u00e3o\",\"datePublished\":\"2026-03-26T11:32:39+00:00\",\"mainEntityOfPage\":{\"@id\":\"https:\/\/portaltela.pt\/noticias\/2026\/03\/26\/melania-trump-apresenta-robo-humanoide-e-ia-em-cimeira-global-de-educacao\/\"},\"wordCount\":327,\"image\":{\"@id\":\"https:\/\/portaltela.pt\/noticias\/2026\/03\/26\/melania-trump-apresenta-robo-humanoide-e-ia-em-cimeira-global-de-educacao\/#primaryimage\"},\"thumbnailUrl\":\"https:\/\/portaltela.pt\/s.01k8rhncp4jt1\/2026\/03\/1536x864_cmsv2_f7f6969e-342e-5df7-b289-863ee3ef1658-9699092.jpg\",\"keywords\":[\"colabora\u00e7\u00e3o internacional\",\"educa\u00e7\u00e3o\",\"educa\u00e7\u00e3o digital\",\"intelig\u00eancia artificial\",\"literacia digital\",\"tecnologia\"],\"articleSection\":[\"Not\u00edcias\",\"Tecnologia\"],\"inLanguage\":\"pt-PT\"},{\"@type\":\"WebPage\",\"@id\":\"https:\/\/portaltela.pt\/noticias\/2026\/03\/26\/melania-trump-apresenta-robo-humanoide-e-ia-em-cimeira-global-de-educacao\/\",\"url\":\"https:\/\/portaltela.pt\/noticias\/2026\/03\/26\/melania-trump-apresenta-robo-humanoide-e-ia-em-cimeira-global-de-educacao\/\",\"name\":\"Melania Trump apresenta rob\u00f4 humanoide e IA em cimeira global de educa\u00e7\u00e3o - Portal Tela Portugal\",\"isPartOf\":{\"@id\":\"https:\/\/portaltela.pt\/#website\"},\"primaryImageOfPage\":{\"@id\":\"https:\/\/portaltela.pt\/noticias\/2026\/03\/26\/melania-trump-apresenta-robo-humanoide-e-ia-em-cimeira-global-de-educacao\/#primaryimage\"},\"image\":{\"@id\":\"https:\/\/portaltela.pt\/noticias\/2026\/03\/26\/melania-trump-apresenta-robo-humanoide-e-ia-em-cimeira-global-de-educacao\/#primaryimage\"},\"thumbnailUrl\":\"https:\/\/portaltela.pt\/s.01k8rhncp4jt1\/2026\/03\/1536x864_cmsv2_f7f6969e-342e-5df7-b289-863ee3ef1658-9699092.jpg\",\"datePublished\":\"2026-03-26T11:32:39+00:00\",\"author\":{\"@id\":\"https:\/\/portaltela.pt\/#\/schema\/person\/c4278d4a6028830caff9ee44b42d32ed\"},\"breadcrumb\":{\"@id\":\"https:\/\/portaltela.pt\/noticias\/2026\/03\/26\/melania-trump-apresenta-robo-humanoide-e-ia-em-cimeira-global-de-educacao\/#breadcrumb\"},\"inLanguage\":\"pt-PT\",\"potentialAction\":[{\"@type\":\"ReadAction\",\"target\":[\"https:\/\/portaltela.pt\/noticias\/2026\/03\/26\/melania-trump-apresenta-robo-humanoide-e-ia-em-cimeira-global-de-educacao\/\"]}]},{\"@type\":\"ImageObject\",\"inLanguage\":\"pt-PT\",\"@id\":\"https:\/\/portaltela.pt\/noticias\/2026\/03\/26\/melania-trump-apresenta-robo-humanoide-e-ia-em-cimeira-global-de-educacao\/#primaryimage\",\"url\":\"https:\/\/portaltela.pt\/s.01k8rhncp4jt1\/2026\/03\/1536x864_cmsv2_f7f6969e-342e-5df7-b289-863ee3ef1658-9699092.jpg\",\"contentUrl\":\"https:\/\/portaltela.pt\/s.01k8rhncp4jt1\/2026\/03\/1536x864_cmsv2_f7f6969e-342e-5df7-b289-863ee3ef1658-9699092.jpg\",\"width\":796,\"height\":448,\"caption\":\"Primeira-dama Melania Trump chega acompanhada por um rob\u00f4 para participar na cimeira global \\\"Fostering the Future Together Global Coalition Summit\\\"\"},{\"@type\":\"BreadcrumbList\",\"@id\":\"https:\/\/portaltela.pt\/noticias\/2026\/03\/26\/melania-trump-apresenta-robo-humanoide-e-ia-em-cimeira-global-de-educacao\/#breadcrumb\",\"itemListElement\":[{\"@type\":\"ListItem\",\"position\":1,\"name\":\"In\u00edcio\",\"item\":\"https:\/\/portaltela.pt\/\"},{\"@type\":\"ListItem\",\"position\":2,\"name\":\"Melania Trump apresenta rob\u00f4 humanoide e IA em cimeira global de educa\u00e7\u00e3o\"}]},{\"@type\":\"WebSite\",\"@id\":\"https:\/\/portaltela.pt\/#website\",\"url\":\"https:\/\/portaltela.pt\/\",\"name\":\"Portal Tela Portugal\",\"description\":\"\",\"potentialAction\":[{\"@type\":\"SearchAction\",\"target\":{\"@type\":\"EntryPoint\",\"urlTemplate\":\"https:\/\/portaltela.pt\/?s={search_term_string}\"},\"query-input\":{\"@type\":\"PropertyValueSpecification\",\"valueRequired\":true,\"valueName\":\"search_term_string\"}}],\"inLanguage\":\"pt-PT\"},{\"@type\":\"Person\",\"@id\":\"https:\/\/portaltela.pt\/#\/schema\/person\/c4278d4a6028830caff9ee44b42d32ed\",\"name\":\"Telinha\",\"image\":{\"@type\":\"ImageObject\",\"inLanguage\":\"pt-PT\",\"@id\":\"https:\/\/portaltela.pt\/s.01k8rhncp4jt1\/2025\/11\/talking-bot-125x125.png\",\"url\":\"https:\/\/portaltela.pt\/s.01k8rhncp4jt1\/2025\/11\/talking-bot-125x125.png\",\"contentUrl\":\"https:\/\/portaltela.pt\/s.01k8rhncp4jt1\/2025\/11\/talking-bot-125x125.png\",\"caption\":\"Telinha\"},\"sameAs\":[\"https:\/\/portaltela.pt\/\"],\"url\":\"https:\/\/portaltela.pt\/por\/367410592786\/\"}]}<\/script>\n<!-- \/ Yoast SEO plugin. -->","yoast_head_json":{"title":"Melania Trump apresenta rob\u00f4 humanoide e IA em cimeira global de educa\u00e7\u00e3o - Portal Tela Portugal","robots":{"index":"index","follow":"follow","max-snippet":"max-snippet:-1","max-image-preview":"max-image-preview:large","max-video-preview":"max-video-preview:-1"},"og_locale":"pt_PT","og_type":"article","og_title":"Melania Trump apresenta rob\u00f4 humanoide e IA em cimeira global de educa\u00e7\u00e3o - Portal Tela Portugal","og_description":"Melania Trump inaugurou, na Casa Branca, a cimeira global sobre educa\u00e7\u00e3o e tecnologia, a \"Fostering the Future Together Global Coalition Summit\", acompanhada do rob\u00f4 humanoide Figure 3. O Figure 3 dirigiu-se ao p\u00fablico antes de qualquer interven\u00e7\u00e3o, dizendo estar honrado por participar e agradecer por fazer parte do movimento, e depois saiu da sala. Estiveram presentes representantes de mais de quarenta pa\u00edses, incluindo Olena Zelenska, Brigitte Macron e Sara Netanyahu, bem como executivos de Microsoft, Google e OpenAI. A iniciativa visa ampliar o acesso \u00e0 educa\u00e7\u00e3o e \u00e0s ferramentas digitais para crian\u00e7as globalmente, refor\u00e7ar a seguran\u00e7a online e promover a literacia digital, com a colabora\u00e7\u00e3o entre governos e empresas. A primeira-dama mencionou a possibilidade de uma sala de aula liderada por IA, chamada Plato, e pediu que os pa\u00edses incentivem encontros regionais, parcerias com o setor privado e legisla\u00e7\u00e3o para proteger as crian\u00e7as no mundo digital, mantendo um di\u00e1logo conjunto.","og_url":"https:\/\/portaltela.pt\/noticias\/2026\/03\/26\/melania-trump-apresenta-robo-humanoide-e-ia-em-cimeira-global-de-educacao\/","og_site_name":"Portal Tela Portugal","article_published_time":"2026-03-26T11:32:39+00:00","author":"Telinha","twitter_card":"summary_large_image","twitter_misc":{"Escrito por":"Telinha","Tempo estimado de leitura":"2 minutos"},"schema":{"@context":"https:\/\/schema.org","@graph":[{"@type":"Article","@id":"https:\/\/portaltela.pt\/noticias\/2026\/03\/26\/melania-trump-apresenta-robo-humanoide-e-ia-em-cimeira-global-de-educacao\/#article","isPartOf":{"@id":"https:\/\/portaltela.pt\/noticias\/2026\/03\/26\/melania-trump-apresenta-robo-humanoide-e-ia-em-cimeira-global-de-educacao\/"},"author":{"name":"Telinha","@id":"https:\/\/portaltela.pt\/#\/schema\/person\/c4278d4a6028830caff9ee44b42d32ed"},"headline":"Melania Trump apresenta rob\u00f4 humanoide e IA em cimeira global de educa\u00e7\u00e3o","datePublished":"2026-03-26T11:32:39+00:00","mainEntityOfPage":{"@id":"https:\/\/portaltela.pt\/noticias\/2026\/03\/26\/melania-trump-apresenta-robo-humanoide-e-ia-em-cimeira-global-de-educacao\/"},"wordCount":327,"image":{"@id":"https:\/\/portaltela.pt\/noticias\/2026\/03\/26\/melania-trump-apresenta-robo-humanoide-e-ia-em-cimeira-global-de-educacao\/#primaryimage"},"thumbnailUrl":"https:\/\/portaltela.pt\/s.01k8rhncp4jt1\/2026\/03\/1536x864_cmsv2_f7f6969e-342e-5df7-b289-863ee3ef1658-9699092.jpg","keywords":["colabora\u00e7\u00e3o internacional","educa\u00e7\u00e3o","educa\u00e7\u00e3o digital","intelig\u00eancia artificial","literacia digital","tecnologia"],"articleSection":["Not\u00edcias","Tecnologia"],"inLanguage":"pt-PT"},{"@type":"WebPage","@id":"https:\/\/portaltela.pt\/noticias\/2026\/03\/26\/melania-trump-apresenta-robo-humanoide-e-ia-em-cimeira-global-de-educacao\/","url":"https:\/\/portaltela.pt\/noticias\/2026\/03\/26\/melania-trump-apresenta-robo-humanoide-e-ia-em-cimeira-global-de-educacao\/","name":"Melania Trump apresenta rob\u00f4 humanoide e IA em cimeira global de educa\u00e7\u00e3o - Portal Tela Portugal","isPartOf":{"@id":"https:\/\/portaltela.pt\/#website"},"primaryImageOfPage":{"@id":"https:\/\/portaltela.pt\/noticias\/2026\/03\/26\/melania-trump-apresenta-robo-humanoide-e-ia-em-cimeira-global-de-educacao\/#primaryimage"},"image":{"@id":"https:\/\/portaltela.pt\/noticias\/2026\/03\/26\/melania-trump-apresenta-robo-humanoide-e-ia-em-cimeira-global-de-educacao\/#primaryimage"},"thumbnailUrl":"https:\/\/portaltela.pt\/s.01k8rhncp4jt1\/2026\/03\/1536x864_cmsv2_f7f6969e-342e-5df7-b289-863ee3ef1658-9699092.jpg","datePublished":"2026-03-26T11:32:39+00:00","author":{"@id":"https:\/\/portaltela.pt\/#\/schema\/person\/c4278d4a6028830caff9ee44b42d32ed"},"breadcrumb":{"@id":"https:\/\/portaltela.pt\/noticias\/2026\/03\/26\/melania-trump-apresenta-robo-humanoide-e-ia-em-cimeira-global-de-educacao\/#breadcrumb"},"inLanguage":"pt-PT","potentialAction":[{"@type":"ReadAction","target":["https:\/\/portaltela.pt\/noticias\/2026\/03\/26\/melania-trump-apresenta-robo-humanoide-e-ia-em-cimeira-global-de-educacao\/"]}]},{"@type":"ImageObject","inLanguage":"pt-PT","@id":"https:\/\/portaltela.pt\/noticias\/2026\/03\/26\/melania-trump-apresenta-robo-humanoide-e-ia-em-cimeira-global-de-educacao\/#primaryimage","url":"https:\/\/portaltela.pt\/s.01k8rhncp4jt1\/2026\/03\/1536x864_cmsv2_f7f6969e-342e-5df7-b289-863ee3ef1658-9699092.jpg","contentUrl":"https:\/\/portaltela.pt\/s.01k8rhncp4jt1\/2026\/03\/1536x864_cmsv2_f7f6969e-342e-5df7-b289-863ee3ef1658-9699092.jpg","width":796,"height":448,"caption":"Primeira-dama Melania Trump chega acompanhada por um rob\u00f4 para participar na cimeira global \"Fostering the Future Together Global Coalition Summit\""},{"@type":"BreadcrumbList","@id":"https:\/\/portaltela.pt\/noticias\/2026\/03\/26\/melania-trump-apresenta-robo-humanoide-e-ia-em-cimeira-global-de-educacao\/#breadcrumb","itemListElement":[{"@type":"ListItem","position":1,"name":"In\u00edcio","item":"https:\/\/portaltela.pt\/"},{"@type":"ListItem","position":2,"name":"Melania Trump apresenta rob\u00f4 humanoide e IA em cimeira global de educa\u00e7\u00e3o"}]},{"@type":"WebSite","@id":"https:\/\/portaltela.pt\/#website","url":"https:\/\/portaltela.pt\/","name":"Portal Tela Portugal","description":"","potentialAction":[{"@type":"SearchAction","target":{"@type":"EntryPoint","urlTemplate":"https:\/\/portaltela.pt\/?s={search_term_string}"},"query-input":{"@type":"PropertyValueSpecification","valueRequired":true,"valueName":"search_term_string"}}],"inLanguage":"pt-PT"},{"@type":"Person","@id":"https:\/\/portaltela.pt\/#\/schema\/person\/c4278d4a6028830caff9ee44b42d32ed","name":"Telinha","image":{"@type":"ImageObject","inLanguage":"pt-PT","@id":"https:\/\/portaltela.pt\/s.01k8rhncp4jt1\/2025\/11\/talking-bot-125x125.png","url":"https:\/\/portaltela.pt\/s.01k8rhncp4jt1\/2025\/11\/talking-bot-125x125.png","contentUrl":"https:\/\/portaltela.pt\/s.01k8rhncp4jt1\/2025\/11\/talking-bot-125x125.png","caption":"Telinha"},"sameAs":["https:\/\/portaltela.pt\/"],"url":"https:\/\/portaltela.pt\/por\/367410592786\/"}]}},"_links":{"self":[{"href":"https:\/\/portaltela.pt\/api\/wp\/v2\/posts\/422082","targetHints":{"allow":["GET"]}}],"collection":[{"href":"https:\/\/portaltela.pt\/api\/wp\/v2\/posts"}],"about":[{"href":"https:\/\/portaltela.pt\/api\/wp\/v2\/types\/post"}],"author":[{"embeddable":true,"href":"https:\/\/portaltela.pt\/api\/wp\/v2\/users\/2"}],"replies":[{"embeddable":true,"href":"https:\/\/portaltela.pt\/api\/wp\/v2\/comments?post=422082"}],"version-history":[{"count":0,"href":"https:\/\/portaltela.pt\/api\/wp\/v2\/posts\/422082\/revisions"}],"wp:featuredmedia":[{"embeddable":true,"href":"https:\/\/portaltela.pt\/api\/wp\/v2\/media\/422084"}],"wp:attachment":[{"href":"https:\/\/portaltela.pt\/api\/wp\/v2\/media?parent=422082"}],"wp:term":[{"taxonomy":"category","embeddable":true,"href":"https:\/\/portaltela.pt\/api\/wp\/v2\/categories?post=422082"},{"taxonomy":"post_tag","embeddable":true,"href":"https:\/\/portaltela.pt\/api\/wp\/v2\/tags?post=422082"}],"curies":[{"name":"wp","href":"https:\/\/api.w.org\/{rel}","templated":true}]}}