{"id":422056,"date":"2026-03-26T08:16:38","date_gmt":"2026-03-26T11:16:38","guid":{"rendered":"https:\/\/portaltela.pt\/noticias\/2026\/03\/26\/agricultores-enfrentam-subida-de-precos-devido-ao-conflito-no-medio-oriente\/"},"modified":"2026-03-26T08:16:38","modified_gmt":"2026-03-26T11:16:38","slug":"agricultores-enfrentam-subida-de-precos-devido-ao-conflito-no-medio-oriente","status":"publish","type":"post","link":"https:\/\/portaltela.pt\/noticias\/economia\/2026\/03\/26\/agricultores-enfrentam-subida-de-precos-devido-ao-conflito-no-medio-oriente\/","title":{"rendered":"Agricultores enfrentam subida de pre\u00e7os devido ao conflito no M\u00e9dio Oriente"},"content":{"rendered":"<p>O pre\u00e7o do gas\u00f3leo agr\u00edcola disparou em Portugal, impulsionado pela instabilidade no M\u00e9dio Oriente, e os agricultores confrontam dificuldades financeiras. A subida afeta o funcionamento de m\u00e1quinas e equipamentos no campo.<\/p>\n<p>Os produtores nacionais indicam que o aumento compromete a rentabilidade e a produ\u00e7\u00e3o de alimentos de forma sustent\u00e1vel. Muitos apelam a medidas p\u00fablicas para mitigar o impacto.<\/p>\n<p>A subida do combust\u00edvel \u00e9 atribu\u00edda \u00e0 volatilidade do petr\u00f3leo no mercado internacional, que se reflete nos custos de produ\u00e7\u00e3o agr\u00edcola em Portugal. Agricultores pedem a\u00e7\u00f5es r\u00e1pidas do Governo para evitar danos no setor.<\/p>\n<h3>Impacto no setor agr\u00edcola<\/h3>\n<p>O encargo adicional repercute na produ\u00e7\u00e3o e pode ser repassado aos pre\u00e7os dos alimentos. A depender da pol\u00edtica p\u00fablica, a crise poder\u00e1 exigir ajustes nas margens e apoio direto aos produtores.<\/p>\n<p>Despesas com gas\u00f3leo elevadas criam press\u00e3o sobre pequenas e m\u00e9dias explora\u00e7\u00f5es agr\u00edcolas, aumentando a urg\u00eancia de solu\u00e7\u00f5es para assegurar a continuidade da produ\u00e7\u00e3o nacional. O Governo ainda n\u00e3o anunciou medidas espec\u00edficas.<\/p>\n","protected":false},"excerpt":{"rendered":"<ul>\n<li>O gas\u00f3leo agr\u00edcola disparou de pre\u00e7o devido ao conflito no M\u00e9dio Oriente, prejudicando os agricultores portugueses.<\/li>\n<li>A subida de pre\u00e7os est\u00e1 a afectar a rentabilidade e a capacidade de produzir alimentos de forma sustent\u00e1vel.<\/li>\n<li>Agricultores pedem ao Governo medidas urgentes para mitigar o impacto desta crise energ\u00e9tica no setor agr\u00edcola.<\/li>\n<li>O aumento do gas\u00f3leo agr\u00edcola implica custos adicionais na produ\u00e7\u00e3o e pode refletir-se nos pre\u00e7os finais dos alimentos.<\/li>\n<\/ul>\n","protected":false},"author":2,"featured_media":422059,"comment_status":"closed","ping_status":"closed","sticky":false,"template":"","format":"standard","meta":{"footnotes":""},"categories":[2,6735],"tags":[5508,6416,179,2792,28,7296],"class_list":["post-422056","post","type-post","status-publish","format-standard","has-post-thumbnail","hentry","category-economia","category-negocios","tag-abastecimento-de-combustivel","tag-agricultores","tag-agricultura","tag-conflito-internacional","tag-economia","tag-precos"],"yoast_head":"<!-- This site is optimized with the Yoast SEO plugin v27.2 - https:\/\/yoast.com\/product\/yoast-seo-wordpress\/ -->\n<title>Agricultores enfrentam subida de pre\u00e7os devido ao conflito no M\u00e9dio Oriente - Portal Tela Portugal<\/title>\n<meta name=\"robots\" content=\"index, follow, max-snippet:-1, max-image-preview:large, max-video-preview:-1\" \/>\n<meta property=\"og:locale\" content=\"pt_PT\" \/>\n<meta property=\"og:type\" content=\"article\" \/>\n<meta property=\"og:title\" content=\"Agricultores enfrentam subida de pre\u00e7os devido ao conflito no M\u00e9dio Oriente - Portal Tela Portugal\" \/>\n<meta property=\"og:description\" content=\"O gas\u00f3leo agr\u00edcola disparou de pre\u00e7o devido ao conflito no M\u00e9dio Oriente, prejudicando os agricultores portugueses. A subida de pre\u00e7os est\u00e1 a afectar a rentabilidade e a capacidade de produzir alimentos de forma sustent\u00e1vel. Agricultores pedem ao Governo medidas urgentes para mitigar o impacto desta crise energ\u00e9tica no setor agr\u00edcola. O aumento do gas\u00f3leo agr\u00edcola implica custos adicionais na produ\u00e7\u00e3o e pode refletir-se nos pre\u00e7os finais dos alimentos.\" \/>\n<meta property=\"og:url\" content=\"https:\/\/portaltela.pt\/noticias\/2026\/03\/26\/agricultores-enfrentam-subida-de-precos-devido-ao-conflito-no-medio-oriente\/\" \/>\n<meta property=\"og:site_name\" content=\"Portal Tela Portugal\" \/>\n<meta property=\"article:published_time\" content=\"2026-03-26T11:16:38+00:00\" \/>\n<meta name=\"author\" content=\"Telinha\" \/>\n<meta name=\"twitter:card\" content=\"summary_large_image\" \/>\n<meta name=\"twitter:label1\" content=\"Escrito por\" \/>\n\t<meta name=\"twitter:data1\" content=\"Telinha\" \/>\n\t<meta name=\"twitter:label2\" content=\"Tempo estimado de leitura\" \/>\n\t<meta name=\"twitter:data2\" content=\"1 minuto\" \/>\n<script type=\"application\/ld+json\" class=\"yoast-schema-graph\">{\"@context\":\"https:\/\/schema.org\",\"@graph\":[{\"@type\":\"Article\",\"@id\":\"https:\/\/portaltela.pt\/noticias\/2026\/03\/26\/agricultores-enfrentam-subida-de-precos-devido-ao-conflito-no-medio-oriente\/#article\",\"isPartOf\":{\"@id\":\"https:\/\/portaltela.pt\/noticias\/2026\/03\/26\/agricultores-enfrentam-subida-de-precos-devido-ao-conflito-no-medio-oriente\/\"},\"author\":{\"name\":\"Telinha\",\"@id\":\"https:\/\/portaltela.pt\/#\/schema\/person\/c4278d4a6028830caff9ee44b42d32ed\"},\"headline\":\"Agricultores enfrentam subida de pre\u00e7os devido ao conflito no M\u00e9dio Oriente\",\"datePublished\":\"2026-03-26T11:16:38+00:00\",\"mainEntityOfPage\":{\"@id\":\"https:\/\/portaltela.pt\/noticias\/2026\/03\/26\/agricultores-enfrentam-subida-de-precos-devido-ao-conflito-no-medio-oriente\/\"},\"wordCount\":199,\"image\":{\"@id\":\"https:\/\/portaltela.pt\/noticias\/2026\/03\/26\/agricultores-enfrentam-subida-de-precos-devido-ao-conflito-no-medio-oriente\/#primaryimage\"},\"thumbnailUrl\":\"https:\/\/portaltela.pt\/s.01k8rhncp4jt1\/2026\/03\/img_1280x722uu2026-03-26-10-31-28-2274888.jpg\",\"keywords\":[\"abastecimento de combust\u00edvel\",\"agricultores\",\"agricultura\",\"conflito internacional\",\"economia\",\"pre\u00e7os\"],\"articleSection\":[\"Economia\",\"Neg\u00f3cios\"],\"inLanguage\":\"pt-PT\"},{\"@type\":\"WebPage\",\"@id\":\"https:\/\/portaltela.pt\/noticias\/2026\/03\/26\/agricultores-enfrentam-subida-de-precos-devido-ao-conflito-no-medio-oriente\/\",\"url\":\"https:\/\/portaltela.pt\/noticias\/2026\/03\/26\/agricultores-enfrentam-subida-de-precos-devido-ao-conflito-no-medio-oriente\/\",\"name\":\"Agricultores enfrentam subida de pre\u00e7os devido ao conflito no M\u00e9dio Oriente - Portal Tela Portugal\",\"isPartOf\":{\"@id\":\"https:\/\/portaltela.pt\/#website\"},\"primaryImageOfPage\":{\"@id\":\"https:\/\/portaltela.pt\/noticias\/2026\/03\/26\/agricultores-enfrentam-subida-de-precos-devido-ao-conflito-no-medio-oriente\/#primaryimage\"},\"image\":{\"@id\":\"https:\/\/portaltela.pt\/noticias\/2026\/03\/26\/agricultores-enfrentam-subida-de-precos-devido-ao-conflito-no-medio-oriente\/#primaryimage\"},\"thumbnailUrl\":\"https:\/\/portaltela.pt\/s.01k8rhncp4jt1\/2026\/03\/img_1280x722uu2026-03-26-10-31-28-2274888.jpg\",\"datePublished\":\"2026-03-26T11:16:38+00:00\",\"author\":{\"@id\":\"https:\/\/portaltela.pt\/#\/schema\/person\/c4278d4a6028830caff9ee44b42d32ed\"},\"breadcrumb\":{\"@id\":\"https:\/\/portaltela.pt\/noticias\/2026\/03\/26\/agricultores-enfrentam-subida-de-precos-devido-ao-conflito-no-medio-oriente\/#breadcrumb\"},\"inLanguage\":\"pt-PT\",\"potentialAction\":[{\"@type\":\"ReadAction\",\"target\":[\"https:\/\/portaltela.pt\/noticias\/2026\/03\/26\/agricultores-enfrentam-subida-de-precos-devido-ao-conflito-no-medio-oriente\/\"]}]},{\"@type\":\"ImageObject\",\"inLanguage\":\"pt-PT\",\"@id\":\"https:\/\/portaltela.pt\/noticias\/2026\/03\/26\/agricultores-enfrentam-subida-de-precos-devido-ao-conflito-no-medio-oriente\/#primaryimage\",\"url\":\"https:\/\/portaltela.pt\/s.01k8rhncp4jt1\/2026\/03\/img_1280x722uu2026-03-26-10-31-28-2274888.jpg\",\"contentUrl\":\"https:\/\/portaltela.pt\/s.01k8rhncp4jt1\/2026\/03\/img_1280x722uu2026-03-26-10-31-28-2274888.jpg\",\"width\":796,\"height\":448,\"caption\":\"Photo\"},{\"@type\":\"BreadcrumbList\",\"@id\":\"https:\/\/portaltela.pt\/noticias\/2026\/03\/26\/agricultores-enfrentam-subida-de-precos-devido-ao-conflito-no-medio-oriente\/#breadcrumb\",\"itemListElement\":[{\"@type\":\"ListItem\",\"position\":1,\"name\":\"In\u00edcio\",\"item\":\"https:\/\/portaltela.pt\/\"},{\"@type\":\"ListItem\",\"position\":2,\"name\":\"Agricultores enfrentam subida de pre\u00e7os devido ao conflito no M\u00e9dio Oriente\"}]},{\"@type\":\"WebSite\",\"@id\":\"https:\/\/portaltela.pt\/#website\",\"url\":\"https:\/\/portaltela.pt\/\",\"name\":\"Portal Tela Portugal\",\"description\":\"\",\"potentialAction\":[{\"@type\":\"SearchAction\",\"target\":{\"@type\":\"EntryPoint\",\"urlTemplate\":\"https:\/\/portaltela.pt\/?s={search_term_string}\"},\"query-input\":{\"@type\":\"PropertyValueSpecification\",\"valueRequired\":true,\"valueName\":\"search_term_string\"}}],\"inLanguage\":\"pt-PT\"},{\"@type\":\"Person\",\"@id\":\"https:\/\/portaltela.pt\/#\/schema\/person\/c4278d4a6028830caff9ee44b42d32ed\",\"name\":\"Telinha\",\"image\":{\"@type\":\"ImageObject\",\"inLanguage\":\"pt-PT\",\"@id\":\"https:\/\/portaltela.pt\/s.01k8rhncp4jt1\/2025\/11\/talking-bot-125x125.png\",\"url\":\"https:\/\/portaltela.pt\/s.01k8rhncp4jt1\/2025\/11\/talking-bot-125x125.png\",\"contentUrl\":\"https:\/\/portaltela.pt\/s.01k8rhncp4jt1\/2025\/11\/talking-bot-125x125.png\",\"caption\":\"Telinha\"},\"sameAs\":[\"https:\/\/portaltela.pt\/\"],\"url\":\"https:\/\/portaltela.pt\/por\/367410592786\/\"}]}<\/script>\n<!-- \/ Yoast SEO plugin. -->","yoast_head_json":{"title":"Agricultores enfrentam subida de pre\u00e7os devido ao conflito no M\u00e9dio Oriente - Portal Tela Portugal","robots":{"index":"index","follow":"follow","max-snippet":"max-snippet:-1","max-image-preview":"max-image-preview:large","max-video-preview":"max-video-preview:-1"},"og_locale":"pt_PT","og_type":"article","og_title":"Agricultores enfrentam subida de pre\u00e7os devido ao conflito no M\u00e9dio Oriente - Portal Tela Portugal","og_description":"O gas\u00f3leo agr\u00edcola disparou de pre\u00e7o devido ao conflito no M\u00e9dio Oriente, prejudicando os agricultores portugueses. A subida de pre\u00e7os est\u00e1 a afectar a rentabilidade e a capacidade de produzir alimentos de forma sustent\u00e1vel. Agricultores pedem ao Governo medidas urgentes para mitigar o impacto desta crise energ\u00e9tica no setor agr\u00edcola. O aumento do gas\u00f3leo agr\u00edcola implica custos adicionais na produ\u00e7\u00e3o e pode refletir-se nos pre\u00e7os finais dos alimentos.","og_url":"https:\/\/portaltela.pt\/noticias\/2026\/03\/26\/agricultores-enfrentam-subida-de-precos-devido-ao-conflito-no-medio-oriente\/","og_site_name":"Portal Tela Portugal","article_published_time":"2026-03-26T11:16:38+00:00","author":"Telinha","twitter_card":"summary_large_image","twitter_misc":{"Escrito por":"Telinha","Tempo estimado de leitura":"1 minuto"},"schema":{"@context":"https:\/\/schema.org","@graph":[{"@type":"Article","@id":"https:\/\/portaltela.pt\/noticias\/2026\/03\/26\/agricultores-enfrentam-subida-de-precos-devido-ao-conflito-no-medio-oriente\/#article","isPartOf":{"@id":"https:\/\/portaltela.pt\/noticias\/2026\/03\/26\/agricultores-enfrentam-subida-de-precos-devido-ao-conflito-no-medio-oriente\/"},"author":{"name":"Telinha","@id":"https:\/\/portaltela.pt\/#\/schema\/person\/c4278d4a6028830caff9ee44b42d32ed"},"headline":"Agricultores enfrentam subida de pre\u00e7os devido ao conflito no M\u00e9dio Oriente","datePublished":"2026-03-26T11:16:38+00:00","mainEntityOfPage":{"@id":"https:\/\/portaltela.pt\/noticias\/2026\/03\/26\/agricultores-enfrentam-subida-de-precos-devido-ao-conflito-no-medio-oriente\/"},"wordCount":199,"image":{"@id":"https:\/\/portaltela.pt\/noticias\/2026\/03\/26\/agricultores-enfrentam-subida-de-precos-devido-ao-conflito-no-medio-oriente\/#primaryimage"},"thumbnailUrl":"https:\/\/portaltela.pt\/s.01k8rhncp4jt1\/2026\/03\/img_1280x722uu2026-03-26-10-31-28-2274888.jpg","keywords":["abastecimento de combust\u00edvel","agricultores","agricultura","conflito internacional","economia","pre\u00e7os"],"articleSection":["Economia","Neg\u00f3cios"],"inLanguage":"pt-PT"},{"@type":"WebPage","@id":"https:\/\/portaltela.pt\/noticias\/2026\/03\/26\/agricultores-enfrentam-subida-de-precos-devido-ao-conflito-no-medio-oriente\/","url":"https:\/\/portaltela.pt\/noticias\/2026\/03\/26\/agricultores-enfrentam-subida-de-precos-devido-ao-conflito-no-medio-oriente\/","name":"Agricultores enfrentam subida de pre\u00e7os devido ao conflito no M\u00e9dio Oriente - Portal Tela Portugal","isPartOf":{"@id":"https:\/\/portaltela.pt\/#website"},"primaryImageOfPage":{"@id":"https:\/\/portaltela.pt\/noticias\/2026\/03\/26\/agricultores-enfrentam-subida-de-precos-devido-ao-conflito-no-medio-oriente\/#primaryimage"},"image":{"@id":"https:\/\/portaltela.pt\/noticias\/2026\/03\/26\/agricultores-enfrentam-subida-de-precos-devido-ao-conflito-no-medio-oriente\/#primaryimage"},"thumbnailUrl":"https:\/\/portaltela.pt\/s.01k8rhncp4jt1\/2026\/03\/img_1280x722uu2026-03-26-10-31-28-2274888.jpg","datePublished":"2026-03-26T11:16:38+00:00","author":{"@id":"https:\/\/portaltela.pt\/#\/schema\/person\/c4278d4a6028830caff9ee44b42d32ed"},"breadcrumb":{"@id":"https:\/\/portaltela.pt\/noticias\/2026\/03\/26\/agricultores-enfrentam-subida-de-precos-devido-ao-conflito-no-medio-oriente\/#breadcrumb"},"inLanguage":"pt-PT","potentialAction":[{"@type":"ReadAction","target":["https:\/\/portaltela.pt\/noticias\/2026\/03\/26\/agricultores-enfrentam-subida-de-precos-devido-ao-conflito-no-medio-oriente\/"]}]},{"@type":"ImageObject","inLanguage":"pt-PT","@id":"https:\/\/portaltela.pt\/noticias\/2026\/03\/26\/agricultores-enfrentam-subida-de-precos-devido-ao-conflito-no-medio-oriente\/#primaryimage","url":"https:\/\/portaltela.pt\/s.01k8rhncp4jt1\/2026\/03\/img_1280x722uu2026-03-26-10-31-28-2274888.jpg","contentUrl":"https:\/\/portaltela.pt\/s.01k8rhncp4jt1\/2026\/03\/img_1280x722uu2026-03-26-10-31-28-2274888.jpg","width":796,"height":448,"caption":"Photo"},{"@type":"BreadcrumbList","@id":"https:\/\/portaltela.pt\/noticias\/2026\/03\/26\/agricultores-enfrentam-subida-de-precos-devido-ao-conflito-no-medio-oriente\/#breadcrumb","itemListElement":[{"@type":"ListItem","position":1,"name":"In\u00edcio","item":"https:\/\/portaltela.pt\/"},{"@type":"ListItem","position":2,"name":"Agricultores enfrentam subida de pre\u00e7os devido ao conflito no M\u00e9dio Oriente"}]},{"@type":"WebSite","@id":"https:\/\/portaltela.pt\/#website","url":"https:\/\/portaltela.pt\/","name":"Portal Tela Portugal","description":"","potentialAction":[{"@type":"SearchAction","target":{"@type":"EntryPoint","urlTemplate":"https:\/\/portaltela.pt\/?s={search_term_string}"},"query-input":{"@type":"PropertyValueSpecification","valueRequired":true,"valueName":"search_term_string"}}],"inLanguage":"pt-PT"},{"@type":"Person","@id":"https:\/\/portaltela.pt\/#\/schema\/person\/c4278d4a6028830caff9ee44b42d32ed","name":"Telinha","image":{"@type":"ImageObject","inLanguage":"pt-PT","@id":"https:\/\/portaltela.pt\/s.01k8rhncp4jt1\/2025\/11\/talking-bot-125x125.png","url":"https:\/\/portaltela.pt\/s.01k8rhncp4jt1\/2025\/11\/talking-bot-125x125.png","contentUrl":"https:\/\/portaltela.pt\/s.01k8rhncp4jt1\/2025\/11\/talking-bot-125x125.png","caption":"Telinha"},"sameAs":["https:\/\/portaltela.pt\/"],"url":"https:\/\/portaltela.pt\/por\/367410592786\/"}]}},"_links":{"self":[{"href":"https:\/\/portaltela.pt\/api\/wp\/v2\/posts\/422056","targetHints":{"allow":["GET"]}}],"collection":[{"href":"https:\/\/portaltela.pt\/api\/wp\/v2\/posts"}],"about":[{"href":"https:\/\/portaltela.pt\/api\/wp\/v2\/types\/post"}],"author":[{"embeddable":true,"href":"https:\/\/portaltela.pt\/api\/wp\/v2\/users\/2"}],"replies":[{"embeddable":true,"href":"https:\/\/portaltela.pt\/api\/wp\/v2\/comments?post=422056"}],"version-history":[{"count":0,"href":"https:\/\/portaltela.pt\/api\/wp\/v2\/posts\/422056\/revisions"}],"wp:featuredmedia":[{"embeddable":true,"href":"https:\/\/portaltela.pt\/api\/wp\/v2\/media\/422059"}],"wp:attachment":[{"href":"https:\/\/portaltela.pt\/api\/wp\/v2\/media?parent=422056"}],"wp:term":[{"taxonomy":"category","embeddable":true,"href":"https:\/\/portaltela.pt\/api\/wp\/v2\/categories?post=422056"},{"taxonomy":"post_tag","embeddable":true,"href":"https:\/\/portaltela.pt\/api\/wp\/v2\/tags?post=422056"}],"curies":[{"name":"wp","href":"https:\/\/api.w.org\/{rel}","templated":true}]}}