{"id":422052,"date":"2026-03-26T08:27:26","date_gmt":"2026-03-26T11:27:26","guid":{"rendered":"https:\/\/portaltela.pt\/noticias\/2026\/03\/26\/maya-jama-e-ruben-dias-vistos-em-portugal-na-praia\/"},"modified":"2026-03-26T08:27:26","modified_gmt":"2026-03-26T11:27:26","slug":"maya-jama-e-ruben-dias-vistos-em-portugal-na-praia","status":"publish","type":"post","link":"https:\/\/portaltela.pt\/celebridades\/2026\/03\/26\/maya-jama-e-ruben-dias-vistos-em-portugal-na-praia\/","title":{"rendered":"Maya Jama e R\u00faben Dias vistos em Portugal na praia"},"content":{"rendered":"<p>Maya Jama e R\u00faben Dias foram vistos numa escapadela rom\u00e2ntica em Portugal, onde chegaram para apreciar o p\u00f4r do sol na praia. O casal, que mant\u00e9m rela\u00e7\u00e3o p\u00fablica desde 2025, escolheu um cen\u00e1rio portugu\u00eas para o que parece ser uma pausa simples, longe da imprensa brit\u00e2nica.<\/p>\n<p>Segundo relatos, ap\u00f3s aterrarem, seguiram de carro pela Ponte Vasco da Gama e chegaram ao areal, num programa de lazer partilhado nas redes sociais da apresentadora. A ideia parece ter sido aproveitar o dia sem grande aparato medi\u00e1tico.<\/p>\n<p>A rela\u00e7\u00e3o entre a apresentadora e o defesa do Manchester City tornou-se p\u00fablica em 2025, depois de rumores acumulados desde o final de 2024. O casal tem aparecido junto em eventos, jogos e momentos familiares, incluindo Maya Jama a conhecer os pais de Dias em Portugal.<\/p>\n<h3>Rela\u00e7\u00e3o sob escrut\u00ednio medi\u00e1tico<\/h3>\n<p>A presen\u00e7a do casal em eventos desportivos e na passadeira vermelha tem sido amplamente coberta pela imprensa brit\u00e2nica. Cada apari\u00e7\u00e3o p\u00fablica atrai aten\u00e7\u00e3o intensa, com os meios a acompanhar de perto cada passo de ambos. A imprensa internacional acompanha o interesse gerado pela dupla.<\/p>\n","protected":false},"excerpt":{"rendered":"<ul>\n<li>Maya Jama e R\u00faben Dias est\u00e3o em Portugal para uma escapadinha rom\u00e2ntica, tendo desfrutado do p\u00f4r-do-sol numa praia portuguesa.<\/li>\n<li>Nos stories, surgem imagens da costa, do casal a atravessar a Ponte Vasco da Gama de carro at\u00e9 ao areal.<\/li>\n<li>A rela\u00e7\u00e3o tornou-se p\u00fablica em 2025, depois de rumores iniciados em final de 2024, com o casal j\u00e1 a aparecer junto em eventos, jogos e em momentos familiares.<\/li>\n<li>Maya Jama conheceu os pais de R\u00faben Dias em Portugal, sinal de que o namoro est\u00e1 a levar-se a s\u00e9rio.<\/li>\n<li>A imprensa brit\u00e2nica acompanha de perto cada passo do casal, com as apari\u00e7\u00f5es p\u00fablicas a ganhar destaque, por vezes mais do que os pr\u00f3prios jogos.<\/li>\n<\/ul>\n","protected":false},"author":2,"featured_media":422057,"comment_status":"closed","ping_status":"closed","sticky":false,"template":"","format":"standard","meta":{"footnotes":""},"categories":[6675],"tags":[3259,7527,5661,1014,5295,1196],"class_list":["post-422052","post","type-post","status-publish","format-standard","has-post-thumbnail","hentry","category-celebridades","tag-celebidades","tag-maya-jama","tag-pessoas-publicas","tag-portugal","tag-ruben-dias","tag-vida-privada"],"yoast_head":"<!-- This site is optimized with the Yoast SEO plugin v27.2 - https:\/\/yoast.com\/product\/yoast-seo-wordpress\/ -->\n<title>Maya Jama e R\u00faben Dias vistos em Portugal na praia - Portal Tela Portugal<\/title>\n<meta name=\"robots\" content=\"index, follow, max-snippet:-1, max-image-preview:large, max-video-preview:-1\" \/>\n<meta property=\"og:locale\" content=\"pt_PT\" \/>\n<meta property=\"og:type\" content=\"article\" \/>\n<meta property=\"og:title\" content=\"Maya Jama e R\u00faben Dias vistos em Portugal na praia - Portal Tela Portugal\" \/>\n<meta property=\"og:description\" content=\"Maya Jama e R\u00faben Dias est\u00e3o em Portugal para uma escapadinha rom\u00e2ntica, tendo desfrutado do p\u00f4r-do-sol numa praia portuguesa. Nos stories, surgem imagens da costa, do casal a atravessar a Ponte Vasco da Gama de carro at\u00e9 ao areal. A rela\u00e7\u00e3o tornou-se p\u00fablica em 2025, depois de rumores iniciados em final de 2024, com o casal j\u00e1 a aparecer junto em eventos, jogos e em momentos familiares. Maya Jama conheceu os pais de R\u00faben Dias em Portugal, sinal de que o namoro est\u00e1 a levar-se a s\u00e9rio. A imprensa brit\u00e2nica acompanha de perto cada passo do casal, com as apari\u00e7\u00f5es p\u00fablicas a ganhar destaque, por vezes mais do que os pr\u00f3prios jogos.\" \/>\n<meta property=\"og:url\" content=\"https:\/\/portaltela.pt\/noticias\/2026\/03\/26\/maya-jama-e-ruben-dias-vistos-em-portugal-na-praia\/\" \/>\n<meta property=\"og:site_name\" content=\"Portal Tela Portugal\" \/>\n<meta property=\"article:published_time\" content=\"2026-03-26T11:27:26+00:00\" \/>\n<meta name=\"author\" content=\"Telinha\" \/>\n<meta name=\"twitter:card\" content=\"summary_large_image\" \/>\n<meta name=\"twitter:label1\" content=\"Escrito por\" \/>\n\t<meta name=\"twitter:data1\" content=\"Telinha\" \/>\n\t<meta name=\"twitter:label2\" content=\"Tempo estimado de leitura\" \/>\n\t<meta name=\"twitter:data2\" content=\"1 minuto\" \/>\n<script type=\"application\/ld+json\" class=\"yoast-schema-graph\">{\"@context\":\"https:\/\/schema.org\",\"@graph\":[{\"@type\":\"Article\",\"@id\":\"https:\/\/portaltela.pt\/noticias\/2026\/03\/26\/maya-jama-e-ruben-dias-vistos-em-portugal-na-praia\/#article\",\"isPartOf\":{\"@id\":\"https:\/\/portaltela.pt\/noticias\/2026\/03\/26\/maya-jama-e-ruben-dias-vistos-em-portugal-na-praia\/\"},\"author\":{\"name\":\"Telinha\",\"@id\":\"https:\/\/portaltela.pt\/#\/schema\/person\/c4278d4a6028830caff9ee44b42d32ed\"},\"headline\":\"Maya Jama e R\u00faben Dias vistos em Portugal na praia\",\"datePublished\":\"2026-03-26T11:27:26+00:00\",\"mainEntityOfPage\":{\"@id\":\"https:\/\/portaltela.pt\/noticias\/2026\/03\/26\/maya-jama-e-ruben-dias-vistos-em-portugal-na-praia\/\"},\"wordCount\":207,\"image\":{\"@id\":\"https:\/\/portaltela.pt\/noticias\/2026\/03\/26\/maya-jama-e-ruben-dias-vistos-em-portugal-na-praia\/#primaryimage\"},\"thumbnailUrl\":\"https:\/\/portaltela.pt\/s.01k8rhncp4jt1\/2026\/03\/img_1280x718uu2026-01-29-23-02-00-2262174.jpg\",\"keywords\":[\"celebidades\",\"Maya Jama\",\"pessoas p\u00fablicas\",\"Portugal\",\"R\u00faben Dias\",\"Vida Privada\"],\"articleSection\":[\"Celebridades\"],\"inLanguage\":\"pt-PT\"},{\"@type\":\"WebPage\",\"@id\":\"https:\/\/portaltela.pt\/noticias\/2026\/03\/26\/maya-jama-e-ruben-dias-vistos-em-portugal-na-praia\/\",\"url\":\"https:\/\/portaltela.pt\/noticias\/2026\/03\/26\/maya-jama-e-ruben-dias-vistos-em-portugal-na-praia\/\",\"name\":\"Maya Jama e R\u00faben Dias vistos em Portugal na praia - Portal Tela Portugal\",\"isPartOf\":{\"@id\":\"https:\/\/portaltela.pt\/#website\"},\"primaryImageOfPage\":{\"@id\":\"https:\/\/portaltela.pt\/noticias\/2026\/03\/26\/maya-jama-e-ruben-dias-vistos-em-portugal-na-praia\/#primaryimage\"},\"image\":{\"@id\":\"https:\/\/portaltela.pt\/noticias\/2026\/03\/26\/maya-jama-e-ruben-dias-vistos-em-portugal-na-praia\/#primaryimage\"},\"thumbnailUrl\":\"https:\/\/portaltela.pt\/s.01k8rhncp4jt1\/2026\/03\/img_1280x718uu2026-01-29-23-02-00-2262174.jpg\",\"datePublished\":\"2026-03-26T11:27:26+00:00\",\"author\":{\"@id\":\"https:\/\/portaltela.pt\/#\/schema\/person\/c4278d4a6028830caff9ee44b42d32ed\"},\"breadcrumb\":{\"@id\":\"https:\/\/portaltela.pt\/noticias\/2026\/03\/26\/maya-jama-e-ruben-dias-vistos-em-portugal-na-praia\/#breadcrumb\"},\"inLanguage\":\"pt-PT\",\"potentialAction\":[{\"@type\":\"ReadAction\",\"target\":[\"https:\/\/portaltela.pt\/noticias\/2026\/03\/26\/maya-jama-e-ruben-dias-vistos-em-portugal-na-praia\/\"]}]},{\"@type\":\"ImageObject\",\"inLanguage\":\"pt-PT\",\"@id\":\"https:\/\/portaltela.pt\/noticias\/2026\/03\/26\/maya-jama-e-ruben-dias-vistos-em-portugal-na-praia\/#primaryimage\",\"url\":\"https:\/\/portaltela.pt\/s.01k8rhncp4jt1\/2026\/03\/img_1280x718uu2026-01-29-23-02-00-2262174.jpg\",\"contentUrl\":\"https:\/\/portaltela.pt\/s.01k8rhncp4jt1\/2026\/03\/img_1280x718uu2026-01-29-23-02-00-2262174.jpg\",\"width\":796,\"height\":448,\"caption\":\"Maya Jama e Ruben Dias\"},{\"@type\":\"BreadcrumbList\",\"@id\":\"https:\/\/portaltela.pt\/noticias\/2026\/03\/26\/maya-jama-e-ruben-dias-vistos-em-portugal-na-praia\/#breadcrumb\",\"itemListElement\":[{\"@type\":\"ListItem\",\"position\":1,\"name\":\"In\u00edcio\",\"item\":\"https:\/\/portaltela.pt\/\"},{\"@type\":\"ListItem\",\"position\":2,\"name\":\"Maya Jama e R\u00faben Dias vistos em Portugal na praia\"}]},{\"@type\":\"WebSite\",\"@id\":\"https:\/\/portaltela.pt\/#website\",\"url\":\"https:\/\/portaltela.pt\/\",\"name\":\"Portal Tela Portugal\",\"description\":\"\",\"potentialAction\":[{\"@type\":\"SearchAction\",\"target\":{\"@type\":\"EntryPoint\",\"urlTemplate\":\"https:\/\/portaltela.pt\/?s={search_term_string}\"},\"query-input\":{\"@type\":\"PropertyValueSpecification\",\"valueRequired\":true,\"valueName\":\"search_term_string\"}}],\"inLanguage\":\"pt-PT\"},{\"@type\":\"Person\",\"@id\":\"https:\/\/portaltela.pt\/#\/schema\/person\/c4278d4a6028830caff9ee44b42d32ed\",\"name\":\"Telinha\",\"image\":{\"@type\":\"ImageObject\",\"inLanguage\":\"pt-PT\",\"@id\":\"https:\/\/portaltela.pt\/s.01k8rhncp4jt1\/2025\/11\/talking-bot-125x125.png\",\"url\":\"https:\/\/portaltela.pt\/s.01k8rhncp4jt1\/2025\/11\/talking-bot-125x125.png\",\"contentUrl\":\"https:\/\/portaltela.pt\/s.01k8rhncp4jt1\/2025\/11\/talking-bot-125x125.png\",\"caption\":\"Telinha\"},\"sameAs\":[\"https:\/\/portaltela.pt\/\"],\"url\":\"https:\/\/portaltela.pt\/por\/367410592786\/\"}]}<\/script>\n<!-- \/ Yoast SEO plugin. -->","yoast_head_json":{"title":"Maya Jama e R\u00faben Dias vistos em Portugal na praia - Portal Tela Portugal","robots":{"index":"index","follow":"follow","max-snippet":"max-snippet:-1","max-image-preview":"max-image-preview:large","max-video-preview":"max-video-preview:-1"},"og_locale":"pt_PT","og_type":"article","og_title":"Maya Jama e R\u00faben Dias vistos em Portugal na praia - Portal Tela Portugal","og_description":"Maya Jama e R\u00faben Dias est\u00e3o em Portugal para uma escapadinha rom\u00e2ntica, tendo desfrutado do p\u00f4r-do-sol numa praia portuguesa. Nos stories, surgem imagens da costa, do casal a atravessar a Ponte Vasco da Gama de carro at\u00e9 ao areal. A rela\u00e7\u00e3o tornou-se p\u00fablica em 2025, depois de rumores iniciados em final de 2024, com o casal j\u00e1 a aparecer junto em eventos, jogos e em momentos familiares. Maya Jama conheceu os pais de R\u00faben Dias em Portugal, sinal de que o namoro est\u00e1 a levar-se a s\u00e9rio. A imprensa brit\u00e2nica acompanha de perto cada passo do casal, com as apari\u00e7\u00f5es p\u00fablicas a ganhar destaque, por vezes mais do que os pr\u00f3prios jogos.","og_url":"https:\/\/portaltela.pt\/noticias\/2026\/03\/26\/maya-jama-e-ruben-dias-vistos-em-portugal-na-praia\/","og_site_name":"Portal Tela Portugal","article_published_time":"2026-03-26T11:27:26+00:00","author":"Telinha","twitter_card":"summary_large_image","twitter_misc":{"Escrito por":"Telinha","Tempo estimado de leitura":"1 minuto"},"schema":{"@context":"https:\/\/schema.org","@graph":[{"@type":"Article","@id":"https:\/\/portaltela.pt\/noticias\/2026\/03\/26\/maya-jama-e-ruben-dias-vistos-em-portugal-na-praia\/#article","isPartOf":{"@id":"https:\/\/portaltela.pt\/noticias\/2026\/03\/26\/maya-jama-e-ruben-dias-vistos-em-portugal-na-praia\/"},"author":{"name":"Telinha","@id":"https:\/\/portaltela.pt\/#\/schema\/person\/c4278d4a6028830caff9ee44b42d32ed"},"headline":"Maya Jama e R\u00faben Dias vistos em Portugal na praia","datePublished":"2026-03-26T11:27:26+00:00","mainEntityOfPage":{"@id":"https:\/\/portaltela.pt\/noticias\/2026\/03\/26\/maya-jama-e-ruben-dias-vistos-em-portugal-na-praia\/"},"wordCount":207,"image":{"@id":"https:\/\/portaltela.pt\/noticias\/2026\/03\/26\/maya-jama-e-ruben-dias-vistos-em-portugal-na-praia\/#primaryimage"},"thumbnailUrl":"https:\/\/portaltela.pt\/s.01k8rhncp4jt1\/2026\/03\/img_1280x718uu2026-01-29-23-02-00-2262174.jpg","keywords":["celebidades","Maya Jama","pessoas p\u00fablicas","Portugal","R\u00faben Dias","Vida Privada"],"articleSection":["Celebridades"],"inLanguage":"pt-PT"},{"@type":"WebPage","@id":"https:\/\/portaltela.pt\/noticias\/2026\/03\/26\/maya-jama-e-ruben-dias-vistos-em-portugal-na-praia\/","url":"https:\/\/portaltela.pt\/noticias\/2026\/03\/26\/maya-jama-e-ruben-dias-vistos-em-portugal-na-praia\/","name":"Maya Jama e R\u00faben Dias vistos em Portugal na praia - Portal Tela Portugal","isPartOf":{"@id":"https:\/\/portaltela.pt\/#website"},"primaryImageOfPage":{"@id":"https:\/\/portaltela.pt\/noticias\/2026\/03\/26\/maya-jama-e-ruben-dias-vistos-em-portugal-na-praia\/#primaryimage"},"image":{"@id":"https:\/\/portaltela.pt\/noticias\/2026\/03\/26\/maya-jama-e-ruben-dias-vistos-em-portugal-na-praia\/#primaryimage"},"thumbnailUrl":"https:\/\/portaltela.pt\/s.01k8rhncp4jt1\/2026\/03\/img_1280x718uu2026-01-29-23-02-00-2262174.jpg","datePublished":"2026-03-26T11:27:26+00:00","author":{"@id":"https:\/\/portaltela.pt\/#\/schema\/person\/c4278d4a6028830caff9ee44b42d32ed"},"breadcrumb":{"@id":"https:\/\/portaltela.pt\/noticias\/2026\/03\/26\/maya-jama-e-ruben-dias-vistos-em-portugal-na-praia\/#breadcrumb"},"inLanguage":"pt-PT","potentialAction":[{"@type":"ReadAction","target":["https:\/\/portaltela.pt\/noticias\/2026\/03\/26\/maya-jama-e-ruben-dias-vistos-em-portugal-na-praia\/"]}]},{"@type":"ImageObject","inLanguage":"pt-PT","@id":"https:\/\/portaltela.pt\/noticias\/2026\/03\/26\/maya-jama-e-ruben-dias-vistos-em-portugal-na-praia\/#primaryimage","url":"https:\/\/portaltela.pt\/s.01k8rhncp4jt1\/2026\/03\/img_1280x718uu2026-01-29-23-02-00-2262174.jpg","contentUrl":"https:\/\/portaltela.pt\/s.01k8rhncp4jt1\/2026\/03\/img_1280x718uu2026-01-29-23-02-00-2262174.jpg","width":796,"height":448,"caption":"Maya Jama e Ruben Dias"},{"@type":"BreadcrumbList","@id":"https:\/\/portaltela.pt\/noticias\/2026\/03\/26\/maya-jama-e-ruben-dias-vistos-em-portugal-na-praia\/#breadcrumb","itemListElement":[{"@type":"ListItem","position":1,"name":"In\u00edcio","item":"https:\/\/portaltela.pt\/"},{"@type":"ListItem","position":2,"name":"Maya Jama e R\u00faben Dias vistos em Portugal na praia"}]},{"@type":"WebSite","@id":"https:\/\/portaltela.pt\/#website","url":"https:\/\/portaltela.pt\/","name":"Portal Tela Portugal","description":"","potentialAction":[{"@type":"SearchAction","target":{"@type":"EntryPoint","urlTemplate":"https:\/\/portaltela.pt\/?s={search_term_string}"},"query-input":{"@type":"PropertyValueSpecification","valueRequired":true,"valueName":"search_term_string"}}],"inLanguage":"pt-PT"},{"@type":"Person","@id":"https:\/\/portaltela.pt\/#\/schema\/person\/c4278d4a6028830caff9ee44b42d32ed","name":"Telinha","image":{"@type":"ImageObject","inLanguage":"pt-PT","@id":"https:\/\/portaltela.pt\/s.01k8rhncp4jt1\/2025\/11\/talking-bot-125x125.png","url":"https:\/\/portaltela.pt\/s.01k8rhncp4jt1\/2025\/11\/talking-bot-125x125.png","contentUrl":"https:\/\/portaltela.pt\/s.01k8rhncp4jt1\/2025\/11\/talking-bot-125x125.png","caption":"Telinha"},"sameAs":["https:\/\/portaltela.pt\/"],"url":"https:\/\/portaltela.pt\/por\/367410592786\/"}]}},"_links":{"self":[{"href":"https:\/\/portaltela.pt\/api\/wp\/v2\/posts\/422052","targetHints":{"allow":["GET"]}}],"collection":[{"href":"https:\/\/portaltela.pt\/api\/wp\/v2\/posts"}],"about":[{"href":"https:\/\/portaltela.pt\/api\/wp\/v2\/types\/post"}],"author":[{"embeddable":true,"href":"https:\/\/portaltela.pt\/api\/wp\/v2\/users\/2"}],"replies":[{"embeddable":true,"href":"https:\/\/portaltela.pt\/api\/wp\/v2\/comments?post=422052"}],"version-history":[{"count":0,"href":"https:\/\/portaltela.pt\/api\/wp\/v2\/posts\/422052\/revisions"}],"wp:featuredmedia":[{"embeddable":true,"href":"https:\/\/portaltela.pt\/api\/wp\/v2\/media\/422057"}],"wp:attachment":[{"href":"https:\/\/portaltela.pt\/api\/wp\/v2\/media?parent=422052"}],"wp:term":[{"taxonomy":"category","embeddable":true,"href":"https:\/\/portaltela.pt\/api\/wp\/v2\/categories?post=422052"},{"taxonomy":"post_tag","embeddable":true,"href":"https:\/\/portaltela.pt\/api\/wp\/v2\/tags?post=422052"}],"curies":[{"name":"wp","href":"https:\/\/api.w.org\/{rel}","templated":true}]}}