{"id":422047,"date":"2026-03-26T05:00:00","date_gmt":"2026-03-26T08:00:00","guid":{"rendered":"https:\/\/portaltela.pt\/noticias\/2026\/03\/26\/carlao-revisita-carreira-no-album-de-originais-quinta-essencia-75-25\/"},"modified":"2026-03-26T05:00:00","modified_gmt":"2026-03-26T08:00:00","slug":"carlao-revisita-carreira-no-album-de-originais-quinta-essencia-75-25","status":"publish","type":"post","link":"https:\/\/portaltela.pt\/musica\/2026\/03\/26\/carlao-revisita-carreira-no-album-de-originais-quinta-essencia-75-25\/","title":{"rendered":"Carl\u00e3o revisita carreira no \u00e1lbum de originais Quinta-Ess\u00eancia 75\/25"},"content":{"rendered":"<p>Carl\u00e3o edita na sexta-feira o \u00e1lbum de originais Quinta-Ess\u00eancia 75\/25, uma obra que revisita mais de 30 anos de carreira, tanto a solo como em projetos como Algod\u00e3o, Da Weasel, 5-30 e Os Dias de Raiva.<\/p>\n<p>O novo disco foca-se na leitura da evolu\u00e7\u00e3o musical do artista, apresentando uma sele\u00e7\u00e3o de temas que refletem as v\u00e1rias etapas da sua trajet\u00f3ria. A obra promete conectar passado e presente num registo coeso e equilibrado.<\/p>\n<p>Carl\u00e3o assume o papel central neste lan\u00e7amento, que agrega experi\u00eancias de diferentes fases da sua vida art\u00edstica. A produ\u00e7\u00e3o e o conceito alicer\u00e7am a ideia de um retorno aos originais que moldaram a sua identidade musical.<\/p>\n<h3>\u00c1lbum e percurso<\/h3>\n<p>O lan\u00e7amento chega num momento de corona pela imprensa musical, com expectativa sobre a recep\u00e7\u00e3o do p\u00fablico e de cr\u00edticos. A obra \u00e9 apresentada como uma viagem sonora que atravessa d\u00e9cadas.<\/p>\n","protected":false},"excerpt":{"rendered":"<ul>\n<li>Carl\u00e3o lan\u00e7a na sexta-feira o \u00e1lbum de originais Quinta-Ess\u00eancia 75\/25.<\/li>\n<li>o trabalho faz uma passagem pela carreira de mais de trinta anos, tanto a solo como nos projetos Algod\u00e3o, Da Weasel, 5-30 e Os Dias de Raiva.<\/li>\n<li>a sonoridade do disco funciona como revista ao percurso musical do artista.<\/li>\n<li>a obra apresenta o conjunto de can\u00e7\u00f5es que refletem a trajet\u00f3ria de Carl\u00e3o na m\u00fasica portuguesa.<\/li>\n<\/ul>\n","protected":false},"author":2,"featured_media":422051,"comment_status":"closed","ping_status":"closed","sticky":false,"template":"","format":"standard","meta":{"footnotes":""},"categories":[6676],"tags":[70,762,235,145,122,7482],"class_list":["post-422047","post","type-post","status-publish","format-standard","has-post-thumbnail","hentry","category-musica","tag-arte","tag-artistas","tag-carreira","tag-cultura","tag-musica","tag-producao-artistica"],"yoast_head":"<!-- This site is optimized with the Yoast SEO plugin v27.2 - https:\/\/yoast.com\/product\/yoast-seo-wordpress\/ -->\n<title>Carl\u00e3o revisita carreira no \u00e1lbum de originais Quinta-Ess\u00eancia 75\/25 - Portal Tela Portugal<\/title>\n<meta name=\"robots\" content=\"index, follow, max-snippet:-1, max-image-preview:large, max-video-preview:-1\" \/>\n<meta property=\"og:locale\" content=\"pt_PT\" \/>\n<meta property=\"og:type\" content=\"article\" \/>\n<meta property=\"og:title\" content=\"Carl\u00e3o revisita carreira no \u00e1lbum de originais Quinta-Ess\u00eancia 75\/25 - Portal Tela Portugal\" \/>\n<meta property=\"og:description\" content=\"Carl\u00e3o lan\u00e7a na sexta-feira o \u00e1lbum de originais Quinta-Ess\u00eancia 75\/25. o trabalho faz uma passagem pela carreira de mais de trinta anos, tanto a solo como nos projetos Algod\u00e3o, Da Weasel, 5-30 e Os Dias de Raiva. a sonoridade do disco funciona como revista ao percurso musical do artista. a obra apresenta o conjunto de can\u00e7\u00f5es que refletem a trajet\u00f3ria de Carl\u00e3o na m\u00fasica portuguesa.\" \/>\n<meta property=\"og:url\" content=\"https:\/\/portaltela.pt\/noticias\/2026\/03\/26\/carlao-revisita-carreira-no-album-de-originais-quinta-essencia-75-25\/\" \/>\n<meta property=\"og:site_name\" content=\"Portal Tela Portugal\" \/>\n<meta property=\"article:published_time\" content=\"2026-03-26T08:00:00+00:00\" \/>\n<meta name=\"author\" content=\"Telinha\" \/>\n<meta name=\"twitter:card\" content=\"summary_large_image\" \/>\n<meta name=\"twitter:label1\" content=\"Escrito por\" \/>\n\t<meta name=\"twitter:data1\" content=\"Telinha\" \/>\n\t<meta name=\"twitter:label2\" content=\"Tempo estimado de leitura\" \/>\n\t<meta name=\"twitter:data2\" content=\"1 minuto\" \/>\n<script type=\"application\/ld+json\" class=\"yoast-schema-graph\">{\"@context\":\"https:\/\/schema.org\",\"@graph\":[{\"@type\":\"Article\",\"@id\":\"https:\/\/portaltela.pt\/noticias\/2026\/03\/26\/carlao-revisita-carreira-no-album-de-originais-quinta-essencia-75-25\/#article\",\"isPartOf\":{\"@id\":\"https:\/\/portaltela.pt\/noticias\/2026\/03\/26\/carlao-revisita-carreira-no-album-de-originais-quinta-essencia-75-25\/\"},\"author\":{\"name\":\"Telinha\",\"@id\":\"https:\/\/portaltela.pt\/#\/schema\/person\/c4278d4a6028830caff9ee44b42d32ed\"},\"headline\":\"Carl\u00e3o revisita carreira no \u00e1lbum de originais Quinta-Ess\u00eancia 75\/25\",\"datePublished\":\"2026-03-26T08:00:00+00:00\",\"mainEntityOfPage\":{\"@id\":\"https:\/\/portaltela.pt\/noticias\/2026\/03\/26\/carlao-revisita-carreira-no-album-de-originais-quinta-essencia-75-25\/\"},\"wordCount\":167,\"image\":{\"@id\":\"https:\/\/portaltela.pt\/noticias\/2026\/03\/26\/carlao-revisita-carreira-no-album-de-originais-quinta-essencia-75-25\/#primaryimage\"},\"thumbnailUrl\":\"https:\/\/portaltela.pt\/s.01k8rhncp4jt1\/2026\/03\/CACHE_780X1200_ANALOG_WATERMARKED_46794067_5900896_25032026033224.jpg\",\"keywords\":[\"arte\",\"artistas\",\"Carreira\",\"cultura\",\"m\u00fasica\",\"Produ\u00e7\u00e3o Art\u00edstica\"],\"articleSection\":[\"M\u00fasica\"],\"inLanguage\":\"pt-PT\"},{\"@type\":\"WebPage\",\"@id\":\"https:\/\/portaltela.pt\/noticias\/2026\/03\/26\/carlao-revisita-carreira-no-album-de-originais-quinta-essencia-75-25\/\",\"url\":\"https:\/\/portaltela.pt\/noticias\/2026\/03\/26\/carlao-revisita-carreira-no-album-de-originais-quinta-essencia-75-25\/\",\"name\":\"Carl\u00e3o revisita carreira no \u00e1lbum de originais Quinta-Ess\u00eancia 75\/25 - Portal Tela Portugal\",\"isPartOf\":{\"@id\":\"https:\/\/portaltela.pt\/#website\"},\"primaryImageOfPage\":{\"@id\":\"https:\/\/portaltela.pt\/noticias\/2026\/03\/26\/carlao-revisita-carreira-no-album-de-originais-quinta-essencia-75-25\/#primaryimage\"},\"image\":{\"@id\":\"https:\/\/portaltela.pt\/noticias\/2026\/03\/26\/carlao-revisita-carreira-no-album-de-originais-quinta-essencia-75-25\/#primaryimage\"},\"thumbnailUrl\":\"https:\/\/portaltela.pt\/s.01k8rhncp4jt1\/2026\/03\/CACHE_780X1200_ANALOG_WATERMARKED_46794067_5900896_25032026033224.jpg\",\"datePublished\":\"2026-03-26T08:00:00+00:00\",\"author\":{\"@id\":\"https:\/\/portaltela.pt\/#\/schema\/person\/c4278d4a6028830caff9ee44b42d32ed\"},\"breadcrumb\":{\"@id\":\"https:\/\/portaltela.pt\/noticias\/2026\/03\/26\/carlao-revisita-carreira-no-album-de-originais-quinta-essencia-75-25\/#breadcrumb\"},\"inLanguage\":\"pt-PT\",\"potentialAction\":[{\"@type\":\"ReadAction\",\"target\":[\"https:\/\/portaltela.pt\/noticias\/2026\/03\/26\/carlao-revisita-carreira-no-album-de-originais-quinta-essencia-75-25\/\"]}]},{\"@type\":\"ImageObject\",\"inLanguage\":\"pt-PT\",\"@id\":\"https:\/\/portaltela.pt\/noticias\/2026\/03\/26\/carlao-revisita-carreira-no-album-de-originais-quinta-essencia-75-25\/#primaryimage\",\"url\":\"https:\/\/portaltela.pt\/s.01k8rhncp4jt1\/2026\/03\/CACHE_780X1200_ANALOG_WATERMARKED_46794067_5900896_25032026033224.jpg\",\"contentUrl\":\"https:\/\/portaltela.pt\/s.01k8rhncp4jt1\/2026\/03\/CACHE_780X1200_ANALOG_WATERMARKED_46794067_5900896_25032026033224.jpg\",\"width\":796,\"height\":448,\"caption\":\"Carl\u00e3o passa em revista carreira no novo \u00e1lbum de originais Quinta-Ess\u00eancia 75\/25\"},{\"@type\":\"BreadcrumbList\",\"@id\":\"https:\/\/portaltela.pt\/noticias\/2026\/03\/26\/carlao-revisita-carreira-no-album-de-originais-quinta-essencia-75-25\/#breadcrumb\",\"itemListElement\":[{\"@type\":\"ListItem\",\"position\":1,\"name\":\"In\u00edcio\",\"item\":\"https:\/\/portaltela.pt\/\"},{\"@type\":\"ListItem\",\"position\":2,\"name\":\"Carl\u00e3o revisita carreira no \u00e1lbum de originais Quinta-Ess\u00eancia 75\/25\"}]},{\"@type\":\"WebSite\",\"@id\":\"https:\/\/portaltela.pt\/#website\",\"url\":\"https:\/\/portaltela.pt\/\",\"name\":\"Portal Tela Portugal\",\"description\":\"\",\"potentialAction\":[{\"@type\":\"SearchAction\",\"target\":{\"@type\":\"EntryPoint\",\"urlTemplate\":\"https:\/\/portaltela.pt\/?s={search_term_string}\"},\"query-input\":{\"@type\":\"PropertyValueSpecification\",\"valueRequired\":true,\"valueName\":\"search_term_string\"}}],\"inLanguage\":\"pt-PT\"},{\"@type\":\"Person\",\"@id\":\"https:\/\/portaltela.pt\/#\/schema\/person\/c4278d4a6028830caff9ee44b42d32ed\",\"name\":\"Telinha\",\"image\":{\"@type\":\"ImageObject\",\"inLanguage\":\"pt-PT\",\"@id\":\"https:\/\/portaltela.pt\/s.01k8rhncp4jt1\/2025\/11\/talking-bot-125x125.png\",\"url\":\"https:\/\/portaltela.pt\/s.01k8rhncp4jt1\/2025\/11\/talking-bot-125x125.png\",\"contentUrl\":\"https:\/\/portaltela.pt\/s.01k8rhncp4jt1\/2025\/11\/talking-bot-125x125.png\",\"caption\":\"Telinha\"},\"sameAs\":[\"https:\/\/portaltela.pt\/\"],\"url\":\"https:\/\/portaltela.pt\/por\/367410592786\/\"}]}<\/script>\n<!-- \/ Yoast SEO plugin. -->","yoast_head_json":{"title":"Carl\u00e3o revisita carreira no \u00e1lbum de originais Quinta-Ess\u00eancia 75\/25 - Portal Tela Portugal","robots":{"index":"index","follow":"follow","max-snippet":"max-snippet:-1","max-image-preview":"max-image-preview:large","max-video-preview":"max-video-preview:-1"},"og_locale":"pt_PT","og_type":"article","og_title":"Carl\u00e3o revisita carreira no \u00e1lbum de originais Quinta-Ess\u00eancia 75\/25 - Portal Tela Portugal","og_description":"Carl\u00e3o lan\u00e7a na sexta-feira o \u00e1lbum de originais Quinta-Ess\u00eancia 75\/25. o trabalho faz uma passagem pela carreira de mais de trinta anos, tanto a solo como nos projetos Algod\u00e3o, Da Weasel, 5-30 e Os Dias de Raiva. a sonoridade do disco funciona como revista ao percurso musical do artista. a obra apresenta o conjunto de can\u00e7\u00f5es que refletem a trajet\u00f3ria de Carl\u00e3o na m\u00fasica portuguesa.","og_url":"https:\/\/portaltela.pt\/noticias\/2026\/03\/26\/carlao-revisita-carreira-no-album-de-originais-quinta-essencia-75-25\/","og_site_name":"Portal Tela Portugal","article_published_time":"2026-03-26T08:00:00+00:00","author":"Telinha","twitter_card":"summary_large_image","twitter_misc":{"Escrito por":"Telinha","Tempo estimado de leitura":"1 minuto"},"schema":{"@context":"https:\/\/schema.org","@graph":[{"@type":"Article","@id":"https:\/\/portaltela.pt\/noticias\/2026\/03\/26\/carlao-revisita-carreira-no-album-de-originais-quinta-essencia-75-25\/#article","isPartOf":{"@id":"https:\/\/portaltela.pt\/noticias\/2026\/03\/26\/carlao-revisita-carreira-no-album-de-originais-quinta-essencia-75-25\/"},"author":{"name":"Telinha","@id":"https:\/\/portaltela.pt\/#\/schema\/person\/c4278d4a6028830caff9ee44b42d32ed"},"headline":"Carl\u00e3o revisita carreira no \u00e1lbum de originais Quinta-Ess\u00eancia 75\/25","datePublished":"2026-03-26T08:00:00+00:00","mainEntityOfPage":{"@id":"https:\/\/portaltela.pt\/noticias\/2026\/03\/26\/carlao-revisita-carreira-no-album-de-originais-quinta-essencia-75-25\/"},"wordCount":167,"image":{"@id":"https:\/\/portaltela.pt\/noticias\/2026\/03\/26\/carlao-revisita-carreira-no-album-de-originais-quinta-essencia-75-25\/#primaryimage"},"thumbnailUrl":"https:\/\/portaltela.pt\/s.01k8rhncp4jt1\/2026\/03\/CACHE_780X1200_ANALOG_WATERMARKED_46794067_5900896_25032026033224.jpg","keywords":["arte","artistas","Carreira","cultura","m\u00fasica","Produ\u00e7\u00e3o Art\u00edstica"],"articleSection":["M\u00fasica"],"inLanguage":"pt-PT"},{"@type":"WebPage","@id":"https:\/\/portaltela.pt\/noticias\/2026\/03\/26\/carlao-revisita-carreira-no-album-de-originais-quinta-essencia-75-25\/","url":"https:\/\/portaltela.pt\/noticias\/2026\/03\/26\/carlao-revisita-carreira-no-album-de-originais-quinta-essencia-75-25\/","name":"Carl\u00e3o revisita carreira no \u00e1lbum de originais Quinta-Ess\u00eancia 75\/25 - Portal Tela Portugal","isPartOf":{"@id":"https:\/\/portaltela.pt\/#website"},"primaryImageOfPage":{"@id":"https:\/\/portaltela.pt\/noticias\/2026\/03\/26\/carlao-revisita-carreira-no-album-de-originais-quinta-essencia-75-25\/#primaryimage"},"image":{"@id":"https:\/\/portaltela.pt\/noticias\/2026\/03\/26\/carlao-revisita-carreira-no-album-de-originais-quinta-essencia-75-25\/#primaryimage"},"thumbnailUrl":"https:\/\/portaltela.pt\/s.01k8rhncp4jt1\/2026\/03\/CACHE_780X1200_ANALOG_WATERMARKED_46794067_5900896_25032026033224.jpg","datePublished":"2026-03-26T08:00:00+00:00","author":{"@id":"https:\/\/portaltela.pt\/#\/schema\/person\/c4278d4a6028830caff9ee44b42d32ed"},"breadcrumb":{"@id":"https:\/\/portaltela.pt\/noticias\/2026\/03\/26\/carlao-revisita-carreira-no-album-de-originais-quinta-essencia-75-25\/#breadcrumb"},"inLanguage":"pt-PT","potentialAction":[{"@type":"ReadAction","target":["https:\/\/portaltela.pt\/noticias\/2026\/03\/26\/carlao-revisita-carreira-no-album-de-originais-quinta-essencia-75-25\/"]}]},{"@type":"ImageObject","inLanguage":"pt-PT","@id":"https:\/\/portaltela.pt\/noticias\/2026\/03\/26\/carlao-revisita-carreira-no-album-de-originais-quinta-essencia-75-25\/#primaryimage","url":"https:\/\/portaltela.pt\/s.01k8rhncp4jt1\/2026\/03\/CACHE_780X1200_ANALOG_WATERMARKED_46794067_5900896_25032026033224.jpg","contentUrl":"https:\/\/portaltela.pt\/s.01k8rhncp4jt1\/2026\/03\/CACHE_780X1200_ANALOG_WATERMARKED_46794067_5900896_25032026033224.jpg","width":796,"height":448,"caption":"Carl\u00e3o passa em revista carreira no novo \u00e1lbum de originais Quinta-Ess\u00eancia 75\/25"},{"@type":"BreadcrumbList","@id":"https:\/\/portaltela.pt\/noticias\/2026\/03\/26\/carlao-revisita-carreira-no-album-de-originais-quinta-essencia-75-25\/#breadcrumb","itemListElement":[{"@type":"ListItem","position":1,"name":"In\u00edcio","item":"https:\/\/portaltela.pt\/"},{"@type":"ListItem","position":2,"name":"Carl\u00e3o revisita carreira no \u00e1lbum de originais Quinta-Ess\u00eancia 75\/25"}]},{"@type":"WebSite","@id":"https:\/\/portaltela.pt\/#website","url":"https:\/\/portaltela.pt\/","name":"Portal Tela Portugal","description":"","potentialAction":[{"@type":"SearchAction","target":{"@type":"EntryPoint","urlTemplate":"https:\/\/portaltela.pt\/?s={search_term_string}"},"query-input":{"@type":"PropertyValueSpecification","valueRequired":true,"valueName":"search_term_string"}}],"inLanguage":"pt-PT"},{"@type":"Person","@id":"https:\/\/portaltela.pt\/#\/schema\/person\/c4278d4a6028830caff9ee44b42d32ed","name":"Telinha","image":{"@type":"ImageObject","inLanguage":"pt-PT","@id":"https:\/\/portaltela.pt\/s.01k8rhncp4jt1\/2025\/11\/talking-bot-125x125.png","url":"https:\/\/portaltela.pt\/s.01k8rhncp4jt1\/2025\/11\/talking-bot-125x125.png","contentUrl":"https:\/\/portaltela.pt\/s.01k8rhncp4jt1\/2025\/11\/talking-bot-125x125.png","caption":"Telinha"},"sameAs":["https:\/\/portaltela.pt\/"],"url":"https:\/\/portaltela.pt\/por\/367410592786\/"}]}},"_links":{"self":[{"href":"https:\/\/portaltela.pt\/api\/wp\/v2\/posts\/422047","targetHints":{"allow":["GET"]}}],"collection":[{"href":"https:\/\/portaltela.pt\/api\/wp\/v2\/posts"}],"about":[{"href":"https:\/\/portaltela.pt\/api\/wp\/v2\/types\/post"}],"author":[{"embeddable":true,"href":"https:\/\/portaltela.pt\/api\/wp\/v2\/users\/2"}],"replies":[{"embeddable":true,"href":"https:\/\/portaltela.pt\/api\/wp\/v2\/comments?post=422047"}],"version-history":[{"count":0,"href":"https:\/\/portaltela.pt\/api\/wp\/v2\/posts\/422047\/revisions"}],"wp:featuredmedia":[{"embeddable":true,"href":"https:\/\/portaltela.pt\/api\/wp\/v2\/media\/422051"}],"wp:attachment":[{"href":"https:\/\/portaltela.pt\/api\/wp\/v2\/media?parent=422047"}],"wp:term":[{"taxonomy":"category","embeddable":true,"href":"https:\/\/portaltela.pt\/api\/wp\/v2\/categories?post=422047"},{"taxonomy":"post_tag","embeddable":true,"href":"https:\/\/portaltela.pt\/api\/wp\/v2\/tags?post=422047"}],"curies":[{"name":"wp","href":"https:\/\/api.w.org\/{rel}","templated":true}]}}