{"id":422037,"date":"2026-03-26T08:12:00","date_gmt":"2026-03-26T11:12:00","guid":{"rendered":"https:\/\/portaltela.pt\/noticias\/2026\/03\/26\/homem-condenado-a-quatro-anos-de-prisao-por-crimes-sexuais-contra-menores-em-sousel\/"},"modified":"2026-03-26T08:12:00","modified_gmt":"2026-03-26T11:12:00","slug":"homem-condenado-a-quatro-anos-de-prisao-por-crimes-sexuais-contra-menores-em-sousel","status":"publish","type":"post","link":"https:\/\/portaltela.pt\/criminalidade\/2026\/03\/26\/homem-condenado-a-quatro-anos-de-prisao-por-crimes-sexuais-contra-menores-em-sousel\/","title":{"rendered":"Homem condenado a quatro anos de pris\u00e3o por crimes sexuais contra menores em Sousel"},"content":{"rendered":"<p>Um homem foi condenado pelo Tribunal de Portalegre a quatro anos de pris\u00e3o efetiva por tr\u00eas crimes de abuso sexual de crian\u00e7as, dois deles agravados, e quatro crimes de importuna\u00e7\u00e3o sexual, ocorridos em Sousel. A decis\u00e3o foi proferida pelo Ju\u00edzo Central C\u00edvel e Criminal de Portalegre, na ter\u00e7a-feira, segundo comunicado do Minist\u00e9rio P\u00fablico (MP).<\/p>\n<p>O MP detalha que os atos ocorreram ao longo de quatro meses, em locais p\u00fablicos com presen\u00e7a de crian\u00e7as. Entre os epis\u00f3dios est\u00e3o exibicionismo praticado numa esplanada, num caf\u00e9 e junto \u00e0 porta de uma resid\u00eancia, sempre envolvendo menores e adultos.<\/p>\n<p>O arguido, de 50 anos, j\u00e1 havia cumprido uma pena anterior de oito anos por crimes de natureza sexual e encontrava-se em liberdade condicional at\u00e9 julho. A condena\u00e7\u00e3o levou em conta os antecedentes criminais e o facto de os il\u00edcitos terem sido cometidos durante o primeiro ano de liberdade condicional.<\/p>\n<h3>Contexto e acusa\u00e7\u00e3o<\/h3>\n<p>A Pol\u00edcia Judici\u00e1ria (PJ) j\u00e1 tinha detido o homem, em Estremoz, em junho do ano passado, por ind\u00edcios de v\u00e1rios crimes de abuso sexual de crian\u00e7as e importuna\u00e7\u00e3o sexual. A deten\u00e7\u00e3o ocorreu mediante mandado emitido pelo Tribunal Judicial da Comarca de Portalegre.<\/p>\n<p>De acordo com o comunicado da PJ, os factos ocorreram em Sousel ao longo de 2024 e 2025, em espa\u00e7os p\u00fablicos com aflu\u00eancia de crian\u00e7as, como jardins e parques infantis. A PJ descreve que o homem estimulava-se sexualmente frente aos menores e, por vezes, tentava pux\u00e1-los para detr\u00e1s de arbustos, tendo sido impedido por interven\u00e7\u00e3o de terceiros.<\/p>\n","protected":false},"excerpt":{"rendered":"<ul>\n<li>Um homem de 50 anos foi condenado pelo Tribunal de Portalegre a four anos de pris\u00e3o efetiva por tr\u00eas crimes de abuso sexual de crian\u00e7as (dois agravados) e quatro crimes de importuna\u00e7\u00e3o sexual, em Sousel.<\/li>\n<li>O ac\u00f3rd\u00e3o, proferido pelo Ju\u00edzo Central C\u00edvel e Criminal de Portalegre, foi tornado p\u00fablico pelo Minist\u00e9rio P\u00fablico (MP) na ter\u00e7a-feira.<\/li>\n<li>Os atos ocorreram em espa\u00e7os p\u00fablicos com aflu\u00eancia de crian\u00e7as, entre 23 de dezembro de 2024 e 23 de abril de 2025, incluindo uma esplanada, um caf\u00e9 e a porta de uma resid\u00eancia.<\/li>\n<li>O MP destaca que o arguido j\u00e1 tinha antecedentes criminais e que os sete il\u00edcitos aconteceram no primeiro ano de liberdade condicional; o homem j\u00e1 tinha sido condenado a oito anos por crimes sexuais.<\/li>\n<li>A deten\u00e7\u00e3o ocorreu em junho do ano passado, em Estremoz, e os factos ocorreram em Sousel ao longo de 2024 e 2025, com interven\u00e7\u00e3o de terceiros por vezes a impedir a consuma\u00e7\u00e3o dos atos.<\/li>\n<\/ul>\n","protected":false},"author":2,"featured_media":422041,"comment_status":"closed","ping_status":"closed","sticky":false,"template":"","format":"standard","meta":{"footnotes":""},"categories":[6907,7374],"tags":[7076,177,3990,1092,4672,6208],"class_list":["post-422037","post","type-post","status-publish","format-standard","has-post-thumbnail","hentry","category-crime","category-criminalidade","tag-abuso-de-menores","tag-crimes","tag-crimes-sexuais","tag-importunacao-sexual-agravada","tag-sousel","tag-tribunais"],"yoast_head":"<!-- This site is optimized with the Yoast SEO plugin v27.2 - https:\/\/yoast.com\/product\/yoast-seo-wordpress\/ -->\n<title>Homem condenado a quatro anos de pris\u00e3o por crimes sexuais contra menores em Sousel - Portal Tela Portugal<\/title>\n<meta name=\"robots\" content=\"index, follow, max-snippet:-1, max-image-preview:large, max-video-preview:-1\" \/>\n<meta property=\"og:locale\" content=\"pt_PT\" \/>\n<meta property=\"og:type\" content=\"article\" \/>\n<meta property=\"og:title\" content=\"Homem condenado a quatro anos de pris\u00e3o por crimes sexuais contra menores em Sousel - Portal Tela Portugal\" \/>\n<meta property=\"og:description\" content=\"Um homem de 50 anos foi condenado pelo Tribunal de Portalegre a four anos de pris\u00e3o efetiva por tr\u00eas crimes de abuso sexual de crian\u00e7as (dois agravados) e quatro crimes de importuna\u00e7\u00e3o sexual, em Sousel. O ac\u00f3rd\u00e3o, proferido pelo Ju\u00edzo Central C\u00edvel e Criminal de Portalegre, foi tornado p\u00fablico pelo Minist\u00e9rio P\u00fablico (MP) na ter\u00e7a-feira. Os atos ocorreram em espa\u00e7os p\u00fablicos com aflu\u00eancia de crian\u00e7as, entre 23 de dezembro de 2024 e 23 de abril de 2025, incluindo uma esplanada, um caf\u00e9 e a porta de uma resid\u00eancia. O MP destaca que o arguido j\u00e1 tinha antecedentes criminais e que os sete il\u00edcitos aconteceram no primeiro ano de liberdade condicional; o homem j\u00e1 tinha sido condenado a oito anos por crimes sexuais. A deten\u00e7\u00e3o ocorreu em junho do ano passado, em Estremoz, e os factos ocorreram em Sousel ao longo de 2024 e 2025, com interven\u00e7\u00e3o de terceiros por vezes a impedir a consuma\u00e7\u00e3o dos atos.\" \/>\n<meta property=\"og:url\" content=\"https:\/\/portaltela.pt\/noticias\/2026\/03\/26\/homem-condenado-a-quatro-anos-de-prisao-por-crimes-sexuais-contra-menores-em-sousel\/\" \/>\n<meta property=\"og:site_name\" content=\"Portal Tela Portugal\" \/>\n<meta property=\"article:published_time\" content=\"2026-03-26T11:12:00+00:00\" \/>\n<meta name=\"author\" content=\"Telinha\" \/>\n<meta name=\"twitter:card\" content=\"summary_large_image\" \/>\n<meta name=\"twitter:label1\" content=\"Escrito por\" \/>\n\t<meta name=\"twitter:data1\" content=\"Telinha\" \/>\n\t<meta name=\"twitter:label2\" content=\"Tempo estimado de leitura\" \/>\n\t<meta name=\"twitter:data2\" content=\"1 minuto\" \/>\n<script type=\"application\/ld+json\" class=\"yoast-schema-graph\">{\"@context\":\"https:\/\/schema.org\",\"@graph\":[{\"@type\":\"Article\",\"@id\":\"https:\/\/portaltela.pt\/noticias\/2026\/03\/26\/homem-condenado-a-quatro-anos-de-prisao-por-crimes-sexuais-contra-menores-em-sousel\/#article\",\"isPartOf\":{\"@id\":\"https:\/\/portaltela.pt\/noticias\/2026\/03\/26\/homem-condenado-a-quatro-anos-de-prisao-por-crimes-sexuais-contra-menores-em-sousel\/\"},\"author\":{\"name\":\"Telinha\",\"@id\":\"https:\/\/portaltela.pt\/#\/schema\/person\/c4278d4a6028830caff9ee44b42d32ed\"},\"headline\":\"Homem condenado a quatro anos de pris\u00e3o por crimes sexuais contra menores em Sousel\",\"datePublished\":\"2026-03-26T11:12:00+00:00\",\"mainEntityOfPage\":{\"@id\":\"https:\/\/portaltela.pt\/noticias\/2026\/03\/26\/homem-condenado-a-quatro-anos-de-prisao-por-crimes-sexuais-contra-menores-em-sousel\/\"},\"wordCount\":291,\"image\":{\"@id\":\"https:\/\/portaltela.pt\/noticias\/2026\/03\/26\/homem-condenado-a-quatro-anos-de-prisao-por-crimes-sexuais-contra-menores-em-sousel\/#primaryimage\"},\"thumbnailUrl\":\"https:\/\/portaltela.pt\/s.01k8rhncp4jt1\/2026\/03\/img_1500x1000uu2016-10-29-00-00-00-572669.jpg\",\"keywords\":[\"abuso de menores\",\"crimes\",\"crimes sexuais\",\"importuna\u00e7\u00e3o sexual agravada\",\"Sousel\",\"Tribunais\"],\"articleSection\":[\"Crime\",\"Criminalidade\"],\"inLanguage\":\"pt-PT\"},{\"@type\":\"WebPage\",\"@id\":\"https:\/\/portaltela.pt\/noticias\/2026\/03\/26\/homem-condenado-a-quatro-anos-de-prisao-por-crimes-sexuais-contra-menores-em-sousel\/\",\"url\":\"https:\/\/portaltela.pt\/noticias\/2026\/03\/26\/homem-condenado-a-quatro-anos-de-prisao-por-crimes-sexuais-contra-menores-em-sousel\/\",\"name\":\"Homem condenado a quatro anos de pris\u00e3o por crimes sexuais contra menores em Sousel - Portal Tela Portugal\",\"isPartOf\":{\"@id\":\"https:\/\/portaltela.pt\/#website\"},\"primaryImageOfPage\":{\"@id\":\"https:\/\/portaltela.pt\/noticias\/2026\/03\/26\/homem-condenado-a-quatro-anos-de-prisao-por-crimes-sexuais-contra-menores-em-sousel\/#primaryimage\"},\"image\":{\"@id\":\"https:\/\/portaltela.pt\/noticias\/2026\/03\/26\/homem-condenado-a-quatro-anos-de-prisao-por-crimes-sexuais-contra-menores-em-sousel\/#primaryimage\"},\"thumbnailUrl\":\"https:\/\/portaltela.pt\/s.01k8rhncp4jt1\/2026\/03\/img_1500x1000uu2016-10-29-00-00-00-572669.jpg\",\"datePublished\":\"2026-03-26T11:12:00+00:00\",\"author\":{\"@id\":\"https:\/\/portaltela.pt\/#\/schema\/person\/c4278d4a6028830caff9ee44b42d32ed\"},\"breadcrumb\":{\"@id\":\"https:\/\/portaltela.pt\/noticias\/2026\/03\/26\/homem-condenado-a-quatro-anos-de-prisao-por-crimes-sexuais-contra-menores-em-sousel\/#breadcrumb\"},\"inLanguage\":\"pt-PT\",\"potentialAction\":[{\"@type\":\"ReadAction\",\"target\":[\"https:\/\/portaltela.pt\/noticias\/2026\/03\/26\/homem-condenado-a-quatro-anos-de-prisao-por-crimes-sexuais-contra-menores-em-sousel\/\"]}]},{\"@type\":\"ImageObject\",\"inLanguage\":\"pt-PT\",\"@id\":\"https:\/\/portaltela.pt\/noticias\/2026\/03\/26\/homem-condenado-a-quatro-anos-de-prisao-por-crimes-sexuais-contra-menores-em-sousel\/#primaryimage\",\"url\":\"https:\/\/portaltela.pt\/s.01k8rhncp4jt1\/2026\/03\/img_1500x1000uu2016-10-29-00-00-00-572669.jpg\",\"contentUrl\":\"https:\/\/portaltela.pt\/s.01k8rhncp4jt1\/2026\/03\/img_1500x1000uu2016-10-29-00-00-00-572669.jpg\",\"width\":796,\"height\":448,\"caption\":\"Homem condenado a quatro anos de pris\u00e3o por crimes sexuais contra crian\u00e7as em Sousel\"},{\"@type\":\"BreadcrumbList\",\"@id\":\"https:\/\/portaltela.pt\/noticias\/2026\/03\/26\/homem-condenado-a-quatro-anos-de-prisao-por-crimes-sexuais-contra-menores-em-sousel\/#breadcrumb\",\"itemListElement\":[{\"@type\":\"ListItem\",\"position\":1,\"name\":\"In\u00edcio\",\"item\":\"https:\/\/portaltela.pt\/\"},{\"@type\":\"ListItem\",\"position\":2,\"name\":\"Homem condenado a quatro anos de pris\u00e3o por crimes sexuais contra menores em Sousel\"}]},{\"@type\":\"WebSite\",\"@id\":\"https:\/\/portaltela.pt\/#website\",\"url\":\"https:\/\/portaltela.pt\/\",\"name\":\"Portal Tela Portugal\",\"description\":\"\",\"potentialAction\":[{\"@type\":\"SearchAction\",\"target\":{\"@type\":\"EntryPoint\",\"urlTemplate\":\"https:\/\/portaltela.pt\/?s={search_term_string}\"},\"query-input\":{\"@type\":\"PropertyValueSpecification\",\"valueRequired\":true,\"valueName\":\"search_term_string\"}}],\"inLanguage\":\"pt-PT\"},{\"@type\":\"Person\",\"@id\":\"https:\/\/portaltela.pt\/#\/schema\/person\/c4278d4a6028830caff9ee44b42d32ed\",\"name\":\"Telinha\",\"image\":{\"@type\":\"ImageObject\",\"inLanguage\":\"pt-PT\",\"@id\":\"https:\/\/portaltela.pt\/s.01k8rhncp4jt1\/2025\/11\/talking-bot-125x125.png\",\"url\":\"https:\/\/portaltela.pt\/s.01k8rhncp4jt1\/2025\/11\/talking-bot-125x125.png\",\"contentUrl\":\"https:\/\/portaltela.pt\/s.01k8rhncp4jt1\/2025\/11\/talking-bot-125x125.png\",\"caption\":\"Telinha\"},\"sameAs\":[\"https:\/\/portaltela.pt\/\"],\"url\":\"https:\/\/portaltela.pt\/por\/367410592786\/\"}]}<\/script>\n<!-- \/ Yoast SEO plugin. -->","yoast_head_json":{"title":"Homem condenado a quatro anos de pris\u00e3o por crimes sexuais contra menores em Sousel - Portal Tela Portugal","robots":{"index":"index","follow":"follow","max-snippet":"max-snippet:-1","max-image-preview":"max-image-preview:large","max-video-preview":"max-video-preview:-1"},"og_locale":"pt_PT","og_type":"article","og_title":"Homem condenado a quatro anos de pris\u00e3o por crimes sexuais contra menores em Sousel - Portal Tela Portugal","og_description":"Um homem de 50 anos foi condenado pelo Tribunal de Portalegre a four anos de pris\u00e3o efetiva por tr\u00eas crimes de abuso sexual de crian\u00e7as (dois agravados) e quatro crimes de importuna\u00e7\u00e3o sexual, em Sousel. O ac\u00f3rd\u00e3o, proferido pelo Ju\u00edzo Central C\u00edvel e Criminal de Portalegre, foi tornado p\u00fablico pelo Minist\u00e9rio P\u00fablico (MP) na ter\u00e7a-feira. Os atos ocorreram em espa\u00e7os p\u00fablicos com aflu\u00eancia de crian\u00e7as, entre 23 de dezembro de 2024 e 23 de abril de 2025, incluindo uma esplanada, um caf\u00e9 e a porta de uma resid\u00eancia. O MP destaca que o arguido j\u00e1 tinha antecedentes criminais e que os sete il\u00edcitos aconteceram no primeiro ano de liberdade condicional; o homem j\u00e1 tinha sido condenado a oito anos por crimes sexuais. A deten\u00e7\u00e3o ocorreu em junho do ano passado, em Estremoz, e os factos ocorreram em Sousel ao longo de 2024 e 2025, com interven\u00e7\u00e3o de terceiros por vezes a impedir a consuma\u00e7\u00e3o dos atos.","og_url":"https:\/\/portaltela.pt\/noticias\/2026\/03\/26\/homem-condenado-a-quatro-anos-de-prisao-por-crimes-sexuais-contra-menores-em-sousel\/","og_site_name":"Portal Tela Portugal","article_published_time":"2026-03-26T11:12:00+00:00","author":"Telinha","twitter_card":"summary_large_image","twitter_misc":{"Escrito por":"Telinha","Tempo estimado de leitura":"1 minuto"},"schema":{"@context":"https:\/\/schema.org","@graph":[{"@type":"Article","@id":"https:\/\/portaltela.pt\/noticias\/2026\/03\/26\/homem-condenado-a-quatro-anos-de-prisao-por-crimes-sexuais-contra-menores-em-sousel\/#article","isPartOf":{"@id":"https:\/\/portaltela.pt\/noticias\/2026\/03\/26\/homem-condenado-a-quatro-anos-de-prisao-por-crimes-sexuais-contra-menores-em-sousel\/"},"author":{"name":"Telinha","@id":"https:\/\/portaltela.pt\/#\/schema\/person\/c4278d4a6028830caff9ee44b42d32ed"},"headline":"Homem condenado a quatro anos de pris\u00e3o por crimes sexuais contra menores em Sousel","datePublished":"2026-03-26T11:12:00+00:00","mainEntityOfPage":{"@id":"https:\/\/portaltela.pt\/noticias\/2026\/03\/26\/homem-condenado-a-quatro-anos-de-prisao-por-crimes-sexuais-contra-menores-em-sousel\/"},"wordCount":291,"image":{"@id":"https:\/\/portaltela.pt\/noticias\/2026\/03\/26\/homem-condenado-a-quatro-anos-de-prisao-por-crimes-sexuais-contra-menores-em-sousel\/#primaryimage"},"thumbnailUrl":"https:\/\/portaltela.pt\/s.01k8rhncp4jt1\/2026\/03\/img_1500x1000uu2016-10-29-00-00-00-572669.jpg","keywords":["abuso de menores","crimes","crimes sexuais","importuna\u00e7\u00e3o sexual agravada","Sousel","Tribunais"],"articleSection":["Crime","Criminalidade"],"inLanguage":"pt-PT"},{"@type":"WebPage","@id":"https:\/\/portaltela.pt\/noticias\/2026\/03\/26\/homem-condenado-a-quatro-anos-de-prisao-por-crimes-sexuais-contra-menores-em-sousel\/","url":"https:\/\/portaltela.pt\/noticias\/2026\/03\/26\/homem-condenado-a-quatro-anos-de-prisao-por-crimes-sexuais-contra-menores-em-sousel\/","name":"Homem condenado a quatro anos de pris\u00e3o por crimes sexuais contra menores em Sousel - Portal Tela Portugal","isPartOf":{"@id":"https:\/\/portaltela.pt\/#website"},"primaryImageOfPage":{"@id":"https:\/\/portaltela.pt\/noticias\/2026\/03\/26\/homem-condenado-a-quatro-anos-de-prisao-por-crimes-sexuais-contra-menores-em-sousel\/#primaryimage"},"image":{"@id":"https:\/\/portaltela.pt\/noticias\/2026\/03\/26\/homem-condenado-a-quatro-anos-de-prisao-por-crimes-sexuais-contra-menores-em-sousel\/#primaryimage"},"thumbnailUrl":"https:\/\/portaltela.pt\/s.01k8rhncp4jt1\/2026\/03\/img_1500x1000uu2016-10-29-00-00-00-572669.jpg","datePublished":"2026-03-26T11:12:00+00:00","author":{"@id":"https:\/\/portaltela.pt\/#\/schema\/person\/c4278d4a6028830caff9ee44b42d32ed"},"breadcrumb":{"@id":"https:\/\/portaltela.pt\/noticias\/2026\/03\/26\/homem-condenado-a-quatro-anos-de-prisao-por-crimes-sexuais-contra-menores-em-sousel\/#breadcrumb"},"inLanguage":"pt-PT","potentialAction":[{"@type":"ReadAction","target":["https:\/\/portaltela.pt\/noticias\/2026\/03\/26\/homem-condenado-a-quatro-anos-de-prisao-por-crimes-sexuais-contra-menores-em-sousel\/"]}]},{"@type":"ImageObject","inLanguage":"pt-PT","@id":"https:\/\/portaltela.pt\/noticias\/2026\/03\/26\/homem-condenado-a-quatro-anos-de-prisao-por-crimes-sexuais-contra-menores-em-sousel\/#primaryimage","url":"https:\/\/portaltela.pt\/s.01k8rhncp4jt1\/2026\/03\/img_1500x1000uu2016-10-29-00-00-00-572669.jpg","contentUrl":"https:\/\/portaltela.pt\/s.01k8rhncp4jt1\/2026\/03\/img_1500x1000uu2016-10-29-00-00-00-572669.jpg","width":796,"height":448,"caption":"Homem condenado a quatro anos de pris\u00e3o por crimes sexuais contra crian\u00e7as em Sousel"},{"@type":"BreadcrumbList","@id":"https:\/\/portaltela.pt\/noticias\/2026\/03\/26\/homem-condenado-a-quatro-anos-de-prisao-por-crimes-sexuais-contra-menores-em-sousel\/#breadcrumb","itemListElement":[{"@type":"ListItem","position":1,"name":"In\u00edcio","item":"https:\/\/portaltela.pt\/"},{"@type":"ListItem","position":2,"name":"Homem condenado a quatro anos de pris\u00e3o por crimes sexuais contra menores em Sousel"}]},{"@type":"WebSite","@id":"https:\/\/portaltela.pt\/#website","url":"https:\/\/portaltela.pt\/","name":"Portal Tela Portugal","description":"","potentialAction":[{"@type":"SearchAction","target":{"@type":"EntryPoint","urlTemplate":"https:\/\/portaltela.pt\/?s={search_term_string}"},"query-input":{"@type":"PropertyValueSpecification","valueRequired":true,"valueName":"search_term_string"}}],"inLanguage":"pt-PT"},{"@type":"Person","@id":"https:\/\/portaltela.pt\/#\/schema\/person\/c4278d4a6028830caff9ee44b42d32ed","name":"Telinha","image":{"@type":"ImageObject","inLanguage":"pt-PT","@id":"https:\/\/portaltela.pt\/s.01k8rhncp4jt1\/2025\/11\/talking-bot-125x125.png","url":"https:\/\/portaltela.pt\/s.01k8rhncp4jt1\/2025\/11\/talking-bot-125x125.png","contentUrl":"https:\/\/portaltela.pt\/s.01k8rhncp4jt1\/2025\/11\/talking-bot-125x125.png","caption":"Telinha"},"sameAs":["https:\/\/portaltela.pt\/"],"url":"https:\/\/portaltela.pt\/por\/367410592786\/"}]}},"_links":{"self":[{"href":"https:\/\/portaltela.pt\/api\/wp\/v2\/posts\/422037","targetHints":{"allow":["GET"]}}],"collection":[{"href":"https:\/\/portaltela.pt\/api\/wp\/v2\/posts"}],"about":[{"href":"https:\/\/portaltela.pt\/api\/wp\/v2\/types\/post"}],"author":[{"embeddable":true,"href":"https:\/\/portaltela.pt\/api\/wp\/v2\/users\/2"}],"replies":[{"embeddable":true,"href":"https:\/\/portaltela.pt\/api\/wp\/v2\/comments?post=422037"}],"version-history":[{"count":0,"href":"https:\/\/portaltela.pt\/api\/wp\/v2\/posts\/422037\/revisions"}],"wp:featuredmedia":[{"embeddable":true,"href":"https:\/\/portaltela.pt\/api\/wp\/v2\/media\/422041"}],"wp:attachment":[{"href":"https:\/\/portaltela.pt\/api\/wp\/v2\/media?parent=422037"}],"wp:term":[{"taxonomy":"category","embeddable":true,"href":"https:\/\/portaltela.pt\/api\/wp\/v2\/categories?post=422037"},{"taxonomy":"post_tag","embeddable":true,"href":"https:\/\/portaltela.pt\/api\/wp\/v2\/tags?post=422037"}],"curies":[{"name":"wp","href":"https:\/\/api.w.org\/{rel}","templated":true}]}}