{"id":422008,"date":"2026-03-26T07:45:00","date_gmt":"2026-03-26T10:45:00","guid":{"rendered":"https:\/\/portaltela.pt\/noticias\/2026\/03\/26\/la-redoute-no-museu-la-piscine-quase-190-anos-de-historia\/"},"modified":"2026-03-26T07:45:00","modified_gmt":"2026-03-26T10:45:00","slug":"la-redoute-no-museu-la-piscine-quase-190-anos-de-historia","status":"publish","type":"post","link":"https:\/\/portaltela.pt\/noticias\/economia\/2026\/03\/26\/la-redoute-no-museu-la-piscine-quase-190-anos-de-historia\/","title":{"rendered":"La Redoute no museu La Piscine: quase 190 anos de hist\u00f3ria"},"content":{"rendered":"<p>La Redoute no museu La Piscine: um mergulho em quase 190 anos de hist\u00f3ria<\/p>\n<p>Em Roubaix, o museu La Piscine recebe uma retrospectiva in\u00e9dita da La Redoute, marca francesa de vendas \u00e0 dist\u00e2ncia que se aproxima de duas s\u00e9culos de atividade. A mostra revela a trajet\u00f3ria da empresa desde a sua funda\u00e7\u00e3o, em 1837, at\u00e9 aos dias atuais, e o papel da marca na ind\u00fastria t\u00eaxtil e no consumo.<\/p>\n<p>A exposi\u00e7\u00e3o insere a evolu\u00e7\u00e3o da La Redoute num contexto social mais alargado, mostrando como o cat\u00e1logo de venda \u00e0 dist\u00e2ncia acompanhou mudan\u00e7as de h\u00e1bitos e de mercado ao longo das d\u00e9cadas. Pe\u00e7as, cat\u00e1logos e relatos ajudam a ilustrar a rela\u00e7\u00e3o entre a empresa e as transforma\u00e7\u00f5es da sociedade.<\/p>\n<p>Kevin Germanier, entrevistado pela imprensa, recorda a influ\u00eancia do cat\u00e1logo na sua inf\u00e2ncia. Conta que cresceu a acompanhar as edi\u00e7\u00f5es, a recortar imagens e a criar colagens, destacando a qualidade de apresenta\u00e7\u00e3o e a narrativa visual das fotografias apresentadas, mesmo quando se tratava de itens simples como um casaco.<\/p>\n<h3>Contexto hist\u00f3rico e impacto<\/h3>\n<p>A mostra reorganiza o percurso da La Redoute ao longo de v\u00e1rias gera\u00e7\u00f5es, desde o come\u00e7o do s\u00e9culo XIX at\u00e9 o surgimento do com\u00e9rcio online. O material exposto busca evidenciar como a marca moldou h\u00e1bitos de consumo e, simultaneamente, refletiu mudan\u00e7as sociais.<\/p>\n","protected":false},"excerpt":{"rendered":"<ul>\n<li>Uma retrospectiva no museu La Piscine, em Roubaix, narra a evolu\u00e7\u00e3o da marca francesa La Redoute, fabricante de vendas \u00e0 dist\u00e2ncia, com quase 190 anos de hist\u00f3ria.<\/li>\n<li>A exposi\u00e7\u00e3o contextualiza o papel da marca ao longo de mudan\u00e7as sociais e pol\u00edticas, destacando a sua longa presen\u00e7a no setor.<\/li>\n<li>La Redoute \u00e9 apresentada como uma refer\u00eancia de com\u00e9rcio e moda em Fran\u00e7a desde o s\u00e9culo XIX, com impacto cultural e econ\u00f3mico.<\/li>\n<li>Kevin Germanier recorda a liga\u00e7\u00e3o da sua vida ao cat\u00e1logo da marca, dizendo que cresceu a partir dele durante a inf\u00e2ncia.<\/li>\n<li>O cat\u00e1logo \u00e9 descrito como bem editado e capaz de contar hist\u00f3rias, incluindo fotografias de moda que marcaram a percep\u00e7\u00e3o da marca.<\/li>\n<\/ul>\n","protected":false},"author":2,"featured_media":422015,"comment_status":"closed","ping_status":"closed","sticky":false,"template":"","format":"standard","meta":{"footnotes":""},"categories":[2,6735],"tags":[4991,28,299,255,1192,2025],"class_list":["post-422008","post","type-post","status-publish","format-standard","has-post-thumbnail","hentry","category-economia","category-negocios","tag-consumo","tag-economia","tag-historia","tag-industria","tag-museus-arquivos","tag-textil-vestuario"],"yoast_head":"<!-- This site is optimized with the Yoast SEO plugin v27.2 - https:\/\/yoast.com\/product\/yoast-seo-wordpress\/ -->\n<title>La Redoute no museu La Piscine: quase 190 anos de hist\u00f3ria - Portal Tela Portugal<\/title>\n<meta name=\"robots\" content=\"index, follow, max-snippet:-1, max-image-preview:large, max-video-preview:-1\" \/>\n<meta property=\"og:locale\" content=\"pt_PT\" \/>\n<meta property=\"og:type\" content=\"article\" \/>\n<meta property=\"og:title\" content=\"La Redoute no museu La Piscine: quase 190 anos de hist\u00f3ria - Portal Tela Portugal\" \/>\n<meta property=\"og:description\" content=\"Uma retrospectiva no museu La Piscine, em Roubaix, narra a evolu\u00e7\u00e3o da marca francesa La Redoute, fabricante de vendas \u00e0 dist\u00e2ncia, com quase 190 anos de hist\u00f3ria. A exposi\u00e7\u00e3o contextualiza o papel da marca ao longo de mudan\u00e7as sociais e pol\u00edticas, destacando a sua longa presen\u00e7a no setor. La Redoute \u00e9 apresentada como uma refer\u00eancia de com\u00e9rcio e moda em Fran\u00e7a desde o s\u00e9culo XIX, com impacto cultural e econ\u00f3mico. Kevin Germanier recorda a liga\u00e7\u00e3o da sua vida ao cat\u00e1logo da marca, dizendo que cresceu a partir dele durante a inf\u00e2ncia. O cat\u00e1logo \u00e9 descrito como bem editado e capaz de contar hist\u00f3rias, incluindo fotografias de moda que marcaram a percep\u00e7\u00e3o da marca.\" \/>\n<meta property=\"og:url\" content=\"https:\/\/portaltela.pt\/noticias\/2026\/03\/26\/la-redoute-no-museu-la-piscine-quase-190-anos-de-historia\/\" \/>\n<meta property=\"og:site_name\" content=\"Portal Tela Portugal\" \/>\n<meta property=\"article:published_time\" content=\"2026-03-26T10:45:00+00:00\" \/>\n<meta name=\"author\" content=\"Telinha\" \/>\n<meta name=\"twitter:card\" content=\"summary_large_image\" \/>\n<meta name=\"twitter:label1\" content=\"Escrito por\" \/>\n\t<meta name=\"twitter:data1\" content=\"Telinha\" \/>\n\t<meta name=\"twitter:label2\" content=\"Tempo estimado de leitura\" \/>\n\t<meta name=\"twitter:data2\" content=\"1 minuto\" \/>\n<script type=\"application\/ld+json\" class=\"yoast-schema-graph\">{\"@context\":\"https:\/\/schema.org\",\"@graph\":[{\"@type\":\"Article\",\"@id\":\"https:\/\/portaltela.pt\/noticias\/2026\/03\/26\/la-redoute-no-museu-la-piscine-quase-190-anos-de-historia\/#article\",\"isPartOf\":{\"@id\":\"https:\/\/portaltela.pt\/noticias\/2026\/03\/26\/la-redoute-no-museu-la-piscine-quase-190-anos-de-historia\/\"},\"author\":{\"name\":\"Telinha\",\"@id\":\"https:\/\/portaltela.pt\/#\/schema\/person\/c4278d4a6028830caff9ee44b42d32ed\"},\"headline\":\"La Redoute no museu La Piscine: quase 190 anos de hist\u00f3ria\",\"datePublished\":\"2026-03-26T10:45:00+00:00\",\"mainEntityOfPage\":{\"@id\":\"https:\/\/portaltela.pt\/noticias\/2026\/03\/26\/la-redoute-no-museu-la-piscine-quase-190-anos-de-historia\/\"},\"wordCount\":252,\"image\":{\"@id\":\"https:\/\/portaltela.pt\/noticias\/2026\/03\/26\/la-redoute-no-museu-la-piscine-quase-190-anos-de-historia\/#primaryimage\"},\"thumbnailUrl\":\"https:\/\/portaltela.pt\/s.01k8rhncp4jt1\/2026\/03\/2076531.jpg\",\"keywords\":[\"consumo\",\"economia\",\"hist\u00f3ria\",\"ind\u00fastria\",\"museus\/arquivos\",\"t\u00eaxtil-vestu\u00e1rio\"],\"articleSection\":[\"Economia\",\"Neg\u00f3cios\"],\"inLanguage\":\"pt-PT\"},{\"@type\":\"WebPage\",\"@id\":\"https:\/\/portaltela.pt\/noticias\/2026\/03\/26\/la-redoute-no-museu-la-piscine-quase-190-anos-de-historia\/\",\"url\":\"https:\/\/portaltela.pt\/noticias\/2026\/03\/26\/la-redoute-no-museu-la-piscine-quase-190-anos-de-historia\/\",\"name\":\"La Redoute no museu La Piscine: quase 190 anos de hist\u00f3ria - Portal Tela Portugal\",\"isPartOf\":{\"@id\":\"https:\/\/portaltela.pt\/#website\"},\"primaryImageOfPage\":{\"@id\":\"https:\/\/portaltela.pt\/noticias\/2026\/03\/26\/la-redoute-no-museu-la-piscine-quase-190-anos-de-historia\/#primaryimage\"},\"image\":{\"@id\":\"https:\/\/portaltela.pt\/noticias\/2026\/03\/26\/la-redoute-no-museu-la-piscine-quase-190-anos-de-historia\/#primaryimage\"},\"thumbnailUrl\":\"https:\/\/portaltela.pt\/s.01k8rhncp4jt1\/2026\/03\/2076531.jpg\",\"datePublished\":\"2026-03-26T10:45:00+00:00\",\"author\":{\"@id\":\"https:\/\/portaltela.pt\/#\/schema\/person\/c4278d4a6028830caff9ee44b42d32ed\"},\"breadcrumb\":{\"@id\":\"https:\/\/portaltela.pt\/noticias\/2026\/03\/26\/la-redoute-no-museu-la-piscine-quase-190-anos-de-historia\/#breadcrumb\"},\"inLanguage\":\"pt-PT\",\"potentialAction\":[{\"@type\":\"ReadAction\",\"target\":[\"https:\/\/portaltela.pt\/noticias\/2026\/03\/26\/la-redoute-no-museu-la-piscine-quase-190-anos-de-historia\/\"]}]},{\"@type\":\"ImageObject\",\"inLanguage\":\"pt-PT\",\"@id\":\"https:\/\/portaltela.pt\/noticias\/2026\/03\/26\/la-redoute-no-museu-la-piscine-quase-190-anos-de-historia\/#primaryimage\",\"url\":\"https:\/\/portaltela.pt\/s.01k8rhncp4jt1\/2026\/03\/2076531.jpg\",\"contentUrl\":\"https:\/\/portaltela.pt\/s.01k8rhncp4jt1\/2026\/03\/2076531.jpg\",\"width\":796,\"height\":448,\"caption\":\"relaxar,impar,publicidade,moda,lazer,design,\"},{\"@type\":\"BreadcrumbList\",\"@id\":\"https:\/\/portaltela.pt\/noticias\/2026\/03\/26\/la-redoute-no-museu-la-piscine-quase-190-anos-de-historia\/#breadcrumb\",\"itemListElement\":[{\"@type\":\"ListItem\",\"position\":1,\"name\":\"In\u00edcio\",\"item\":\"https:\/\/portaltela.pt\/\"},{\"@type\":\"ListItem\",\"position\":2,\"name\":\"La Redoute no museu La Piscine: quase 190 anos de hist\u00f3ria\"}]},{\"@type\":\"WebSite\",\"@id\":\"https:\/\/portaltela.pt\/#website\",\"url\":\"https:\/\/portaltela.pt\/\",\"name\":\"Portal Tela Portugal\",\"description\":\"\",\"potentialAction\":[{\"@type\":\"SearchAction\",\"target\":{\"@type\":\"EntryPoint\",\"urlTemplate\":\"https:\/\/portaltela.pt\/?s={search_term_string}\"},\"query-input\":{\"@type\":\"PropertyValueSpecification\",\"valueRequired\":true,\"valueName\":\"search_term_string\"}}],\"inLanguage\":\"pt-PT\"},{\"@type\":\"Person\",\"@id\":\"https:\/\/portaltela.pt\/#\/schema\/person\/c4278d4a6028830caff9ee44b42d32ed\",\"name\":\"Telinha\",\"image\":{\"@type\":\"ImageObject\",\"inLanguage\":\"pt-PT\",\"@id\":\"https:\/\/portaltela.pt\/s.01k8rhncp4jt1\/2025\/11\/talking-bot-125x125.png\",\"url\":\"https:\/\/portaltela.pt\/s.01k8rhncp4jt1\/2025\/11\/talking-bot-125x125.png\",\"contentUrl\":\"https:\/\/portaltela.pt\/s.01k8rhncp4jt1\/2025\/11\/talking-bot-125x125.png\",\"caption\":\"Telinha\"},\"sameAs\":[\"https:\/\/portaltela.pt\/\"],\"url\":\"https:\/\/portaltela.pt\/por\/367410592786\/\"}]}<\/script>\n<!-- \/ Yoast SEO plugin. -->","yoast_head_json":{"title":"La Redoute no museu La Piscine: quase 190 anos de hist\u00f3ria - Portal Tela Portugal","robots":{"index":"index","follow":"follow","max-snippet":"max-snippet:-1","max-image-preview":"max-image-preview:large","max-video-preview":"max-video-preview:-1"},"og_locale":"pt_PT","og_type":"article","og_title":"La Redoute no museu La Piscine: quase 190 anos de hist\u00f3ria - Portal Tela Portugal","og_description":"Uma retrospectiva no museu La Piscine, em Roubaix, narra a evolu\u00e7\u00e3o da marca francesa La Redoute, fabricante de vendas \u00e0 dist\u00e2ncia, com quase 190 anos de hist\u00f3ria. A exposi\u00e7\u00e3o contextualiza o papel da marca ao longo de mudan\u00e7as sociais e pol\u00edticas, destacando a sua longa presen\u00e7a no setor. La Redoute \u00e9 apresentada como uma refer\u00eancia de com\u00e9rcio e moda em Fran\u00e7a desde o s\u00e9culo XIX, com impacto cultural e econ\u00f3mico. Kevin Germanier recorda a liga\u00e7\u00e3o da sua vida ao cat\u00e1logo da marca, dizendo que cresceu a partir dele durante a inf\u00e2ncia. O cat\u00e1logo \u00e9 descrito como bem editado e capaz de contar hist\u00f3rias, incluindo fotografias de moda que marcaram a percep\u00e7\u00e3o da marca.","og_url":"https:\/\/portaltela.pt\/noticias\/2026\/03\/26\/la-redoute-no-museu-la-piscine-quase-190-anos-de-historia\/","og_site_name":"Portal Tela Portugal","article_published_time":"2026-03-26T10:45:00+00:00","author":"Telinha","twitter_card":"summary_large_image","twitter_misc":{"Escrito por":"Telinha","Tempo estimado de leitura":"1 minuto"},"schema":{"@context":"https:\/\/schema.org","@graph":[{"@type":"Article","@id":"https:\/\/portaltela.pt\/noticias\/2026\/03\/26\/la-redoute-no-museu-la-piscine-quase-190-anos-de-historia\/#article","isPartOf":{"@id":"https:\/\/portaltela.pt\/noticias\/2026\/03\/26\/la-redoute-no-museu-la-piscine-quase-190-anos-de-historia\/"},"author":{"name":"Telinha","@id":"https:\/\/portaltela.pt\/#\/schema\/person\/c4278d4a6028830caff9ee44b42d32ed"},"headline":"La Redoute no museu La Piscine: quase 190 anos de hist\u00f3ria","datePublished":"2026-03-26T10:45:00+00:00","mainEntityOfPage":{"@id":"https:\/\/portaltela.pt\/noticias\/2026\/03\/26\/la-redoute-no-museu-la-piscine-quase-190-anos-de-historia\/"},"wordCount":252,"image":{"@id":"https:\/\/portaltela.pt\/noticias\/2026\/03\/26\/la-redoute-no-museu-la-piscine-quase-190-anos-de-historia\/#primaryimage"},"thumbnailUrl":"https:\/\/portaltela.pt\/s.01k8rhncp4jt1\/2026\/03\/2076531.jpg","keywords":["consumo","economia","hist\u00f3ria","ind\u00fastria","museus\/arquivos","t\u00eaxtil-vestu\u00e1rio"],"articleSection":["Economia","Neg\u00f3cios"],"inLanguage":"pt-PT"},{"@type":"WebPage","@id":"https:\/\/portaltela.pt\/noticias\/2026\/03\/26\/la-redoute-no-museu-la-piscine-quase-190-anos-de-historia\/","url":"https:\/\/portaltela.pt\/noticias\/2026\/03\/26\/la-redoute-no-museu-la-piscine-quase-190-anos-de-historia\/","name":"La Redoute no museu La Piscine: quase 190 anos de hist\u00f3ria - Portal Tela Portugal","isPartOf":{"@id":"https:\/\/portaltela.pt\/#website"},"primaryImageOfPage":{"@id":"https:\/\/portaltela.pt\/noticias\/2026\/03\/26\/la-redoute-no-museu-la-piscine-quase-190-anos-de-historia\/#primaryimage"},"image":{"@id":"https:\/\/portaltela.pt\/noticias\/2026\/03\/26\/la-redoute-no-museu-la-piscine-quase-190-anos-de-historia\/#primaryimage"},"thumbnailUrl":"https:\/\/portaltela.pt\/s.01k8rhncp4jt1\/2026\/03\/2076531.jpg","datePublished":"2026-03-26T10:45:00+00:00","author":{"@id":"https:\/\/portaltela.pt\/#\/schema\/person\/c4278d4a6028830caff9ee44b42d32ed"},"breadcrumb":{"@id":"https:\/\/portaltela.pt\/noticias\/2026\/03\/26\/la-redoute-no-museu-la-piscine-quase-190-anos-de-historia\/#breadcrumb"},"inLanguage":"pt-PT","potentialAction":[{"@type":"ReadAction","target":["https:\/\/portaltela.pt\/noticias\/2026\/03\/26\/la-redoute-no-museu-la-piscine-quase-190-anos-de-historia\/"]}]},{"@type":"ImageObject","inLanguage":"pt-PT","@id":"https:\/\/portaltela.pt\/noticias\/2026\/03\/26\/la-redoute-no-museu-la-piscine-quase-190-anos-de-historia\/#primaryimage","url":"https:\/\/portaltela.pt\/s.01k8rhncp4jt1\/2026\/03\/2076531.jpg","contentUrl":"https:\/\/portaltela.pt\/s.01k8rhncp4jt1\/2026\/03\/2076531.jpg","width":796,"height":448,"caption":"relaxar,impar,publicidade,moda,lazer,design,"},{"@type":"BreadcrumbList","@id":"https:\/\/portaltela.pt\/noticias\/2026\/03\/26\/la-redoute-no-museu-la-piscine-quase-190-anos-de-historia\/#breadcrumb","itemListElement":[{"@type":"ListItem","position":1,"name":"In\u00edcio","item":"https:\/\/portaltela.pt\/"},{"@type":"ListItem","position":2,"name":"La Redoute no museu La Piscine: quase 190 anos de hist\u00f3ria"}]},{"@type":"WebSite","@id":"https:\/\/portaltela.pt\/#website","url":"https:\/\/portaltela.pt\/","name":"Portal Tela Portugal","description":"","potentialAction":[{"@type":"SearchAction","target":{"@type":"EntryPoint","urlTemplate":"https:\/\/portaltela.pt\/?s={search_term_string}"},"query-input":{"@type":"PropertyValueSpecification","valueRequired":true,"valueName":"search_term_string"}}],"inLanguage":"pt-PT"},{"@type":"Person","@id":"https:\/\/portaltela.pt\/#\/schema\/person\/c4278d4a6028830caff9ee44b42d32ed","name":"Telinha","image":{"@type":"ImageObject","inLanguage":"pt-PT","@id":"https:\/\/portaltela.pt\/s.01k8rhncp4jt1\/2025\/11\/talking-bot-125x125.png","url":"https:\/\/portaltela.pt\/s.01k8rhncp4jt1\/2025\/11\/talking-bot-125x125.png","contentUrl":"https:\/\/portaltela.pt\/s.01k8rhncp4jt1\/2025\/11\/talking-bot-125x125.png","caption":"Telinha"},"sameAs":["https:\/\/portaltela.pt\/"],"url":"https:\/\/portaltela.pt\/por\/367410592786\/"}]}},"_links":{"self":[{"href":"https:\/\/portaltela.pt\/api\/wp\/v2\/posts\/422008","targetHints":{"allow":["GET"]}}],"collection":[{"href":"https:\/\/portaltela.pt\/api\/wp\/v2\/posts"}],"about":[{"href":"https:\/\/portaltela.pt\/api\/wp\/v2\/types\/post"}],"author":[{"embeddable":true,"href":"https:\/\/portaltela.pt\/api\/wp\/v2\/users\/2"}],"replies":[{"embeddable":true,"href":"https:\/\/portaltela.pt\/api\/wp\/v2\/comments?post=422008"}],"version-history":[{"count":0,"href":"https:\/\/portaltela.pt\/api\/wp\/v2\/posts\/422008\/revisions"}],"wp:featuredmedia":[{"embeddable":true,"href":"https:\/\/portaltela.pt\/api\/wp\/v2\/media\/422015"}],"wp:attachment":[{"href":"https:\/\/portaltela.pt\/api\/wp\/v2\/media?parent=422008"}],"wp:term":[{"taxonomy":"category","embeddable":true,"href":"https:\/\/portaltela.pt\/api\/wp\/v2\/categories?post=422008"},{"taxonomy":"post_tag","embeddable":true,"href":"https:\/\/portaltela.pt\/api\/wp\/v2\/tags?post=422008"}],"curies":[{"name":"wp","href":"https:\/\/api.w.org\/{rel}","templated":true}]}}