{"id":422001,"date":"2026-03-26T07:59:00","date_gmt":"2026-03-26T10:59:00","guid":{"rendered":"https:\/\/portaltela.pt\/noticias\/2026\/03\/26\/intervencao-de-aguiar-branco-provoca-risos-no-parlamento-2\/"},"modified":"2026-03-26T07:59:00","modified_gmt":"2026-03-26T10:59:00","slug":"intervencao-de-aguiar-branco-provoca-risos-no-parlamento-2","status":"publish","type":"post","link":"https:\/\/portaltela.pt\/noticias\/politica\/2026\/03\/26\/intervencao-de-aguiar-branco-provoca-risos-no-parlamento-2\/","title":{"rendered":"Interven\u00e7\u00e3o de Aguiar-Branco provoca risos no Parlamento"},"content":{"rendered":"<p>Durante o debate quinzenal desta quarta-feira, houve um incidente entre lideran\u00e7as no Parlamento. Andr\u00e9 Ventura esteve envolvido num bate-boca com Hugo Soares, elevando o tom do debate e gerando tens\u00e3o entre alguns deputados.<\/p>\n<p>Pouco depois, Jos\u00e9 Pedro Aguiar-Branco, presidente da Assembleia da Rep\u00fablica, entrou em cena e interveio de forma marcada. A sua interven\u00e7\u00e3o provocou risadas generalizadas de v\u00e1rias bancadas, sem que o incidente tenha provocado uma sa\u00edda de seguimentos.<\/p>\n<p>A sess\u00e3o decorreu no Pal\u00e1cio de S. Bento e, para al\u00e9m do breve confronto entre Ventura e Soares, n\u00e3o foram anunciadas san\u00e7\u00f5es formais. A interven\u00e7\u00e3o do presidente da Assembleia visou apelar ao respeito institucional entre os diferentes grupos.<\/p>\n<h3>Interven\u00e7\u00e3o de Aguiar-Branco gera rea\u00e7\u00e3o no plen\u00e1rio<\/h3>\n<p>Os risos foram observados de forma transversal, com deputados de v\u00e1rias bancadas a reagirem de forma espont\u00e2nea. N\u00e3o houve altera\u00e7\u00f5es no programa da sess\u00e3o e o debate seguiu com outros pontos da ordena\u00e7\u00e3o do dia.<\/p>\n","protected":false},"excerpt":{"rendered":"<p>\u2022<\/p>\n<p>No debate quinzenal desta quarta-feira, Andr\u00e9 Ventura travou um bate-boca com Hugo Soares.<\/p>\n<p>\u2022<\/p>\n<p>Os \u00e2nimos aqueceram durante a discuss\u00e3o.<\/p>\n<p>\u2022<\/p>\n<p>O presidente da Assembleia da Rep\u00fablica, Jos\u00e9 Pedro Aguiar-Branco, interveio na sess\u00e3o.<\/p>\n<p>\u2022<\/p>\n<p>A interven\u00e7\u00e3o levou a um ataque de riso em todas as bancadas.<\/p>\n<p>\u2022<\/p>\n<p>O epis\u00f3dio ficou marcado pela rea\u00e7\u00e3o dos deputados durante o momento.<\/p>\n","protected":false},"author":2,"featured_media":422005,"comment_status":"closed","ping_status":"closed","sticky":false,"template":"","format":"standard","meta":{"footnotes":""},"categories":[5,6871],"tags":[2453,4211,5108,2832,30,2558],"class_list":["post-422001","post","type-post","status-publish","format-standard","has-post-thumbnail","hentry","category-politica","category-sociedade","tag-andre-ventura","tag-assembleia-nacional","tag-poder-publico","tag-politica","tag-presidente","tag-ventura"],"yoast_head":"<!-- This site is optimized with the Yoast SEO plugin v27.2 - https:\/\/yoast.com\/product\/yoast-seo-wordpress\/ -->\n<title>Interven\u00e7\u00e3o de Aguiar-Branco provoca risos no Parlamento - Portal Tela Portugal<\/title>\n<meta name=\"robots\" content=\"index, follow, max-snippet:-1, max-image-preview:large, max-video-preview:-1\" \/>\n<meta property=\"og:locale\" content=\"pt_PT\" \/>\n<meta property=\"og:type\" content=\"article\" \/>\n<meta property=\"og:title\" content=\"Interven\u00e7\u00e3o de Aguiar-Branco provoca risos no Parlamento - Portal Tela Portugal\" \/>\n<meta property=\"og:description\" content=\"\u2022 No debate quinzenal desta quarta-feira, Andr\u00e9 Ventura travou um bate-boca com Hugo Soares. \u2022 Os \u00e2nimos aqueceram durante a discuss\u00e3o. \u2022 O presidente da Assembleia da Rep\u00fablica, Jos\u00e9 Pedro Aguiar-Branco, interveio na sess\u00e3o. \u2022 A interven\u00e7\u00e3o levou a um ataque de riso em todas as bancadas. \u2022 O epis\u00f3dio ficou marcado pela rea\u00e7\u00e3o dos deputados durante o momento.\" \/>\n<meta property=\"og:url\" content=\"https:\/\/portaltela.pt\/noticias\/2026\/03\/26\/intervencao-de-aguiar-branco-provoca-risos-no-parlamento-2\/\" \/>\n<meta property=\"og:site_name\" content=\"Portal Tela Portugal\" \/>\n<meta property=\"article:published_time\" content=\"2026-03-26T10:59:00+00:00\" \/>\n<meta name=\"author\" content=\"Telinha\" \/>\n<meta name=\"twitter:card\" content=\"summary_large_image\" \/>\n<meta name=\"twitter:label1\" content=\"Escrito por\" \/>\n\t<meta name=\"twitter:data1\" content=\"Telinha\" \/>\n\t<meta name=\"twitter:label2\" content=\"Tempo estimado de leitura\" \/>\n\t<meta name=\"twitter:data2\" content=\"1 minuto\" \/>\n<script type=\"application\/ld+json\" class=\"yoast-schema-graph\">{\"@context\":\"https:\/\/schema.org\",\"@graph\":[{\"@type\":\"Article\",\"@id\":\"https:\/\/portaltela.pt\/noticias\/2026\/03\/26\/intervencao-de-aguiar-branco-provoca-risos-no-parlamento-2\/#article\",\"isPartOf\":{\"@id\":\"https:\/\/portaltela.pt\/noticias\/2026\/03\/26\/intervencao-de-aguiar-branco-provoca-risos-no-parlamento-2\/\"},\"author\":{\"name\":\"Telinha\",\"@id\":\"https:\/\/portaltela.pt\/#\/schema\/person\/c4278d4a6028830caff9ee44b42d32ed\"},\"headline\":\"Interven\u00e7\u00e3o de Aguiar-Branco provoca risos no Parlamento\",\"datePublished\":\"2026-03-26T10:59:00+00:00\",\"mainEntityOfPage\":{\"@id\":\"https:\/\/portaltela.pt\/noticias\/2026\/03\/26\/intervencao-de-aguiar-branco-provoca-risos-no-parlamento-2\/\"},\"wordCount\":179,\"image\":{\"@id\":\"https:\/\/portaltela.pt\/noticias\/2026\/03\/26\/intervencao-de-aguiar-branco-provoca-risos-no-parlamento-2\/#primaryimage\"},\"thumbnailUrl\":\"https:\/\/portaltela.pt\/s.01k8rhncp4jt1\/2026\/03\/img_1280x722uu2026-03-26-10-58-50-2274897.jpg\",\"keywords\":[\"Andr\u00e9 Ventura\",\"Assembleia Nacional\",\"poder p\u00fablico\",\"pol\u00edtica\",\"presidente\",\"Ventura\"],\"articleSection\":[\"Pol\u00edtica\",\"Sociedade\"],\"inLanguage\":\"pt-PT\"},{\"@type\":\"WebPage\",\"@id\":\"https:\/\/portaltela.pt\/noticias\/2026\/03\/26\/intervencao-de-aguiar-branco-provoca-risos-no-parlamento-2\/\",\"url\":\"https:\/\/portaltela.pt\/noticias\/2026\/03\/26\/intervencao-de-aguiar-branco-provoca-risos-no-parlamento-2\/\",\"name\":\"Interven\u00e7\u00e3o de Aguiar-Branco provoca risos no Parlamento - Portal Tela Portugal\",\"isPartOf\":{\"@id\":\"https:\/\/portaltela.pt\/#website\"},\"primaryImageOfPage\":{\"@id\":\"https:\/\/portaltela.pt\/noticias\/2026\/03\/26\/intervencao-de-aguiar-branco-provoca-risos-no-parlamento-2\/#primaryimage\"},\"image\":{\"@id\":\"https:\/\/portaltela.pt\/noticias\/2026\/03\/26\/intervencao-de-aguiar-branco-provoca-risos-no-parlamento-2\/#primaryimage\"},\"thumbnailUrl\":\"https:\/\/portaltela.pt\/s.01k8rhncp4jt1\/2026\/03\/img_1280x722uu2026-03-26-10-58-50-2274897.jpg\",\"datePublished\":\"2026-03-26T10:59:00+00:00\",\"author\":{\"@id\":\"https:\/\/portaltela.pt\/#\/schema\/person\/c4278d4a6028830caff9ee44b42d32ed\"},\"breadcrumb\":{\"@id\":\"https:\/\/portaltela.pt\/noticias\/2026\/03\/26\/intervencao-de-aguiar-branco-provoca-risos-no-parlamento-2\/#breadcrumb\"},\"inLanguage\":\"pt-PT\",\"potentialAction\":[{\"@type\":\"ReadAction\",\"target\":[\"https:\/\/portaltela.pt\/noticias\/2026\/03\/26\/intervencao-de-aguiar-branco-provoca-risos-no-parlamento-2\/\"]}]},{\"@type\":\"ImageObject\",\"inLanguage\":\"pt-PT\",\"@id\":\"https:\/\/portaltela.pt\/noticias\/2026\/03\/26\/intervencao-de-aguiar-branco-provoca-risos-no-parlamento-2\/#primaryimage\",\"url\":\"https:\/\/portaltela.pt\/s.01k8rhncp4jt1\/2026\/03\/img_1280x722uu2026-03-26-10-58-50-2274897.jpg\",\"contentUrl\":\"https:\/\/portaltela.pt\/s.01k8rhncp4jt1\/2026\/03\/img_1280x722uu2026-03-26-10-58-50-2274897.jpg\",\"width\":796,\"height\":448,\"caption\":\"Photo\"},{\"@type\":\"BreadcrumbList\",\"@id\":\"https:\/\/portaltela.pt\/noticias\/2026\/03\/26\/intervencao-de-aguiar-branco-provoca-risos-no-parlamento-2\/#breadcrumb\",\"itemListElement\":[{\"@type\":\"ListItem\",\"position\":1,\"name\":\"In\u00edcio\",\"item\":\"https:\/\/portaltela.pt\/\"},{\"@type\":\"ListItem\",\"position\":2,\"name\":\"Interven\u00e7\u00e3o de Aguiar-Branco provoca risos no Parlamento\"}]},{\"@type\":\"WebSite\",\"@id\":\"https:\/\/portaltela.pt\/#website\",\"url\":\"https:\/\/portaltela.pt\/\",\"name\":\"Portal Tela Portugal\",\"description\":\"\",\"potentialAction\":[{\"@type\":\"SearchAction\",\"target\":{\"@type\":\"EntryPoint\",\"urlTemplate\":\"https:\/\/portaltela.pt\/?s={search_term_string}\"},\"query-input\":{\"@type\":\"PropertyValueSpecification\",\"valueRequired\":true,\"valueName\":\"search_term_string\"}}],\"inLanguage\":\"pt-PT\"},{\"@type\":\"Person\",\"@id\":\"https:\/\/portaltela.pt\/#\/schema\/person\/c4278d4a6028830caff9ee44b42d32ed\",\"name\":\"Telinha\",\"image\":{\"@type\":\"ImageObject\",\"inLanguage\":\"pt-PT\",\"@id\":\"https:\/\/portaltela.pt\/s.01k8rhncp4jt1\/2025\/11\/talking-bot-125x125.png\",\"url\":\"https:\/\/portaltela.pt\/s.01k8rhncp4jt1\/2025\/11\/talking-bot-125x125.png\",\"contentUrl\":\"https:\/\/portaltela.pt\/s.01k8rhncp4jt1\/2025\/11\/talking-bot-125x125.png\",\"caption\":\"Telinha\"},\"sameAs\":[\"https:\/\/portaltela.pt\/\"],\"url\":\"https:\/\/portaltela.pt\/por\/367410592786\/\"}]}<\/script>\n<!-- \/ Yoast SEO plugin. -->","yoast_head_json":{"title":"Interven\u00e7\u00e3o de Aguiar-Branco provoca risos no Parlamento - Portal Tela Portugal","robots":{"index":"index","follow":"follow","max-snippet":"max-snippet:-1","max-image-preview":"max-image-preview:large","max-video-preview":"max-video-preview:-1"},"og_locale":"pt_PT","og_type":"article","og_title":"Interven\u00e7\u00e3o de Aguiar-Branco provoca risos no Parlamento - Portal Tela Portugal","og_description":"\u2022 No debate quinzenal desta quarta-feira, Andr\u00e9 Ventura travou um bate-boca com Hugo Soares. \u2022 Os \u00e2nimos aqueceram durante a discuss\u00e3o. \u2022 O presidente da Assembleia da Rep\u00fablica, Jos\u00e9 Pedro Aguiar-Branco, interveio na sess\u00e3o. \u2022 A interven\u00e7\u00e3o levou a um ataque de riso em todas as bancadas. \u2022 O epis\u00f3dio ficou marcado pela rea\u00e7\u00e3o dos deputados durante o momento.","og_url":"https:\/\/portaltela.pt\/noticias\/2026\/03\/26\/intervencao-de-aguiar-branco-provoca-risos-no-parlamento-2\/","og_site_name":"Portal Tela Portugal","article_published_time":"2026-03-26T10:59:00+00:00","author":"Telinha","twitter_card":"summary_large_image","twitter_misc":{"Escrito por":"Telinha","Tempo estimado de leitura":"1 minuto"},"schema":{"@context":"https:\/\/schema.org","@graph":[{"@type":"Article","@id":"https:\/\/portaltela.pt\/noticias\/2026\/03\/26\/intervencao-de-aguiar-branco-provoca-risos-no-parlamento-2\/#article","isPartOf":{"@id":"https:\/\/portaltela.pt\/noticias\/2026\/03\/26\/intervencao-de-aguiar-branco-provoca-risos-no-parlamento-2\/"},"author":{"name":"Telinha","@id":"https:\/\/portaltela.pt\/#\/schema\/person\/c4278d4a6028830caff9ee44b42d32ed"},"headline":"Interven\u00e7\u00e3o de Aguiar-Branco provoca risos no Parlamento","datePublished":"2026-03-26T10:59:00+00:00","mainEntityOfPage":{"@id":"https:\/\/portaltela.pt\/noticias\/2026\/03\/26\/intervencao-de-aguiar-branco-provoca-risos-no-parlamento-2\/"},"wordCount":179,"image":{"@id":"https:\/\/portaltela.pt\/noticias\/2026\/03\/26\/intervencao-de-aguiar-branco-provoca-risos-no-parlamento-2\/#primaryimage"},"thumbnailUrl":"https:\/\/portaltela.pt\/s.01k8rhncp4jt1\/2026\/03\/img_1280x722uu2026-03-26-10-58-50-2274897.jpg","keywords":["Andr\u00e9 Ventura","Assembleia Nacional","poder p\u00fablico","pol\u00edtica","presidente","Ventura"],"articleSection":["Pol\u00edtica","Sociedade"],"inLanguage":"pt-PT"},{"@type":"WebPage","@id":"https:\/\/portaltela.pt\/noticias\/2026\/03\/26\/intervencao-de-aguiar-branco-provoca-risos-no-parlamento-2\/","url":"https:\/\/portaltela.pt\/noticias\/2026\/03\/26\/intervencao-de-aguiar-branco-provoca-risos-no-parlamento-2\/","name":"Interven\u00e7\u00e3o de Aguiar-Branco provoca risos no Parlamento - Portal Tela Portugal","isPartOf":{"@id":"https:\/\/portaltela.pt\/#website"},"primaryImageOfPage":{"@id":"https:\/\/portaltela.pt\/noticias\/2026\/03\/26\/intervencao-de-aguiar-branco-provoca-risos-no-parlamento-2\/#primaryimage"},"image":{"@id":"https:\/\/portaltela.pt\/noticias\/2026\/03\/26\/intervencao-de-aguiar-branco-provoca-risos-no-parlamento-2\/#primaryimage"},"thumbnailUrl":"https:\/\/portaltela.pt\/s.01k8rhncp4jt1\/2026\/03\/img_1280x722uu2026-03-26-10-58-50-2274897.jpg","datePublished":"2026-03-26T10:59:00+00:00","author":{"@id":"https:\/\/portaltela.pt\/#\/schema\/person\/c4278d4a6028830caff9ee44b42d32ed"},"breadcrumb":{"@id":"https:\/\/portaltela.pt\/noticias\/2026\/03\/26\/intervencao-de-aguiar-branco-provoca-risos-no-parlamento-2\/#breadcrumb"},"inLanguage":"pt-PT","potentialAction":[{"@type":"ReadAction","target":["https:\/\/portaltela.pt\/noticias\/2026\/03\/26\/intervencao-de-aguiar-branco-provoca-risos-no-parlamento-2\/"]}]},{"@type":"ImageObject","inLanguage":"pt-PT","@id":"https:\/\/portaltela.pt\/noticias\/2026\/03\/26\/intervencao-de-aguiar-branco-provoca-risos-no-parlamento-2\/#primaryimage","url":"https:\/\/portaltela.pt\/s.01k8rhncp4jt1\/2026\/03\/img_1280x722uu2026-03-26-10-58-50-2274897.jpg","contentUrl":"https:\/\/portaltela.pt\/s.01k8rhncp4jt1\/2026\/03\/img_1280x722uu2026-03-26-10-58-50-2274897.jpg","width":796,"height":448,"caption":"Photo"},{"@type":"BreadcrumbList","@id":"https:\/\/portaltela.pt\/noticias\/2026\/03\/26\/intervencao-de-aguiar-branco-provoca-risos-no-parlamento-2\/#breadcrumb","itemListElement":[{"@type":"ListItem","position":1,"name":"In\u00edcio","item":"https:\/\/portaltela.pt\/"},{"@type":"ListItem","position":2,"name":"Interven\u00e7\u00e3o de Aguiar-Branco provoca risos no Parlamento"}]},{"@type":"WebSite","@id":"https:\/\/portaltela.pt\/#website","url":"https:\/\/portaltela.pt\/","name":"Portal Tela Portugal","description":"","potentialAction":[{"@type":"SearchAction","target":{"@type":"EntryPoint","urlTemplate":"https:\/\/portaltela.pt\/?s={search_term_string}"},"query-input":{"@type":"PropertyValueSpecification","valueRequired":true,"valueName":"search_term_string"}}],"inLanguage":"pt-PT"},{"@type":"Person","@id":"https:\/\/portaltela.pt\/#\/schema\/person\/c4278d4a6028830caff9ee44b42d32ed","name":"Telinha","image":{"@type":"ImageObject","inLanguage":"pt-PT","@id":"https:\/\/portaltela.pt\/s.01k8rhncp4jt1\/2025\/11\/talking-bot-125x125.png","url":"https:\/\/portaltela.pt\/s.01k8rhncp4jt1\/2025\/11\/talking-bot-125x125.png","contentUrl":"https:\/\/portaltela.pt\/s.01k8rhncp4jt1\/2025\/11\/talking-bot-125x125.png","caption":"Telinha"},"sameAs":["https:\/\/portaltela.pt\/"],"url":"https:\/\/portaltela.pt\/por\/367410592786\/"}]}},"_links":{"self":[{"href":"https:\/\/portaltela.pt\/api\/wp\/v2\/posts\/422001","targetHints":{"allow":["GET"]}}],"collection":[{"href":"https:\/\/portaltela.pt\/api\/wp\/v2\/posts"}],"about":[{"href":"https:\/\/portaltela.pt\/api\/wp\/v2\/types\/post"}],"author":[{"embeddable":true,"href":"https:\/\/portaltela.pt\/api\/wp\/v2\/users\/2"}],"replies":[{"embeddable":true,"href":"https:\/\/portaltela.pt\/api\/wp\/v2\/comments?post=422001"}],"version-history":[{"count":0,"href":"https:\/\/portaltela.pt\/api\/wp\/v2\/posts\/422001\/revisions"}],"wp:featuredmedia":[{"embeddable":true,"href":"https:\/\/portaltela.pt\/api\/wp\/v2\/media\/422005"}],"wp:attachment":[{"href":"https:\/\/portaltela.pt\/api\/wp\/v2\/media?parent=422001"}],"wp:term":[{"taxonomy":"category","embeddable":true,"href":"https:\/\/portaltela.pt\/api\/wp\/v2\/categories?post=422001"},{"taxonomy":"post_tag","embeddable":true,"href":"https:\/\/portaltela.pt\/api\/wp\/v2\/tags?post=422001"}],"curies":[{"name":"wp","href":"https:\/\/api.w.org\/{rel}","templated":true}]}}