{"id":421979,"date":"2026-03-26T07:07:00","date_gmt":"2026-03-26T10:07:00","guid":{"rendered":"https:\/\/portaltela.pt\/noticias\/2026\/03\/26\/gilla-band-kiss-facility-e-la-tania-em-festival-common-ground-lisboa\/"},"modified":"2026-03-26T07:07:00","modified_gmt":"2026-03-26T10:07:00","slug":"gilla-band-kiss-facility-e-la-tania-em-festival-common-ground-lisboa","status":"publish","type":"post","link":"https:\/\/portaltela.pt\/musica\/2026\/03\/26\/gilla-band-kiss-facility-e-la-tania-em-festival-common-ground-lisboa\/","title":{"rendered":"Gilla Band, Kiss Facility e La Tania em festival Common Ground, Lisboa"},"content":{"rendered":"<p>O novo festival lisboeta Jameson Common Ground vai acontecer na Casa Capit\u00e3o, de 7 a 9 de Maio. O cartaz inclui Gilla Band, Kiss Facility, Devon Rexi, Elijah Minelli e Sensible Soccers, entre outros artistas. A maior parte dos concertos \u00e9 de entrada livre.<\/p>\n<p>Segundo a organiza\u00e7\u00e3o, o programa contempla perto de duas dezenas de atua\u00e7\u00f5es, com alguns espet\u00e1culos pagos. Paralelamente, haver\u00e1 emiss\u00f5es ao vivo da Futura R\u00e1dio de Autor, ligando os artistas ao conte\u00fado radiof\u00f3nico. A ideia \u00e9 criar um ponto comum entre m\u00fasica e r\u00e1dio.<\/p>\n<p>Pedro Azevedo, um dos programadores da Casa Capit\u00e3o, aponta que a r\u00e1dio funciona como o \u201ccommon ground\u201d do festival. A Casa Capit\u00e3o \u00e9 apresentada como um espa\u00e7o onde os artistas poderiam atuar, refor\u00e7ando a ideia de continuidade entre palco e casa.<\/p>\n<h3>Cartaz por dias e formatos<\/h3>\n<p>O evento come\u00e7a a 7 de Maio com Co$tanza e a Post MODEM Orchestra, que apresentam ao vivo uma leitura de Linha Verde (2019) em formato gratuito. No mesmo dia atuam La Tania e Kiss Facility, concertos pagos, al\u00e9m de Devon Rexi e Teo Lucadamo, com entrada livre.<\/p>\n<p>No dia seguinte, 8 de Maio, est\u00e3o marcados Sensible Soccers, em concerto pago, Lucas Maia, La Valentina e IBSXJAUR, dupla de INFRABASSESATURE e JAUR. Esta programa\u00e7\u00e3o mant\u00e9m o equil\u00edbrio entre momentos gratuitos e pagos.<\/p>\n<p>No \u00faltimo dia passam por Lisboa Maria Reis, Leonor Arnaut, Femme Falafel, M\u00a5SS KETA, AMORE, Elijah Minelli, Sereias e Gilla Band, que regressam a Lisboa pela primeira vez desde a mudan\u00e7a de nome. Todos os espect\u00e1culos destacam a diversidade do panorama independente.<\/p>\n","protected":false},"excerpt":{"rendered":"<ul>\n<li>Jameson Common Ground, festival de m\u00fasica, realiza-se na Casa Capit\u00e3o, em Lisboa, entre 7 e 9 de maio, com a maioria dos concertos de entrada livre.<\/li>\n<li>O alinhamento inclui Gilla Band, Kiss Facility, Devon Rexi, Elijah Minelli e Sensible Soccers, al\u00e9m de Maria Reis e Leonor Arnaut no cartaz.<\/li>\n<li>O programa conta com quase duas dezenas de concertos, alguns pagos e outros de entrada livre, intercalados por emiss\u00f5es ao vivo da Futura R\u00e1dio de Autor.<\/li>\n<li>No primeiro dia atuam Co$tanza e a Post MODEM Orchestra (entrada livre); La Tania e Kiss Facility t\u00eam concertos pagos; Devon Rexi e Teo Lucadamo tamb\u00e9m sobem a palco, com entrada livre.<\/li>\n<li>No segundo dia passam Sensible Soccers (\u00fanico concerto pago desse dia), Lucas Maia, La Valentina e IBSXJAUR; no \u00faltimo dia sobem Maria Reis, Leonor Arnaut, Femme Falafel, M\u00a5SS KETA, AMORE, Elijah Minelli, Sereias e Gilla Band.<\/li>\n<\/ul>\n","protected":false},"author":2,"featured_media":421983,"comment_status":"closed","ping_status":"closed","sticky":false,"template":"","format":"standard","meta":{"footnotes":""},"categories":[6676],"tags":[4892,7424,3674,981,122,1014],"class_list":["post-421979","post","type-post","status-publish","format-standard","has-post-thumbnail","hentry","category-musica","tag-conciertos","tag-espectaculos","tag-festival","tag-lisboa","tag-musica","tag-portugal"],"yoast_head":"<!-- This site is optimized with the Yoast SEO plugin v27.2 - https:\/\/yoast.com\/product\/yoast-seo-wordpress\/ -->\n<title>Gilla Band, Kiss Facility e La Tania em festival Common Ground, Lisboa - Portal Tela Portugal<\/title>\n<meta name=\"robots\" content=\"index, follow, max-snippet:-1, max-image-preview:large, max-video-preview:-1\" \/>\n<meta property=\"og:locale\" content=\"pt_PT\" \/>\n<meta property=\"og:type\" content=\"article\" \/>\n<meta property=\"og:title\" content=\"Gilla Band, Kiss Facility e La Tania em festival Common Ground, Lisboa - Portal Tela Portugal\" \/>\n<meta property=\"og:description\" content=\"Jameson Common Ground, festival de m\u00fasica, realiza-se na Casa Capit\u00e3o, em Lisboa, entre 7 e 9 de maio, com a maioria dos concertos de entrada livre. O alinhamento inclui Gilla Band, Kiss Facility, Devon Rexi, Elijah Minelli e Sensible Soccers, al\u00e9m de Maria Reis e Leonor Arnaut no cartaz. O programa conta com quase duas dezenas de concertos, alguns pagos e outros de entrada livre, intercalados por emiss\u00f5es ao vivo da Futura R\u00e1dio de Autor. No primeiro dia atuam Co$tanza e a Post MODEM Orchestra (entrada livre); La Tania e Kiss Facility t\u00eam concertos pagos; Devon Rexi e Teo Lucadamo tamb\u00e9m sobem a palco, com entrada livre. No segundo dia passam Sensible Soccers (\u00fanico concerto pago desse dia), Lucas Maia, La Valentina e IBSXJAUR; no \u00faltimo dia sobem Maria Reis, Leonor Arnaut, Femme Falafel, M\u00a5SS KETA, AMORE, Elijah Minelli, Sereias e Gilla Band.\" \/>\n<meta property=\"og:url\" content=\"https:\/\/portaltela.pt\/noticias\/2026\/03\/26\/gilla-band-kiss-facility-e-la-tania-em-festival-common-ground-lisboa\/\" \/>\n<meta property=\"og:site_name\" content=\"Portal Tela Portugal\" \/>\n<meta property=\"article:published_time\" content=\"2026-03-26T10:07:00+00:00\" \/>\n<meta name=\"author\" content=\"Telinha\" \/>\n<meta name=\"twitter:card\" content=\"summary_large_image\" \/>\n<meta name=\"twitter:label1\" content=\"Escrito por\" \/>\n\t<meta name=\"twitter:data1\" content=\"Telinha\" \/>\n\t<meta name=\"twitter:label2\" content=\"Tempo estimado de leitura\" \/>\n\t<meta name=\"twitter:data2\" content=\"1 minuto\" \/>\n<script type=\"application\/ld+json\" class=\"yoast-schema-graph\">{\"@context\":\"https:\/\/schema.org\",\"@graph\":[{\"@type\":\"Article\",\"@id\":\"https:\/\/portaltela.pt\/noticias\/2026\/03\/26\/gilla-band-kiss-facility-e-la-tania-em-festival-common-ground-lisboa\/#article\",\"isPartOf\":{\"@id\":\"https:\/\/portaltela.pt\/noticias\/2026\/03\/26\/gilla-band-kiss-facility-e-la-tania-em-festival-common-ground-lisboa\/\"},\"author\":{\"name\":\"Telinha\",\"@id\":\"https:\/\/portaltela.pt\/#\/schema\/person\/c4278d4a6028830caff9ee44b42d32ed\"},\"headline\":\"Gilla Band, Kiss Facility e La Tania em festival Common Ground, Lisboa\",\"datePublished\":\"2026-03-26T10:07:00+00:00\",\"mainEntityOfPage\":{\"@id\":\"https:\/\/portaltela.pt\/noticias\/2026\/03\/26\/gilla-band-kiss-facility-e-la-tania-em-festival-common-ground-lisboa\/\"},\"wordCount\":286,\"image\":{\"@id\":\"https:\/\/portaltela.pt\/noticias\/2026\/03\/26\/gilla-band-kiss-facility-e-la-tania-em-festival-common-ground-lisboa\/#primaryimage\"},\"thumbnailUrl\":\"https:\/\/portaltela.pt\/s.01k8rhncp4jt1\/2026\/03\/2076989.jpg\",\"keywords\":[\"conciertos\",\"espect\u00e1culos\",\"festival\",\"Lisboa\",\"m\u00fasica\",\"Portugal\"],\"articleSection\":[\"M\u00fasica\"],\"inLanguage\":\"pt-PT\"},{\"@type\":\"WebPage\",\"@id\":\"https:\/\/portaltela.pt\/noticias\/2026\/03\/26\/gilla-band-kiss-facility-e-la-tania-em-festival-common-ground-lisboa\/\",\"url\":\"https:\/\/portaltela.pt\/noticias\/2026\/03\/26\/gilla-band-kiss-facility-e-la-tania-em-festival-common-ground-lisboa\/\",\"name\":\"Gilla Band, Kiss Facility e La Tania em festival Common Ground, Lisboa - Portal Tela Portugal\",\"isPartOf\":{\"@id\":\"https:\/\/portaltela.pt\/#website\"},\"primaryImageOfPage\":{\"@id\":\"https:\/\/portaltela.pt\/noticias\/2026\/03\/26\/gilla-band-kiss-facility-e-la-tania-em-festival-common-ground-lisboa\/#primaryimage\"},\"image\":{\"@id\":\"https:\/\/portaltela.pt\/noticias\/2026\/03\/26\/gilla-band-kiss-facility-e-la-tania-em-festival-common-ground-lisboa\/#primaryimage\"},\"thumbnailUrl\":\"https:\/\/portaltela.pt\/s.01k8rhncp4jt1\/2026\/03\/2076989.jpg\",\"datePublished\":\"2026-03-26T10:07:00+00:00\",\"author\":{\"@id\":\"https:\/\/portaltela.pt\/#\/schema\/person\/c4278d4a6028830caff9ee44b42d32ed\"},\"breadcrumb\":{\"@id\":\"https:\/\/portaltela.pt\/noticias\/2026\/03\/26\/gilla-band-kiss-facility-e-la-tania-em-festival-common-ground-lisboa\/#breadcrumb\"},\"inLanguage\":\"pt-PT\",\"potentialAction\":[{\"@type\":\"ReadAction\",\"target\":[\"https:\/\/portaltela.pt\/noticias\/2026\/03\/26\/gilla-band-kiss-facility-e-la-tania-em-festival-common-ground-lisboa\/\"]}]},{\"@type\":\"ImageObject\",\"inLanguage\":\"pt-PT\",\"@id\":\"https:\/\/portaltela.pt\/noticias\/2026\/03\/26\/gilla-band-kiss-facility-e-la-tania-em-festival-common-ground-lisboa\/#primaryimage\",\"url\":\"https:\/\/portaltela.pt\/s.01k8rhncp4jt1\/2026\/03\/2076989.jpg\",\"contentUrl\":\"https:\/\/portaltela.pt\/s.01k8rhncp4jt1\/2026\/03\/2076989.jpg\",\"width\":796,\"height\":448,\"caption\":\"Kiss Facility\"},{\"@type\":\"BreadcrumbList\",\"@id\":\"https:\/\/portaltela.pt\/noticias\/2026\/03\/26\/gilla-band-kiss-facility-e-la-tania-em-festival-common-ground-lisboa\/#breadcrumb\",\"itemListElement\":[{\"@type\":\"ListItem\",\"position\":1,\"name\":\"In\u00edcio\",\"item\":\"https:\/\/portaltela.pt\/\"},{\"@type\":\"ListItem\",\"position\":2,\"name\":\"Gilla Band, Kiss Facility e La Tania em festival Common Ground, Lisboa\"}]},{\"@type\":\"WebSite\",\"@id\":\"https:\/\/portaltela.pt\/#website\",\"url\":\"https:\/\/portaltela.pt\/\",\"name\":\"Portal Tela Portugal\",\"description\":\"\",\"potentialAction\":[{\"@type\":\"SearchAction\",\"target\":{\"@type\":\"EntryPoint\",\"urlTemplate\":\"https:\/\/portaltela.pt\/?s={search_term_string}\"},\"query-input\":{\"@type\":\"PropertyValueSpecification\",\"valueRequired\":true,\"valueName\":\"search_term_string\"}}],\"inLanguage\":\"pt-PT\"},{\"@type\":\"Person\",\"@id\":\"https:\/\/portaltela.pt\/#\/schema\/person\/c4278d4a6028830caff9ee44b42d32ed\",\"name\":\"Telinha\",\"image\":{\"@type\":\"ImageObject\",\"inLanguage\":\"pt-PT\",\"@id\":\"https:\/\/portaltela.pt\/s.01k8rhncp4jt1\/2025\/11\/talking-bot-125x125.png\",\"url\":\"https:\/\/portaltela.pt\/s.01k8rhncp4jt1\/2025\/11\/talking-bot-125x125.png\",\"contentUrl\":\"https:\/\/portaltela.pt\/s.01k8rhncp4jt1\/2025\/11\/talking-bot-125x125.png\",\"caption\":\"Telinha\"},\"sameAs\":[\"https:\/\/portaltela.pt\/\"],\"url\":\"https:\/\/portaltela.pt\/por\/367410592786\/\"}]}<\/script>\n<!-- \/ Yoast SEO plugin. -->","yoast_head_json":{"title":"Gilla Band, Kiss Facility e La Tania em festival Common Ground, Lisboa - Portal Tela Portugal","robots":{"index":"index","follow":"follow","max-snippet":"max-snippet:-1","max-image-preview":"max-image-preview:large","max-video-preview":"max-video-preview:-1"},"og_locale":"pt_PT","og_type":"article","og_title":"Gilla Band, Kiss Facility e La Tania em festival Common Ground, Lisboa - Portal Tela Portugal","og_description":"Jameson Common Ground, festival de m\u00fasica, realiza-se na Casa Capit\u00e3o, em Lisboa, entre 7 e 9 de maio, com a maioria dos concertos de entrada livre. O alinhamento inclui Gilla Band, Kiss Facility, Devon Rexi, Elijah Minelli e Sensible Soccers, al\u00e9m de Maria Reis e Leonor Arnaut no cartaz. O programa conta com quase duas dezenas de concertos, alguns pagos e outros de entrada livre, intercalados por emiss\u00f5es ao vivo da Futura R\u00e1dio de Autor. No primeiro dia atuam Co$tanza e a Post MODEM Orchestra (entrada livre); La Tania e Kiss Facility t\u00eam concertos pagos; Devon Rexi e Teo Lucadamo tamb\u00e9m sobem a palco, com entrada livre. No segundo dia passam Sensible Soccers (\u00fanico concerto pago desse dia), Lucas Maia, La Valentina e IBSXJAUR; no \u00faltimo dia sobem Maria Reis, Leonor Arnaut, Femme Falafel, M\u00a5SS KETA, AMORE, Elijah Minelli, Sereias e Gilla Band.","og_url":"https:\/\/portaltela.pt\/noticias\/2026\/03\/26\/gilla-band-kiss-facility-e-la-tania-em-festival-common-ground-lisboa\/","og_site_name":"Portal Tela Portugal","article_published_time":"2026-03-26T10:07:00+00:00","author":"Telinha","twitter_card":"summary_large_image","twitter_misc":{"Escrito por":"Telinha","Tempo estimado de leitura":"1 minuto"},"schema":{"@context":"https:\/\/schema.org","@graph":[{"@type":"Article","@id":"https:\/\/portaltela.pt\/noticias\/2026\/03\/26\/gilla-band-kiss-facility-e-la-tania-em-festival-common-ground-lisboa\/#article","isPartOf":{"@id":"https:\/\/portaltela.pt\/noticias\/2026\/03\/26\/gilla-band-kiss-facility-e-la-tania-em-festival-common-ground-lisboa\/"},"author":{"name":"Telinha","@id":"https:\/\/portaltela.pt\/#\/schema\/person\/c4278d4a6028830caff9ee44b42d32ed"},"headline":"Gilla Band, Kiss Facility e La Tania em festival Common Ground, Lisboa","datePublished":"2026-03-26T10:07:00+00:00","mainEntityOfPage":{"@id":"https:\/\/portaltela.pt\/noticias\/2026\/03\/26\/gilla-band-kiss-facility-e-la-tania-em-festival-common-ground-lisboa\/"},"wordCount":286,"image":{"@id":"https:\/\/portaltela.pt\/noticias\/2026\/03\/26\/gilla-band-kiss-facility-e-la-tania-em-festival-common-ground-lisboa\/#primaryimage"},"thumbnailUrl":"https:\/\/portaltela.pt\/s.01k8rhncp4jt1\/2026\/03\/2076989.jpg","keywords":["conciertos","espect\u00e1culos","festival","Lisboa","m\u00fasica","Portugal"],"articleSection":["M\u00fasica"],"inLanguage":"pt-PT"},{"@type":"WebPage","@id":"https:\/\/portaltela.pt\/noticias\/2026\/03\/26\/gilla-band-kiss-facility-e-la-tania-em-festival-common-ground-lisboa\/","url":"https:\/\/portaltela.pt\/noticias\/2026\/03\/26\/gilla-band-kiss-facility-e-la-tania-em-festival-common-ground-lisboa\/","name":"Gilla Band, Kiss Facility e La Tania em festival Common Ground, Lisboa - Portal Tela Portugal","isPartOf":{"@id":"https:\/\/portaltela.pt\/#website"},"primaryImageOfPage":{"@id":"https:\/\/portaltela.pt\/noticias\/2026\/03\/26\/gilla-band-kiss-facility-e-la-tania-em-festival-common-ground-lisboa\/#primaryimage"},"image":{"@id":"https:\/\/portaltela.pt\/noticias\/2026\/03\/26\/gilla-band-kiss-facility-e-la-tania-em-festival-common-ground-lisboa\/#primaryimage"},"thumbnailUrl":"https:\/\/portaltela.pt\/s.01k8rhncp4jt1\/2026\/03\/2076989.jpg","datePublished":"2026-03-26T10:07:00+00:00","author":{"@id":"https:\/\/portaltela.pt\/#\/schema\/person\/c4278d4a6028830caff9ee44b42d32ed"},"breadcrumb":{"@id":"https:\/\/portaltela.pt\/noticias\/2026\/03\/26\/gilla-band-kiss-facility-e-la-tania-em-festival-common-ground-lisboa\/#breadcrumb"},"inLanguage":"pt-PT","potentialAction":[{"@type":"ReadAction","target":["https:\/\/portaltela.pt\/noticias\/2026\/03\/26\/gilla-band-kiss-facility-e-la-tania-em-festival-common-ground-lisboa\/"]}]},{"@type":"ImageObject","inLanguage":"pt-PT","@id":"https:\/\/portaltela.pt\/noticias\/2026\/03\/26\/gilla-band-kiss-facility-e-la-tania-em-festival-common-ground-lisboa\/#primaryimage","url":"https:\/\/portaltela.pt\/s.01k8rhncp4jt1\/2026\/03\/2076989.jpg","contentUrl":"https:\/\/portaltela.pt\/s.01k8rhncp4jt1\/2026\/03\/2076989.jpg","width":796,"height":448,"caption":"Kiss Facility"},{"@type":"BreadcrumbList","@id":"https:\/\/portaltela.pt\/noticias\/2026\/03\/26\/gilla-band-kiss-facility-e-la-tania-em-festival-common-ground-lisboa\/#breadcrumb","itemListElement":[{"@type":"ListItem","position":1,"name":"In\u00edcio","item":"https:\/\/portaltela.pt\/"},{"@type":"ListItem","position":2,"name":"Gilla Band, Kiss Facility e La Tania em festival Common Ground, Lisboa"}]},{"@type":"WebSite","@id":"https:\/\/portaltela.pt\/#website","url":"https:\/\/portaltela.pt\/","name":"Portal Tela Portugal","description":"","potentialAction":[{"@type":"SearchAction","target":{"@type":"EntryPoint","urlTemplate":"https:\/\/portaltela.pt\/?s={search_term_string}"},"query-input":{"@type":"PropertyValueSpecification","valueRequired":true,"valueName":"search_term_string"}}],"inLanguage":"pt-PT"},{"@type":"Person","@id":"https:\/\/portaltela.pt\/#\/schema\/person\/c4278d4a6028830caff9ee44b42d32ed","name":"Telinha","image":{"@type":"ImageObject","inLanguage":"pt-PT","@id":"https:\/\/portaltela.pt\/s.01k8rhncp4jt1\/2025\/11\/talking-bot-125x125.png","url":"https:\/\/portaltela.pt\/s.01k8rhncp4jt1\/2025\/11\/talking-bot-125x125.png","contentUrl":"https:\/\/portaltela.pt\/s.01k8rhncp4jt1\/2025\/11\/talking-bot-125x125.png","caption":"Telinha"},"sameAs":["https:\/\/portaltela.pt\/"],"url":"https:\/\/portaltela.pt\/por\/367410592786\/"}]}},"_links":{"self":[{"href":"https:\/\/portaltela.pt\/api\/wp\/v2\/posts\/421979","targetHints":{"allow":["GET"]}}],"collection":[{"href":"https:\/\/portaltela.pt\/api\/wp\/v2\/posts"}],"about":[{"href":"https:\/\/portaltela.pt\/api\/wp\/v2\/types\/post"}],"author":[{"embeddable":true,"href":"https:\/\/portaltela.pt\/api\/wp\/v2\/users\/2"}],"replies":[{"embeddable":true,"href":"https:\/\/portaltela.pt\/api\/wp\/v2\/comments?post=421979"}],"version-history":[{"count":0,"href":"https:\/\/portaltela.pt\/api\/wp\/v2\/posts\/421979\/revisions"}],"wp:featuredmedia":[{"embeddable":true,"href":"https:\/\/portaltela.pt\/api\/wp\/v2\/media\/421983"}],"wp:attachment":[{"href":"https:\/\/portaltela.pt\/api\/wp\/v2\/media?parent=421979"}],"wp:term":[{"taxonomy":"category","embeddable":true,"href":"https:\/\/portaltela.pt\/api\/wp\/v2\/categories?post=421979"},{"taxonomy":"post_tag","embeddable":true,"href":"https:\/\/portaltela.pt\/api\/wp\/v2\/tags?post=421979"}],"curies":[{"name":"wp","href":"https:\/\/api.w.org\/{rel}","templated":true}]}}