{"id":421977,"date":"2026-03-26T07:23:00","date_gmt":"2026-03-26T10:23:00","guid":{"rendered":"https:\/\/portaltela.pt\/noticias\/2026\/03\/26\/seguro-faz-16-nomeacoes-e-marcelo-escolhe-duas-assessoras-para-o-gabinete\/"},"modified":"2026-03-26T07:23:00","modified_gmt":"2026-03-26T10:23:00","slug":"seguro-faz-16-nomeacoes-e-marcelo-escolhe-duas-assessoras-para-o-gabinete","status":"publish","type":"post","link":"https:\/\/portaltela.pt\/noticias\/politica\/2026\/03\/26\/seguro-faz-16-nomeacoes-e-marcelo-escolhe-duas-assessoras-para-o-gabinete\/","title":{"rendered":"Seguro faz 16 nomea\u00e7\u00f5es e Marcelo escolhe duas assessoras para o gabinete"},"content":{"rendered":"<p>O Presidente da Rep\u00fablica nomeou 16 pessoas para a Presid\u00eancia, com foco adicional na Casa Militar, enquanto o cargo de ex-Chefe de Estado se mant\u00e9m em Bel\u00e9m. Ant\u00f3nio Jos\u00e9 Seguro formalizou as nomea\u00e7\u00f5es esta quinta-feira, publicadas no Di\u00e1rio da Rep\u00fablica.<\/p>\n<p>Entre os nomes, destaca-se Paulo Emanuel Maia Pereira, tenente-general, indicado para Chefe da Casa Militar em regime de comiss\u00e3o normal. A Presid\u00eancia j\u00e1 tinha adiantado a nomea\u00e7\u00e3o \u00e0 ag\u00eancia Lusa no in\u00edcio do m\u00eas. Refor\u00e7am-se hoje tamb\u00e9m fun\u00e7\u00f5es de assessoria na mesma estrutura.<\/p>\n<p>Na equipa pr\u00f3xima do Presidente, foram designadas tr\u00eas ajudantes de campo, todas do sexo feminino, e o Centro de Comunica\u00e7\u00f5es da Presid\u00eancia ter\u00e1 um novo respons\u00e1vel, o tenente-coronel Fernando Manuel Ferreira da Silva. Al\u00e9m disso, entram novos t\u00e9cnicos de imagem na Presid\u00eancia.<\/p>\n<h3>Casa Militar e apoio administrativo<\/h3>\n<p>A Casa Militar passa a contar com tr\u00eas assessores t\u00e9cnicos: Humberto Arbona Palmeiro Santos Rocha, Filipe Silva Cordeiro e F\u00e1tima Elisabete Vieira da Costa. A componente administrativa fica assegurada por tr\u00eas secret\u00e1rias, duas em comiss\u00e3o de servi\u00e7o e uma em requisi\u00e7\u00e3o.<\/p>\n<p>Na Casa Civil, o Secretariado regista duas novas secret\u00e1rias: Carla Sofia da Costa Reis e Silva e Isabel Neves Tubal de Carvalho. O vice-almirante An\u00edbal J\u00falio Maur\u00edcio Soares Ribeiro foi nomeado secret\u00e1rio do Conselho Superior de Defesa Nacional.<\/p>\n<p>Todas as nomea\u00e7\u00f5es produzem efeitos a 9 de Mar\u00e7o, data de in\u00edcio do mandato de Seguro. Ainda n\u00e3o foi nomeado o chefe da Casa Civil de Bel\u00e9m. Um despacho presidencial definiu, ainda, as percentagens do abono mensal para despesas de representa\u00e7\u00e3o.<\/p>\n","protected":false},"excerpt":{"rendered":"<ul>\n<li>Ant\u00f3nio Jos\u00e9 Seguro nomeou mais dezasseis pessoas para a Presid\u00eancia, com incid\u00eancia na Casa Militar, cujas nomea\u00e7\u00f5es foram publicadas no Di\u00e1rio da Rep\u00fablica.<\/li>\n<li>Paulo Emanuel Maia Pereira \u00e9 o novo chefe da Casa Militar, em regime de comiss\u00e3o normal; integram o corpo da Casa Militar os assessores Humberto Arbona Palmeiro Santos Rocha, Filipe Silva Cordeiro e F\u00e1tima Elisabete Vieira da Costa.<\/li>\n<li>A Casa Militar fica com tr\u00eas secret\u00e1rias administrativas, totalizando sete nomea\u00e7\u00f5es nesse \u00f3rg\u00e3o.<\/li>\n<li>No c\u00edrculo pr\u00f3ximo do Presidente, foram designadas tr\u00eas ajudantes de campo, todas mulheres; o Centro de Comunica\u00e7\u00f5es passa a ser liderado pelo tenente-coronel Fernando Manuel Ferreira da Silva.<\/li>\n<li>Na Casa Civil foram nomeadas duas secret\u00e1rias; o vice-almirante An\u00edbal J\u00falio Maur\u00edcio Soares Ribeiro \u00e9 secret\u00e1rio do Conselho Superior de Defesa Nacional; as nomea\u00e7\u00f5es entram em vigor a 9 de mar\u00e7o, data de in\u00edcio de mandato de Seguro, e resta nomear o chefe da Casa Civil de Bel\u00e9m.<\/li>\n<\/ul>\n","protected":false},"author":2,"featured_media":421982,"comment_status":"closed","ping_status":"closed","sticky":false,"template":"","format":"standard","meta":{"footnotes":""},"categories":[1,5],"tags":[168,285,2336,4523,1014,30],"class_list":["post-421977","post","type-post","status-publish","format-standard","has-post-thumbnail","hentry","category-noticias","category-politica","tag-administracao-publica","tag-casa","tag-defesa-nacional","tag-nomeacoes","tag-portugal","tag-presidente"],"yoast_head":"<!-- This site is optimized with the Yoast SEO plugin v27.2 - https:\/\/yoast.com\/product\/yoast-seo-wordpress\/ -->\n<title>Seguro faz 16 nomea\u00e7\u00f5es e Marcelo escolhe duas assessoras para o gabinete - Portal Tela Portugal<\/title>\n<meta name=\"robots\" content=\"index, follow, max-snippet:-1, max-image-preview:large, max-video-preview:-1\" \/>\n<meta property=\"og:locale\" content=\"pt_PT\" \/>\n<meta property=\"og:type\" content=\"article\" \/>\n<meta property=\"og:title\" content=\"Seguro faz 16 nomea\u00e7\u00f5es e Marcelo escolhe duas assessoras para o gabinete - Portal Tela Portugal\" \/>\n<meta property=\"og:description\" content=\"Ant\u00f3nio Jos\u00e9 Seguro nomeou mais dezasseis pessoas para a Presid\u00eancia, com incid\u00eancia na Casa Militar, cujas nomea\u00e7\u00f5es foram publicadas no Di\u00e1rio da Rep\u00fablica. Paulo Emanuel Maia Pereira \u00e9 o novo chefe da Casa Militar, em regime de comiss\u00e3o normal; integram o corpo da Casa Militar os assessores Humberto Arbona Palmeiro Santos Rocha, Filipe Silva Cordeiro e F\u00e1tima Elisabete Vieira da Costa. A Casa Militar fica com tr\u00eas secret\u00e1rias administrativas, totalizando sete nomea\u00e7\u00f5es nesse \u00f3rg\u00e3o. No c\u00edrculo pr\u00f3ximo do Presidente, foram designadas tr\u00eas ajudantes de campo, todas mulheres; o Centro de Comunica\u00e7\u00f5es passa a ser liderado pelo tenente-coronel Fernando Manuel Ferreira da Silva. Na Casa Civil foram nomeadas duas secret\u00e1rias; o vice-almirante An\u00edbal J\u00falio Maur\u00edcio Soares Ribeiro \u00e9 secret\u00e1rio do Conselho Superior de Defesa Nacional; as nomea\u00e7\u00f5es entram em vigor a 9 de mar\u00e7o, data de in\u00edcio de mandato de Seguro, e resta nomear o chefe da Casa Civil de Bel\u00e9m.\" \/>\n<meta property=\"og:url\" content=\"https:\/\/portaltela.pt\/noticias\/2026\/03\/26\/seguro-faz-16-nomeacoes-e-marcelo-escolhe-duas-assessoras-para-o-gabinete\/\" \/>\n<meta property=\"og:site_name\" content=\"Portal Tela Portugal\" \/>\n<meta property=\"article:published_time\" content=\"2026-03-26T10:23:00+00:00\" \/>\n<meta name=\"author\" content=\"Telinha\" \/>\n<meta name=\"twitter:card\" content=\"summary_large_image\" \/>\n<meta name=\"twitter:label1\" content=\"Escrito por\" \/>\n\t<meta name=\"twitter:data1\" content=\"Telinha\" \/>\n\t<meta name=\"twitter:label2\" content=\"Tempo estimado de leitura\" \/>\n\t<meta name=\"twitter:data2\" content=\"1 minuto\" \/>\n<script type=\"application\/ld+json\" class=\"yoast-schema-graph\">{\"@context\":\"https:\/\/schema.org\",\"@graph\":[{\"@type\":\"Article\",\"@id\":\"https:\/\/portaltela.pt\/noticias\/2026\/03\/26\/seguro-faz-16-nomeacoes-e-marcelo-escolhe-duas-assessoras-para-o-gabinete\/#article\",\"isPartOf\":{\"@id\":\"https:\/\/portaltela.pt\/noticias\/2026\/03\/26\/seguro-faz-16-nomeacoes-e-marcelo-escolhe-duas-assessoras-para-o-gabinete\/\"},\"author\":{\"name\":\"Telinha\",\"@id\":\"https:\/\/portaltela.pt\/#\/schema\/person\/c4278d4a6028830caff9ee44b42d32ed\"},\"headline\":\"Seguro faz 16 nomea\u00e7\u00f5es e Marcelo escolhe duas assessoras para o gabinete\",\"datePublished\":\"2026-03-26T10:23:00+00:00\",\"mainEntityOfPage\":{\"@id\":\"https:\/\/portaltela.pt\/noticias\/2026\/03\/26\/seguro-faz-16-nomeacoes-e-marcelo-escolhe-duas-assessoras-para-o-gabinete\/\"},\"wordCount\":303,\"image\":{\"@id\":\"https:\/\/portaltela.pt\/noticias\/2026\/03\/26\/seguro-faz-16-nomeacoes-e-marcelo-escolhe-duas-assessoras-para-o-gabinete\/#primaryimage\"},\"thumbnailUrl\":\"https:\/\/portaltela.pt\/s.01k8rhncp4jt1\/2026\/03\/2076979.jpg\",\"keywords\":[\"administra\u00e7\u00e3o p\u00fablica\",\"casa\",\"Defesa Nacional\",\"nomea\u00e7\u00f5es\",\"Portugal\",\"presidente\"],\"articleSection\":[\"Not\u00edcias\",\"Pol\u00edtica\"],\"inLanguage\":\"pt-PT\"},{\"@type\":\"WebPage\",\"@id\":\"https:\/\/portaltela.pt\/noticias\/2026\/03\/26\/seguro-faz-16-nomeacoes-e-marcelo-escolhe-duas-assessoras-para-o-gabinete\/\",\"url\":\"https:\/\/portaltela.pt\/noticias\/2026\/03\/26\/seguro-faz-16-nomeacoes-e-marcelo-escolhe-duas-assessoras-para-o-gabinete\/\",\"name\":\"Seguro faz 16 nomea\u00e7\u00f5es e Marcelo escolhe duas assessoras para o gabinete - Portal Tela Portugal\",\"isPartOf\":{\"@id\":\"https:\/\/portaltela.pt\/#website\"},\"primaryImageOfPage\":{\"@id\":\"https:\/\/portaltela.pt\/noticias\/2026\/03\/26\/seguro-faz-16-nomeacoes-e-marcelo-escolhe-duas-assessoras-para-o-gabinete\/#primaryimage\"},\"image\":{\"@id\":\"https:\/\/portaltela.pt\/noticias\/2026\/03\/26\/seguro-faz-16-nomeacoes-e-marcelo-escolhe-duas-assessoras-para-o-gabinete\/#primaryimage\"},\"thumbnailUrl\":\"https:\/\/portaltela.pt\/s.01k8rhncp4jt1\/2026\/03\/2076979.jpg\",\"datePublished\":\"2026-03-26T10:23:00+00:00\",\"author\":{\"@id\":\"https:\/\/portaltela.pt\/#\/schema\/person\/c4278d4a6028830caff9ee44b42d32ed\"},\"breadcrumb\":{\"@id\":\"https:\/\/portaltela.pt\/noticias\/2026\/03\/26\/seguro-faz-16-nomeacoes-e-marcelo-escolhe-duas-assessoras-para-o-gabinete\/#breadcrumb\"},\"inLanguage\":\"pt-PT\",\"potentialAction\":[{\"@type\":\"ReadAction\",\"target\":[\"https:\/\/portaltela.pt\/noticias\/2026\/03\/26\/seguro-faz-16-nomeacoes-e-marcelo-escolhe-duas-assessoras-para-o-gabinete\/\"]}]},{\"@type\":\"ImageObject\",\"inLanguage\":\"pt-PT\",\"@id\":\"https:\/\/portaltela.pt\/noticias\/2026\/03\/26\/seguro-faz-16-nomeacoes-e-marcelo-escolhe-duas-assessoras-para-o-gabinete\/#primaryimage\",\"url\":\"https:\/\/portaltela.pt\/s.01k8rhncp4jt1\/2026\/03\/2076979.jpg\",\"contentUrl\":\"https:\/\/portaltela.pt\/s.01k8rhncp4jt1\/2026\/03\/2076979.jpg\",\"width\":796,\"height\":448,\"caption\":\"Marcelo Rebelo de Sousa est\u00e1 a montar a equipa que integrar\u00e1 o gabinete de ex-Presidente da Rep\u00fablica e Ant\u00f3nio Jos\u00e9 Seguro ainda est\u00e1 a definir quem o acompanhar\u00e1 em Bel\u00e9m\"},{\"@type\":\"BreadcrumbList\",\"@id\":\"https:\/\/portaltela.pt\/noticias\/2026\/03\/26\/seguro-faz-16-nomeacoes-e-marcelo-escolhe-duas-assessoras-para-o-gabinete\/#breadcrumb\",\"itemListElement\":[{\"@type\":\"ListItem\",\"position\":1,\"name\":\"In\u00edcio\",\"item\":\"https:\/\/portaltela.pt\/\"},{\"@type\":\"ListItem\",\"position\":2,\"name\":\"Seguro faz 16 nomea\u00e7\u00f5es e Marcelo escolhe duas assessoras para o gabinete\"}]},{\"@type\":\"WebSite\",\"@id\":\"https:\/\/portaltela.pt\/#website\",\"url\":\"https:\/\/portaltela.pt\/\",\"name\":\"Portal Tela Portugal\",\"description\":\"\",\"potentialAction\":[{\"@type\":\"SearchAction\",\"target\":{\"@type\":\"EntryPoint\",\"urlTemplate\":\"https:\/\/portaltela.pt\/?s={search_term_string}\"},\"query-input\":{\"@type\":\"PropertyValueSpecification\",\"valueRequired\":true,\"valueName\":\"search_term_string\"}}],\"inLanguage\":\"pt-PT\"},{\"@type\":\"Person\",\"@id\":\"https:\/\/portaltela.pt\/#\/schema\/person\/c4278d4a6028830caff9ee44b42d32ed\",\"name\":\"Telinha\",\"image\":{\"@type\":\"ImageObject\",\"inLanguage\":\"pt-PT\",\"@id\":\"https:\/\/portaltela.pt\/s.01k8rhncp4jt1\/2025\/11\/talking-bot-125x125.png\",\"url\":\"https:\/\/portaltela.pt\/s.01k8rhncp4jt1\/2025\/11\/talking-bot-125x125.png\",\"contentUrl\":\"https:\/\/portaltela.pt\/s.01k8rhncp4jt1\/2025\/11\/talking-bot-125x125.png\",\"caption\":\"Telinha\"},\"sameAs\":[\"https:\/\/portaltela.pt\/\"],\"url\":\"https:\/\/portaltela.pt\/por\/367410592786\/\"}]}<\/script>\n<!-- \/ Yoast SEO plugin. -->","yoast_head_json":{"title":"Seguro faz 16 nomea\u00e7\u00f5es e Marcelo escolhe duas assessoras para o gabinete - Portal Tela Portugal","robots":{"index":"index","follow":"follow","max-snippet":"max-snippet:-1","max-image-preview":"max-image-preview:large","max-video-preview":"max-video-preview:-1"},"og_locale":"pt_PT","og_type":"article","og_title":"Seguro faz 16 nomea\u00e7\u00f5es e Marcelo escolhe duas assessoras para o gabinete - Portal Tela Portugal","og_description":"Ant\u00f3nio Jos\u00e9 Seguro nomeou mais dezasseis pessoas para a Presid\u00eancia, com incid\u00eancia na Casa Militar, cujas nomea\u00e7\u00f5es foram publicadas no Di\u00e1rio da Rep\u00fablica. Paulo Emanuel Maia Pereira \u00e9 o novo chefe da Casa Militar, em regime de comiss\u00e3o normal; integram o corpo da Casa Militar os assessores Humberto Arbona Palmeiro Santos Rocha, Filipe Silva Cordeiro e F\u00e1tima Elisabete Vieira da Costa. A Casa Militar fica com tr\u00eas secret\u00e1rias administrativas, totalizando sete nomea\u00e7\u00f5es nesse \u00f3rg\u00e3o. No c\u00edrculo pr\u00f3ximo do Presidente, foram designadas tr\u00eas ajudantes de campo, todas mulheres; o Centro de Comunica\u00e7\u00f5es passa a ser liderado pelo tenente-coronel Fernando Manuel Ferreira da Silva. Na Casa Civil foram nomeadas duas secret\u00e1rias; o vice-almirante An\u00edbal J\u00falio Maur\u00edcio Soares Ribeiro \u00e9 secret\u00e1rio do Conselho Superior de Defesa Nacional; as nomea\u00e7\u00f5es entram em vigor a 9 de mar\u00e7o, data de in\u00edcio de mandato de Seguro, e resta nomear o chefe da Casa Civil de Bel\u00e9m.","og_url":"https:\/\/portaltela.pt\/noticias\/2026\/03\/26\/seguro-faz-16-nomeacoes-e-marcelo-escolhe-duas-assessoras-para-o-gabinete\/","og_site_name":"Portal Tela Portugal","article_published_time":"2026-03-26T10:23:00+00:00","author":"Telinha","twitter_card":"summary_large_image","twitter_misc":{"Escrito por":"Telinha","Tempo estimado de leitura":"1 minuto"},"schema":{"@context":"https:\/\/schema.org","@graph":[{"@type":"Article","@id":"https:\/\/portaltela.pt\/noticias\/2026\/03\/26\/seguro-faz-16-nomeacoes-e-marcelo-escolhe-duas-assessoras-para-o-gabinete\/#article","isPartOf":{"@id":"https:\/\/portaltela.pt\/noticias\/2026\/03\/26\/seguro-faz-16-nomeacoes-e-marcelo-escolhe-duas-assessoras-para-o-gabinete\/"},"author":{"name":"Telinha","@id":"https:\/\/portaltela.pt\/#\/schema\/person\/c4278d4a6028830caff9ee44b42d32ed"},"headline":"Seguro faz 16 nomea\u00e7\u00f5es e Marcelo escolhe duas assessoras para o gabinete","datePublished":"2026-03-26T10:23:00+00:00","mainEntityOfPage":{"@id":"https:\/\/portaltela.pt\/noticias\/2026\/03\/26\/seguro-faz-16-nomeacoes-e-marcelo-escolhe-duas-assessoras-para-o-gabinete\/"},"wordCount":303,"image":{"@id":"https:\/\/portaltela.pt\/noticias\/2026\/03\/26\/seguro-faz-16-nomeacoes-e-marcelo-escolhe-duas-assessoras-para-o-gabinete\/#primaryimage"},"thumbnailUrl":"https:\/\/portaltela.pt\/s.01k8rhncp4jt1\/2026\/03\/2076979.jpg","keywords":["administra\u00e7\u00e3o p\u00fablica","casa","Defesa Nacional","nomea\u00e7\u00f5es","Portugal","presidente"],"articleSection":["Not\u00edcias","Pol\u00edtica"],"inLanguage":"pt-PT"},{"@type":"WebPage","@id":"https:\/\/portaltela.pt\/noticias\/2026\/03\/26\/seguro-faz-16-nomeacoes-e-marcelo-escolhe-duas-assessoras-para-o-gabinete\/","url":"https:\/\/portaltela.pt\/noticias\/2026\/03\/26\/seguro-faz-16-nomeacoes-e-marcelo-escolhe-duas-assessoras-para-o-gabinete\/","name":"Seguro faz 16 nomea\u00e7\u00f5es e Marcelo escolhe duas assessoras para o gabinete - Portal Tela Portugal","isPartOf":{"@id":"https:\/\/portaltela.pt\/#website"},"primaryImageOfPage":{"@id":"https:\/\/portaltela.pt\/noticias\/2026\/03\/26\/seguro-faz-16-nomeacoes-e-marcelo-escolhe-duas-assessoras-para-o-gabinete\/#primaryimage"},"image":{"@id":"https:\/\/portaltela.pt\/noticias\/2026\/03\/26\/seguro-faz-16-nomeacoes-e-marcelo-escolhe-duas-assessoras-para-o-gabinete\/#primaryimage"},"thumbnailUrl":"https:\/\/portaltela.pt\/s.01k8rhncp4jt1\/2026\/03\/2076979.jpg","datePublished":"2026-03-26T10:23:00+00:00","author":{"@id":"https:\/\/portaltela.pt\/#\/schema\/person\/c4278d4a6028830caff9ee44b42d32ed"},"breadcrumb":{"@id":"https:\/\/portaltela.pt\/noticias\/2026\/03\/26\/seguro-faz-16-nomeacoes-e-marcelo-escolhe-duas-assessoras-para-o-gabinete\/#breadcrumb"},"inLanguage":"pt-PT","potentialAction":[{"@type":"ReadAction","target":["https:\/\/portaltela.pt\/noticias\/2026\/03\/26\/seguro-faz-16-nomeacoes-e-marcelo-escolhe-duas-assessoras-para-o-gabinete\/"]}]},{"@type":"ImageObject","inLanguage":"pt-PT","@id":"https:\/\/portaltela.pt\/noticias\/2026\/03\/26\/seguro-faz-16-nomeacoes-e-marcelo-escolhe-duas-assessoras-para-o-gabinete\/#primaryimage","url":"https:\/\/portaltela.pt\/s.01k8rhncp4jt1\/2026\/03\/2076979.jpg","contentUrl":"https:\/\/portaltela.pt\/s.01k8rhncp4jt1\/2026\/03\/2076979.jpg","width":796,"height":448,"caption":"Marcelo Rebelo de Sousa est\u00e1 a montar a equipa que integrar\u00e1 o gabinete de ex-Presidente da Rep\u00fablica e Ant\u00f3nio Jos\u00e9 Seguro ainda est\u00e1 a definir quem o acompanhar\u00e1 em Bel\u00e9m"},{"@type":"BreadcrumbList","@id":"https:\/\/portaltela.pt\/noticias\/2026\/03\/26\/seguro-faz-16-nomeacoes-e-marcelo-escolhe-duas-assessoras-para-o-gabinete\/#breadcrumb","itemListElement":[{"@type":"ListItem","position":1,"name":"In\u00edcio","item":"https:\/\/portaltela.pt\/"},{"@type":"ListItem","position":2,"name":"Seguro faz 16 nomea\u00e7\u00f5es e Marcelo escolhe duas assessoras para o gabinete"}]},{"@type":"WebSite","@id":"https:\/\/portaltela.pt\/#website","url":"https:\/\/portaltela.pt\/","name":"Portal Tela Portugal","description":"","potentialAction":[{"@type":"SearchAction","target":{"@type":"EntryPoint","urlTemplate":"https:\/\/portaltela.pt\/?s={search_term_string}"},"query-input":{"@type":"PropertyValueSpecification","valueRequired":true,"valueName":"search_term_string"}}],"inLanguage":"pt-PT"},{"@type":"Person","@id":"https:\/\/portaltela.pt\/#\/schema\/person\/c4278d4a6028830caff9ee44b42d32ed","name":"Telinha","image":{"@type":"ImageObject","inLanguage":"pt-PT","@id":"https:\/\/portaltela.pt\/s.01k8rhncp4jt1\/2025\/11\/talking-bot-125x125.png","url":"https:\/\/portaltela.pt\/s.01k8rhncp4jt1\/2025\/11\/talking-bot-125x125.png","contentUrl":"https:\/\/portaltela.pt\/s.01k8rhncp4jt1\/2025\/11\/talking-bot-125x125.png","caption":"Telinha"},"sameAs":["https:\/\/portaltela.pt\/"],"url":"https:\/\/portaltela.pt\/por\/367410592786\/"}]}},"_links":{"self":[{"href":"https:\/\/portaltela.pt\/api\/wp\/v2\/posts\/421977","targetHints":{"allow":["GET"]}}],"collection":[{"href":"https:\/\/portaltela.pt\/api\/wp\/v2\/posts"}],"about":[{"href":"https:\/\/portaltela.pt\/api\/wp\/v2\/types\/post"}],"author":[{"embeddable":true,"href":"https:\/\/portaltela.pt\/api\/wp\/v2\/users\/2"}],"replies":[{"embeddable":true,"href":"https:\/\/portaltela.pt\/api\/wp\/v2\/comments?post=421977"}],"version-history":[{"count":0,"href":"https:\/\/portaltela.pt\/api\/wp\/v2\/posts\/421977\/revisions"}],"wp:featuredmedia":[{"embeddable":true,"href":"https:\/\/portaltela.pt\/api\/wp\/v2\/media\/421982"}],"wp:attachment":[{"href":"https:\/\/portaltela.pt\/api\/wp\/v2\/media?parent=421977"}],"wp:term":[{"taxonomy":"category","embeddable":true,"href":"https:\/\/portaltela.pt\/api\/wp\/v2\/categories?post=421977"},{"taxonomy":"post_tag","embeddable":true,"href":"https:\/\/portaltela.pt\/api\/wp\/v2\/tags?post=421977"}],"curies":[{"name":"wp","href":"https:\/\/api.w.org\/{rel}","templated":true}]}}