{"id":421972,"date":"2026-03-26T07:27:00","date_gmt":"2026-03-26T10:27:00","guid":{"rendered":"https:\/\/portaltela.pt\/noticias\/2026\/03\/26\/portugal-solicita-informacoes-aos-eua-sobre-drones-na-base-das-lajes\/"},"modified":"2026-03-26T07:27:00","modified_gmt":"2026-03-26T10:27:00","slug":"portugal-solicita-informacoes-aos-eua-sobre-drones-na-base-das-lajes","status":"publish","type":"post","link":"https:\/\/portaltela.pt\/noticias\/internacional\/2026\/03\/26\/portugal-solicita-informacoes-aos-eua-sobre-drones-na-base-das-lajes\/","title":{"rendered":"Portugal solicita informa\u00e7\u00f5es aos EUA sobre drones na Base das Lajes"},"content":{"rendered":"<p>A Autoridade Aeron\u00e1utica Nacional pediu aos Estados Unidos informa\u00e7\u00f5es t\u00e9cnicas sobre os drones Reaper MQ-9 que poder\u00e3o sobrevoar o territ\u00f3rio portugu\u00eas, com destino \u00e0 Jord\u00e2nia para opera\u00e7\u00f5es no Ir\u00e3. A solicita\u00e7\u00e3o foi feita por meio da embaixada norte-americana e envolve a autoriza\u00e7\u00e3o de sobrevoo pela Base das Lajes, nos A\u00e7ores.<\/p>\n<p>A not\u00edcia, divulgada pela SIC, indica que a AAN pretende confirmar especifica\u00e7\u00f5es t\u00e9cnicas, certificados dos pilotos e a \u00e1rea prevista para amaragem em caso de emerg\u00eancia. Os drones dever\u00e3o chegar aos contentores da base para montagem, antes de iniciar voo rumo a Am\u00e3.<\/p>\n<p>Os Reaper MQ-9 s\u00e3o apresentados pela For\u00e7a A\u00e9rea dos EUA como aeronaves de alta pot\u00eancia e lethais, utilizadas para ataques. A designa\u00e7\u00e3o ocorreu em 2006, com o objetivo de refor\u00e7ar capacidades de combate, segundo refer\u00eancias da pr\u00f3pria for\u00e7a a\u00e9rea internacional.<\/p>\n<h3>Contexto e condi\u00e7\u00f5es de uso<\/h3>\n<p>Portugal tem vindo a exigir clareza sobre potenciais opera\u00e7\u00f5es do Ir\u00e3 e a forma como estes drones poder\u00e3o operar a partir de territ\u00f3rio nacional. Em mar\u00e7o, o Governo portugu\u00eas reiterou tr\u00eas crit\u00e9rios para qualquer utiliza\u00e7\u00e3o da base: defesa, necessidade e proporcionalidade, com limita\u00e7\u00e3o a alvos de natureza militar.<\/p>\n<p>O Minist\u00e9rio dos Neg\u00f3cios Estrangeiros n\u00e3o respondeu a pedidos de confirma\u00e7\u00e3o do P\u00daBLICO. Por outro lado, o ministro dos Neg\u00f3cios Estrangeiros j\u00e1 tinha indicado, em momentos anteriores, que qualquer utiliza\u00e7\u00e3o da base pelas autoridades norte-americanas estaria sujeita a condi\u00e7\u00f5es objetivas e estritas.<\/p>\n","protected":false},"excerpt":{"rendered":"<ul>\n<li>A Autoridade Aeron\u00e1utica Nacional pediu aos Estados Unidos informa\u00e7\u00f5es sobre os drones Reaper MQ-9 que poder\u00e3o passar pela Base das Lajes, nos A\u00e7ores, com destino \u00e0 guerra do Ir\u00e3o a partir da Jord\u00e2nia.<\/li>\n<li>A SIC riferiu que a AAN solicitou dados t\u00e9cnicos do drone, certificados dos pilotos e a \u00e1rea prevista de amaragem em caso de emerg\u00eancia.<\/li>\n<li>Os drones chegar\u00e3o \u00e0 Base das Lajes em contentores, para montagem, antes de seguir para Am\u00e3, na Jord\u00e2nia.<\/li>\n<li>O Reaper MQ-9 foi apresentado pela For\u00e7a A\u00e9rea norte\u2011americana em 2006, com o nome que indica uma fun\u00e7\u00e3o de ataque, \u201cceifador\u201d.<\/li>\n<li>Portugal j\u00e1 estabeleceu tr\u00eas condi\u00e7\u00f5es para o uso da base pelos EUA: resposta defensiva, necessidade e proporcionalidade, e apenas visarem alvos de natureza militar.<\/li>\n<\/ul>\n","protected":false},"author":2,"featured_media":421981,"comment_status":"closed","ping_status":"closed","sticky":false,"template":"","format":"standard","meta":{"footnotes":""},"categories":[6814,4],"tags":[4558,6761,7400,1600,81,1014],"class_list":["post-421972","post","type-post","status-publish","format-standard","has-post-thumbnail","hentry","category-geopolitica","category-internacional","tag-a-aeronautica","tag-base-das-lajes","tag-drones","tag-estados-unidos","tag-internacionais","tag-portugal"],"yoast_head":"<!-- This site is optimized with the Yoast SEO plugin v27.2 - https:\/\/yoast.com\/product\/yoast-seo-wordpress\/ -->\n<title>Portugal solicita informa\u00e7\u00f5es aos EUA sobre drones na Base das Lajes - Portal Tela Portugal<\/title>\n<meta name=\"robots\" content=\"index, follow, max-snippet:-1, max-image-preview:large, max-video-preview:-1\" \/>\n<meta property=\"og:locale\" content=\"pt_PT\" \/>\n<meta property=\"og:type\" content=\"article\" \/>\n<meta property=\"og:title\" content=\"Portugal solicita informa\u00e7\u00f5es aos EUA sobre drones na Base das Lajes - Portal Tela Portugal\" \/>\n<meta property=\"og:description\" content=\"A Autoridade Aeron\u00e1utica Nacional pediu aos Estados Unidos informa\u00e7\u00f5es sobre os drones Reaper MQ-9 que poder\u00e3o passar pela Base das Lajes, nos A\u00e7ores, com destino \u00e0 guerra do Ir\u00e3o a partir da Jord\u00e2nia. A SIC riferiu que a AAN solicitou dados t\u00e9cnicos do drone, certificados dos pilotos e a \u00e1rea prevista de amaragem em caso de emerg\u00eancia. Os drones chegar\u00e3o \u00e0 Base das Lajes em contentores, para montagem, antes de seguir para Am\u00e3, na Jord\u00e2nia. O Reaper MQ-9 foi apresentado pela For\u00e7a A\u00e9rea norte\u2011americana em 2006, com o nome que indica uma fun\u00e7\u00e3o de ataque, \u201cceifador\u201d. Portugal j\u00e1 estabeleceu tr\u00eas condi\u00e7\u00f5es para o uso da base pelos EUA: resposta defensiva, necessidade e proporcionalidade, e apenas visarem alvos de natureza militar.\" \/>\n<meta property=\"og:url\" content=\"https:\/\/portaltela.pt\/noticias\/2026\/03\/26\/portugal-solicita-informacoes-aos-eua-sobre-drones-na-base-das-lajes\/\" \/>\n<meta property=\"og:site_name\" content=\"Portal Tela Portugal\" \/>\n<meta property=\"article:published_time\" content=\"2026-03-26T10:27:00+00:00\" \/>\n<meta name=\"author\" content=\"Telinha\" \/>\n<meta name=\"twitter:card\" content=\"summary_large_image\" \/>\n<meta name=\"twitter:label1\" content=\"Escrito por\" \/>\n\t<meta name=\"twitter:data1\" content=\"Telinha\" \/>\n\t<meta name=\"twitter:label2\" content=\"Tempo estimado de leitura\" \/>\n\t<meta name=\"twitter:data2\" content=\"1 minuto\" \/>\n<script type=\"application\/ld+json\" class=\"yoast-schema-graph\">{\"@context\":\"https:\/\/schema.org\",\"@graph\":[{\"@type\":\"Article\",\"@id\":\"https:\/\/portaltela.pt\/noticias\/2026\/03\/26\/portugal-solicita-informacoes-aos-eua-sobre-drones-na-base-das-lajes\/#article\",\"isPartOf\":{\"@id\":\"https:\/\/portaltela.pt\/noticias\/2026\/03\/26\/portugal-solicita-informacoes-aos-eua-sobre-drones-na-base-das-lajes\/\"},\"author\":{\"name\":\"Telinha\",\"@id\":\"https:\/\/portaltela.pt\/#\/schema\/person\/c4278d4a6028830caff9ee44b42d32ed\"},\"headline\":\"Portugal solicita informa\u00e7\u00f5es aos EUA sobre drones na Base das Lajes\",\"datePublished\":\"2026-03-26T10:27:00+00:00\",\"mainEntityOfPage\":{\"@id\":\"https:\/\/portaltela.pt\/noticias\/2026\/03\/26\/portugal-solicita-informacoes-aos-eua-sobre-drones-na-base-das-lajes\/\"},\"wordCount\":282,\"image\":{\"@id\":\"https:\/\/portaltela.pt\/noticias\/2026\/03\/26\/portugal-solicita-informacoes-aos-eua-sobre-drones-na-base-das-lajes\/#primaryimage\"},\"thumbnailUrl\":\"https:\/\/portaltela.pt\/s.01k8rhncp4jt1\/2026\/03\/2076990.jpg\",\"keywords\":[\"a aeron\u00e1utica\",\"Base das Lajes\",\"drones\",\"Estados Unidos\",\"internacionais\",\"Portugal\"],\"articleSection\":[\"Geopol\u00edtica\",\"Internacional\"],\"inLanguage\":\"pt-PT\"},{\"@type\":\"WebPage\",\"@id\":\"https:\/\/portaltela.pt\/noticias\/2026\/03\/26\/portugal-solicita-informacoes-aos-eua-sobre-drones-na-base-das-lajes\/\",\"url\":\"https:\/\/portaltela.pt\/noticias\/2026\/03\/26\/portugal-solicita-informacoes-aos-eua-sobre-drones-na-base-das-lajes\/\",\"name\":\"Portugal solicita informa\u00e7\u00f5es aos EUA sobre drones na Base das Lajes - Portal Tela Portugal\",\"isPartOf\":{\"@id\":\"https:\/\/portaltela.pt\/#website\"},\"primaryImageOfPage\":{\"@id\":\"https:\/\/portaltela.pt\/noticias\/2026\/03\/26\/portugal-solicita-informacoes-aos-eua-sobre-drones-na-base-das-lajes\/#primaryimage\"},\"image\":{\"@id\":\"https:\/\/portaltela.pt\/noticias\/2026\/03\/26\/portugal-solicita-informacoes-aos-eua-sobre-drones-na-base-das-lajes\/#primaryimage\"},\"thumbnailUrl\":\"https:\/\/portaltela.pt\/s.01k8rhncp4jt1\/2026\/03\/2076990.jpg\",\"datePublished\":\"2026-03-26T10:27:00+00:00\",\"author\":{\"@id\":\"https:\/\/portaltela.pt\/#\/schema\/person\/c4278d4a6028830caff9ee44b42d32ed\"},\"breadcrumb\":{\"@id\":\"https:\/\/portaltela.pt\/noticias\/2026\/03\/26\/portugal-solicita-informacoes-aos-eua-sobre-drones-na-base-das-lajes\/#breadcrumb\"},\"inLanguage\":\"pt-PT\",\"potentialAction\":[{\"@type\":\"ReadAction\",\"target\":[\"https:\/\/portaltela.pt\/noticias\/2026\/03\/26\/portugal-solicita-informacoes-aos-eua-sobre-drones-na-base-das-lajes\/\"]}]},{\"@type\":\"ImageObject\",\"inLanguage\":\"pt-PT\",\"@id\":\"https:\/\/portaltela.pt\/noticias\/2026\/03\/26\/portugal-solicita-informacoes-aos-eua-sobre-drones-na-base-das-lajes\/#primaryimage\",\"url\":\"https:\/\/portaltela.pt\/s.01k8rhncp4jt1\/2026\/03\/2076990.jpg\",\"contentUrl\":\"https:\/\/portaltela.pt\/s.01k8rhncp4jt1\/2026\/03\/2076990.jpg\",\"width\":796,\"height\":448,\"caption\":\"Um dos *drones* MQ-9 Reaper usado pelos EUA\"},{\"@type\":\"BreadcrumbList\",\"@id\":\"https:\/\/portaltela.pt\/noticias\/2026\/03\/26\/portugal-solicita-informacoes-aos-eua-sobre-drones-na-base-das-lajes\/#breadcrumb\",\"itemListElement\":[{\"@type\":\"ListItem\",\"position\":1,\"name\":\"In\u00edcio\",\"item\":\"https:\/\/portaltela.pt\/\"},{\"@type\":\"ListItem\",\"position\":2,\"name\":\"Portugal solicita informa\u00e7\u00f5es aos EUA sobre drones na Base das Lajes\"}]},{\"@type\":\"WebSite\",\"@id\":\"https:\/\/portaltela.pt\/#website\",\"url\":\"https:\/\/portaltela.pt\/\",\"name\":\"Portal Tela Portugal\",\"description\":\"\",\"potentialAction\":[{\"@type\":\"SearchAction\",\"target\":{\"@type\":\"EntryPoint\",\"urlTemplate\":\"https:\/\/portaltela.pt\/?s={search_term_string}\"},\"query-input\":{\"@type\":\"PropertyValueSpecification\",\"valueRequired\":true,\"valueName\":\"search_term_string\"}}],\"inLanguage\":\"pt-PT\"},{\"@type\":\"Person\",\"@id\":\"https:\/\/portaltela.pt\/#\/schema\/person\/c4278d4a6028830caff9ee44b42d32ed\",\"name\":\"Telinha\",\"image\":{\"@type\":\"ImageObject\",\"inLanguage\":\"pt-PT\",\"@id\":\"https:\/\/portaltela.pt\/s.01k8rhncp4jt1\/2025\/11\/talking-bot-125x125.png\",\"url\":\"https:\/\/portaltela.pt\/s.01k8rhncp4jt1\/2025\/11\/talking-bot-125x125.png\",\"contentUrl\":\"https:\/\/portaltela.pt\/s.01k8rhncp4jt1\/2025\/11\/talking-bot-125x125.png\",\"caption\":\"Telinha\"},\"sameAs\":[\"https:\/\/portaltela.pt\/\"],\"url\":\"https:\/\/portaltela.pt\/por\/367410592786\/\"}]}<\/script>\n<!-- \/ Yoast SEO plugin. -->","yoast_head_json":{"title":"Portugal solicita informa\u00e7\u00f5es aos EUA sobre drones na Base das Lajes - Portal Tela Portugal","robots":{"index":"index","follow":"follow","max-snippet":"max-snippet:-1","max-image-preview":"max-image-preview:large","max-video-preview":"max-video-preview:-1"},"og_locale":"pt_PT","og_type":"article","og_title":"Portugal solicita informa\u00e7\u00f5es aos EUA sobre drones na Base das Lajes - Portal Tela Portugal","og_description":"A Autoridade Aeron\u00e1utica Nacional pediu aos Estados Unidos informa\u00e7\u00f5es sobre os drones Reaper MQ-9 que poder\u00e3o passar pela Base das Lajes, nos A\u00e7ores, com destino \u00e0 guerra do Ir\u00e3o a partir da Jord\u00e2nia. A SIC riferiu que a AAN solicitou dados t\u00e9cnicos do drone, certificados dos pilotos e a \u00e1rea prevista de amaragem em caso de emerg\u00eancia. Os drones chegar\u00e3o \u00e0 Base das Lajes em contentores, para montagem, antes de seguir para Am\u00e3, na Jord\u00e2nia. O Reaper MQ-9 foi apresentado pela For\u00e7a A\u00e9rea norte\u2011americana em 2006, com o nome que indica uma fun\u00e7\u00e3o de ataque, \u201cceifador\u201d. Portugal j\u00e1 estabeleceu tr\u00eas condi\u00e7\u00f5es para o uso da base pelos EUA: resposta defensiva, necessidade e proporcionalidade, e apenas visarem alvos de natureza militar.","og_url":"https:\/\/portaltela.pt\/noticias\/2026\/03\/26\/portugal-solicita-informacoes-aos-eua-sobre-drones-na-base-das-lajes\/","og_site_name":"Portal Tela Portugal","article_published_time":"2026-03-26T10:27:00+00:00","author":"Telinha","twitter_card":"summary_large_image","twitter_misc":{"Escrito por":"Telinha","Tempo estimado de leitura":"1 minuto"},"schema":{"@context":"https:\/\/schema.org","@graph":[{"@type":"Article","@id":"https:\/\/portaltela.pt\/noticias\/2026\/03\/26\/portugal-solicita-informacoes-aos-eua-sobre-drones-na-base-das-lajes\/#article","isPartOf":{"@id":"https:\/\/portaltela.pt\/noticias\/2026\/03\/26\/portugal-solicita-informacoes-aos-eua-sobre-drones-na-base-das-lajes\/"},"author":{"name":"Telinha","@id":"https:\/\/portaltela.pt\/#\/schema\/person\/c4278d4a6028830caff9ee44b42d32ed"},"headline":"Portugal solicita informa\u00e7\u00f5es aos EUA sobre drones na Base das Lajes","datePublished":"2026-03-26T10:27:00+00:00","mainEntityOfPage":{"@id":"https:\/\/portaltela.pt\/noticias\/2026\/03\/26\/portugal-solicita-informacoes-aos-eua-sobre-drones-na-base-das-lajes\/"},"wordCount":282,"image":{"@id":"https:\/\/portaltela.pt\/noticias\/2026\/03\/26\/portugal-solicita-informacoes-aos-eua-sobre-drones-na-base-das-lajes\/#primaryimage"},"thumbnailUrl":"https:\/\/portaltela.pt\/s.01k8rhncp4jt1\/2026\/03\/2076990.jpg","keywords":["a aeron\u00e1utica","Base das Lajes","drones","Estados Unidos","internacionais","Portugal"],"articleSection":["Geopol\u00edtica","Internacional"],"inLanguage":"pt-PT"},{"@type":"WebPage","@id":"https:\/\/portaltela.pt\/noticias\/2026\/03\/26\/portugal-solicita-informacoes-aos-eua-sobre-drones-na-base-das-lajes\/","url":"https:\/\/portaltela.pt\/noticias\/2026\/03\/26\/portugal-solicita-informacoes-aos-eua-sobre-drones-na-base-das-lajes\/","name":"Portugal solicita informa\u00e7\u00f5es aos EUA sobre drones na Base das Lajes - Portal Tela Portugal","isPartOf":{"@id":"https:\/\/portaltela.pt\/#website"},"primaryImageOfPage":{"@id":"https:\/\/portaltela.pt\/noticias\/2026\/03\/26\/portugal-solicita-informacoes-aos-eua-sobre-drones-na-base-das-lajes\/#primaryimage"},"image":{"@id":"https:\/\/portaltela.pt\/noticias\/2026\/03\/26\/portugal-solicita-informacoes-aos-eua-sobre-drones-na-base-das-lajes\/#primaryimage"},"thumbnailUrl":"https:\/\/portaltela.pt\/s.01k8rhncp4jt1\/2026\/03\/2076990.jpg","datePublished":"2026-03-26T10:27:00+00:00","author":{"@id":"https:\/\/portaltela.pt\/#\/schema\/person\/c4278d4a6028830caff9ee44b42d32ed"},"breadcrumb":{"@id":"https:\/\/portaltela.pt\/noticias\/2026\/03\/26\/portugal-solicita-informacoes-aos-eua-sobre-drones-na-base-das-lajes\/#breadcrumb"},"inLanguage":"pt-PT","potentialAction":[{"@type":"ReadAction","target":["https:\/\/portaltela.pt\/noticias\/2026\/03\/26\/portugal-solicita-informacoes-aos-eua-sobre-drones-na-base-das-lajes\/"]}]},{"@type":"ImageObject","inLanguage":"pt-PT","@id":"https:\/\/portaltela.pt\/noticias\/2026\/03\/26\/portugal-solicita-informacoes-aos-eua-sobre-drones-na-base-das-lajes\/#primaryimage","url":"https:\/\/portaltela.pt\/s.01k8rhncp4jt1\/2026\/03\/2076990.jpg","contentUrl":"https:\/\/portaltela.pt\/s.01k8rhncp4jt1\/2026\/03\/2076990.jpg","width":796,"height":448,"caption":"Um dos *drones* MQ-9 Reaper usado pelos EUA"},{"@type":"BreadcrumbList","@id":"https:\/\/portaltela.pt\/noticias\/2026\/03\/26\/portugal-solicita-informacoes-aos-eua-sobre-drones-na-base-das-lajes\/#breadcrumb","itemListElement":[{"@type":"ListItem","position":1,"name":"In\u00edcio","item":"https:\/\/portaltela.pt\/"},{"@type":"ListItem","position":2,"name":"Portugal solicita informa\u00e7\u00f5es aos EUA sobre drones na Base das Lajes"}]},{"@type":"WebSite","@id":"https:\/\/portaltela.pt\/#website","url":"https:\/\/portaltela.pt\/","name":"Portal Tela Portugal","description":"","potentialAction":[{"@type":"SearchAction","target":{"@type":"EntryPoint","urlTemplate":"https:\/\/portaltela.pt\/?s={search_term_string}"},"query-input":{"@type":"PropertyValueSpecification","valueRequired":true,"valueName":"search_term_string"}}],"inLanguage":"pt-PT"},{"@type":"Person","@id":"https:\/\/portaltela.pt\/#\/schema\/person\/c4278d4a6028830caff9ee44b42d32ed","name":"Telinha","image":{"@type":"ImageObject","inLanguage":"pt-PT","@id":"https:\/\/portaltela.pt\/s.01k8rhncp4jt1\/2025\/11\/talking-bot-125x125.png","url":"https:\/\/portaltela.pt\/s.01k8rhncp4jt1\/2025\/11\/talking-bot-125x125.png","contentUrl":"https:\/\/portaltela.pt\/s.01k8rhncp4jt1\/2025\/11\/talking-bot-125x125.png","caption":"Telinha"},"sameAs":["https:\/\/portaltela.pt\/"],"url":"https:\/\/portaltela.pt\/por\/367410592786\/"}]}},"_links":{"self":[{"href":"https:\/\/portaltela.pt\/api\/wp\/v2\/posts\/421972","targetHints":{"allow":["GET"]}}],"collection":[{"href":"https:\/\/portaltela.pt\/api\/wp\/v2\/posts"}],"about":[{"href":"https:\/\/portaltela.pt\/api\/wp\/v2\/types\/post"}],"author":[{"embeddable":true,"href":"https:\/\/portaltela.pt\/api\/wp\/v2\/users\/2"}],"replies":[{"embeddable":true,"href":"https:\/\/portaltela.pt\/api\/wp\/v2\/comments?post=421972"}],"version-history":[{"count":0,"href":"https:\/\/portaltela.pt\/api\/wp\/v2\/posts\/421972\/revisions"}],"wp:featuredmedia":[{"embeddable":true,"href":"https:\/\/portaltela.pt\/api\/wp\/v2\/media\/421981"}],"wp:attachment":[{"href":"https:\/\/portaltela.pt\/api\/wp\/v2\/media?parent=421972"}],"wp:term":[{"taxonomy":"category","embeddable":true,"href":"https:\/\/portaltela.pt\/api\/wp\/v2\/categories?post=421972"},{"taxonomy":"post_tag","embeddable":true,"href":"https:\/\/portaltela.pt\/api\/wp\/v2\/tags?post=421972"}],"curies":[{"name":"wp","href":"https:\/\/api.w.org\/{rel}","templated":true}]}}