{"id":421971,"date":"2026-03-26T07:47:12","date_gmt":"2026-03-26T10:47:12","guid":{"rendered":"https:\/\/portaltela.pt\/noticias\/2026\/03\/26\/explosao-em-casa-em-israel-fere-moradores-durante-novo-ataque-iraniano\/"},"modified":"2026-03-26T07:47:12","modified_gmt":"2026-03-26T10:47:12","slug":"explosao-em-casa-em-israel-fere-moradores-durante-novo-ataque-iraniano","status":"publish","type":"post","link":"https:\/\/portaltela.pt\/guerra\/2026\/03\/26\/explosao-em-casa-em-israel-fere-moradores-durante-novo-ataque-iraniano\/","title":{"rendered":"Explos\u00e3o em casa em Israel fere moradores durante novo ataque iraniano"},"content":{"rendered":"<p>Israel | Explos\u00e3o em casa em Kafr Qasim deixa feridos entre civis durante novo ataque iraniano<\/p>\n<p>Uma explos\u00e3o numa casa em Kafr Qasim, no centro de Israel, deixou residentes feridos e provocou destrui\u00e7\u00e3o, numa altura em que o Ir\u00e3o lan\u00e7ava uma nova vaga de proj\u00e9teis para o pa\u00eds. As autoridades indicam que as sirenes de alerta permaneciam ativas na regi\u00e3o.<\/p>\n<p>Equipas m\u00e9dicas e de cuidados intensivos chegaram ao local em poucos minutos, ap\u00f3s o engenho explosivo ter devastado a habita\u00e7\u00e3o. Moradores, que avaliavam a extens\u00e3o dos estragos, depararam com paredes partidas, janelas quebradas e destro\u00e7os espalhados.<\/p>\n<p>Pelo menos cinco ocupantes da casa sofreram ferimentos ligeiros e foram encaminhados para o hospital mais pr\u00f3ximo, segundo respons\u00e1veis dos servi\u00e7os de emerg\u00eancia. Um socorrista relatou, na chegada, a exist\u00eancia de \u201ccaos\u201d e de destrui\u00e7\u00e3o vis\u00edvel no centro da propriedade.<\/p>\n<p>O ataque insere-se numa sequ\u00eancia de incidentes civis associados a fragmentos de m\u00edsseis desde o agravamento do conflito em 28 de fevereiro. Autoridades israelitas alertaram, esta quinta-feira, para novas vagas de disparos vindos do Ir\u00e3o, mantendo a amea\u00e7a para \u00e1reas em redor de Tel Aviv.<\/p>\n","protected":false},"excerpt":{"rendered":"<ul>\n<li>Cinco pessoas ficaram feridas ligeiramente numa casa em Kafr Qasim, ap\u00f3s uma explos\u00e3o ter devastado o im\u00f3vel.<\/li>\n<li>Equipes m\u00e9dicas e de cuidados intensivos chegaram ao local pouco tempo depois, em meio a destro\u00e7os, janelas partidas e paredes atingidas.<\/li>\n<li>O incidente ocorreu enquanto Teer\u00e3 lan\u00e7ou nova vaga de proj\u00e9teis em dire\u00e7\u00e3o ao centro de Israel, com as sirenes de alerta a\u00e9reo a soar pela regi\u00e3o.<\/li>\n<li>Os socorristas trasladaram os feridos ao hospital, segundo autoridades israelitas.<\/li>\n<li>As autoridades disseram que o Ir\u00e3o continua a disparar novas arremessas, mantendo a amea\u00e7a para as localidades em redor de Tel Aviv.<\/li>\n<\/ul>\n","protected":false},"author":2,"featured_media":421975,"comment_status":"closed","ping_status":"closed","sticky":false,"template":"","format":"standard","meta":{"footnotes":""},"categories":[6790,6804],"tags":[3143,2198,7260,3571,3153,6539],"class_list":["post-421971","post","type-post","status-publish","format-standard","has-post-thumbnail","hentry","category-conflitos","category-guerra","tag-ataques-internacionais","tag-conflitos-internacionais","tag-destruicao","tag-explosoes","tag-ira","tag-missil-balisticos"],"yoast_head":"<!-- This site is optimized with the Yoast SEO plugin v27.2 - https:\/\/yoast.com\/product\/yoast-seo-wordpress\/ -->\n<title>Explos\u00e3o em casa em Israel fere moradores durante novo ataque iraniano - Portal Tela Portugal<\/title>\n<meta name=\"robots\" content=\"index, follow, max-snippet:-1, max-image-preview:large, max-video-preview:-1\" \/>\n<meta property=\"og:locale\" content=\"pt_PT\" \/>\n<meta property=\"og:type\" content=\"article\" \/>\n<meta property=\"og:title\" content=\"Explos\u00e3o em casa em Israel fere moradores durante novo ataque iraniano - Portal Tela Portugal\" \/>\n<meta property=\"og:description\" content=\"Cinco pessoas ficaram feridas ligeiramente numa casa em Kafr Qasim, ap\u00f3s uma explos\u00e3o ter devastado o im\u00f3vel. Equipes m\u00e9dicas e de cuidados intensivos chegaram ao local pouco tempo depois, em meio a destro\u00e7os, janelas partidas e paredes atingidas. O incidente ocorreu enquanto Teer\u00e3 lan\u00e7ou nova vaga de proj\u00e9teis em dire\u00e7\u00e3o ao centro de Israel, com as sirenes de alerta a\u00e9reo a soar pela regi\u00e3o. Os socorristas trasladaram os feridos ao hospital, segundo autoridades israelitas. As autoridades disseram que o Ir\u00e3o continua a disparar novas arremessas, mantendo a amea\u00e7a para as localidades em redor de Tel Aviv.\" \/>\n<meta property=\"og:url\" content=\"https:\/\/portaltela.pt\/noticias\/2026\/03\/26\/explosao-em-casa-em-israel-fere-moradores-durante-novo-ataque-iraniano\/\" \/>\n<meta property=\"og:site_name\" content=\"Portal Tela Portugal\" \/>\n<meta property=\"article:published_time\" content=\"2026-03-26T10:47:12+00:00\" \/>\n<meta name=\"author\" content=\"Telinha\" \/>\n<meta name=\"twitter:card\" content=\"summary_large_image\" \/>\n<meta name=\"twitter:label1\" content=\"Escrito por\" \/>\n\t<meta name=\"twitter:data1\" content=\"Telinha\" \/>\n\t<meta name=\"twitter:label2\" content=\"Tempo estimado de leitura\" \/>\n\t<meta name=\"twitter:data2\" content=\"1 minuto\" \/>\n<script type=\"application\/ld+json\" class=\"yoast-schema-graph\">{\"@context\":\"https:\/\/schema.org\",\"@graph\":[{\"@type\":\"Article\",\"@id\":\"https:\/\/portaltela.pt\/noticias\/2026\/03\/26\/explosao-em-casa-em-israel-fere-moradores-durante-novo-ataque-iraniano\/#article\",\"isPartOf\":{\"@id\":\"https:\/\/portaltela.pt\/noticias\/2026\/03\/26\/explosao-em-casa-em-israel-fere-moradores-durante-novo-ataque-iraniano\/\"},\"author\":{\"name\":\"Telinha\",\"@id\":\"https:\/\/portaltela.pt\/#\/schema\/person\/c4278d4a6028830caff9ee44b42d32ed\"},\"headline\":\"Explos\u00e3o em casa em Israel fere moradores durante novo ataque iraniano\",\"datePublished\":\"2026-03-26T10:47:12+00:00\",\"mainEntityOfPage\":{\"@id\":\"https:\/\/portaltela.pt\/noticias\/2026\/03\/26\/explosao-em-casa-em-israel-fere-moradores-durante-novo-ataque-iraniano\/\"},\"wordCount\":215,\"image\":{\"@id\":\"https:\/\/portaltela.pt\/noticias\/2026\/03\/26\/explosao-em-casa-em-israel-fere-moradores-durante-novo-ataque-iraniano\/#primaryimage\"},\"thumbnailUrl\":\"https:\/\/portaltela.pt\/s.01k8rhncp4jt1\/2026\/03\/1536x864_cmsv2_9b4dc043-6ce3-5e90-8f1f-dde62a9e5ab2-9699095.jpg\",\"keywords\":[\"ataques internacionais\",\"conflitos internacionais\",\"destrui\u00e7\u00e3o\",\"explos\u00f5es\",\"Ir\u00e3\",\"m\u00edssil bal\u00edsticos\"],\"articleSection\":[\"Conflitos\",\"Guerra\"],\"inLanguage\":\"pt-PT\"},{\"@type\":\"WebPage\",\"@id\":\"https:\/\/portaltela.pt\/noticias\/2026\/03\/26\/explosao-em-casa-em-israel-fere-moradores-durante-novo-ataque-iraniano\/\",\"url\":\"https:\/\/portaltela.pt\/noticias\/2026\/03\/26\/explosao-em-casa-em-israel-fere-moradores-durante-novo-ataque-iraniano\/\",\"name\":\"Explos\u00e3o em casa em Israel fere moradores durante novo ataque iraniano - Portal Tela Portugal\",\"isPartOf\":{\"@id\":\"https:\/\/portaltela.pt\/#website\"},\"primaryImageOfPage\":{\"@id\":\"https:\/\/portaltela.pt\/noticias\/2026\/03\/26\/explosao-em-casa-em-israel-fere-moradores-durante-novo-ataque-iraniano\/#primaryimage\"},\"image\":{\"@id\":\"https:\/\/portaltela.pt\/noticias\/2026\/03\/26\/explosao-em-casa-em-israel-fere-moradores-durante-novo-ataque-iraniano\/#primaryimage\"},\"thumbnailUrl\":\"https:\/\/portaltela.pt\/s.01k8rhncp4jt1\/2026\/03\/1536x864_cmsv2_9b4dc043-6ce3-5e90-8f1f-dde62a9e5ab2-9699095.jpg\",\"datePublished\":\"2026-03-26T10:47:12+00:00\",\"author\":{\"@id\":\"https:\/\/portaltela.pt\/#\/schema\/person\/c4278d4a6028830caff9ee44b42d32ed\"},\"breadcrumb\":{\"@id\":\"https:\/\/portaltela.pt\/noticias\/2026\/03\/26\/explosao-em-casa-em-israel-fere-moradores-durante-novo-ataque-iraniano\/#breadcrumb\"},\"inLanguage\":\"pt-PT\",\"potentialAction\":[{\"@type\":\"ReadAction\",\"target\":[\"https:\/\/portaltela.pt\/noticias\/2026\/03\/26\/explosao-em-casa-em-israel-fere-moradores-durante-novo-ataque-iraniano\/\"]}]},{\"@type\":\"ImageObject\",\"inLanguage\":\"pt-PT\",\"@id\":\"https:\/\/portaltela.pt\/noticias\/2026\/03\/26\/explosao-em-casa-em-israel-fere-moradores-durante-novo-ataque-iraniano\/#primaryimage\",\"url\":\"https:\/\/portaltela.pt\/s.01k8rhncp4jt1\/2026\/03\/1536x864_cmsv2_9b4dc043-6ce3-5e90-8f1f-dde62a9e5ab2-9699095.jpg\",\"contentUrl\":\"https:\/\/portaltela.pt\/s.01k8rhncp4jt1\/2026\/03\/1536x864_cmsv2_9b4dc043-6ce3-5e90-8f1f-dde62a9e5ab2-9699095.jpg\",\"width\":796,\"height\":448,\"caption\":\"Moradores e equipas de emerg\u00eancia avaliam os estragos provocados pela queda de destro\u00e7os de m\u00edsseis iranianos intercetados sobre Kfar Qassem, no centro de Israel\"},{\"@type\":\"BreadcrumbList\",\"@id\":\"https:\/\/portaltela.pt\/noticias\/2026\/03\/26\/explosao-em-casa-em-israel-fere-moradores-durante-novo-ataque-iraniano\/#breadcrumb\",\"itemListElement\":[{\"@type\":\"ListItem\",\"position\":1,\"name\":\"In\u00edcio\",\"item\":\"https:\/\/portaltela.pt\/\"},{\"@type\":\"ListItem\",\"position\":2,\"name\":\"Explos\u00e3o em casa em Israel fere moradores durante novo ataque iraniano\"}]},{\"@type\":\"WebSite\",\"@id\":\"https:\/\/portaltela.pt\/#website\",\"url\":\"https:\/\/portaltela.pt\/\",\"name\":\"Portal Tela Portugal\",\"description\":\"\",\"potentialAction\":[{\"@type\":\"SearchAction\",\"target\":{\"@type\":\"EntryPoint\",\"urlTemplate\":\"https:\/\/portaltela.pt\/?s={search_term_string}\"},\"query-input\":{\"@type\":\"PropertyValueSpecification\",\"valueRequired\":true,\"valueName\":\"search_term_string\"}}],\"inLanguage\":\"pt-PT\"},{\"@type\":\"Person\",\"@id\":\"https:\/\/portaltela.pt\/#\/schema\/person\/c4278d4a6028830caff9ee44b42d32ed\",\"name\":\"Telinha\",\"image\":{\"@type\":\"ImageObject\",\"inLanguage\":\"pt-PT\",\"@id\":\"https:\/\/portaltela.pt\/s.01k8rhncp4jt1\/2025\/11\/talking-bot-125x125.png\",\"url\":\"https:\/\/portaltela.pt\/s.01k8rhncp4jt1\/2025\/11\/talking-bot-125x125.png\",\"contentUrl\":\"https:\/\/portaltela.pt\/s.01k8rhncp4jt1\/2025\/11\/talking-bot-125x125.png\",\"caption\":\"Telinha\"},\"sameAs\":[\"https:\/\/portaltela.pt\/\"],\"url\":\"https:\/\/portaltela.pt\/por\/367410592786\/\"}]}<\/script>\n<!-- \/ Yoast SEO plugin. -->","yoast_head_json":{"title":"Explos\u00e3o em casa em Israel fere moradores durante novo ataque iraniano - Portal Tela Portugal","robots":{"index":"index","follow":"follow","max-snippet":"max-snippet:-1","max-image-preview":"max-image-preview:large","max-video-preview":"max-video-preview:-1"},"og_locale":"pt_PT","og_type":"article","og_title":"Explos\u00e3o em casa em Israel fere moradores durante novo ataque iraniano - Portal Tela Portugal","og_description":"Cinco pessoas ficaram feridas ligeiramente numa casa em Kafr Qasim, ap\u00f3s uma explos\u00e3o ter devastado o im\u00f3vel. Equipes m\u00e9dicas e de cuidados intensivos chegaram ao local pouco tempo depois, em meio a destro\u00e7os, janelas partidas e paredes atingidas. O incidente ocorreu enquanto Teer\u00e3 lan\u00e7ou nova vaga de proj\u00e9teis em dire\u00e7\u00e3o ao centro de Israel, com as sirenes de alerta a\u00e9reo a soar pela regi\u00e3o. Os socorristas trasladaram os feridos ao hospital, segundo autoridades israelitas. As autoridades disseram que o Ir\u00e3o continua a disparar novas arremessas, mantendo a amea\u00e7a para as localidades em redor de Tel Aviv.","og_url":"https:\/\/portaltela.pt\/noticias\/2026\/03\/26\/explosao-em-casa-em-israel-fere-moradores-durante-novo-ataque-iraniano\/","og_site_name":"Portal Tela Portugal","article_published_time":"2026-03-26T10:47:12+00:00","author":"Telinha","twitter_card":"summary_large_image","twitter_misc":{"Escrito por":"Telinha","Tempo estimado de leitura":"1 minuto"},"schema":{"@context":"https:\/\/schema.org","@graph":[{"@type":"Article","@id":"https:\/\/portaltela.pt\/noticias\/2026\/03\/26\/explosao-em-casa-em-israel-fere-moradores-durante-novo-ataque-iraniano\/#article","isPartOf":{"@id":"https:\/\/portaltela.pt\/noticias\/2026\/03\/26\/explosao-em-casa-em-israel-fere-moradores-durante-novo-ataque-iraniano\/"},"author":{"name":"Telinha","@id":"https:\/\/portaltela.pt\/#\/schema\/person\/c4278d4a6028830caff9ee44b42d32ed"},"headline":"Explos\u00e3o em casa em Israel fere moradores durante novo ataque iraniano","datePublished":"2026-03-26T10:47:12+00:00","mainEntityOfPage":{"@id":"https:\/\/portaltela.pt\/noticias\/2026\/03\/26\/explosao-em-casa-em-israel-fere-moradores-durante-novo-ataque-iraniano\/"},"wordCount":215,"image":{"@id":"https:\/\/portaltela.pt\/noticias\/2026\/03\/26\/explosao-em-casa-em-israel-fere-moradores-durante-novo-ataque-iraniano\/#primaryimage"},"thumbnailUrl":"https:\/\/portaltela.pt\/s.01k8rhncp4jt1\/2026\/03\/1536x864_cmsv2_9b4dc043-6ce3-5e90-8f1f-dde62a9e5ab2-9699095.jpg","keywords":["ataques internacionais","conflitos internacionais","destrui\u00e7\u00e3o","explos\u00f5es","Ir\u00e3","m\u00edssil bal\u00edsticos"],"articleSection":["Conflitos","Guerra"],"inLanguage":"pt-PT"},{"@type":"WebPage","@id":"https:\/\/portaltela.pt\/noticias\/2026\/03\/26\/explosao-em-casa-em-israel-fere-moradores-durante-novo-ataque-iraniano\/","url":"https:\/\/portaltela.pt\/noticias\/2026\/03\/26\/explosao-em-casa-em-israel-fere-moradores-durante-novo-ataque-iraniano\/","name":"Explos\u00e3o em casa em Israel fere moradores durante novo ataque iraniano - Portal Tela Portugal","isPartOf":{"@id":"https:\/\/portaltela.pt\/#website"},"primaryImageOfPage":{"@id":"https:\/\/portaltela.pt\/noticias\/2026\/03\/26\/explosao-em-casa-em-israel-fere-moradores-durante-novo-ataque-iraniano\/#primaryimage"},"image":{"@id":"https:\/\/portaltela.pt\/noticias\/2026\/03\/26\/explosao-em-casa-em-israel-fere-moradores-durante-novo-ataque-iraniano\/#primaryimage"},"thumbnailUrl":"https:\/\/portaltela.pt\/s.01k8rhncp4jt1\/2026\/03\/1536x864_cmsv2_9b4dc043-6ce3-5e90-8f1f-dde62a9e5ab2-9699095.jpg","datePublished":"2026-03-26T10:47:12+00:00","author":{"@id":"https:\/\/portaltela.pt\/#\/schema\/person\/c4278d4a6028830caff9ee44b42d32ed"},"breadcrumb":{"@id":"https:\/\/portaltela.pt\/noticias\/2026\/03\/26\/explosao-em-casa-em-israel-fere-moradores-durante-novo-ataque-iraniano\/#breadcrumb"},"inLanguage":"pt-PT","potentialAction":[{"@type":"ReadAction","target":["https:\/\/portaltela.pt\/noticias\/2026\/03\/26\/explosao-em-casa-em-israel-fere-moradores-durante-novo-ataque-iraniano\/"]}]},{"@type":"ImageObject","inLanguage":"pt-PT","@id":"https:\/\/portaltela.pt\/noticias\/2026\/03\/26\/explosao-em-casa-em-israel-fere-moradores-durante-novo-ataque-iraniano\/#primaryimage","url":"https:\/\/portaltela.pt\/s.01k8rhncp4jt1\/2026\/03\/1536x864_cmsv2_9b4dc043-6ce3-5e90-8f1f-dde62a9e5ab2-9699095.jpg","contentUrl":"https:\/\/portaltela.pt\/s.01k8rhncp4jt1\/2026\/03\/1536x864_cmsv2_9b4dc043-6ce3-5e90-8f1f-dde62a9e5ab2-9699095.jpg","width":796,"height":448,"caption":"Moradores e equipas de emerg\u00eancia avaliam os estragos provocados pela queda de destro\u00e7os de m\u00edsseis iranianos intercetados sobre Kfar Qassem, no centro de Israel"},{"@type":"BreadcrumbList","@id":"https:\/\/portaltela.pt\/noticias\/2026\/03\/26\/explosao-em-casa-em-israel-fere-moradores-durante-novo-ataque-iraniano\/#breadcrumb","itemListElement":[{"@type":"ListItem","position":1,"name":"In\u00edcio","item":"https:\/\/portaltela.pt\/"},{"@type":"ListItem","position":2,"name":"Explos\u00e3o em casa em Israel fere moradores durante novo ataque iraniano"}]},{"@type":"WebSite","@id":"https:\/\/portaltela.pt\/#website","url":"https:\/\/portaltela.pt\/","name":"Portal Tela Portugal","description":"","potentialAction":[{"@type":"SearchAction","target":{"@type":"EntryPoint","urlTemplate":"https:\/\/portaltela.pt\/?s={search_term_string}"},"query-input":{"@type":"PropertyValueSpecification","valueRequired":true,"valueName":"search_term_string"}}],"inLanguage":"pt-PT"},{"@type":"Person","@id":"https:\/\/portaltela.pt\/#\/schema\/person\/c4278d4a6028830caff9ee44b42d32ed","name":"Telinha","image":{"@type":"ImageObject","inLanguage":"pt-PT","@id":"https:\/\/portaltela.pt\/s.01k8rhncp4jt1\/2025\/11\/talking-bot-125x125.png","url":"https:\/\/portaltela.pt\/s.01k8rhncp4jt1\/2025\/11\/talking-bot-125x125.png","contentUrl":"https:\/\/portaltela.pt\/s.01k8rhncp4jt1\/2025\/11\/talking-bot-125x125.png","caption":"Telinha"},"sameAs":["https:\/\/portaltela.pt\/"],"url":"https:\/\/portaltela.pt\/por\/367410592786\/"}]}},"_links":{"self":[{"href":"https:\/\/portaltela.pt\/api\/wp\/v2\/posts\/421971","targetHints":{"allow":["GET"]}}],"collection":[{"href":"https:\/\/portaltela.pt\/api\/wp\/v2\/posts"}],"about":[{"href":"https:\/\/portaltela.pt\/api\/wp\/v2\/types\/post"}],"author":[{"embeddable":true,"href":"https:\/\/portaltela.pt\/api\/wp\/v2\/users\/2"}],"replies":[{"embeddable":true,"href":"https:\/\/portaltela.pt\/api\/wp\/v2\/comments?post=421971"}],"version-history":[{"count":0,"href":"https:\/\/portaltela.pt\/api\/wp\/v2\/posts\/421971\/revisions"}],"wp:featuredmedia":[{"embeddable":true,"href":"https:\/\/portaltela.pt\/api\/wp\/v2\/media\/421975"}],"wp:attachment":[{"href":"https:\/\/portaltela.pt\/api\/wp\/v2\/media?parent=421971"}],"wp:term":[{"taxonomy":"category","embeddable":true,"href":"https:\/\/portaltela.pt\/api\/wp\/v2\/categories?post=421971"},{"taxonomy":"post_tag","embeddable":true,"href":"https:\/\/portaltela.pt\/api\/wp\/v2\/tags?post=421971"}],"curies":[{"name":"wp","href":"https:\/\/api.w.org\/{rel}","templated":true}]}}