{"id":421950,"date":"2026-03-26T07:27:00","date_gmt":"2026-03-26T10:27:00","guid":{"rendered":"https:\/\/portaltela.pt\/noticias\/2026\/03\/26\/polemica-na-casa-dos-segredos-discutida-ao-vivo-no-ola-bom-dia-com-leo-caeiro\/"},"modified":"2026-03-26T07:27:00","modified_gmt":"2026-03-26T10:27:00","slug":"polemica-na-casa-dos-segredos-discutida-ao-vivo-no-ola-bom-dia-com-leo-caeiro","status":"publish","type":"post","link":"https:\/\/portaltela.pt\/entretenimento\/2026\/03\/26\/polemica-na-casa-dos-segredos-discutida-ao-vivo-no-ola-bom-dia-com-leo-caeiro\/","title":{"rendered":"Pol\u00e9mica na Casa dos Segredos discutida ao vivo no Ol\u00e1, Bom Dia com L\u00e9o Caeiro"},"content":{"rendered":"<p>Numa altura em que o pa\u00eds acompanha o tri\u00e2ngulo amoroso do Secret Story 10, a pol\u00e9mica envolvendo Eva, Diogo e Ariana chegou tamb\u00e9m ao direto do programa Ol\u00e1, Bom dia, na CMTV. O tema foi abordado durante a emiss\u00e3o, numa interven\u00e7\u00e3o de car\u00e1ter informativo.<\/p>\n<p>A discuss\u00e3o ocorreu no programa conduzido por Cristina Ferreira, gerando v\u00e1rias reac\u00e7\u00f5es nas redes sociais. O foco foi a pol\u00e9mica que tem dominado as conversas em torno da Casa dos Segredos.<\/p>\n<p>Rea\u00e7\u00e3o nas redes<\/p>\n<p>*Em atualiza\u00e7\u00e3o*<\/p>\n","protected":false},"excerpt":{"rendered":"<ul>\n<li>A pol\u00e9mica envolvendo o tri\u00e2ngulo amoroso entre Eva, Diogo e Ariana, do Secret Story 10, foi discutida em direto no programa Ol\u00e1, Bom dia da CMTV.<\/li>\n<li>O debate ocorreu numa altura em que o pa\u00eds comenta o caso.<\/li>\n<li>O programa Ol\u00e1, Bom dia \u00e9 conduzido por Cristina Ferreira.<\/li>\n<li>A pol\u00e9mica gerou v\u00e1rias rea\u00e7\u00f5es nas redes sociais.<\/li>\n<li>A not\u00edcia est\u00e1 em atualiza\u00e7\u00e3o.<\/li>\n<\/ul>\n","protected":false},"author":2,"featured_media":421955,"comment_status":"closed","ping_status":"closed","sticky":false,"template":"","format":"standard","meta":{"footnotes":""},"categories":[6675,12],"tags":[6393,77,6598,5661,7409],"class_list":["post-421950","post","type-post","status-publish","format-standard","has-post-thumbnail","hentry","category-celebridades","category-entretenimento","tag-a-casa","tag-curiosidades","tag-entretenimento","tag-pessoas-publicas","tag-televisoes"],"yoast_head":"<!-- This site is optimized with the Yoast SEO plugin v27.2 - https:\/\/yoast.com\/product\/yoast-seo-wordpress\/ -->\n<title>Pol\u00e9mica na Casa dos Segredos discutida ao vivo no Ol\u00e1, Bom Dia com L\u00e9o Caeiro - Portal Tela Portugal<\/title>\n<meta name=\"robots\" content=\"index, follow, max-snippet:-1, max-image-preview:large, max-video-preview:-1\" \/>\n<meta property=\"og:locale\" content=\"pt_PT\" \/>\n<meta property=\"og:type\" content=\"article\" \/>\n<meta property=\"og:title\" content=\"Pol\u00e9mica na Casa dos Segredos discutida ao vivo no Ol\u00e1, Bom Dia com L\u00e9o Caeiro - Portal Tela Portugal\" \/>\n<meta property=\"og:description\" content=\"A pol\u00e9mica envolvendo o tri\u00e2ngulo amoroso entre Eva, Diogo e Ariana, do Secret Story 10, foi discutida em direto no programa Ol\u00e1, Bom dia da CMTV. O debate ocorreu numa altura em que o pa\u00eds comenta o caso. O programa Ol\u00e1, Bom dia \u00e9 conduzido por Cristina Ferreira. A pol\u00e9mica gerou v\u00e1rias rea\u00e7\u00f5es nas redes sociais. A not\u00edcia est\u00e1 em atualiza\u00e7\u00e3o.\" \/>\n<meta property=\"og:url\" content=\"https:\/\/portaltela.pt\/noticias\/2026\/03\/26\/polemica-na-casa-dos-segredos-discutida-ao-vivo-no-ola-bom-dia-com-leo-caeiro\/\" \/>\n<meta property=\"og:site_name\" content=\"Portal Tela Portugal\" \/>\n<meta property=\"article:published_time\" content=\"2026-03-26T10:27:00+00:00\" \/>\n<meta name=\"author\" content=\"Telinha\" \/>\n<meta name=\"twitter:card\" content=\"summary_large_image\" \/>\n<meta name=\"twitter:label1\" content=\"Escrito por\" \/>\n\t<meta name=\"twitter:data1\" content=\"Telinha\" \/>\n<script type=\"application\/ld+json\" class=\"yoast-schema-graph\">{\"@context\":\"https:\/\/schema.org\",\"@graph\":[{\"@type\":\"Article\",\"@id\":\"https:\/\/portaltela.pt\/noticias\/2026\/03\/26\/polemica-na-casa-dos-segredos-discutida-ao-vivo-no-ola-bom-dia-com-leo-caeiro\/#article\",\"isPartOf\":{\"@id\":\"https:\/\/portaltela.pt\/noticias\/2026\/03\/26\/polemica-na-casa-dos-segredos-discutida-ao-vivo-no-ola-bom-dia-com-leo-caeiro\/\"},\"author\":{\"name\":\"Telinha\",\"@id\":\"https:\/\/portaltela.pt\/#\/schema\/person\/c4278d4a6028830caff9ee44b42d32ed\"},\"headline\":\"Pol\u00e9mica na Casa dos Segredos discutida ao vivo no Ol\u00e1, Bom Dia com L\u00e9o Caeiro\",\"datePublished\":\"2026-03-26T10:27:00+00:00\",\"mainEntityOfPage\":{\"@id\":\"https:\/\/portaltela.pt\/noticias\/2026\/03\/26\/polemica-na-casa-dos-segredos-discutida-ao-vivo-no-ola-bom-dia-com-leo-caeiro\/\"},\"wordCount\":109,\"image\":{\"@id\":\"https:\/\/portaltela.pt\/noticias\/2026\/03\/26\/polemica-na-casa-dos-segredos-discutida-ao-vivo-no-ola-bom-dia-com-leo-caeiro\/#primaryimage\"},\"thumbnailUrl\":\"https:\/\/portaltela.pt\/s.01k8rhncp4jt1\/2026\/03\/img_1500x1000uu2026-03-26-10-27-00-2274887.jpg\",\"keywords\":[\"a casa\",\"curiosidades\",\"entretenimento\",\"pessoas p\u00fablicas\",\"televis\u00f5es\"],\"articleSection\":[\"Celebridades\",\"Entretenimento\"],\"inLanguage\":\"pt-PT\"},{\"@type\":\"WebPage\",\"@id\":\"https:\/\/portaltela.pt\/noticias\/2026\/03\/26\/polemica-na-casa-dos-segredos-discutida-ao-vivo-no-ola-bom-dia-com-leo-caeiro\/\",\"url\":\"https:\/\/portaltela.pt\/noticias\/2026\/03\/26\/polemica-na-casa-dos-segredos-discutida-ao-vivo-no-ola-bom-dia-com-leo-caeiro\/\",\"name\":\"Pol\u00e9mica na Casa dos Segredos discutida ao vivo no Ol\u00e1, Bom Dia com L\u00e9o Caeiro - Portal Tela Portugal\",\"isPartOf\":{\"@id\":\"https:\/\/portaltela.pt\/#website\"},\"primaryImageOfPage\":{\"@id\":\"https:\/\/portaltela.pt\/noticias\/2026\/03\/26\/polemica-na-casa-dos-segredos-discutida-ao-vivo-no-ola-bom-dia-com-leo-caeiro\/#primaryimage\"},\"image\":{\"@id\":\"https:\/\/portaltela.pt\/noticias\/2026\/03\/26\/polemica-na-casa-dos-segredos-discutida-ao-vivo-no-ola-bom-dia-com-leo-caeiro\/#primaryimage\"},\"thumbnailUrl\":\"https:\/\/portaltela.pt\/s.01k8rhncp4jt1\/2026\/03\/img_1500x1000uu2026-03-26-10-27-00-2274887.jpg\",\"datePublished\":\"2026-03-26T10:27:00+00:00\",\"author\":{\"@id\":\"https:\/\/portaltela.pt\/#\/schema\/person\/c4278d4a6028830caff9ee44b42d32ed\"},\"breadcrumb\":{\"@id\":\"https:\/\/portaltela.pt\/noticias\/2026\/03\/26\/polemica-na-casa-dos-segredos-discutida-ao-vivo-no-ola-bom-dia-com-leo-caeiro\/#breadcrumb\"},\"inLanguage\":\"pt-PT\",\"potentialAction\":[{\"@type\":\"ReadAction\",\"target\":[\"https:\/\/portaltela.pt\/noticias\/2026\/03\/26\/polemica-na-casa-dos-segredos-discutida-ao-vivo-no-ola-bom-dia-com-leo-caeiro\/\"]}]},{\"@type\":\"ImageObject\",\"inLanguage\":\"pt-PT\",\"@id\":\"https:\/\/portaltela.pt\/noticias\/2026\/03\/26\/polemica-na-casa-dos-segredos-discutida-ao-vivo-no-ola-bom-dia-com-leo-caeiro\/#primaryimage\",\"url\":\"https:\/\/portaltela.pt\/s.01k8rhncp4jt1\/2026\/03\/img_1500x1000uu2026-03-26-10-27-00-2274887.jpg\",\"contentUrl\":\"https:\/\/portaltela.pt\/s.01k8rhncp4jt1\/2026\/03\/img_1500x1000uu2026-03-26-10-27-00-2274887.jpg\",\"width\":796,\"height\":448,\"caption\":\"L\u00e9o Caeiro comenta pol\u00e9mica da Casa dos Segredos no 'Ol\u00e1, Bom Dia!'\"},{\"@type\":\"BreadcrumbList\",\"@id\":\"https:\/\/portaltela.pt\/noticias\/2026\/03\/26\/polemica-na-casa-dos-segredos-discutida-ao-vivo-no-ola-bom-dia-com-leo-caeiro\/#breadcrumb\",\"itemListElement\":[{\"@type\":\"ListItem\",\"position\":1,\"name\":\"In\u00edcio\",\"item\":\"https:\/\/portaltela.pt\/\"},{\"@type\":\"ListItem\",\"position\":2,\"name\":\"Pol\u00e9mica na Casa dos Segredos discutida ao vivo no Ol\u00e1, Bom Dia com L\u00e9o Caeiro\"}]},{\"@type\":\"WebSite\",\"@id\":\"https:\/\/portaltela.pt\/#website\",\"url\":\"https:\/\/portaltela.pt\/\",\"name\":\"Portal Tela Portugal\",\"description\":\"\",\"potentialAction\":[{\"@type\":\"SearchAction\",\"target\":{\"@type\":\"EntryPoint\",\"urlTemplate\":\"https:\/\/portaltela.pt\/?s={search_term_string}\"},\"query-input\":{\"@type\":\"PropertyValueSpecification\",\"valueRequired\":true,\"valueName\":\"search_term_string\"}}],\"inLanguage\":\"pt-PT\"},{\"@type\":\"Person\",\"@id\":\"https:\/\/portaltela.pt\/#\/schema\/person\/c4278d4a6028830caff9ee44b42d32ed\",\"name\":\"Telinha\",\"image\":{\"@type\":\"ImageObject\",\"inLanguage\":\"pt-PT\",\"@id\":\"https:\/\/portaltela.pt\/s.01k8rhncp4jt1\/2025\/11\/talking-bot-125x125.png\",\"url\":\"https:\/\/portaltela.pt\/s.01k8rhncp4jt1\/2025\/11\/talking-bot-125x125.png\",\"contentUrl\":\"https:\/\/portaltela.pt\/s.01k8rhncp4jt1\/2025\/11\/talking-bot-125x125.png\",\"caption\":\"Telinha\"},\"sameAs\":[\"https:\/\/portaltela.pt\/\"],\"url\":\"https:\/\/portaltela.pt\/por\/367410592786\/\"}]}<\/script>\n<!-- \/ Yoast SEO plugin. -->","yoast_head_json":{"title":"Pol\u00e9mica na Casa dos Segredos discutida ao vivo no Ol\u00e1, Bom Dia com L\u00e9o Caeiro - Portal Tela Portugal","robots":{"index":"index","follow":"follow","max-snippet":"max-snippet:-1","max-image-preview":"max-image-preview:large","max-video-preview":"max-video-preview:-1"},"og_locale":"pt_PT","og_type":"article","og_title":"Pol\u00e9mica na Casa dos Segredos discutida ao vivo no Ol\u00e1, Bom Dia com L\u00e9o Caeiro - Portal Tela Portugal","og_description":"A pol\u00e9mica envolvendo o tri\u00e2ngulo amoroso entre Eva, Diogo e Ariana, do Secret Story 10, foi discutida em direto no programa Ol\u00e1, Bom dia da CMTV. O debate ocorreu numa altura em que o pa\u00eds comenta o caso. O programa Ol\u00e1, Bom dia \u00e9 conduzido por Cristina Ferreira. A pol\u00e9mica gerou v\u00e1rias rea\u00e7\u00f5es nas redes sociais. A not\u00edcia est\u00e1 em atualiza\u00e7\u00e3o.","og_url":"https:\/\/portaltela.pt\/noticias\/2026\/03\/26\/polemica-na-casa-dos-segredos-discutida-ao-vivo-no-ola-bom-dia-com-leo-caeiro\/","og_site_name":"Portal Tela Portugal","article_published_time":"2026-03-26T10:27:00+00:00","author":"Telinha","twitter_card":"summary_large_image","twitter_misc":{"Escrito por":"Telinha"},"schema":{"@context":"https:\/\/schema.org","@graph":[{"@type":"Article","@id":"https:\/\/portaltela.pt\/noticias\/2026\/03\/26\/polemica-na-casa-dos-segredos-discutida-ao-vivo-no-ola-bom-dia-com-leo-caeiro\/#article","isPartOf":{"@id":"https:\/\/portaltela.pt\/noticias\/2026\/03\/26\/polemica-na-casa-dos-segredos-discutida-ao-vivo-no-ola-bom-dia-com-leo-caeiro\/"},"author":{"name":"Telinha","@id":"https:\/\/portaltela.pt\/#\/schema\/person\/c4278d4a6028830caff9ee44b42d32ed"},"headline":"Pol\u00e9mica na Casa dos Segredos discutida ao vivo no Ol\u00e1, Bom Dia com L\u00e9o Caeiro","datePublished":"2026-03-26T10:27:00+00:00","mainEntityOfPage":{"@id":"https:\/\/portaltela.pt\/noticias\/2026\/03\/26\/polemica-na-casa-dos-segredos-discutida-ao-vivo-no-ola-bom-dia-com-leo-caeiro\/"},"wordCount":109,"image":{"@id":"https:\/\/portaltela.pt\/noticias\/2026\/03\/26\/polemica-na-casa-dos-segredos-discutida-ao-vivo-no-ola-bom-dia-com-leo-caeiro\/#primaryimage"},"thumbnailUrl":"https:\/\/portaltela.pt\/s.01k8rhncp4jt1\/2026\/03\/img_1500x1000uu2026-03-26-10-27-00-2274887.jpg","keywords":["a casa","curiosidades","entretenimento","pessoas p\u00fablicas","televis\u00f5es"],"articleSection":["Celebridades","Entretenimento"],"inLanguage":"pt-PT"},{"@type":"WebPage","@id":"https:\/\/portaltela.pt\/noticias\/2026\/03\/26\/polemica-na-casa-dos-segredos-discutida-ao-vivo-no-ola-bom-dia-com-leo-caeiro\/","url":"https:\/\/portaltela.pt\/noticias\/2026\/03\/26\/polemica-na-casa-dos-segredos-discutida-ao-vivo-no-ola-bom-dia-com-leo-caeiro\/","name":"Pol\u00e9mica na Casa dos Segredos discutida ao vivo no Ol\u00e1, Bom Dia com L\u00e9o Caeiro - Portal Tela Portugal","isPartOf":{"@id":"https:\/\/portaltela.pt\/#website"},"primaryImageOfPage":{"@id":"https:\/\/portaltela.pt\/noticias\/2026\/03\/26\/polemica-na-casa-dos-segredos-discutida-ao-vivo-no-ola-bom-dia-com-leo-caeiro\/#primaryimage"},"image":{"@id":"https:\/\/portaltela.pt\/noticias\/2026\/03\/26\/polemica-na-casa-dos-segredos-discutida-ao-vivo-no-ola-bom-dia-com-leo-caeiro\/#primaryimage"},"thumbnailUrl":"https:\/\/portaltela.pt\/s.01k8rhncp4jt1\/2026\/03\/img_1500x1000uu2026-03-26-10-27-00-2274887.jpg","datePublished":"2026-03-26T10:27:00+00:00","author":{"@id":"https:\/\/portaltela.pt\/#\/schema\/person\/c4278d4a6028830caff9ee44b42d32ed"},"breadcrumb":{"@id":"https:\/\/portaltela.pt\/noticias\/2026\/03\/26\/polemica-na-casa-dos-segredos-discutida-ao-vivo-no-ola-bom-dia-com-leo-caeiro\/#breadcrumb"},"inLanguage":"pt-PT","potentialAction":[{"@type":"ReadAction","target":["https:\/\/portaltela.pt\/noticias\/2026\/03\/26\/polemica-na-casa-dos-segredos-discutida-ao-vivo-no-ola-bom-dia-com-leo-caeiro\/"]}]},{"@type":"ImageObject","inLanguage":"pt-PT","@id":"https:\/\/portaltela.pt\/noticias\/2026\/03\/26\/polemica-na-casa-dos-segredos-discutida-ao-vivo-no-ola-bom-dia-com-leo-caeiro\/#primaryimage","url":"https:\/\/portaltela.pt\/s.01k8rhncp4jt1\/2026\/03\/img_1500x1000uu2026-03-26-10-27-00-2274887.jpg","contentUrl":"https:\/\/portaltela.pt\/s.01k8rhncp4jt1\/2026\/03\/img_1500x1000uu2026-03-26-10-27-00-2274887.jpg","width":796,"height":448,"caption":"L\u00e9o Caeiro comenta pol\u00e9mica da Casa dos Segredos no 'Ol\u00e1, Bom Dia!'"},{"@type":"BreadcrumbList","@id":"https:\/\/portaltela.pt\/noticias\/2026\/03\/26\/polemica-na-casa-dos-segredos-discutida-ao-vivo-no-ola-bom-dia-com-leo-caeiro\/#breadcrumb","itemListElement":[{"@type":"ListItem","position":1,"name":"In\u00edcio","item":"https:\/\/portaltela.pt\/"},{"@type":"ListItem","position":2,"name":"Pol\u00e9mica na Casa dos Segredos discutida ao vivo no Ol\u00e1, Bom Dia com L\u00e9o Caeiro"}]},{"@type":"WebSite","@id":"https:\/\/portaltela.pt\/#website","url":"https:\/\/portaltela.pt\/","name":"Portal Tela Portugal","description":"","potentialAction":[{"@type":"SearchAction","target":{"@type":"EntryPoint","urlTemplate":"https:\/\/portaltela.pt\/?s={search_term_string}"},"query-input":{"@type":"PropertyValueSpecification","valueRequired":true,"valueName":"search_term_string"}}],"inLanguage":"pt-PT"},{"@type":"Person","@id":"https:\/\/portaltela.pt\/#\/schema\/person\/c4278d4a6028830caff9ee44b42d32ed","name":"Telinha","image":{"@type":"ImageObject","inLanguage":"pt-PT","@id":"https:\/\/portaltela.pt\/s.01k8rhncp4jt1\/2025\/11\/talking-bot-125x125.png","url":"https:\/\/portaltela.pt\/s.01k8rhncp4jt1\/2025\/11\/talking-bot-125x125.png","contentUrl":"https:\/\/portaltela.pt\/s.01k8rhncp4jt1\/2025\/11\/talking-bot-125x125.png","caption":"Telinha"},"sameAs":["https:\/\/portaltela.pt\/"],"url":"https:\/\/portaltela.pt\/por\/367410592786\/"}]}},"_links":{"self":[{"href":"https:\/\/portaltela.pt\/api\/wp\/v2\/posts\/421950","targetHints":{"allow":["GET"]}}],"collection":[{"href":"https:\/\/portaltela.pt\/api\/wp\/v2\/posts"}],"about":[{"href":"https:\/\/portaltela.pt\/api\/wp\/v2\/types\/post"}],"author":[{"embeddable":true,"href":"https:\/\/portaltela.pt\/api\/wp\/v2\/users\/2"}],"replies":[{"embeddable":true,"href":"https:\/\/portaltela.pt\/api\/wp\/v2\/comments?post=421950"}],"version-history":[{"count":0,"href":"https:\/\/portaltela.pt\/api\/wp\/v2\/posts\/421950\/revisions"}],"wp:featuredmedia":[{"embeddable":true,"href":"https:\/\/portaltela.pt\/api\/wp\/v2\/media\/421955"}],"wp:attachment":[{"href":"https:\/\/portaltela.pt\/api\/wp\/v2\/media?parent=421950"}],"wp:term":[{"taxonomy":"category","embeddable":true,"href":"https:\/\/portaltela.pt\/api\/wp\/v2\/categories?post=421950"},{"taxonomy":"post_tag","embeddable":true,"href":"https:\/\/portaltela.pt\/api\/wp\/v2\/tags?post=421950"}],"curies":[{"name":"wp","href":"https:\/\/api.w.org\/{rel}","templated":true}]}}