{"id":421938,"date":"2026-03-26T07:01:06","date_gmt":"2026-03-26T10:01:06","guid":{"rendered":"https:\/\/portaltela.pt\/noticias\/2026\/03\/26\/enviado-especial-descreve-zona-residencial-libanesa-completamente-destruida\/"},"modified":"2026-03-26T07:01:06","modified_gmt":"2026-03-26T10:01:06","slug":"enviado-especial-descreve-zona-residencial-libanesa-completamente-destruida","status":"publish","type":"post","link":"https:\/\/portaltela.pt\/guerra\/2026\/03\/26\/enviado-especial-descreve-zona-residencial-libanesa-completamente-destruida\/","title":{"rendered":"Enviado especial descreve zona residencial libanesa completamente destru\u00edda"},"content":{"rendered":"<p>Um enviado especial do Correio da Manh\u00e3, Alfredo Leite, acompanhou a zona sul do L\u00edbano, onde uma bomba de combust\u00edvel pertencente ao Hezbollah foi alvo de bombardeamento pelas for\u00e7as israelitas. O incidente ocorreu num cen\u00e1rio de intensa luta entre as partes.<\/p>\n<p>A \u00e1rea de atua\u00e7\u00e3o estudada pelo rep\u00f3rter mostrou uma zona residencial gravemente destru\u00edda, com explos\u00f5es vis\u00edveis e sinais de combate cont\u00ednuo. Leite descreveu o local como marcado por danos extensos \u00e0s infraestruturas e a desloca\u00e7\u00f5es de popula\u00e7\u00f5es civis.<\/p>\n<p>Entre os intervenientes no terreno, est\u00e3o o Hezbollah, as for\u00e7as israelitas e ag\u00eancias de socorro que atuam no terreno. O enviado especial do CM alerta para o agravamento dos confrontos no sul do L\u00edbano, com opera\u00e7\u00f5es militares que parecem visar posi\u00e7\u00f5es do Hezbollah.<\/p>\n<p>Segundo relatos no terreno, as hostilidades intensificaram-se, aumentando o risco para civis e a atividade humanit\u00e1ria na regi\u00e3o. As informa\u00e7\u00f5es destacam uma comunica\u00e7\u00e3o constante entre fontes locais e equipas jornal\u00edsticas que cobrem o conflito.<\/p>\n","protected":false},"excerpt":{"rendered":"<ul>\n<li>Enviado especial do Correio da Manh\u00e3, Alfredo Leite, visitou uma bomba de combust\u00edvel pertencente ao Hezbollah, bombardeada pelo ex\u00e9rcito israelita.<\/li>\n<li>O local fica numa zona residencial do sul do L\u00edbano que ficou completamente destru\u00edda.<\/li>\n<li>O enviado descreve uma intensifica\u00e7\u00e3o muito grande dos combates entre Israel e o Hezbollah no terreno.<\/li>\n<li>O material de reportagem afirma que Israel procura aniquilar posi\u00e7\u00f5es do Hezbollah no sul do L\u00edbano.<\/li>\n<li>O jornalista relata novas explos\u00f5es na regi\u00e3o e a perce\u00e7\u00e3o de que a \u00e1rea est\u00e1 sob controlo das tropas israelitas.<\/li>\n<\/ul>\n","protected":false},"author":2,"featured_media":421941,"comment_status":"closed","ping_status":"closed","sticky":false,"template":"","format":"standard","meta":{"footnotes":""},"categories":[6790,6804],"tags":[6505,254,2198,62,3708,3786],"class_list":["post-421938","post","type-post","status-publish","format-standard","has-post-thumbnail","hentry","category-conflitos","category-guerra","tag-assistencia-humanitaria","tag-conflito","tag-conflitos-internacionais","tag-guerra","tag-israel","tag-refugiados-internos"],"yoast_head":"<!-- This site is optimized with the Yoast SEO plugin v27.2 - https:\/\/yoast.com\/product\/yoast-seo-wordpress\/ -->\n<title>Enviado especial descreve zona residencial libanesa completamente destru\u00edda - Portal Tela Portugal<\/title>\n<meta name=\"robots\" content=\"index, follow, max-snippet:-1, max-image-preview:large, max-video-preview:-1\" \/>\n<meta property=\"og:locale\" content=\"pt_PT\" \/>\n<meta property=\"og:type\" content=\"article\" \/>\n<meta property=\"og:title\" content=\"Enviado especial descreve zona residencial libanesa completamente destru\u00edda - Portal Tela Portugal\" \/>\n<meta property=\"og:description\" content=\"Enviado especial do Correio da Manh\u00e3, Alfredo Leite, visitou uma bomba de combust\u00edvel pertencente ao Hezbollah, bombardeada pelo ex\u00e9rcito israelita. O local fica numa zona residencial do sul do L\u00edbano que ficou completamente destru\u00edda. O enviado descreve uma intensifica\u00e7\u00e3o muito grande dos combates entre Israel e o Hezbollah no terreno. O material de reportagem afirma que Israel procura aniquilar posi\u00e7\u00f5es do Hezbollah no sul do L\u00edbano. O jornalista relata novas explos\u00f5es na regi\u00e3o e a perce\u00e7\u00e3o de que a \u00e1rea est\u00e1 sob controlo das tropas israelitas.\" \/>\n<meta property=\"og:url\" content=\"https:\/\/portaltela.pt\/noticias\/2026\/03\/26\/enviado-especial-descreve-zona-residencial-libanesa-completamente-destruida\/\" \/>\n<meta property=\"og:site_name\" content=\"Portal Tela Portugal\" \/>\n<meta property=\"article:published_time\" content=\"2026-03-26T10:01:06+00:00\" \/>\n<meta name=\"author\" content=\"Telinha\" \/>\n<meta name=\"twitter:card\" content=\"summary_large_image\" \/>\n<meta name=\"twitter:label1\" content=\"Escrito por\" \/>\n\t<meta name=\"twitter:data1\" content=\"Telinha\" \/>\n\t<meta name=\"twitter:label2\" content=\"Tempo estimado de leitura\" \/>\n\t<meta name=\"twitter:data2\" content=\"1 minuto\" \/>\n<script type=\"application\/ld+json\" class=\"yoast-schema-graph\">{\"@context\":\"https:\/\/schema.org\",\"@graph\":[{\"@type\":\"Article\",\"@id\":\"https:\/\/portaltela.pt\/noticias\/2026\/03\/26\/enviado-especial-descreve-zona-residencial-libanesa-completamente-destruida\/#article\",\"isPartOf\":{\"@id\":\"https:\/\/portaltela.pt\/noticias\/2026\/03\/26\/enviado-especial-descreve-zona-residencial-libanesa-completamente-destruida\/\"},\"author\":{\"name\":\"Telinha\",\"@id\":\"https:\/\/portaltela.pt\/#\/schema\/person\/c4278d4a6028830caff9ee44b42d32ed\"},\"headline\":\"Enviado especial descreve zona residencial libanesa completamente destru\u00edda\",\"datePublished\":\"2026-03-26T10:01:06+00:00\",\"mainEntityOfPage\":{\"@id\":\"https:\/\/portaltela.pt\/noticias\/2026\/03\/26\/enviado-especial-descreve-zona-residencial-libanesa-completamente-destruida\/\"},\"wordCount\":188,\"image\":{\"@id\":\"https:\/\/portaltela.pt\/noticias\/2026\/03\/26\/enviado-especial-descreve-zona-residencial-libanesa-completamente-destruida\/#primaryimage\"},\"thumbnailUrl\":\"https:\/\/portaltela.pt\/s.01k8rhncp4jt1\/2026\/03\/img_1280x722uu2026-03-26-09-58-13-2274884.jpg\",\"keywords\":[\"assist\u00eancia humanit\u00e1ria\",\"conflito\",\"conflitos internacionais\",\"guerra\",\"Israel\",\"refugiados internos\"],\"articleSection\":[\"Conflitos\",\"Guerra\"],\"inLanguage\":\"pt-PT\"},{\"@type\":\"WebPage\",\"@id\":\"https:\/\/portaltela.pt\/noticias\/2026\/03\/26\/enviado-especial-descreve-zona-residencial-libanesa-completamente-destruida\/\",\"url\":\"https:\/\/portaltela.pt\/noticias\/2026\/03\/26\/enviado-especial-descreve-zona-residencial-libanesa-completamente-destruida\/\",\"name\":\"Enviado especial descreve zona residencial libanesa completamente destru\u00edda - Portal Tela Portugal\",\"isPartOf\":{\"@id\":\"https:\/\/portaltela.pt\/#website\"},\"primaryImageOfPage\":{\"@id\":\"https:\/\/portaltela.pt\/noticias\/2026\/03\/26\/enviado-especial-descreve-zona-residencial-libanesa-completamente-destruida\/#primaryimage\"},\"image\":{\"@id\":\"https:\/\/portaltela.pt\/noticias\/2026\/03\/26\/enviado-especial-descreve-zona-residencial-libanesa-completamente-destruida\/#primaryimage\"},\"thumbnailUrl\":\"https:\/\/portaltela.pt\/s.01k8rhncp4jt1\/2026\/03\/img_1280x722uu2026-03-26-09-58-13-2274884.jpg\",\"datePublished\":\"2026-03-26T10:01:06+00:00\",\"author\":{\"@id\":\"https:\/\/portaltela.pt\/#\/schema\/person\/c4278d4a6028830caff9ee44b42d32ed\"},\"breadcrumb\":{\"@id\":\"https:\/\/portaltela.pt\/noticias\/2026\/03\/26\/enviado-especial-descreve-zona-residencial-libanesa-completamente-destruida\/#breadcrumb\"},\"inLanguage\":\"pt-PT\",\"potentialAction\":[{\"@type\":\"ReadAction\",\"target\":[\"https:\/\/portaltela.pt\/noticias\/2026\/03\/26\/enviado-especial-descreve-zona-residencial-libanesa-completamente-destruida\/\"]}]},{\"@type\":\"ImageObject\",\"inLanguage\":\"pt-PT\",\"@id\":\"https:\/\/portaltela.pt\/noticias\/2026\/03\/26\/enviado-especial-descreve-zona-residencial-libanesa-completamente-destruida\/#primaryimage\",\"url\":\"https:\/\/portaltela.pt\/s.01k8rhncp4jt1\/2026\/03\/img_1280x722uu2026-03-26-09-58-13-2274884.jpg\",\"contentUrl\":\"https:\/\/portaltela.pt\/s.01k8rhncp4jt1\/2026\/03\/img_1280x722uu2026-03-26-09-58-13-2274884.jpg\",\"width\":796,\"height\":448,\"caption\":\"\u201cH\u00e1 ali um carro de crian\u00e7a para brincar\u201d: Enviado especial do CM ao L\u00edbano em zona residencial completamente destru\u00edda\"},{\"@type\":\"BreadcrumbList\",\"@id\":\"https:\/\/portaltela.pt\/noticias\/2026\/03\/26\/enviado-especial-descreve-zona-residencial-libanesa-completamente-destruida\/#breadcrumb\",\"itemListElement\":[{\"@type\":\"ListItem\",\"position\":1,\"name\":\"In\u00edcio\",\"item\":\"https:\/\/portaltela.pt\/\"},{\"@type\":\"ListItem\",\"position\":2,\"name\":\"Enviado especial descreve zona residencial libanesa completamente destru\u00edda\"}]},{\"@type\":\"WebSite\",\"@id\":\"https:\/\/portaltela.pt\/#website\",\"url\":\"https:\/\/portaltela.pt\/\",\"name\":\"Portal Tela Portugal\",\"description\":\"\",\"potentialAction\":[{\"@type\":\"SearchAction\",\"target\":{\"@type\":\"EntryPoint\",\"urlTemplate\":\"https:\/\/portaltela.pt\/?s={search_term_string}\"},\"query-input\":{\"@type\":\"PropertyValueSpecification\",\"valueRequired\":true,\"valueName\":\"search_term_string\"}}],\"inLanguage\":\"pt-PT\"},{\"@type\":\"Person\",\"@id\":\"https:\/\/portaltela.pt\/#\/schema\/person\/c4278d4a6028830caff9ee44b42d32ed\",\"name\":\"Telinha\",\"image\":{\"@type\":\"ImageObject\",\"inLanguage\":\"pt-PT\",\"@id\":\"https:\/\/portaltela.pt\/s.01k8rhncp4jt1\/2025\/11\/talking-bot-125x125.png\",\"url\":\"https:\/\/portaltela.pt\/s.01k8rhncp4jt1\/2025\/11\/talking-bot-125x125.png\",\"contentUrl\":\"https:\/\/portaltela.pt\/s.01k8rhncp4jt1\/2025\/11\/talking-bot-125x125.png\",\"caption\":\"Telinha\"},\"sameAs\":[\"https:\/\/portaltela.pt\/\"],\"url\":\"https:\/\/portaltela.pt\/por\/367410592786\/\"}]}<\/script>\n<!-- \/ Yoast SEO plugin. -->","yoast_head_json":{"title":"Enviado especial descreve zona residencial libanesa completamente destru\u00edda - Portal Tela Portugal","robots":{"index":"index","follow":"follow","max-snippet":"max-snippet:-1","max-image-preview":"max-image-preview:large","max-video-preview":"max-video-preview:-1"},"og_locale":"pt_PT","og_type":"article","og_title":"Enviado especial descreve zona residencial libanesa completamente destru\u00edda - Portal Tela Portugal","og_description":"Enviado especial do Correio da Manh\u00e3, Alfredo Leite, visitou uma bomba de combust\u00edvel pertencente ao Hezbollah, bombardeada pelo ex\u00e9rcito israelita. O local fica numa zona residencial do sul do L\u00edbano que ficou completamente destru\u00edda. O enviado descreve uma intensifica\u00e7\u00e3o muito grande dos combates entre Israel e o Hezbollah no terreno. O material de reportagem afirma que Israel procura aniquilar posi\u00e7\u00f5es do Hezbollah no sul do L\u00edbano. O jornalista relata novas explos\u00f5es na regi\u00e3o e a perce\u00e7\u00e3o de que a \u00e1rea est\u00e1 sob controlo das tropas israelitas.","og_url":"https:\/\/portaltela.pt\/noticias\/2026\/03\/26\/enviado-especial-descreve-zona-residencial-libanesa-completamente-destruida\/","og_site_name":"Portal Tela Portugal","article_published_time":"2026-03-26T10:01:06+00:00","author":"Telinha","twitter_card":"summary_large_image","twitter_misc":{"Escrito por":"Telinha","Tempo estimado de leitura":"1 minuto"},"schema":{"@context":"https:\/\/schema.org","@graph":[{"@type":"Article","@id":"https:\/\/portaltela.pt\/noticias\/2026\/03\/26\/enviado-especial-descreve-zona-residencial-libanesa-completamente-destruida\/#article","isPartOf":{"@id":"https:\/\/portaltela.pt\/noticias\/2026\/03\/26\/enviado-especial-descreve-zona-residencial-libanesa-completamente-destruida\/"},"author":{"name":"Telinha","@id":"https:\/\/portaltela.pt\/#\/schema\/person\/c4278d4a6028830caff9ee44b42d32ed"},"headline":"Enviado especial descreve zona residencial libanesa completamente destru\u00edda","datePublished":"2026-03-26T10:01:06+00:00","mainEntityOfPage":{"@id":"https:\/\/portaltela.pt\/noticias\/2026\/03\/26\/enviado-especial-descreve-zona-residencial-libanesa-completamente-destruida\/"},"wordCount":188,"image":{"@id":"https:\/\/portaltela.pt\/noticias\/2026\/03\/26\/enviado-especial-descreve-zona-residencial-libanesa-completamente-destruida\/#primaryimage"},"thumbnailUrl":"https:\/\/portaltela.pt\/s.01k8rhncp4jt1\/2026\/03\/img_1280x722uu2026-03-26-09-58-13-2274884.jpg","keywords":["assist\u00eancia humanit\u00e1ria","conflito","conflitos internacionais","guerra","Israel","refugiados internos"],"articleSection":["Conflitos","Guerra"],"inLanguage":"pt-PT"},{"@type":"WebPage","@id":"https:\/\/portaltela.pt\/noticias\/2026\/03\/26\/enviado-especial-descreve-zona-residencial-libanesa-completamente-destruida\/","url":"https:\/\/portaltela.pt\/noticias\/2026\/03\/26\/enviado-especial-descreve-zona-residencial-libanesa-completamente-destruida\/","name":"Enviado especial descreve zona residencial libanesa completamente destru\u00edda - Portal Tela Portugal","isPartOf":{"@id":"https:\/\/portaltela.pt\/#website"},"primaryImageOfPage":{"@id":"https:\/\/portaltela.pt\/noticias\/2026\/03\/26\/enviado-especial-descreve-zona-residencial-libanesa-completamente-destruida\/#primaryimage"},"image":{"@id":"https:\/\/portaltela.pt\/noticias\/2026\/03\/26\/enviado-especial-descreve-zona-residencial-libanesa-completamente-destruida\/#primaryimage"},"thumbnailUrl":"https:\/\/portaltela.pt\/s.01k8rhncp4jt1\/2026\/03\/img_1280x722uu2026-03-26-09-58-13-2274884.jpg","datePublished":"2026-03-26T10:01:06+00:00","author":{"@id":"https:\/\/portaltela.pt\/#\/schema\/person\/c4278d4a6028830caff9ee44b42d32ed"},"breadcrumb":{"@id":"https:\/\/portaltela.pt\/noticias\/2026\/03\/26\/enviado-especial-descreve-zona-residencial-libanesa-completamente-destruida\/#breadcrumb"},"inLanguage":"pt-PT","potentialAction":[{"@type":"ReadAction","target":["https:\/\/portaltela.pt\/noticias\/2026\/03\/26\/enviado-especial-descreve-zona-residencial-libanesa-completamente-destruida\/"]}]},{"@type":"ImageObject","inLanguage":"pt-PT","@id":"https:\/\/portaltela.pt\/noticias\/2026\/03\/26\/enviado-especial-descreve-zona-residencial-libanesa-completamente-destruida\/#primaryimage","url":"https:\/\/portaltela.pt\/s.01k8rhncp4jt1\/2026\/03\/img_1280x722uu2026-03-26-09-58-13-2274884.jpg","contentUrl":"https:\/\/portaltela.pt\/s.01k8rhncp4jt1\/2026\/03\/img_1280x722uu2026-03-26-09-58-13-2274884.jpg","width":796,"height":448,"caption":"\u201cH\u00e1 ali um carro de crian\u00e7a para brincar\u201d: Enviado especial do CM ao L\u00edbano em zona residencial completamente destru\u00edda"},{"@type":"BreadcrumbList","@id":"https:\/\/portaltela.pt\/noticias\/2026\/03\/26\/enviado-especial-descreve-zona-residencial-libanesa-completamente-destruida\/#breadcrumb","itemListElement":[{"@type":"ListItem","position":1,"name":"In\u00edcio","item":"https:\/\/portaltela.pt\/"},{"@type":"ListItem","position":2,"name":"Enviado especial descreve zona residencial libanesa completamente destru\u00edda"}]},{"@type":"WebSite","@id":"https:\/\/portaltela.pt\/#website","url":"https:\/\/portaltela.pt\/","name":"Portal Tela Portugal","description":"","potentialAction":[{"@type":"SearchAction","target":{"@type":"EntryPoint","urlTemplate":"https:\/\/portaltela.pt\/?s={search_term_string}"},"query-input":{"@type":"PropertyValueSpecification","valueRequired":true,"valueName":"search_term_string"}}],"inLanguage":"pt-PT"},{"@type":"Person","@id":"https:\/\/portaltela.pt\/#\/schema\/person\/c4278d4a6028830caff9ee44b42d32ed","name":"Telinha","image":{"@type":"ImageObject","inLanguage":"pt-PT","@id":"https:\/\/portaltela.pt\/s.01k8rhncp4jt1\/2025\/11\/talking-bot-125x125.png","url":"https:\/\/portaltela.pt\/s.01k8rhncp4jt1\/2025\/11\/talking-bot-125x125.png","contentUrl":"https:\/\/portaltela.pt\/s.01k8rhncp4jt1\/2025\/11\/talking-bot-125x125.png","caption":"Telinha"},"sameAs":["https:\/\/portaltela.pt\/"],"url":"https:\/\/portaltela.pt\/por\/367410592786\/"}]}},"_links":{"self":[{"href":"https:\/\/portaltela.pt\/api\/wp\/v2\/posts\/421938","targetHints":{"allow":["GET"]}}],"collection":[{"href":"https:\/\/portaltela.pt\/api\/wp\/v2\/posts"}],"about":[{"href":"https:\/\/portaltela.pt\/api\/wp\/v2\/types\/post"}],"author":[{"embeddable":true,"href":"https:\/\/portaltela.pt\/api\/wp\/v2\/users\/2"}],"replies":[{"embeddable":true,"href":"https:\/\/portaltela.pt\/api\/wp\/v2\/comments?post=421938"}],"version-history":[{"count":0,"href":"https:\/\/portaltela.pt\/api\/wp\/v2\/posts\/421938\/revisions"}],"wp:featuredmedia":[{"embeddable":true,"href":"https:\/\/portaltela.pt\/api\/wp\/v2\/media\/421941"}],"wp:attachment":[{"href":"https:\/\/portaltela.pt\/api\/wp\/v2\/media?parent=421938"}],"wp:term":[{"taxonomy":"category","embeddable":true,"href":"https:\/\/portaltela.pt\/api\/wp\/v2\/categories?post=421938"},{"taxonomy":"post_tag","embeddable":true,"href":"https:\/\/portaltela.pt\/api\/wp\/v2\/tags?post=421938"}],"curies":[{"name":"wp","href":"https:\/\/api.w.org\/{rel}","templated":true}]}}