{"id":421931,"date":"2026-03-26T06:53:00","date_gmt":"2026-03-26T09:53:00","guid":{"rendered":"https:\/\/portaltela.pt\/noticias\/2026\/03\/26\/adolescente-agride-motorista-de-autocarro-em-ovar\/"},"modified":"2026-03-26T06:53:00","modified_gmt":"2026-03-26T09:53:00","slug":"adolescente-agride-motorista-de-autocarro-em-ovar","status":"publish","type":"post","link":"https:\/\/portaltela.pt\/noticias\/2026\/03\/26\/adolescente-agride-motorista-de-autocarro-em-ovar\/","title":{"rendered":"Adolescente agride motorista de autocarro em Ovar"},"content":{"rendered":"<p>O incidente ocorreu junto \u00e0 escola secund\u00e1ria de Esmoriz, em Ovar, quando o motorista de autocarro chamou a aten\u00e7\u00e3o a um grupo de jovens por comportamentos incorretos. Na sequ\u00eancia do rep\u00f3rter, o motorista acabou por ser agredido na cabe\u00e7a dentro da viatura.<\/p>\n<p>O suspeito \u00e9 um jovem aluno com cerca de 16 anos. A agress\u00e3o teve lugar dentro do autocarro, ap\u00f3s o condutor repreender os alunos. A v\u00edtima recebeu assist\u00eancia e foi imediatamente assistida pelos bombeiros de Esmoriz.<\/p>\n<p>GNR e bombeiros de Esmoriz foram acionados para o local. Os suspeitos teriam fugido para o interior da escola, levando as dilig\u00eancias a envolver a identifica\u00e7\u00e3o dos jovens pela autoridade. A v\u00edtima foi encaminhada para o hospital de Santa Maria da Feira.<\/p>\n","protected":false},"excerpt":{"rendered":"<ul>\n<li>Um aluno com 16 anos \u00e9 suspeito de ter agredido um motorista de autocarro junto \u00e0 escola secund\u00e1ria em Esmoriz, Ovar.<\/li>\n<li>O condutor chamou a aten\u00e7\u00e3o um grupo de jovens por comportamentos incorretos e acabou por ser atingido na cabe\u00e7a durante o incidente dentro da viatura.<\/li>\n<li>A GNR e os bombeiros de Esmoriz foram chamados; os suspeitos refugiaram-se no interior do estabelecimento de ensino.<\/li>\n<li>As dilig\u00eancias para identificar os jovens est\u00e3o em curso pela GNR.<\/li>\n<li>A v\u00edtima foi transportada pelos bombeiros de Esmoriz para o hospital de Santa Maria da Feira.<\/li>\n<\/ul>\n","protected":false},"author":2,"featured_media":421932,"comment_status":"closed","ping_status":"closed","sticky":false,"template":"","format":"standard","meta":{"footnotes":""},"categories":[7386,1],"tags":[1001,2754,147,6056,3210,939],"class_list":["post-421931","post","type-post","status-publish","format-standard","has-post-thumbnail","hentry","category-crimes-contra-a-pessoa","category-noticias","tag-adolescencia","tag-agressao","tag-crime","tag-menores","tag-ovar","tag-violencia"],"yoast_head":"<!-- This site is optimized with the Yoast SEO plugin v27.2 - https:\/\/yoast.com\/product\/yoast-seo-wordpress\/ -->\n<title>Adolescente agride motorista de autocarro em Ovar - Portal Tela Portugal<\/title>\n<meta name=\"robots\" content=\"index, follow, max-snippet:-1, max-image-preview:large, max-video-preview:-1\" \/>\n<meta property=\"og:locale\" content=\"pt_PT\" \/>\n<meta property=\"og:type\" content=\"article\" \/>\n<meta property=\"og:title\" content=\"Adolescente agride motorista de autocarro em Ovar - Portal Tela Portugal\" \/>\n<meta property=\"og:description\" content=\"Um aluno com 16 anos \u00e9 suspeito de ter agredido um motorista de autocarro junto \u00e0 escola secund\u00e1ria em Esmoriz, Ovar. O condutor chamou a aten\u00e7\u00e3o um grupo de jovens por comportamentos incorretos e acabou por ser atingido na cabe\u00e7a durante o incidente dentro da viatura. A GNR e os bombeiros de Esmoriz foram chamados; os suspeitos refugiaram-se no interior do estabelecimento de ensino. As dilig\u00eancias para identificar os jovens est\u00e3o em curso pela GNR. A v\u00edtima foi transportada pelos bombeiros de Esmoriz para o hospital de Santa Maria da Feira.\" \/>\n<meta property=\"og:url\" content=\"https:\/\/portaltela.pt\/noticias\/2026\/03\/26\/adolescente-agride-motorista-de-autocarro-em-ovar\/\" \/>\n<meta property=\"og:site_name\" content=\"Portal Tela Portugal\" \/>\n<meta property=\"article:published_time\" content=\"2026-03-26T09:53:00+00:00\" \/>\n<meta name=\"author\" content=\"Telinha\" \/>\n<meta name=\"twitter:card\" content=\"summary_large_image\" \/>\n<meta name=\"twitter:label1\" content=\"Escrito por\" \/>\n\t<meta name=\"twitter:data1\" content=\"Telinha\" \/>\n\t<meta name=\"twitter:label2\" content=\"Tempo estimado de leitura\" \/>\n\t<meta name=\"twitter:data2\" content=\"1 minuto\" \/>\n<script type=\"application\/ld+json\" class=\"yoast-schema-graph\">{\"@context\":\"https:\/\/schema.org\",\"@graph\":[{\"@type\":\"Article\",\"@id\":\"https:\/\/portaltela.pt\/noticias\/2026\/03\/26\/adolescente-agride-motorista-de-autocarro-em-ovar\/#article\",\"isPartOf\":{\"@id\":\"https:\/\/portaltela.pt\/noticias\/2026\/03\/26\/adolescente-agride-motorista-de-autocarro-em-ovar\/\"},\"author\":{\"name\":\"Telinha\",\"@id\":\"https:\/\/portaltela.pt\/#\/schema\/person\/c4278d4a6028830caff9ee44b42d32ed\"},\"headline\":\"Adolescente agride motorista de autocarro em Ovar\",\"datePublished\":\"2026-03-26T09:53:00+00:00\",\"mainEntityOfPage\":{\"@id\":\"https:\/\/portaltela.pt\/noticias\/2026\/03\/26\/adolescente-agride-motorista-de-autocarro-em-ovar\/\"},\"wordCount\":136,\"image\":{\"@id\":\"https:\/\/portaltela.pt\/noticias\/2026\/03\/26\/adolescente-agride-motorista-de-autocarro-em-ovar\/#primaryimage\"},\"thumbnailUrl\":\"https:\/\/portaltela.pt\/s.01k8rhncp4jt1\/2026\/03\/img_1500x1000uu2026-03-26-09-52-05-2274883-im-639101155659264739.jpg\",\"keywords\":[\"Adolesc\u00eancia\",\"agress\u00e3o\",\"crime\",\"menores\",\"Ovar\",\"viol\u00eancia\"],\"articleSection\":[\"Crimes contra a pessoa\",\"Not\u00edcias\"],\"inLanguage\":\"pt-PT\"},{\"@type\":\"WebPage\",\"@id\":\"https:\/\/portaltela.pt\/noticias\/2026\/03\/26\/adolescente-agride-motorista-de-autocarro-em-ovar\/\",\"url\":\"https:\/\/portaltela.pt\/noticias\/2026\/03\/26\/adolescente-agride-motorista-de-autocarro-em-ovar\/\",\"name\":\"Adolescente agride motorista de autocarro em Ovar - Portal Tela Portugal\",\"isPartOf\":{\"@id\":\"https:\/\/portaltela.pt\/#website\"},\"primaryImageOfPage\":{\"@id\":\"https:\/\/portaltela.pt\/noticias\/2026\/03\/26\/adolescente-agride-motorista-de-autocarro-em-ovar\/#primaryimage\"},\"image\":{\"@id\":\"https:\/\/portaltela.pt\/noticias\/2026\/03\/26\/adolescente-agride-motorista-de-autocarro-em-ovar\/#primaryimage\"},\"thumbnailUrl\":\"https:\/\/portaltela.pt\/s.01k8rhncp4jt1\/2026\/03\/img_1500x1000uu2026-03-26-09-52-05-2274883-im-639101155659264739.jpg\",\"datePublished\":\"2026-03-26T09:53:00+00:00\",\"author\":{\"@id\":\"https:\/\/portaltela.pt\/#\/schema\/person\/c4278d4a6028830caff9ee44b42d32ed\"},\"breadcrumb\":{\"@id\":\"https:\/\/portaltela.pt\/noticias\/2026\/03\/26\/adolescente-agride-motorista-de-autocarro-em-ovar\/#breadcrumb\"},\"inLanguage\":\"pt-PT\",\"potentialAction\":[{\"@type\":\"ReadAction\",\"target\":[\"https:\/\/portaltela.pt\/noticias\/2026\/03\/26\/adolescente-agride-motorista-de-autocarro-em-ovar\/\"]}]},{\"@type\":\"ImageObject\",\"inLanguage\":\"pt-PT\",\"@id\":\"https:\/\/portaltela.pt\/noticias\/2026\/03\/26\/adolescente-agride-motorista-de-autocarro-em-ovar\/#primaryimage\",\"url\":\"https:\/\/portaltela.pt\/s.01k8rhncp4jt1\/2026\/03\/img_1500x1000uu2026-03-26-09-52-05-2274883-im-639101155659264739.jpg\",\"contentUrl\":\"https:\/\/portaltela.pt\/s.01k8rhncp4jt1\/2026\/03\/img_1500x1000uu2026-03-26-09-52-05-2274883-im-639101155659264739.jpg\",\"width\":796,\"height\":448,\"caption\":\"Pre\u00e7o do g\u00e1s natural sobe mais de 4% e ultrapassa os 54 euros\"},{\"@type\":\"BreadcrumbList\",\"@id\":\"https:\/\/portaltela.pt\/noticias\/2026\/03\/26\/adolescente-agride-motorista-de-autocarro-em-ovar\/#breadcrumb\",\"itemListElement\":[{\"@type\":\"ListItem\",\"position\":1,\"name\":\"In\u00edcio\",\"item\":\"https:\/\/portaltela.pt\/\"},{\"@type\":\"ListItem\",\"position\":2,\"name\":\"Adolescente agride motorista de autocarro em Ovar\"}]},{\"@type\":\"WebSite\",\"@id\":\"https:\/\/portaltela.pt\/#website\",\"url\":\"https:\/\/portaltela.pt\/\",\"name\":\"Portal Tela Portugal\",\"description\":\"\",\"potentialAction\":[{\"@type\":\"SearchAction\",\"target\":{\"@type\":\"EntryPoint\",\"urlTemplate\":\"https:\/\/portaltela.pt\/?s={search_term_string}\"},\"query-input\":{\"@type\":\"PropertyValueSpecification\",\"valueRequired\":true,\"valueName\":\"search_term_string\"}}],\"inLanguage\":\"pt-PT\"},{\"@type\":\"Person\",\"@id\":\"https:\/\/portaltela.pt\/#\/schema\/person\/c4278d4a6028830caff9ee44b42d32ed\",\"name\":\"Telinha\",\"image\":{\"@type\":\"ImageObject\",\"inLanguage\":\"pt-PT\",\"@id\":\"https:\/\/portaltela.pt\/s.01k8rhncp4jt1\/2025\/11\/talking-bot-125x125.png\",\"url\":\"https:\/\/portaltela.pt\/s.01k8rhncp4jt1\/2025\/11\/talking-bot-125x125.png\",\"contentUrl\":\"https:\/\/portaltela.pt\/s.01k8rhncp4jt1\/2025\/11\/talking-bot-125x125.png\",\"caption\":\"Telinha\"},\"sameAs\":[\"https:\/\/portaltela.pt\/\"],\"url\":\"https:\/\/portaltela.pt\/por\/367410592786\/\"}]}<\/script>\n<!-- \/ Yoast SEO plugin. -->","yoast_head_json":{"title":"Adolescente agride motorista de autocarro em Ovar - Portal Tela Portugal","robots":{"index":"index","follow":"follow","max-snippet":"max-snippet:-1","max-image-preview":"max-image-preview:large","max-video-preview":"max-video-preview:-1"},"og_locale":"pt_PT","og_type":"article","og_title":"Adolescente agride motorista de autocarro em Ovar - Portal Tela Portugal","og_description":"Um aluno com 16 anos \u00e9 suspeito de ter agredido um motorista de autocarro junto \u00e0 escola secund\u00e1ria em Esmoriz, Ovar. O condutor chamou a aten\u00e7\u00e3o um grupo de jovens por comportamentos incorretos e acabou por ser atingido na cabe\u00e7a durante o incidente dentro da viatura. A GNR e os bombeiros de Esmoriz foram chamados; os suspeitos refugiaram-se no interior do estabelecimento de ensino. As dilig\u00eancias para identificar os jovens est\u00e3o em curso pela GNR. A v\u00edtima foi transportada pelos bombeiros de Esmoriz para o hospital de Santa Maria da Feira.","og_url":"https:\/\/portaltela.pt\/noticias\/2026\/03\/26\/adolescente-agride-motorista-de-autocarro-em-ovar\/","og_site_name":"Portal Tela Portugal","article_published_time":"2026-03-26T09:53:00+00:00","author":"Telinha","twitter_card":"summary_large_image","twitter_misc":{"Escrito por":"Telinha","Tempo estimado de leitura":"1 minuto"},"schema":{"@context":"https:\/\/schema.org","@graph":[{"@type":"Article","@id":"https:\/\/portaltela.pt\/noticias\/2026\/03\/26\/adolescente-agride-motorista-de-autocarro-em-ovar\/#article","isPartOf":{"@id":"https:\/\/portaltela.pt\/noticias\/2026\/03\/26\/adolescente-agride-motorista-de-autocarro-em-ovar\/"},"author":{"name":"Telinha","@id":"https:\/\/portaltela.pt\/#\/schema\/person\/c4278d4a6028830caff9ee44b42d32ed"},"headline":"Adolescente agride motorista de autocarro em Ovar","datePublished":"2026-03-26T09:53:00+00:00","mainEntityOfPage":{"@id":"https:\/\/portaltela.pt\/noticias\/2026\/03\/26\/adolescente-agride-motorista-de-autocarro-em-ovar\/"},"wordCount":136,"image":{"@id":"https:\/\/portaltela.pt\/noticias\/2026\/03\/26\/adolescente-agride-motorista-de-autocarro-em-ovar\/#primaryimage"},"thumbnailUrl":"https:\/\/portaltela.pt\/s.01k8rhncp4jt1\/2026\/03\/img_1500x1000uu2026-03-26-09-52-05-2274883-im-639101155659264739.jpg","keywords":["Adolesc\u00eancia","agress\u00e3o","crime","menores","Ovar","viol\u00eancia"],"articleSection":["Crimes contra a pessoa","Not\u00edcias"],"inLanguage":"pt-PT"},{"@type":"WebPage","@id":"https:\/\/portaltela.pt\/noticias\/2026\/03\/26\/adolescente-agride-motorista-de-autocarro-em-ovar\/","url":"https:\/\/portaltela.pt\/noticias\/2026\/03\/26\/adolescente-agride-motorista-de-autocarro-em-ovar\/","name":"Adolescente agride motorista de autocarro em Ovar - Portal Tela Portugal","isPartOf":{"@id":"https:\/\/portaltela.pt\/#website"},"primaryImageOfPage":{"@id":"https:\/\/portaltela.pt\/noticias\/2026\/03\/26\/adolescente-agride-motorista-de-autocarro-em-ovar\/#primaryimage"},"image":{"@id":"https:\/\/portaltela.pt\/noticias\/2026\/03\/26\/adolescente-agride-motorista-de-autocarro-em-ovar\/#primaryimage"},"thumbnailUrl":"https:\/\/portaltela.pt\/s.01k8rhncp4jt1\/2026\/03\/img_1500x1000uu2026-03-26-09-52-05-2274883-im-639101155659264739.jpg","datePublished":"2026-03-26T09:53:00+00:00","author":{"@id":"https:\/\/portaltela.pt\/#\/schema\/person\/c4278d4a6028830caff9ee44b42d32ed"},"breadcrumb":{"@id":"https:\/\/portaltela.pt\/noticias\/2026\/03\/26\/adolescente-agride-motorista-de-autocarro-em-ovar\/#breadcrumb"},"inLanguage":"pt-PT","potentialAction":[{"@type":"ReadAction","target":["https:\/\/portaltela.pt\/noticias\/2026\/03\/26\/adolescente-agride-motorista-de-autocarro-em-ovar\/"]}]},{"@type":"ImageObject","inLanguage":"pt-PT","@id":"https:\/\/portaltela.pt\/noticias\/2026\/03\/26\/adolescente-agride-motorista-de-autocarro-em-ovar\/#primaryimage","url":"https:\/\/portaltela.pt\/s.01k8rhncp4jt1\/2026\/03\/img_1500x1000uu2026-03-26-09-52-05-2274883-im-639101155659264739.jpg","contentUrl":"https:\/\/portaltela.pt\/s.01k8rhncp4jt1\/2026\/03\/img_1500x1000uu2026-03-26-09-52-05-2274883-im-639101155659264739.jpg","width":796,"height":448,"caption":"Pre\u00e7o do g\u00e1s natural sobe mais de 4% e ultrapassa os 54 euros"},{"@type":"BreadcrumbList","@id":"https:\/\/portaltela.pt\/noticias\/2026\/03\/26\/adolescente-agride-motorista-de-autocarro-em-ovar\/#breadcrumb","itemListElement":[{"@type":"ListItem","position":1,"name":"In\u00edcio","item":"https:\/\/portaltela.pt\/"},{"@type":"ListItem","position":2,"name":"Adolescente agride motorista de autocarro em Ovar"}]},{"@type":"WebSite","@id":"https:\/\/portaltela.pt\/#website","url":"https:\/\/portaltela.pt\/","name":"Portal Tela Portugal","description":"","potentialAction":[{"@type":"SearchAction","target":{"@type":"EntryPoint","urlTemplate":"https:\/\/portaltela.pt\/?s={search_term_string}"},"query-input":{"@type":"PropertyValueSpecification","valueRequired":true,"valueName":"search_term_string"}}],"inLanguage":"pt-PT"},{"@type":"Person","@id":"https:\/\/portaltela.pt\/#\/schema\/person\/c4278d4a6028830caff9ee44b42d32ed","name":"Telinha","image":{"@type":"ImageObject","inLanguage":"pt-PT","@id":"https:\/\/portaltela.pt\/s.01k8rhncp4jt1\/2025\/11\/talking-bot-125x125.png","url":"https:\/\/portaltela.pt\/s.01k8rhncp4jt1\/2025\/11\/talking-bot-125x125.png","contentUrl":"https:\/\/portaltela.pt\/s.01k8rhncp4jt1\/2025\/11\/talking-bot-125x125.png","caption":"Telinha"},"sameAs":["https:\/\/portaltela.pt\/"],"url":"https:\/\/portaltela.pt\/por\/367410592786\/"}]}},"_links":{"self":[{"href":"https:\/\/portaltela.pt\/api\/wp\/v2\/posts\/421931","targetHints":{"allow":["GET"]}}],"collection":[{"href":"https:\/\/portaltela.pt\/api\/wp\/v2\/posts"}],"about":[{"href":"https:\/\/portaltela.pt\/api\/wp\/v2\/types\/post"}],"author":[{"embeddable":true,"href":"https:\/\/portaltela.pt\/api\/wp\/v2\/users\/2"}],"replies":[{"embeddable":true,"href":"https:\/\/portaltela.pt\/api\/wp\/v2\/comments?post=421931"}],"version-history":[{"count":0,"href":"https:\/\/portaltela.pt\/api\/wp\/v2\/posts\/421931\/revisions"}],"wp:featuredmedia":[{"embeddable":true,"href":"https:\/\/portaltela.pt\/api\/wp\/v2\/media\/421932"}],"wp:attachment":[{"href":"https:\/\/portaltela.pt\/api\/wp\/v2\/media?parent=421931"}],"wp:term":[{"taxonomy":"category","embeddable":true,"href":"https:\/\/portaltela.pt\/api\/wp\/v2\/categories?post=421931"},{"taxonomy":"post_tag","embeddable":true,"href":"https:\/\/portaltela.pt\/api\/wp\/v2\/tags?post=421931"}],"curies":[{"name":"wp","href":"https:\/\/api.w.org\/{rel}","templated":true}]}}