{"id":421925,"date":"2026-03-26T06:39:00","date_gmt":"2026-03-26T09:39:00","guid":{"rendered":"https:\/\/portaltela.pt\/noticias\/2026\/03\/26\/morte-apos-queda-em-sarjeta-em-santa-maria-da-feira-sem-resposta-ha-dois-anos\/"},"modified":"2026-03-26T06:39:00","modified_gmt":"2026-03-26T09:39:00","slug":"morte-apos-queda-em-sarjeta-em-santa-maria-da-feira-sem-resposta-ha-dois-anos","status":"publish","type":"post","link":"https:\/\/portaltela.pt\/acidentes\/2026\/03\/26\/morte-apos-queda-em-sarjeta-em-santa-maria-da-feira-sem-resposta-ha-dois-anos\/","title":{"rendered":"Morte ap\u00f3s queda em sarjeta em Santa Maria da Feira sem resposta h\u00e1 dois anos"},"content":{"rendered":"<p>O caso da morte de um homem de 50 anos, ocorrida h\u00e1 cerca de dois anos, permanece sem resposta para a fam\u00edlia de Lourosa. A C\u00e2mara de Santa Maria da Feira indica que a situa\u00e7\u00e3o est\u00e1 a ser analisada e promete uma resposta.<\/p>\n<p>O acidente ocorreu em janeiro de 2024. V\u00edtor Manuel Oliveira Gaspar caiu num buraco da sarjeta junto \u00e0 rotunda que liga a Avenida de Lourosa \u00e0 Rua 1. Maio. A irm\u00e3 da v\u00edtima sustenta que o local n\u00e3o tinha sinaliza\u00e7\u00e3o de alerta.<\/p>\n<p>Segundo Elisabete Gaspar, o buraco estava tapado com folhas e a \u00e1gua dali proveniente dificultou a perce\u00e7\u00e3o do risco. A fam\u00edlia tem procurado esclarecimentos junto das entidades aut\u00e1rquicas desde ent\u00e3o.<\/p>\n<p>A autarquia assegura que a situa\u00e7\u00e3o est\u00e1 em avalia\u00e7\u00e3o no \u00e2mbito de procedimentos em curso. N\u00e3o foram avan\u00e7ados prazos para a conclus\u00e3o da an\u00e1lise nem para a comunica\u00e7\u00e3o de resultados.<\/p>\n<p>A pol\u00e9mica gira em torno de responsabilidades da gest\u00e3o da infraestrutura urbana e de poss\u00edveis falhas de sinaliza\u00e7\u00e3o ou de manuten\u00e7\u00e3o. A fam\u00edlia aguarda informa\u00e7\u00f5es atualizadas sobre o desfecho do processo.<\/p>\n","protected":false},"excerpt":{"rendered":"<ul>\n<li>H\u00e1 cerca de dois anos que uma fam\u00edlia de Lourosa procura respostas sobre a morte de um homem de 50 anos, ap\u00f3s cair numa sarjeta destapada e coberta por folhas.<\/li>\n<li>O acidente ocorreu em janeiro de dois mil e vinte e quatro, junto \u00e0 rotunda que liga a Avenida de Lourosa \u00e0 Rua 1.\u00b0 de Maio, em Santa Maria da Feira.<\/li>\n<li>Segundo a irm\u00e3 da v\u00edtima, Elisabete Gaspar, o local n\u00e3o apresentava sinaliza\u00e7\u00e3o de alerta para o perigo.<\/li>\n<li>A v\u00edtima, V\u00edtor Manuel Oliveira Gaspar, caiu no buraco da sarjeta, que estaria tapado por folhas e uma po\u00e7a de \u00e1gua.<\/li>\n<li>A C\u00e2mara de Santa Maria da Feira afirma que a situa\u00e7\u00e3o est\u00e1 em an\u00e1lise e promete dar uma resposta.<\/li>\n<\/ul>\n","protected":false},"author":2,"featured_media":421930,"comment_status":"closed","ping_status":"closed","sticky":false,"template":"","format":"standard","meta":{"footnotes":""},"categories":[6849],"tags":[5487,5449,4216,1615,215,3813],"class_list":["post-421925","post","type-post","status-publish","format-standard","has-post-thumbnail","hentry","category-acidentes","tag-acidente","tag-camara-municipal","tag-condicoes-de-transito","tag-infraestrutura","tag-investigacao","tag-pericias"],"yoast_head":"<!-- This site is optimized with the Yoast SEO plugin v27.2 - https:\/\/yoast.com\/product\/yoast-seo-wordpress\/ -->\n<title>Morte ap\u00f3s queda em sarjeta em Santa Maria da Feira sem resposta h\u00e1 dois anos - Portal Tela Portugal<\/title>\n<meta name=\"robots\" content=\"index, follow, max-snippet:-1, max-image-preview:large, max-video-preview:-1\" \/>\n<meta property=\"og:locale\" content=\"pt_PT\" \/>\n<meta property=\"og:type\" content=\"article\" \/>\n<meta property=\"og:title\" content=\"Morte ap\u00f3s queda em sarjeta em Santa Maria da Feira sem resposta h\u00e1 dois anos - Portal Tela Portugal\" \/>\n<meta property=\"og:description\" content=\"H\u00e1 cerca de dois anos que uma fam\u00edlia de Lourosa procura respostas sobre a morte de um homem de 50 anos, ap\u00f3s cair numa sarjeta destapada e coberta por folhas. O acidente ocorreu em janeiro de dois mil e vinte e quatro, junto \u00e0 rotunda que liga a Avenida de Lourosa \u00e0 Rua 1.\u00b0 de Maio, em Santa Maria da Feira. Segundo a irm\u00e3 da v\u00edtima, Elisabete Gaspar, o local n\u00e3o apresentava sinaliza\u00e7\u00e3o de alerta para o perigo. A v\u00edtima, V\u00edtor Manuel Oliveira Gaspar, caiu no buraco da sarjeta, que estaria tapado por folhas e uma po\u00e7a de \u00e1gua. A C\u00e2mara de Santa Maria da Feira afirma que a situa\u00e7\u00e3o est\u00e1 em an\u00e1lise e promete dar uma resposta.\" \/>\n<meta property=\"og:url\" content=\"https:\/\/portaltela.pt\/noticias\/2026\/03\/26\/morte-apos-queda-em-sarjeta-em-santa-maria-da-feira-sem-resposta-ha-dois-anos\/\" \/>\n<meta property=\"og:site_name\" content=\"Portal Tela Portugal\" \/>\n<meta property=\"article:published_time\" content=\"2026-03-26T09:39:00+00:00\" \/>\n<meta name=\"author\" content=\"Telinha\" \/>\n<meta name=\"twitter:card\" content=\"summary_large_image\" \/>\n<meta name=\"twitter:label1\" content=\"Escrito por\" \/>\n\t<meta name=\"twitter:data1\" content=\"Telinha\" \/>\n\t<meta name=\"twitter:label2\" content=\"Tempo estimado de leitura\" \/>\n\t<meta name=\"twitter:data2\" content=\"1 minuto\" \/>\n<script type=\"application\/ld+json\" class=\"yoast-schema-graph\">{\"@context\":\"https:\/\/schema.org\",\"@graph\":[{\"@type\":\"Article\",\"@id\":\"https:\/\/portaltela.pt\/noticias\/2026\/03\/26\/morte-apos-queda-em-sarjeta-em-santa-maria-da-feira-sem-resposta-ha-dois-anos\/#article\",\"isPartOf\":{\"@id\":\"https:\/\/portaltela.pt\/noticias\/2026\/03\/26\/morte-apos-queda-em-sarjeta-em-santa-maria-da-feira-sem-resposta-ha-dois-anos\/\"},\"author\":{\"name\":\"Telinha\",\"@id\":\"https:\/\/portaltela.pt\/#\/schema\/person\/c4278d4a6028830caff9ee44b42d32ed\"},\"headline\":\"Morte ap\u00f3s queda em sarjeta em Santa Maria da Feira sem resposta h\u00e1 dois anos\",\"datePublished\":\"2026-03-26T09:39:00+00:00\",\"mainEntityOfPage\":{\"@id\":\"https:\/\/portaltela.pt\/noticias\/2026\/03\/26\/morte-apos-queda-em-sarjeta-em-santa-maria-da-feira-sem-resposta-ha-dois-anos\/\"},\"wordCount\":212,\"image\":{\"@id\":\"https:\/\/portaltela.pt\/noticias\/2026\/03\/26\/morte-apos-queda-em-sarjeta-em-santa-maria-da-feira-sem-resposta-ha-dois-anos\/#primaryimage\"},\"thumbnailUrl\":\"https:\/\/portaltela.pt\/s.01k8rhncp4jt1\/2026\/03\/image-1524.jpg\",\"keywords\":[\"acidente\",\"C\u00e2mara Municipal\",\"condi\u00e7\u00f5es de tr\u00e2nsito\",\"infraestrutura\",\"investiga\u00e7\u00e3o\",\"per\u00edcias\"],\"articleSection\":[\"Acidentes\"],\"inLanguage\":\"pt-PT\"},{\"@type\":\"WebPage\",\"@id\":\"https:\/\/portaltela.pt\/noticias\/2026\/03\/26\/morte-apos-queda-em-sarjeta-em-santa-maria-da-feira-sem-resposta-ha-dois-anos\/\",\"url\":\"https:\/\/portaltela.pt\/noticias\/2026\/03\/26\/morte-apos-queda-em-sarjeta-em-santa-maria-da-feira-sem-resposta-ha-dois-anos\/\",\"name\":\"Morte ap\u00f3s queda em sarjeta em Santa Maria da Feira sem resposta h\u00e1 dois anos - Portal Tela Portugal\",\"isPartOf\":{\"@id\":\"https:\/\/portaltela.pt\/#website\"},\"primaryImageOfPage\":{\"@id\":\"https:\/\/portaltela.pt\/noticias\/2026\/03\/26\/morte-apos-queda-em-sarjeta-em-santa-maria-da-feira-sem-resposta-ha-dois-anos\/#primaryimage\"},\"image\":{\"@id\":\"https:\/\/portaltela.pt\/noticias\/2026\/03\/26\/morte-apos-queda-em-sarjeta-em-santa-maria-da-feira-sem-resposta-ha-dois-anos\/#primaryimage\"},\"thumbnailUrl\":\"https:\/\/portaltela.pt\/s.01k8rhncp4jt1\/2026\/03\/image-1524.jpg\",\"datePublished\":\"2026-03-26T09:39:00+00:00\",\"author\":{\"@id\":\"https:\/\/portaltela.pt\/#\/schema\/person\/c4278d4a6028830caff9ee44b42d32ed\"},\"breadcrumb\":{\"@id\":\"https:\/\/portaltela.pt\/noticias\/2026\/03\/26\/morte-apos-queda-em-sarjeta-em-santa-maria-da-feira-sem-resposta-ha-dois-anos\/#breadcrumb\"},\"inLanguage\":\"pt-PT\",\"potentialAction\":[{\"@type\":\"ReadAction\",\"target\":[\"https:\/\/portaltela.pt\/noticias\/2026\/03\/26\/morte-apos-queda-em-sarjeta-em-santa-maria-da-feira-sem-resposta-ha-dois-anos\/\"]}]},{\"@type\":\"ImageObject\",\"inLanguage\":\"pt-PT\",\"@id\":\"https:\/\/portaltela.pt\/noticias\/2026\/03\/26\/morte-apos-queda-em-sarjeta-em-santa-maria-da-feira-sem-resposta-ha-dois-anos\/#primaryimage\",\"url\":\"https:\/\/portaltela.pt\/s.01k8rhncp4jt1\/2026\/03\/image-1524.jpg\",\"contentUrl\":\"https:\/\/portaltela.pt\/s.01k8rhncp4jt1\/2026\/03\/image-1524.jpg\",\"width\":796,\"height\":448,\"caption\":\"Local onde se deu a queda\"},{\"@type\":\"BreadcrumbList\",\"@id\":\"https:\/\/portaltela.pt\/noticias\/2026\/03\/26\/morte-apos-queda-em-sarjeta-em-santa-maria-da-feira-sem-resposta-ha-dois-anos\/#breadcrumb\",\"itemListElement\":[{\"@type\":\"ListItem\",\"position\":1,\"name\":\"In\u00edcio\",\"item\":\"https:\/\/portaltela.pt\/\"},{\"@type\":\"ListItem\",\"position\":2,\"name\":\"Morte ap\u00f3s queda em sarjeta em Santa Maria da Feira sem resposta h\u00e1 dois anos\"}]},{\"@type\":\"WebSite\",\"@id\":\"https:\/\/portaltela.pt\/#website\",\"url\":\"https:\/\/portaltela.pt\/\",\"name\":\"Portal Tela Portugal\",\"description\":\"\",\"potentialAction\":[{\"@type\":\"SearchAction\",\"target\":{\"@type\":\"EntryPoint\",\"urlTemplate\":\"https:\/\/portaltela.pt\/?s={search_term_string}\"},\"query-input\":{\"@type\":\"PropertyValueSpecification\",\"valueRequired\":true,\"valueName\":\"search_term_string\"}}],\"inLanguage\":\"pt-PT\"},{\"@type\":\"Person\",\"@id\":\"https:\/\/portaltela.pt\/#\/schema\/person\/c4278d4a6028830caff9ee44b42d32ed\",\"name\":\"Telinha\",\"image\":{\"@type\":\"ImageObject\",\"inLanguage\":\"pt-PT\",\"@id\":\"https:\/\/portaltela.pt\/s.01k8rhncp4jt1\/2025\/11\/talking-bot-125x125.png\",\"url\":\"https:\/\/portaltela.pt\/s.01k8rhncp4jt1\/2025\/11\/talking-bot-125x125.png\",\"contentUrl\":\"https:\/\/portaltela.pt\/s.01k8rhncp4jt1\/2025\/11\/talking-bot-125x125.png\",\"caption\":\"Telinha\"},\"sameAs\":[\"https:\/\/portaltela.pt\/\"],\"url\":\"https:\/\/portaltela.pt\/por\/367410592786\/\"}]}<\/script>\n<!-- \/ Yoast SEO plugin. -->","yoast_head_json":{"title":"Morte ap\u00f3s queda em sarjeta em Santa Maria da Feira sem resposta h\u00e1 dois anos - Portal Tela Portugal","robots":{"index":"index","follow":"follow","max-snippet":"max-snippet:-1","max-image-preview":"max-image-preview:large","max-video-preview":"max-video-preview:-1"},"og_locale":"pt_PT","og_type":"article","og_title":"Morte ap\u00f3s queda em sarjeta em Santa Maria da Feira sem resposta h\u00e1 dois anos - Portal Tela Portugal","og_description":"H\u00e1 cerca de dois anos que uma fam\u00edlia de Lourosa procura respostas sobre a morte de um homem de 50 anos, ap\u00f3s cair numa sarjeta destapada e coberta por folhas. O acidente ocorreu em janeiro de dois mil e vinte e quatro, junto \u00e0 rotunda que liga a Avenida de Lourosa \u00e0 Rua 1.\u00b0 de Maio, em Santa Maria da Feira. Segundo a irm\u00e3 da v\u00edtima, Elisabete Gaspar, o local n\u00e3o apresentava sinaliza\u00e7\u00e3o de alerta para o perigo. A v\u00edtima, V\u00edtor Manuel Oliveira Gaspar, caiu no buraco da sarjeta, que estaria tapado por folhas e uma po\u00e7a de \u00e1gua. A C\u00e2mara de Santa Maria da Feira afirma que a situa\u00e7\u00e3o est\u00e1 em an\u00e1lise e promete dar uma resposta.","og_url":"https:\/\/portaltela.pt\/noticias\/2026\/03\/26\/morte-apos-queda-em-sarjeta-em-santa-maria-da-feira-sem-resposta-ha-dois-anos\/","og_site_name":"Portal Tela Portugal","article_published_time":"2026-03-26T09:39:00+00:00","author":"Telinha","twitter_card":"summary_large_image","twitter_misc":{"Escrito por":"Telinha","Tempo estimado de leitura":"1 minuto"},"schema":{"@context":"https:\/\/schema.org","@graph":[{"@type":"Article","@id":"https:\/\/portaltela.pt\/noticias\/2026\/03\/26\/morte-apos-queda-em-sarjeta-em-santa-maria-da-feira-sem-resposta-ha-dois-anos\/#article","isPartOf":{"@id":"https:\/\/portaltela.pt\/noticias\/2026\/03\/26\/morte-apos-queda-em-sarjeta-em-santa-maria-da-feira-sem-resposta-ha-dois-anos\/"},"author":{"name":"Telinha","@id":"https:\/\/portaltela.pt\/#\/schema\/person\/c4278d4a6028830caff9ee44b42d32ed"},"headline":"Morte ap\u00f3s queda em sarjeta em Santa Maria da Feira sem resposta h\u00e1 dois anos","datePublished":"2026-03-26T09:39:00+00:00","mainEntityOfPage":{"@id":"https:\/\/portaltela.pt\/noticias\/2026\/03\/26\/morte-apos-queda-em-sarjeta-em-santa-maria-da-feira-sem-resposta-ha-dois-anos\/"},"wordCount":212,"image":{"@id":"https:\/\/portaltela.pt\/noticias\/2026\/03\/26\/morte-apos-queda-em-sarjeta-em-santa-maria-da-feira-sem-resposta-ha-dois-anos\/#primaryimage"},"thumbnailUrl":"https:\/\/portaltela.pt\/s.01k8rhncp4jt1\/2026\/03\/image-1524.jpg","keywords":["acidente","C\u00e2mara Municipal","condi\u00e7\u00f5es de tr\u00e2nsito","infraestrutura","investiga\u00e7\u00e3o","per\u00edcias"],"articleSection":["Acidentes"],"inLanguage":"pt-PT"},{"@type":"WebPage","@id":"https:\/\/portaltela.pt\/noticias\/2026\/03\/26\/morte-apos-queda-em-sarjeta-em-santa-maria-da-feira-sem-resposta-ha-dois-anos\/","url":"https:\/\/portaltela.pt\/noticias\/2026\/03\/26\/morte-apos-queda-em-sarjeta-em-santa-maria-da-feira-sem-resposta-ha-dois-anos\/","name":"Morte ap\u00f3s queda em sarjeta em Santa Maria da Feira sem resposta h\u00e1 dois anos - Portal Tela Portugal","isPartOf":{"@id":"https:\/\/portaltela.pt\/#website"},"primaryImageOfPage":{"@id":"https:\/\/portaltela.pt\/noticias\/2026\/03\/26\/morte-apos-queda-em-sarjeta-em-santa-maria-da-feira-sem-resposta-ha-dois-anos\/#primaryimage"},"image":{"@id":"https:\/\/portaltela.pt\/noticias\/2026\/03\/26\/morte-apos-queda-em-sarjeta-em-santa-maria-da-feira-sem-resposta-ha-dois-anos\/#primaryimage"},"thumbnailUrl":"https:\/\/portaltela.pt\/s.01k8rhncp4jt1\/2026\/03\/image-1524.jpg","datePublished":"2026-03-26T09:39:00+00:00","author":{"@id":"https:\/\/portaltela.pt\/#\/schema\/person\/c4278d4a6028830caff9ee44b42d32ed"},"breadcrumb":{"@id":"https:\/\/portaltela.pt\/noticias\/2026\/03\/26\/morte-apos-queda-em-sarjeta-em-santa-maria-da-feira-sem-resposta-ha-dois-anos\/#breadcrumb"},"inLanguage":"pt-PT","potentialAction":[{"@type":"ReadAction","target":["https:\/\/portaltela.pt\/noticias\/2026\/03\/26\/morte-apos-queda-em-sarjeta-em-santa-maria-da-feira-sem-resposta-ha-dois-anos\/"]}]},{"@type":"ImageObject","inLanguage":"pt-PT","@id":"https:\/\/portaltela.pt\/noticias\/2026\/03\/26\/morte-apos-queda-em-sarjeta-em-santa-maria-da-feira-sem-resposta-ha-dois-anos\/#primaryimage","url":"https:\/\/portaltela.pt\/s.01k8rhncp4jt1\/2026\/03\/image-1524.jpg","contentUrl":"https:\/\/portaltela.pt\/s.01k8rhncp4jt1\/2026\/03\/image-1524.jpg","width":796,"height":448,"caption":"Local onde se deu a queda"},{"@type":"BreadcrumbList","@id":"https:\/\/portaltela.pt\/noticias\/2026\/03\/26\/morte-apos-queda-em-sarjeta-em-santa-maria-da-feira-sem-resposta-ha-dois-anos\/#breadcrumb","itemListElement":[{"@type":"ListItem","position":1,"name":"In\u00edcio","item":"https:\/\/portaltela.pt\/"},{"@type":"ListItem","position":2,"name":"Morte ap\u00f3s queda em sarjeta em Santa Maria da Feira sem resposta h\u00e1 dois anos"}]},{"@type":"WebSite","@id":"https:\/\/portaltela.pt\/#website","url":"https:\/\/portaltela.pt\/","name":"Portal Tela Portugal","description":"","potentialAction":[{"@type":"SearchAction","target":{"@type":"EntryPoint","urlTemplate":"https:\/\/portaltela.pt\/?s={search_term_string}"},"query-input":{"@type":"PropertyValueSpecification","valueRequired":true,"valueName":"search_term_string"}}],"inLanguage":"pt-PT"},{"@type":"Person","@id":"https:\/\/portaltela.pt\/#\/schema\/person\/c4278d4a6028830caff9ee44b42d32ed","name":"Telinha","image":{"@type":"ImageObject","inLanguage":"pt-PT","@id":"https:\/\/portaltela.pt\/s.01k8rhncp4jt1\/2025\/11\/talking-bot-125x125.png","url":"https:\/\/portaltela.pt\/s.01k8rhncp4jt1\/2025\/11\/talking-bot-125x125.png","contentUrl":"https:\/\/portaltela.pt\/s.01k8rhncp4jt1\/2025\/11\/talking-bot-125x125.png","caption":"Telinha"},"sameAs":["https:\/\/portaltela.pt\/"],"url":"https:\/\/portaltela.pt\/por\/367410592786\/"}]}},"_links":{"self":[{"href":"https:\/\/portaltela.pt\/api\/wp\/v2\/posts\/421925","targetHints":{"allow":["GET"]}}],"collection":[{"href":"https:\/\/portaltela.pt\/api\/wp\/v2\/posts"}],"about":[{"href":"https:\/\/portaltela.pt\/api\/wp\/v2\/types\/post"}],"author":[{"embeddable":true,"href":"https:\/\/portaltela.pt\/api\/wp\/v2\/users\/2"}],"replies":[{"embeddable":true,"href":"https:\/\/portaltela.pt\/api\/wp\/v2\/comments?post=421925"}],"version-history":[{"count":0,"href":"https:\/\/portaltela.pt\/api\/wp\/v2\/posts\/421925\/revisions"}],"wp:featuredmedia":[{"embeddable":true,"href":"https:\/\/portaltela.pt\/api\/wp\/v2\/media\/421930"}],"wp:attachment":[{"href":"https:\/\/portaltela.pt\/api\/wp\/v2\/media?parent=421925"}],"wp:term":[{"taxonomy":"category","embeddable":true,"href":"https:\/\/portaltela.pt\/api\/wp\/v2\/categories?post=421925"},{"taxonomy":"post_tag","embeddable":true,"href":"https:\/\/portaltela.pt\/api\/wp\/v2\/tags?post=421925"}],"curies":[{"name":"wp","href":"https:\/\/api.w.org\/{rel}","templated":true}]}}