{"id":421919,"date":"2026-03-26T06:32:00","date_gmt":"2026-03-26T09:32:00","guid":{"rendered":"https:\/\/portaltela.pt\/noticias\/2026\/03\/26\/quatro-militares-da-gnr-acusados-de-sequestrar-e-injuriar-menores-que-fugiram\/"},"modified":"2026-03-26T06:32:00","modified_gmt":"2026-03-26T09:32:00","slug":"quatro-militares-da-gnr-acusados-de-sequestrar-e-injuriar-menores-que-fugiram","status":"publish","type":"post","link":"https:\/\/portaltela.pt\/justica\/2026\/03\/26\/quatro-militares-da-gnr-acusados-de-sequestrar-e-injuriar-menores-que-fugiram\/","title":{"rendered":"Quatro militares da GNR acusados de sequestrar e injuriar menores que fugiram"},"content":{"rendered":"<p>O Minist\u00e9rio P\u00fablico acusou quatro militares da GNR de sequestrar e injuriar tr\u00eas menores que fugiram da institui\u00e7\u00e3o Centro Jovem Tejo, em Palmela (Set\u00fabal). Os factos ocorreram a 11 de abril e envolvem crimes de sequestro agravado, abuso de poder, inj\u00faria agravada, falsifica\u00e7\u00e3o de documento, den\u00fancia caluniosa e coa\u00e7\u00e3o.<\/p>\n<p>Segundo a acusa\u00e7\u00e3o, os jovens foram encontrados de madrugada na Estrada Municipal 510, em Brejos Carreteiros, Quinta do Anjo. Em vez de serem devolvidos \u00e0 institui\u00e7\u00e3o, dois militares mandaram que os menores encostassem a uma parede, de m\u00e3os na rede, aumentando depois as agress\u00f5es com bofetadas, socos, pontap\u00e9s e bastonadas.<\/p>\n<p>Uma das militares telefonou a um guarda em f\u00e9rias para informar do sucedido; este dirigiu-se ao local, em viatura civil, e ter\u00e1 desferido novas agress\u00f5es com um bast\u00e3o, proferindo insultos graves. Os ofendidos teriam sido arrastados para o interior de uma antiga f\u00e1brica, onde continuaram as agress\u00f5es.<\/p>\n<p>Os restantes guardas teriam imobilizado os outros dois jovens, repetindo os golpes. A acusa\u00e7\u00e3o aponta ainda a exist\u00eancia de amea\u00e7as de viol\u00eancia, incluindo frases como se voltassem a fugir ou denuncias, e a utiliza\u00e7\u00e3o de um taser para for\u00e7ar exerc\u00edcios, com a promessa de choques el\u00e9tricos.<\/p>\n<p>No trajeto entre o posto da GNR de Palmela e a institui\u00e7\u00e3o, o ve\u00edculo ter\u00e1 sido imobilizado para que os menores sa\u00edssem a correr \u00e0 frente do carro, sob amea\u00e7a. Ao chegar ao Centro Jovem Tejo, os militares teriam instru\u00eddo os menores a alegar quedas para justificar as les\u00f5es.<\/p>\n<h3>Situa\u00e7\u00e3o processual e decis\u00f5es<\/h3>\n<p>Ap\u00f3s o inqu\u00e9rito, o juiz de instru\u00e7\u00e3o criminal aplicou a proibi\u00e7\u00e3o de contactos entre os arguidos e as v\u00edtimas, mantendo os quatro em sil\u00eancio. A suspens\u00e3o de fun\u00e7\u00f5es foi considerada desproporcionada pelo tribunal.<\/p>\n<p>O Minist\u00e9rio P\u00fablico recorreu, defendendo o perigo de perturba\u00e7\u00e3o p\u00fablica e a prov\u00e1vel continua\u00e7\u00e3o da atividade criminosa. O MP pediu ainda a suspens\u00e3o de fun\u00e7\u00f5es, face ao impacto social e ao risco para a ordem p\u00fablica.<\/p>\n<p>O Tribunal da Rela\u00e7\u00e3o de \u00c9vora entendeu manter as medidas sem a suspens\u00e3o de fun\u00e7\u00f5es, afirmando que a suspens\u00e3o antecipada n\u00e3o corresponde ao objetivo das medidas coativas. N\u00e3o houve aplica\u00e7\u00e3o de outras medidas de coa\u00e7\u00e3o.<\/p>\n<p>A GNR confirmou a transfer\u00eancia dos arguidos para diferentes postos. O diretor do Centro Jovem Tejo n\u00e3o comentou o caso. O MP dever\u00e1 apresentar nova solicita\u00e7\u00e3o de suspens\u00e3o do exerc\u00edcio de fun\u00e7\u00f5es, face ao alegado perigo de continuidade criminosa e ao alarme social gerado.<\/p>\n","protected":false},"excerpt":{"rendered":"<ul>\n<li>O Minist\u00e9rio P\u00fablico acusou quatro militares da GNR de sequestro agravado, abuso de poder, inj\u00faria agravada, falsifica\u00e7\u00e3o de documento, den\u00fancia caluniosa e coa\u00e7\u00e3o envolvendo tr\u00eas menores que fugiram de uma institui\u00e7\u00e3o em Palmela.<\/li>\n<li>Os factos ocorreram a 11 de abril, quando os jovens foram encontrados na Estrada Municipal 510 e, em vez de serem devolvidos \u00e0 institui\u00e7\u00e3o, foram agredidos com bofetadas, socos, pontap\u00e9s e bastonadas pelos militares.<\/li>\n<li>Durante o incidente, um guarda de f\u00e9rias apareceu, ter\u00e1 desferido mais agress\u00f5es com bast\u00e3o e chamou ofensas insultuosas. Posteriormente, deslocaram-se com os menores a uma antiga f\u00e1brica onde continuaram as agress\u00f5es.<\/li>\n<li>No transporte de Palmela at\u00e9 a institui\u00e7\u00e3o, os militares teriam imobilizado o ve\u00edculo e ordenado aos menores que corrissem \u00e0 frente do carro, com avisos de consequ\u00eancias por cada fuga.<\/li>\n<li>O juiz de instru\u00e7\u00e3o aplicou aos arguidos a proibi\u00e7\u00e3o de contactos com as v\u00edtimas, decis\u00e3o que o MP recorreu, alegando perigo de continua\u00e7\u00e3o da pr\u00e1tica criminosa; o Tribunal da Rela\u00e7\u00e3o de \u00c9vora manteve a medida sem outras coa\u00e7\u00f5es. O MP pretende ainda a suspens\u00e3o de fun\u00e7\u00f5es, dado o potencial risco e o alarme social.<\/li>\n<\/ul>\n","protected":false},"author":2,"featured_media":421926,"comment_status":"closed","ping_status":"closed","sticky":false,"template":"","format":"standard","meta":{"footnotes":""},"categories":[6907,6815],"tags":[470,177,1380,6039,1170,994],"class_list":["post-421919","post","type-post","status-publish","format-standard","has-post-thumbnail","hentry","category-crime","category-justica","tag-abuso-de-autoridade","tag-crimes","tag-gnr","tag-injuria","tag-sequestro","tag-setubal"],"yoast_head":"<!-- This site is optimized with the Yoast SEO plugin v27.2 - https:\/\/yoast.com\/product\/yoast-seo-wordpress\/ -->\n<title>Quatro militares da GNR acusados de sequestrar e injuriar menores que fugiram - Portal Tela Portugal<\/title>\n<meta name=\"robots\" content=\"index, follow, max-snippet:-1, max-image-preview:large, max-video-preview:-1\" \/>\n<meta property=\"og:locale\" content=\"pt_PT\" \/>\n<meta property=\"og:type\" content=\"article\" \/>\n<meta property=\"og:title\" content=\"Quatro militares da GNR acusados de sequestrar e injuriar menores que fugiram - Portal Tela Portugal\" \/>\n<meta property=\"og:description\" content=\"O Minist\u00e9rio P\u00fablico acusou quatro militares da GNR de sequestro agravado, abuso de poder, inj\u00faria agravada, falsifica\u00e7\u00e3o de documento, den\u00fancia caluniosa e coa\u00e7\u00e3o envolvendo tr\u00eas menores que fugiram de uma institui\u00e7\u00e3o em Palmela. Os factos ocorreram a 11 de abril, quando os jovens foram encontrados na Estrada Municipal 510 e, em vez de serem devolvidos \u00e0 institui\u00e7\u00e3o, foram agredidos com bofetadas, socos, pontap\u00e9s e bastonadas pelos militares. Durante o incidente, um guarda de f\u00e9rias apareceu, ter\u00e1 desferido mais agress\u00f5es com bast\u00e3o e chamou ofensas insultuosas. Posteriormente, deslocaram-se com os menores a uma antiga f\u00e1brica onde continuaram as agress\u00f5es. No transporte de Palmela at\u00e9 a institui\u00e7\u00e3o, os militares teriam imobilizado o ve\u00edculo e ordenado aos menores que corrissem \u00e0 frente do carro, com avisos de consequ\u00eancias por cada fuga. O juiz de instru\u00e7\u00e3o aplicou aos arguidos a proibi\u00e7\u00e3o de contactos com as v\u00edtimas, decis\u00e3o que o MP recorreu, alegando perigo de continua\u00e7\u00e3o da pr\u00e1tica criminosa; o Tribunal da Rela\u00e7\u00e3o de \u00c9vora manteve a medida sem outras coa\u00e7\u00f5es. O MP pretende ainda a suspens\u00e3o de fun\u00e7\u00f5es, dado o potencial risco e o alarme social.\" \/>\n<meta property=\"og:url\" content=\"https:\/\/portaltela.pt\/noticias\/2026\/03\/26\/quatro-militares-da-gnr-acusados-de-sequestrar-e-injuriar-menores-que-fugiram\/\" \/>\n<meta property=\"og:site_name\" content=\"Portal Tela Portugal\" \/>\n<meta property=\"article:published_time\" content=\"2026-03-26T09:32:00+00:00\" \/>\n<meta name=\"author\" content=\"Telinha\" \/>\n<meta name=\"twitter:card\" content=\"summary_large_image\" \/>\n<meta name=\"twitter:label1\" content=\"Escrito por\" \/>\n\t<meta name=\"twitter:data1\" content=\"Telinha\" \/>\n\t<meta name=\"twitter:label2\" content=\"Tempo estimado de leitura\" \/>\n\t<meta name=\"twitter:data2\" content=\"2 minutos\" \/>\n<script type=\"application\/ld+json\" class=\"yoast-schema-graph\">{\"@context\":\"https:\/\/schema.org\",\"@graph\":[{\"@type\":\"Article\",\"@id\":\"https:\/\/portaltela.pt\/noticias\/2026\/03\/26\/quatro-militares-da-gnr-acusados-de-sequestrar-e-injuriar-menores-que-fugiram\/#article\",\"isPartOf\":{\"@id\":\"https:\/\/portaltela.pt\/noticias\/2026\/03\/26\/quatro-militares-da-gnr-acusados-de-sequestrar-e-injuriar-menores-que-fugiram\/\"},\"author\":{\"name\":\"Telinha\",\"@id\":\"https:\/\/portaltela.pt\/#\/schema\/person\/c4278d4a6028830caff9ee44b42d32ed\"},\"headline\":\"Quatro militares da GNR acusados de sequestrar e injuriar menores que fugiram\",\"datePublished\":\"2026-03-26T09:32:00+00:00\",\"mainEntityOfPage\":{\"@id\":\"https:\/\/portaltela.pt\/noticias\/2026\/03\/26\/quatro-militares-da-gnr-acusados-de-sequestrar-e-injuriar-menores-que-fugiram\/\"},\"wordCount\":467,\"image\":{\"@id\":\"https:\/\/portaltela.pt\/noticias\/2026\/03\/26\/quatro-militares-da-gnr-acusados-de-sequestrar-e-injuriar-menores-que-fugiram\/#primaryimage\"},\"thumbnailUrl\":\"https:\/\/portaltela.pt\/s.01k8rhncp4jt1\/2026\/03\/346fd161-f046-4197-89b8-481f3ebbe192_1200x675.jpg\",\"keywords\":[\"abuso de autoridade\",\"crimes\",\"GNR\",\"inj\u00faria\",\"sequestro\",\"Set\u00fabal\"],\"articleSection\":[\"Crime\",\"Justi\u00e7a\"],\"inLanguage\":\"pt-PT\"},{\"@type\":\"WebPage\",\"@id\":\"https:\/\/portaltela.pt\/noticias\/2026\/03\/26\/quatro-militares-da-gnr-acusados-de-sequestrar-e-injuriar-menores-que-fugiram\/\",\"url\":\"https:\/\/portaltela.pt\/noticias\/2026\/03\/26\/quatro-militares-da-gnr-acusados-de-sequestrar-e-injuriar-menores-que-fugiram\/\",\"name\":\"Quatro militares da GNR acusados de sequestrar e injuriar menores que fugiram - Portal Tela Portugal\",\"isPartOf\":{\"@id\":\"https:\/\/portaltela.pt\/#website\"},\"primaryImageOfPage\":{\"@id\":\"https:\/\/portaltela.pt\/noticias\/2026\/03\/26\/quatro-militares-da-gnr-acusados-de-sequestrar-e-injuriar-menores-que-fugiram\/#primaryimage\"},\"image\":{\"@id\":\"https:\/\/portaltela.pt\/noticias\/2026\/03\/26\/quatro-militares-da-gnr-acusados-de-sequestrar-e-injuriar-menores-que-fugiram\/#primaryimage\"},\"thumbnailUrl\":\"https:\/\/portaltela.pt\/s.01k8rhncp4jt1\/2026\/03\/346fd161-f046-4197-89b8-481f3ebbe192_1200x675.jpg\",\"datePublished\":\"2026-03-26T09:32:00+00:00\",\"author\":{\"@id\":\"https:\/\/portaltela.pt\/#\/schema\/person\/c4278d4a6028830caff9ee44b42d32ed\"},\"breadcrumb\":{\"@id\":\"https:\/\/portaltela.pt\/noticias\/2026\/03\/26\/quatro-militares-da-gnr-acusados-de-sequestrar-e-injuriar-menores-que-fugiram\/#breadcrumb\"},\"inLanguage\":\"pt-PT\",\"potentialAction\":[{\"@type\":\"ReadAction\",\"target\":[\"https:\/\/portaltela.pt\/noticias\/2026\/03\/26\/quatro-militares-da-gnr-acusados-de-sequestrar-e-injuriar-menores-que-fugiram\/\"]}]},{\"@type\":\"ImageObject\",\"inLanguage\":\"pt-PT\",\"@id\":\"https:\/\/portaltela.pt\/noticias\/2026\/03\/26\/quatro-militares-da-gnr-acusados-de-sequestrar-e-injuriar-menores-que-fugiram\/#primaryimage\",\"url\":\"https:\/\/portaltela.pt\/s.01k8rhncp4jt1\/2026\/03\/346fd161-f046-4197-89b8-481f3ebbe192_1200x675.jpg\",\"contentUrl\":\"https:\/\/portaltela.pt\/s.01k8rhncp4jt1\/2026\/03\/346fd161-f046-4197-89b8-481f3ebbe192_1200x675.jpg\",\"width\":796,\"height\":448,\"caption\":\"Suspeito foi detido pela GNR\"},{\"@type\":\"BreadcrumbList\",\"@id\":\"https:\/\/portaltela.pt\/noticias\/2026\/03\/26\/quatro-militares-da-gnr-acusados-de-sequestrar-e-injuriar-menores-que-fugiram\/#breadcrumb\",\"itemListElement\":[{\"@type\":\"ListItem\",\"position\":1,\"name\":\"In\u00edcio\",\"item\":\"https:\/\/portaltela.pt\/\"},{\"@type\":\"ListItem\",\"position\":2,\"name\":\"Quatro militares da GNR acusados de sequestrar e injuriar menores que fugiram\"}]},{\"@type\":\"WebSite\",\"@id\":\"https:\/\/portaltela.pt\/#website\",\"url\":\"https:\/\/portaltela.pt\/\",\"name\":\"Portal Tela Portugal\",\"description\":\"\",\"potentialAction\":[{\"@type\":\"SearchAction\",\"target\":{\"@type\":\"EntryPoint\",\"urlTemplate\":\"https:\/\/portaltela.pt\/?s={search_term_string}\"},\"query-input\":{\"@type\":\"PropertyValueSpecification\",\"valueRequired\":true,\"valueName\":\"search_term_string\"}}],\"inLanguage\":\"pt-PT\"},{\"@type\":\"Person\",\"@id\":\"https:\/\/portaltela.pt\/#\/schema\/person\/c4278d4a6028830caff9ee44b42d32ed\",\"name\":\"Telinha\",\"image\":{\"@type\":\"ImageObject\",\"inLanguage\":\"pt-PT\",\"@id\":\"https:\/\/portaltela.pt\/s.01k8rhncp4jt1\/2025\/11\/talking-bot-125x125.png\",\"url\":\"https:\/\/portaltela.pt\/s.01k8rhncp4jt1\/2025\/11\/talking-bot-125x125.png\",\"contentUrl\":\"https:\/\/portaltela.pt\/s.01k8rhncp4jt1\/2025\/11\/talking-bot-125x125.png\",\"caption\":\"Telinha\"},\"sameAs\":[\"https:\/\/portaltela.pt\/\"],\"url\":\"https:\/\/portaltela.pt\/por\/367410592786\/\"}]}<\/script>\n<!-- \/ Yoast SEO plugin. -->","yoast_head_json":{"title":"Quatro militares da GNR acusados de sequestrar e injuriar menores que fugiram - Portal Tela Portugal","robots":{"index":"index","follow":"follow","max-snippet":"max-snippet:-1","max-image-preview":"max-image-preview:large","max-video-preview":"max-video-preview:-1"},"og_locale":"pt_PT","og_type":"article","og_title":"Quatro militares da GNR acusados de sequestrar e injuriar menores que fugiram - Portal Tela Portugal","og_description":"O Minist\u00e9rio P\u00fablico acusou quatro militares da GNR de sequestro agravado, abuso de poder, inj\u00faria agravada, falsifica\u00e7\u00e3o de documento, den\u00fancia caluniosa e coa\u00e7\u00e3o envolvendo tr\u00eas menores que fugiram de uma institui\u00e7\u00e3o em Palmela. Os factos ocorreram a 11 de abril, quando os jovens foram encontrados na Estrada Municipal 510 e, em vez de serem devolvidos \u00e0 institui\u00e7\u00e3o, foram agredidos com bofetadas, socos, pontap\u00e9s e bastonadas pelos militares. Durante o incidente, um guarda de f\u00e9rias apareceu, ter\u00e1 desferido mais agress\u00f5es com bast\u00e3o e chamou ofensas insultuosas. Posteriormente, deslocaram-se com os menores a uma antiga f\u00e1brica onde continuaram as agress\u00f5es. No transporte de Palmela at\u00e9 a institui\u00e7\u00e3o, os militares teriam imobilizado o ve\u00edculo e ordenado aos menores que corrissem \u00e0 frente do carro, com avisos de consequ\u00eancias por cada fuga. O juiz de instru\u00e7\u00e3o aplicou aos arguidos a proibi\u00e7\u00e3o de contactos com as v\u00edtimas, decis\u00e3o que o MP recorreu, alegando perigo de continua\u00e7\u00e3o da pr\u00e1tica criminosa; o Tribunal da Rela\u00e7\u00e3o de \u00c9vora manteve a medida sem outras coa\u00e7\u00f5es. O MP pretende ainda a suspens\u00e3o de fun\u00e7\u00f5es, dado o potencial risco e o alarme social.","og_url":"https:\/\/portaltela.pt\/noticias\/2026\/03\/26\/quatro-militares-da-gnr-acusados-de-sequestrar-e-injuriar-menores-que-fugiram\/","og_site_name":"Portal Tela Portugal","article_published_time":"2026-03-26T09:32:00+00:00","author":"Telinha","twitter_card":"summary_large_image","twitter_misc":{"Escrito por":"Telinha","Tempo estimado de leitura":"2 minutos"},"schema":{"@context":"https:\/\/schema.org","@graph":[{"@type":"Article","@id":"https:\/\/portaltela.pt\/noticias\/2026\/03\/26\/quatro-militares-da-gnr-acusados-de-sequestrar-e-injuriar-menores-que-fugiram\/#article","isPartOf":{"@id":"https:\/\/portaltela.pt\/noticias\/2026\/03\/26\/quatro-militares-da-gnr-acusados-de-sequestrar-e-injuriar-menores-que-fugiram\/"},"author":{"name":"Telinha","@id":"https:\/\/portaltela.pt\/#\/schema\/person\/c4278d4a6028830caff9ee44b42d32ed"},"headline":"Quatro militares da GNR acusados de sequestrar e injuriar menores que fugiram","datePublished":"2026-03-26T09:32:00+00:00","mainEntityOfPage":{"@id":"https:\/\/portaltela.pt\/noticias\/2026\/03\/26\/quatro-militares-da-gnr-acusados-de-sequestrar-e-injuriar-menores-que-fugiram\/"},"wordCount":467,"image":{"@id":"https:\/\/portaltela.pt\/noticias\/2026\/03\/26\/quatro-militares-da-gnr-acusados-de-sequestrar-e-injuriar-menores-que-fugiram\/#primaryimage"},"thumbnailUrl":"https:\/\/portaltela.pt\/s.01k8rhncp4jt1\/2026\/03\/346fd161-f046-4197-89b8-481f3ebbe192_1200x675.jpg","keywords":["abuso de autoridade","crimes","GNR","inj\u00faria","sequestro","Set\u00fabal"],"articleSection":["Crime","Justi\u00e7a"],"inLanguage":"pt-PT"},{"@type":"WebPage","@id":"https:\/\/portaltela.pt\/noticias\/2026\/03\/26\/quatro-militares-da-gnr-acusados-de-sequestrar-e-injuriar-menores-que-fugiram\/","url":"https:\/\/portaltela.pt\/noticias\/2026\/03\/26\/quatro-militares-da-gnr-acusados-de-sequestrar-e-injuriar-menores-que-fugiram\/","name":"Quatro militares da GNR acusados de sequestrar e injuriar menores que fugiram - Portal Tela Portugal","isPartOf":{"@id":"https:\/\/portaltela.pt\/#website"},"primaryImageOfPage":{"@id":"https:\/\/portaltela.pt\/noticias\/2026\/03\/26\/quatro-militares-da-gnr-acusados-de-sequestrar-e-injuriar-menores-que-fugiram\/#primaryimage"},"image":{"@id":"https:\/\/portaltela.pt\/noticias\/2026\/03\/26\/quatro-militares-da-gnr-acusados-de-sequestrar-e-injuriar-menores-que-fugiram\/#primaryimage"},"thumbnailUrl":"https:\/\/portaltela.pt\/s.01k8rhncp4jt1\/2026\/03\/346fd161-f046-4197-89b8-481f3ebbe192_1200x675.jpg","datePublished":"2026-03-26T09:32:00+00:00","author":{"@id":"https:\/\/portaltela.pt\/#\/schema\/person\/c4278d4a6028830caff9ee44b42d32ed"},"breadcrumb":{"@id":"https:\/\/portaltela.pt\/noticias\/2026\/03\/26\/quatro-militares-da-gnr-acusados-de-sequestrar-e-injuriar-menores-que-fugiram\/#breadcrumb"},"inLanguage":"pt-PT","potentialAction":[{"@type":"ReadAction","target":["https:\/\/portaltela.pt\/noticias\/2026\/03\/26\/quatro-militares-da-gnr-acusados-de-sequestrar-e-injuriar-menores-que-fugiram\/"]}]},{"@type":"ImageObject","inLanguage":"pt-PT","@id":"https:\/\/portaltela.pt\/noticias\/2026\/03\/26\/quatro-militares-da-gnr-acusados-de-sequestrar-e-injuriar-menores-que-fugiram\/#primaryimage","url":"https:\/\/portaltela.pt\/s.01k8rhncp4jt1\/2026\/03\/346fd161-f046-4197-89b8-481f3ebbe192_1200x675.jpg","contentUrl":"https:\/\/portaltela.pt\/s.01k8rhncp4jt1\/2026\/03\/346fd161-f046-4197-89b8-481f3ebbe192_1200x675.jpg","width":796,"height":448,"caption":"Suspeito foi detido pela GNR"},{"@type":"BreadcrumbList","@id":"https:\/\/portaltela.pt\/noticias\/2026\/03\/26\/quatro-militares-da-gnr-acusados-de-sequestrar-e-injuriar-menores-que-fugiram\/#breadcrumb","itemListElement":[{"@type":"ListItem","position":1,"name":"In\u00edcio","item":"https:\/\/portaltela.pt\/"},{"@type":"ListItem","position":2,"name":"Quatro militares da GNR acusados de sequestrar e injuriar menores que fugiram"}]},{"@type":"WebSite","@id":"https:\/\/portaltela.pt\/#website","url":"https:\/\/portaltela.pt\/","name":"Portal Tela Portugal","description":"","potentialAction":[{"@type":"SearchAction","target":{"@type":"EntryPoint","urlTemplate":"https:\/\/portaltela.pt\/?s={search_term_string}"},"query-input":{"@type":"PropertyValueSpecification","valueRequired":true,"valueName":"search_term_string"}}],"inLanguage":"pt-PT"},{"@type":"Person","@id":"https:\/\/portaltela.pt\/#\/schema\/person\/c4278d4a6028830caff9ee44b42d32ed","name":"Telinha","image":{"@type":"ImageObject","inLanguage":"pt-PT","@id":"https:\/\/portaltela.pt\/s.01k8rhncp4jt1\/2025\/11\/talking-bot-125x125.png","url":"https:\/\/portaltela.pt\/s.01k8rhncp4jt1\/2025\/11\/talking-bot-125x125.png","contentUrl":"https:\/\/portaltela.pt\/s.01k8rhncp4jt1\/2025\/11\/talking-bot-125x125.png","caption":"Telinha"},"sameAs":["https:\/\/portaltela.pt\/"],"url":"https:\/\/portaltela.pt\/por\/367410592786\/"}]}},"_links":{"self":[{"href":"https:\/\/portaltela.pt\/api\/wp\/v2\/posts\/421919","targetHints":{"allow":["GET"]}}],"collection":[{"href":"https:\/\/portaltela.pt\/api\/wp\/v2\/posts"}],"about":[{"href":"https:\/\/portaltela.pt\/api\/wp\/v2\/types\/post"}],"author":[{"embeddable":true,"href":"https:\/\/portaltela.pt\/api\/wp\/v2\/users\/2"}],"replies":[{"embeddable":true,"href":"https:\/\/portaltela.pt\/api\/wp\/v2\/comments?post=421919"}],"version-history":[{"count":0,"href":"https:\/\/portaltela.pt\/api\/wp\/v2\/posts\/421919\/revisions"}],"wp:featuredmedia":[{"embeddable":true,"href":"https:\/\/portaltela.pt\/api\/wp\/v2\/media\/421926"}],"wp:attachment":[{"href":"https:\/\/portaltela.pt\/api\/wp\/v2\/media?parent=421919"}],"wp:term":[{"taxonomy":"category","embeddable":true,"href":"https:\/\/portaltela.pt\/api\/wp\/v2\/categories?post=421919"},{"taxonomy":"post_tag","embeddable":true,"href":"https:\/\/portaltela.pt\/api\/wp\/v2\/tags?post=421919"}],"curies":[{"name":"wp","href":"https:\/\/api.w.org\/{rel}","templated":true}]}}