{"id":421912,"date":"2026-03-26T06:37:55","date_gmt":"2026-03-26T09:37:55","guid":{"rendered":"https:\/\/portaltela.pt\/noticias\/2026\/03\/26\/motassis-opera-com-85-da-capacidade-produtiva-dois-meses-apos-depressao-kristin\/"},"modified":"2026-03-26T06:37:55","modified_gmt":"2026-03-26T09:37:55","slug":"motassis-opera-com-85-da-capacidade-produtiva-dois-meses-apos-depressao-kristin","status":"publish","type":"post","link":"https:\/\/portaltela.pt\/noticias\/2026\/03\/26\/motassis-opera-com-85-da-capacidade-produtiva-dois-meses-apos-depressao-kristin\/","title":{"rendered":"Motassis opera com 85% da capacidade produtiva dois meses ap\u00f3s depress\u00e3o Kristin"},"content":{"rendered":"<p>A Motassis, veste de pl\u00e1stico sediada em Meirinhas, Pombal, recupera cerca de 85% da capacidade produtiva dois meses ap\u00f3s a depress\u00e3o Kristin. A empresa permanece sem comunica\u00e7\u00f5es pela operadora Meo.<\/p>\n<p>No pavilh\u00e3o mais afetado, quatro m\u00e1quinas ficaram danificadas: duas a funcionar e duas paradas. Foi criado um micro pavilh\u00e3o por cima de duas m\u00e1quinas para manter a produ\u00e7\u00e3o, enquanto as outras duas, dedicadas a tubos de rega sazonais, permanecem inativas. A empresa n\u00e3o deixa de colaborar com outros produtores para satisfazer pedidos.<\/p>\n<p>A repara\u00e7\u00e3o do pavilh\u00e3o j\u00e1 est\u00e1 adjudicada a uma firma, mas pode demorar tr\u00eas a cinco meses, dadas as dificuldades de obten\u00e7\u00e3o de materiais. A Motassis trabalha com Starlink para manter as comunica\u00e7\u00f5es e revela que cerca de 30 funcion\u00e1rios continuam ativos.<\/p>\n<h3>Contexto das depress\u00f5es<\/h3>\n<p>A empresa contou com apoio de sal\u00e1rios do Instituto de Emprego e Forma\u00e7\u00e3o Profissional, aprovado rapidamente e pago quase na totalidade. Tamb\u00e9m houve gest\u00e3o de danos junto da seguradora e avalia\u00e7\u00e3o de um empr\u00e9stimo atrav\u00e9s da linha do Banco Portugu\u00eas de Fomento, para ajustar as contas.<\/p>\n<p>Quase 200 pain\u00e9is solares ficaram danificados na estrutura da f\u00e1brica, com os trabalhos de remo\u00e7\u00e3o e reinstala\u00e7\u00e3o ainda por avan\u00e7ar. As autoridades registam impactos nacionais claros desde o in\u00edcio de janeiro, com dezenas de mortos e preju\u00edzos em v\u00e1rias regi\u00f5es, destacando-se Centro, Lisboa e Vale do Tejo e Alentejo.<\/p>\n","protected":false},"excerpt":{"rendered":"<ul>\n<li>A Motassis, em Meirinhas, Pombal, est\u00e1 com cerca de 85% da capacidade produtiva reposta dois meses ap\u00f3s a depress\u00e3o Kristin.<\/li>\n<li>A empresa permanece sem comunica\u00e7\u00f5es da Meo, operando com Starlink (sat\u00e9lite).<\/li>\n<li>No pavilh\u00e3o mais afetado, quatro m\u00e1quinas: duas a trabalhar e duas paradas; foi criado um micro pavilh\u00e3o por cima de duas para permitir funcionamento.<\/li>\n<li>A cobertura caiu sobre quatro m\u00e1quinas; repara\u00e7\u00e3o j\u00e1 foi adjudicada, mas pode demorar tr\u00eas a cinco meses devido \u00e0 elevada procura de materiais; as duas m\u00e1quinas restantes destinavam-se \u00e0 produ\u00e7\u00e3o de tubo de rega, sazonal.<\/li>\n<li>O preju\u00edzo foi de cerca de um milh\u00e3o de euros; a empresa tem 30 funcion\u00e1rios, recebeu apoio de cerca de 75% para sal\u00e1rios pelo Instituto de Emprego e Forma\u00e7\u00e3o Profissional, e j\u00e1 resortu a um empr\u00e9stimo com o Banco Portugu\u00eas de Fomento.<\/li>\n<\/ul>\n","protected":false},"author":2,"featured_media":421918,"comment_status":"closed","ping_status":"closed","sticky":false,"template":"","format":"standard","meta":{"footnotes":""},"categories":[6735,1],"tags":[5215,1309,2607,3603,2075,5010],"class_list":["post-421912","post","type-post","status-publish","format-standard","has-post-thumbnail","hentry","category-negocios","category-noticias","tag-catastrofes-naturais","tag-centro","tag-comunicacao","tag-energias-renovaveis","tag-pombal","tag-starlink"],"yoast_head":"<!-- This site is optimized with the Yoast SEO plugin v27.2 - https:\/\/yoast.com\/product\/yoast-seo-wordpress\/ -->\n<title>Motassis opera com 85% da capacidade produtiva dois meses ap\u00f3s depress\u00e3o Kristin - Portal Tela Portugal<\/title>\n<meta name=\"robots\" content=\"index, follow, max-snippet:-1, max-image-preview:large, max-video-preview:-1\" \/>\n<meta property=\"og:locale\" content=\"pt_PT\" \/>\n<meta property=\"og:type\" content=\"article\" \/>\n<meta property=\"og:title\" content=\"Motassis opera com 85% da capacidade produtiva dois meses ap\u00f3s depress\u00e3o Kristin - Portal Tela Portugal\" \/>\n<meta property=\"og:description\" content=\"A Motassis, em Meirinhas, Pombal, est\u00e1 com cerca de 85% da capacidade produtiva reposta dois meses ap\u00f3s a depress\u00e3o Kristin. A empresa permanece sem comunica\u00e7\u00f5es da Meo, operando com Starlink (sat\u00e9lite). No pavilh\u00e3o mais afetado, quatro m\u00e1quinas: duas a trabalhar e duas paradas; foi criado um micro pavilh\u00e3o por cima de duas para permitir funcionamento. A cobertura caiu sobre quatro m\u00e1quinas; repara\u00e7\u00e3o j\u00e1 foi adjudicada, mas pode demorar tr\u00eas a cinco meses devido \u00e0 elevada procura de materiais; as duas m\u00e1quinas restantes destinavam-se \u00e0 produ\u00e7\u00e3o de tubo de rega, sazonal. O preju\u00edzo foi de cerca de um milh\u00e3o de euros; a empresa tem 30 funcion\u00e1rios, recebeu apoio de cerca de 75% para sal\u00e1rios pelo Instituto de Emprego e Forma\u00e7\u00e3o Profissional, e j\u00e1 resortu a um empr\u00e9stimo com o Banco Portugu\u00eas de Fomento.\" \/>\n<meta property=\"og:url\" content=\"https:\/\/portaltela.pt\/noticias\/2026\/03\/26\/motassis-opera-com-85-da-capacidade-produtiva-dois-meses-apos-depressao-kristin\/\" \/>\n<meta property=\"og:site_name\" content=\"Portal Tela Portugal\" \/>\n<meta property=\"article:published_time\" content=\"2026-03-26T09:37:55+00:00\" \/>\n<meta name=\"author\" content=\"Telinha\" \/>\n<meta name=\"twitter:card\" content=\"summary_large_image\" \/>\n<meta name=\"twitter:label1\" content=\"Escrito por\" \/>\n\t<meta name=\"twitter:data1\" content=\"Telinha\" \/>\n\t<meta name=\"twitter:label2\" content=\"Tempo estimado de leitura\" \/>\n\t<meta name=\"twitter:data2\" content=\"1 minuto\" \/>\n<script type=\"application\/ld+json\" class=\"yoast-schema-graph\">{\"@context\":\"https:\/\/schema.org\",\"@graph\":[{\"@type\":\"Article\",\"@id\":\"https:\/\/portaltela.pt\/noticias\/2026\/03\/26\/motassis-opera-com-85-da-capacidade-produtiva-dois-meses-apos-depressao-kristin\/#article\",\"isPartOf\":{\"@id\":\"https:\/\/portaltela.pt\/noticias\/2026\/03\/26\/motassis-opera-com-85-da-capacidade-produtiva-dois-meses-apos-depressao-kristin\/\"},\"author\":{\"name\":\"Telinha\",\"@id\":\"https:\/\/portaltela.pt\/#\/schema\/person\/c4278d4a6028830caff9ee44b42d32ed\"},\"headline\":\"Motassis opera com 85% da capacidade produtiva dois meses ap\u00f3s depress\u00e3o Kristin\",\"datePublished\":\"2026-03-26T09:37:55+00:00\",\"mainEntityOfPage\":{\"@id\":\"https:\/\/portaltela.pt\/noticias\/2026\/03\/26\/motassis-opera-com-85-da-capacidade-produtiva-dois-meses-apos-depressao-kristin\/\"},\"wordCount\":266,\"image\":{\"@id\":\"https:\/\/portaltela.pt\/noticias\/2026\/03\/26\/motassis-opera-com-85-da-capacidade-produtiva-dois-meses-apos-depressao-kristin\/#primaryimage\"},\"thumbnailUrl\":\"https:\/\/portaltela.pt\/s.01k8rhncp4jt1\/2026\/03\/img_1500x1000uu2026-03-25-21-36-24-2274856-im-639100714787240645.jpg\",\"keywords\":[\"cat\u00e1strofes naturais\",\"Centro\",\"comunica\u00e7\u00e3o\",\"energias renov\u00e1veis\",\"Pombal\",\"Starlink\"],\"articleSection\":[\"Neg\u00f3cios\",\"Not\u00edcias\"],\"inLanguage\":\"pt-PT\"},{\"@type\":\"WebPage\",\"@id\":\"https:\/\/portaltela.pt\/noticias\/2026\/03\/26\/motassis-opera-com-85-da-capacidade-produtiva-dois-meses-apos-depressao-kristin\/\",\"url\":\"https:\/\/portaltela.pt\/noticias\/2026\/03\/26\/motassis-opera-com-85-da-capacidade-produtiva-dois-meses-apos-depressao-kristin\/\",\"name\":\"Motassis opera com 85% da capacidade produtiva dois meses ap\u00f3s depress\u00e3o Kristin - Portal Tela Portugal\",\"isPartOf\":{\"@id\":\"https:\/\/portaltela.pt\/#website\"},\"primaryImageOfPage\":{\"@id\":\"https:\/\/portaltela.pt\/noticias\/2026\/03\/26\/motassis-opera-com-85-da-capacidade-produtiva-dois-meses-apos-depressao-kristin\/#primaryimage\"},\"image\":{\"@id\":\"https:\/\/portaltela.pt\/noticias\/2026\/03\/26\/motassis-opera-com-85-da-capacidade-produtiva-dois-meses-apos-depressao-kristin\/#primaryimage\"},\"thumbnailUrl\":\"https:\/\/portaltela.pt\/s.01k8rhncp4jt1\/2026\/03\/img_1500x1000uu2026-03-25-21-36-24-2274856-im-639100714787240645.jpg\",\"datePublished\":\"2026-03-26T09:37:55+00:00\",\"author\":{\"@id\":\"https:\/\/portaltela.pt\/#\/schema\/person\/c4278d4a6028830caff9ee44b42d32ed\"},\"breadcrumb\":{\"@id\":\"https:\/\/portaltela.pt\/noticias\/2026\/03\/26\/motassis-opera-com-85-da-capacidade-produtiva-dois-meses-apos-depressao-kristin\/#breadcrumb\"},\"inLanguage\":\"pt-PT\",\"potentialAction\":[{\"@type\":\"ReadAction\",\"target\":[\"https:\/\/portaltela.pt\/noticias\/2026\/03\/26\/motassis-opera-com-85-da-capacidade-produtiva-dois-meses-apos-depressao-kristin\/\"]}]},{\"@type\":\"ImageObject\",\"inLanguage\":\"pt-PT\",\"@id\":\"https:\/\/portaltela.pt\/noticias\/2026\/03\/26\/motassis-opera-com-85-da-capacidade-produtiva-dois-meses-apos-depressao-kristin\/#primaryimage\",\"url\":\"https:\/\/portaltela.pt\/s.01k8rhncp4jt1\/2026\/03\/img_1500x1000uu2026-03-25-21-36-24-2274856-im-639100714787240645.jpg\",\"contentUrl\":\"https:\/\/portaltela.pt\/s.01k8rhncp4jt1\/2026\/03\/img_1500x1000uu2026-03-25-21-36-24-2274856-im-639100714787240645.jpg\",\"width\":796,\"height\":448,\"caption\":\"Empresa Motassis com 85% da capacidade produtiva dois meses ap\u00f3s depress\u00e3o Kristin\"},{\"@type\":\"BreadcrumbList\",\"@id\":\"https:\/\/portaltela.pt\/noticias\/2026\/03\/26\/motassis-opera-com-85-da-capacidade-produtiva-dois-meses-apos-depressao-kristin\/#breadcrumb\",\"itemListElement\":[{\"@type\":\"ListItem\",\"position\":1,\"name\":\"In\u00edcio\",\"item\":\"https:\/\/portaltela.pt\/\"},{\"@type\":\"ListItem\",\"position\":2,\"name\":\"Motassis opera com 85% da capacidade produtiva dois meses ap\u00f3s depress\u00e3o Kristin\"}]},{\"@type\":\"WebSite\",\"@id\":\"https:\/\/portaltela.pt\/#website\",\"url\":\"https:\/\/portaltela.pt\/\",\"name\":\"Portal Tela Portugal\",\"description\":\"\",\"potentialAction\":[{\"@type\":\"SearchAction\",\"target\":{\"@type\":\"EntryPoint\",\"urlTemplate\":\"https:\/\/portaltela.pt\/?s={search_term_string}\"},\"query-input\":{\"@type\":\"PropertyValueSpecification\",\"valueRequired\":true,\"valueName\":\"search_term_string\"}}],\"inLanguage\":\"pt-PT\"},{\"@type\":\"Person\",\"@id\":\"https:\/\/portaltela.pt\/#\/schema\/person\/c4278d4a6028830caff9ee44b42d32ed\",\"name\":\"Telinha\",\"image\":{\"@type\":\"ImageObject\",\"inLanguage\":\"pt-PT\",\"@id\":\"https:\/\/portaltela.pt\/s.01k8rhncp4jt1\/2025\/11\/talking-bot-125x125.png\",\"url\":\"https:\/\/portaltela.pt\/s.01k8rhncp4jt1\/2025\/11\/talking-bot-125x125.png\",\"contentUrl\":\"https:\/\/portaltela.pt\/s.01k8rhncp4jt1\/2025\/11\/talking-bot-125x125.png\",\"caption\":\"Telinha\"},\"sameAs\":[\"https:\/\/portaltela.pt\/\"],\"url\":\"https:\/\/portaltela.pt\/por\/367410592786\/\"}]}<\/script>\n<!-- \/ Yoast SEO plugin. -->","yoast_head_json":{"title":"Motassis opera com 85% da capacidade produtiva dois meses ap\u00f3s depress\u00e3o Kristin - Portal Tela Portugal","robots":{"index":"index","follow":"follow","max-snippet":"max-snippet:-1","max-image-preview":"max-image-preview:large","max-video-preview":"max-video-preview:-1"},"og_locale":"pt_PT","og_type":"article","og_title":"Motassis opera com 85% da capacidade produtiva dois meses ap\u00f3s depress\u00e3o Kristin - Portal Tela Portugal","og_description":"A Motassis, em Meirinhas, Pombal, est\u00e1 com cerca de 85% da capacidade produtiva reposta dois meses ap\u00f3s a depress\u00e3o Kristin. A empresa permanece sem comunica\u00e7\u00f5es da Meo, operando com Starlink (sat\u00e9lite). No pavilh\u00e3o mais afetado, quatro m\u00e1quinas: duas a trabalhar e duas paradas; foi criado um micro pavilh\u00e3o por cima de duas para permitir funcionamento. A cobertura caiu sobre quatro m\u00e1quinas; repara\u00e7\u00e3o j\u00e1 foi adjudicada, mas pode demorar tr\u00eas a cinco meses devido \u00e0 elevada procura de materiais; as duas m\u00e1quinas restantes destinavam-se \u00e0 produ\u00e7\u00e3o de tubo de rega, sazonal. O preju\u00edzo foi de cerca de um milh\u00e3o de euros; a empresa tem 30 funcion\u00e1rios, recebeu apoio de cerca de 75% para sal\u00e1rios pelo Instituto de Emprego e Forma\u00e7\u00e3o Profissional, e j\u00e1 resortu a um empr\u00e9stimo com o Banco Portugu\u00eas de Fomento.","og_url":"https:\/\/portaltela.pt\/noticias\/2026\/03\/26\/motassis-opera-com-85-da-capacidade-produtiva-dois-meses-apos-depressao-kristin\/","og_site_name":"Portal Tela Portugal","article_published_time":"2026-03-26T09:37:55+00:00","author":"Telinha","twitter_card":"summary_large_image","twitter_misc":{"Escrito por":"Telinha","Tempo estimado de leitura":"1 minuto"},"schema":{"@context":"https:\/\/schema.org","@graph":[{"@type":"Article","@id":"https:\/\/portaltela.pt\/noticias\/2026\/03\/26\/motassis-opera-com-85-da-capacidade-produtiva-dois-meses-apos-depressao-kristin\/#article","isPartOf":{"@id":"https:\/\/portaltela.pt\/noticias\/2026\/03\/26\/motassis-opera-com-85-da-capacidade-produtiva-dois-meses-apos-depressao-kristin\/"},"author":{"name":"Telinha","@id":"https:\/\/portaltela.pt\/#\/schema\/person\/c4278d4a6028830caff9ee44b42d32ed"},"headline":"Motassis opera com 85% da capacidade produtiva dois meses ap\u00f3s depress\u00e3o Kristin","datePublished":"2026-03-26T09:37:55+00:00","mainEntityOfPage":{"@id":"https:\/\/portaltela.pt\/noticias\/2026\/03\/26\/motassis-opera-com-85-da-capacidade-produtiva-dois-meses-apos-depressao-kristin\/"},"wordCount":266,"image":{"@id":"https:\/\/portaltela.pt\/noticias\/2026\/03\/26\/motassis-opera-com-85-da-capacidade-produtiva-dois-meses-apos-depressao-kristin\/#primaryimage"},"thumbnailUrl":"https:\/\/portaltela.pt\/s.01k8rhncp4jt1\/2026\/03\/img_1500x1000uu2026-03-25-21-36-24-2274856-im-639100714787240645.jpg","keywords":["cat\u00e1strofes naturais","Centro","comunica\u00e7\u00e3o","energias renov\u00e1veis","Pombal","Starlink"],"articleSection":["Neg\u00f3cios","Not\u00edcias"],"inLanguage":"pt-PT"},{"@type":"WebPage","@id":"https:\/\/portaltela.pt\/noticias\/2026\/03\/26\/motassis-opera-com-85-da-capacidade-produtiva-dois-meses-apos-depressao-kristin\/","url":"https:\/\/portaltela.pt\/noticias\/2026\/03\/26\/motassis-opera-com-85-da-capacidade-produtiva-dois-meses-apos-depressao-kristin\/","name":"Motassis opera com 85% da capacidade produtiva dois meses ap\u00f3s depress\u00e3o Kristin - Portal Tela Portugal","isPartOf":{"@id":"https:\/\/portaltela.pt\/#website"},"primaryImageOfPage":{"@id":"https:\/\/portaltela.pt\/noticias\/2026\/03\/26\/motassis-opera-com-85-da-capacidade-produtiva-dois-meses-apos-depressao-kristin\/#primaryimage"},"image":{"@id":"https:\/\/portaltela.pt\/noticias\/2026\/03\/26\/motassis-opera-com-85-da-capacidade-produtiva-dois-meses-apos-depressao-kristin\/#primaryimage"},"thumbnailUrl":"https:\/\/portaltela.pt\/s.01k8rhncp4jt1\/2026\/03\/img_1500x1000uu2026-03-25-21-36-24-2274856-im-639100714787240645.jpg","datePublished":"2026-03-26T09:37:55+00:00","author":{"@id":"https:\/\/portaltela.pt\/#\/schema\/person\/c4278d4a6028830caff9ee44b42d32ed"},"breadcrumb":{"@id":"https:\/\/portaltela.pt\/noticias\/2026\/03\/26\/motassis-opera-com-85-da-capacidade-produtiva-dois-meses-apos-depressao-kristin\/#breadcrumb"},"inLanguage":"pt-PT","potentialAction":[{"@type":"ReadAction","target":["https:\/\/portaltela.pt\/noticias\/2026\/03\/26\/motassis-opera-com-85-da-capacidade-produtiva-dois-meses-apos-depressao-kristin\/"]}]},{"@type":"ImageObject","inLanguage":"pt-PT","@id":"https:\/\/portaltela.pt\/noticias\/2026\/03\/26\/motassis-opera-com-85-da-capacidade-produtiva-dois-meses-apos-depressao-kristin\/#primaryimage","url":"https:\/\/portaltela.pt\/s.01k8rhncp4jt1\/2026\/03\/img_1500x1000uu2026-03-25-21-36-24-2274856-im-639100714787240645.jpg","contentUrl":"https:\/\/portaltela.pt\/s.01k8rhncp4jt1\/2026\/03\/img_1500x1000uu2026-03-25-21-36-24-2274856-im-639100714787240645.jpg","width":796,"height":448,"caption":"Empresa Motassis com 85% da capacidade produtiva dois meses ap\u00f3s depress\u00e3o Kristin"},{"@type":"BreadcrumbList","@id":"https:\/\/portaltela.pt\/noticias\/2026\/03\/26\/motassis-opera-com-85-da-capacidade-produtiva-dois-meses-apos-depressao-kristin\/#breadcrumb","itemListElement":[{"@type":"ListItem","position":1,"name":"In\u00edcio","item":"https:\/\/portaltela.pt\/"},{"@type":"ListItem","position":2,"name":"Motassis opera com 85% da capacidade produtiva dois meses ap\u00f3s depress\u00e3o Kristin"}]},{"@type":"WebSite","@id":"https:\/\/portaltela.pt\/#website","url":"https:\/\/portaltela.pt\/","name":"Portal Tela Portugal","description":"","potentialAction":[{"@type":"SearchAction","target":{"@type":"EntryPoint","urlTemplate":"https:\/\/portaltela.pt\/?s={search_term_string}"},"query-input":{"@type":"PropertyValueSpecification","valueRequired":true,"valueName":"search_term_string"}}],"inLanguage":"pt-PT"},{"@type":"Person","@id":"https:\/\/portaltela.pt\/#\/schema\/person\/c4278d4a6028830caff9ee44b42d32ed","name":"Telinha","image":{"@type":"ImageObject","inLanguage":"pt-PT","@id":"https:\/\/portaltela.pt\/s.01k8rhncp4jt1\/2025\/11\/talking-bot-125x125.png","url":"https:\/\/portaltela.pt\/s.01k8rhncp4jt1\/2025\/11\/talking-bot-125x125.png","contentUrl":"https:\/\/portaltela.pt\/s.01k8rhncp4jt1\/2025\/11\/talking-bot-125x125.png","caption":"Telinha"},"sameAs":["https:\/\/portaltela.pt\/"],"url":"https:\/\/portaltela.pt\/por\/367410592786\/"}]}},"_links":{"self":[{"href":"https:\/\/portaltela.pt\/api\/wp\/v2\/posts\/421912","targetHints":{"allow":["GET"]}}],"collection":[{"href":"https:\/\/portaltela.pt\/api\/wp\/v2\/posts"}],"about":[{"href":"https:\/\/portaltela.pt\/api\/wp\/v2\/types\/post"}],"author":[{"embeddable":true,"href":"https:\/\/portaltela.pt\/api\/wp\/v2\/users\/2"}],"replies":[{"embeddable":true,"href":"https:\/\/portaltela.pt\/api\/wp\/v2\/comments?post=421912"}],"version-history":[{"count":0,"href":"https:\/\/portaltela.pt\/api\/wp\/v2\/posts\/421912\/revisions"}],"wp:featuredmedia":[{"embeddable":true,"href":"https:\/\/portaltela.pt\/api\/wp\/v2\/media\/421918"}],"wp:attachment":[{"href":"https:\/\/portaltela.pt\/api\/wp\/v2\/media?parent=421912"}],"wp:term":[{"taxonomy":"category","embeddable":true,"href":"https:\/\/portaltela.pt\/api\/wp\/v2\/categories?post=421912"},{"taxonomy":"post_tag","embeddable":true,"href":"https:\/\/portaltela.pt\/api\/wp\/v2\/tags?post=421912"}],"curies":[{"name":"wp","href":"https:\/\/api.w.org\/{rel}","templated":true}]}}