{"id":421911,"date":"2026-03-26T06:30:00","date_gmt":"2026-03-26T09:30:00","guid":{"rendered":"https:\/\/portaltela.pt\/noticias\/2026\/03\/26\/estacionamento-pago-nas-praias-de-sintra-e-contestado-por-oposicao-e-moradores\/"},"modified":"2026-03-26T06:30:00","modified_gmt":"2026-03-26T09:30:00","slug":"estacionamento-pago-nas-praias-de-sintra-e-contestado-por-oposicao-e-moradores","status":"publish","type":"post","link":"https:\/\/portaltela.pt\/noticias\/politica\/2026\/03\/26\/estacionamento-pago-nas-praias-de-sintra-e-contestado-por-oposicao-e-moradores\/","title":{"rendered":"Estacionamento pago nas praias de Sintra \u00e9 contestado por oposi\u00e7\u00e3o e moradores"},"content":{"rendered":"<p>O munic\u00edpio de Sintra aprovou a expans\u00e3o do estacionamento tarifado \u00e0s praias e a cria\u00e7\u00e3o de zonas de dura\u00e7\u00e3o limitada em v\u00e1rias freguesias. A medida, que inclui o pagamento de tarifas em espa\u00e7os de estacionamento entre junho e setembro nas praias Grande e Praia das Ma\u00e7\u00e3s, gerou contesta\u00e7\u00e3o entre a oposi\u00e7\u00e3o e moradores.<\/p>\n<p>A autarquia justifica a regula\u00e7\u00e3o pelo aumento estrutural do estacionamento nas zonas urbanas com press\u00e3o tur\u00edstica e balnear. A EMES, empresa municipal, ficar\u00e1 respons\u00e1vel por orientar a sele\u00e7\u00e3o e ativa\u00e7\u00e3o de subzonas com crit\u00e9rios t\u00e9cnicos e administrativos. Al\u00e9m disso, foram aprovados aumentos de tarifas a entrar em vigor a partir de abril, com valores diferentes conforme a \u00e1rea.<\/p>\n<h3>Rea\u00e7\u00f5es e contesta\u00e7\u00f5es<\/h3>\n<p>A oposi\u00e7\u00e3o, liderada pelo PS, votou contra a proposta, enquanto o PSD, a Iniciativa Liberal e o Chega apoiaram a medida. Os representantes do PS criticam a identifica\u00e7\u00e3o de freguesias inteiras como zonas de dura\u00e7\u00e3o limitada e apontam a falta de ausculta\u00e7\u00e3o com presidentes de juntas.<\/p>\n<p>Duas peti\u00e7\u00f5es p\u00fablicas contestam as altera\u00e7\u00f5es. Uma, criada por Jo\u00e3o Figueiredo, defende a suspens\u00e3o imediata do estacionamento pago nas praias, alegando receio de restri\u00e7\u00e3o ao acesso \u00e0 costa. A outra, assinada por Matilde Gaspar, preocupa-se com a aplica\u00e7\u00e3o de parqu\u00edmetros em zonas suburbanas residenciais, defendendo que a medida penaliza residentes e n\u00e3o resolve problemas estruturais.<\/p>\n","protected":false},"excerpt":{"rendered":"<ul>\n<li>A C\u00e2mara Municipal de Sintra aprovou o alargamento do estacionamento tarifado \u00e0s praias Grande e das Ma\u00e7\u00e3s e criou zonas de dura\u00e7\u00e3o limitada em v\u00e1rias freguesias, com implementa\u00e7\u00e3o entre junho e setembro.<\/li>\n<li>A Empresa Municipal de Estacionamento de Sintra (EMES) ficar\u00e1 respons\u00e1vel por gerir subzonas e bolseas, com o objetivo de regular o estacionamento em \u00e1reas urbanas de maior press\u00e3o tur\u00edstica e balnear; os tarif\u00e1rios tamb\u00e9m v\u00e3o aumentar a partir de abril, com valores at\u00e9 14 euros di\u00e1rios na vila.<\/li>\n<li>As propostas foram aprovadas pela maioria do executivo, composto por PSD, Iniciativa Liberal e Chega, enquanto o PS votou contra; o P\u00daBLICO pediu esclarecimentos \u00e0 autarquia, que assegura haver \u201cnovidades positivas para os sintrenses\u201d nesta \u00e1rea.<\/li>\n<li>Existem duas peti\u00e7\u00f5es p\u00fablicas a contestar as medidas: uma contra o estacionamento pago nas praias e outra contra parqu\u00edmetros em zonas suburbanas residenciais.<\/li>\n<li>O vereador do PS critica a identifica\u00e7\u00e3o de freguesias inteiras como zonas de estacionamento de dura\u00e7\u00e3o limitada e acusa falta de ausculta\u00e7\u00e3o, alegando que os presidentes de junta n\u00e3o foram ouvidos.<\/li>\n<\/ul>\n","protected":false},"author":2,"featured_media":421917,"comment_status":"closed","ping_status":"closed","sticky":false,"template":"","format":"standard","meta":{"footnotes":""},"categories":[5,6871],"tags":[3424,5334,3263,133,1110,169],"class_list":["post-421911","post","type-post","status-publish","format-standard","has-post-thumbnail","hentry","category-politica","category-sociedade","tag-freguesias","tag-gestao-publica","tag-mobilidade-urbana","tag-politicas-publicas","tag-sintra","tag-turismo"],"yoast_head":"<!-- This site is optimized with the Yoast SEO plugin v27.2 - https:\/\/yoast.com\/product\/yoast-seo-wordpress\/ -->\n<title>Estacionamento pago nas praias de Sintra \u00e9 contestado por oposi\u00e7\u00e3o e moradores - Portal Tela Portugal<\/title>\n<meta name=\"robots\" content=\"index, follow, max-snippet:-1, max-image-preview:large, max-video-preview:-1\" \/>\n<meta property=\"og:locale\" content=\"pt_PT\" \/>\n<meta property=\"og:type\" content=\"article\" \/>\n<meta property=\"og:title\" content=\"Estacionamento pago nas praias de Sintra \u00e9 contestado por oposi\u00e7\u00e3o e moradores - Portal Tela Portugal\" \/>\n<meta property=\"og:description\" content=\"A C\u00e2mara Municipal de Sintra aprovou o alargamento do estacionamento tarifado \u00e0s praias Grande e das Ma\u00e7\u00e3s e criou zonas de dura\u00e7\u00e3o limitada em v\u00e1rias freguesias, com implementa\u00e7\u00e3o entre junho e setembro. A Empresa Municipal de Estacionamento de Sintra (EMES) ficar\u00e1 respons\u00e1vel por gerir subzonas e bolseas, com o objetivo de regular o estacionamento em \u00e1reas urbanas de maior press\u00e3o tur\u00edstica e balnear; os tarif\u00e1rios tamb\u00e9m v\u00e3o aumentar a partir de abril, com valores at\u00e9 14 euros di\u00e1rios na vila. As propostas foram aprovadas pela maioria do executivo, composto por PSD, Iniciativa Liberal e Chega, enquanto o PS votou contra; o P\u00daBLICO pediu esclarecimentos \u00e0 autarquia, que assegura haver \u201cnovidades positivas para os sintrenses\u201d nesta \u00e1rea. Existem duas peti\u00e7\u00f5es p\u00fablicas a contestar as medidas: uma contra o estacionamento pago nas praias e outra contra parqu\u00edmetros em zonas suburbanas residenciais. O vereador do PS critica a identifica\u00e7\u00e3o de freguesias inteiras como zonas de estacionamento de dura\u00e7\u00e3o limitada e acusa falta de ausculta\u00e7\u00e3o, alegando que os presidentes de junta n\u00e3o foram ouvidos.\" \/>\n<meta property=\"og:url\" content=\"https:\/\/portaltela.pt\/noticias\/2026\/03\/26\/estacionamento-pago-nas-praias-de-sintra-e-contestado-por-oposicao-e-moradores\/\" \/>\n<meta property=\"og:site_name\" content=\"Portal Tela Portugal\" \/>\n<meta property=\"article:published_time\" content=\"2026-03-26T09:30:00+00:00\" \/>\n<meta name=\"author\" content=\"Telinha\" \/>\n<meta name=\"twitter:card\" content=\"summary_large_image\" \/>\n<meta name=\"twitter:label1\" content=\"Escrito por\" \/>\n\t<meta name=\"twitter:data1\" content=\"Telinha\" \/>\n\t<meta name=\"twitter:label2\" content=\"Tempo estimado de leitura\" \/>\n\t<meta name=\"twitter:data2\" content=\"1 minuto\" \/>\n<script type=\"application\/ld+json\" class=\"yoast-schema-graph\">{\"@context\":\"https:\/\/schema.org\",\"@graph\":[{\"@type\":\"Article\",\"@id\":\"https:\/\/portaltela.pt\/noticias\/2026\/03\/26\/estacionamento-pago-nas-praias-de-sintra-e-contestado-por-oposicao-e-moradores\/#article\",\"isPartOf\":{\"@id\":\"https:\/\/portaltela.pt\/noticias\/2026\/03\/26\/estacionamento-pago-nas-praias-de-sintra-e-contestado-por-oposicao-e-moradores\/\"},\"author\":{\"name\":\"Telinha\",\"@id\":\"https:\/\/portaltela.pt\/#\/schema\/person\/c4278d4a6028830caff9ee44b42d32ed\"},\"headline\":\"Estacionamento pago nas praias de Sintra \u00e9 contestado por oposi\u00e7\u00e3o e moradores\",\"datePublished\":\"2026-03-26T09:30:00+00:00\",\"mainEntityOfPage\":{\"@id\":\"https:\/\/portaltela.pt\/noticias\/2026\/03\/26\/estacionamento-pago-nas-praias-de-sintra-e-contestado-por-oposicao-e-moradores\/\"},\"wordCount\":259,\"image\":{\"@id\":\"https:\/\/portaltela.pt\/noticias\/2026\/03\/26\/estacionamento-pago-nas-praias-de-sintra-e-contestado-por-oposicao-e-moradores\/#primaryimage\"},\"thumbnailUrl\":\"https:\/\/portaltela.pt\/s.01k8rhncp4jt1\/2026\/03\/2076879.jpg\",\"keywords\":[\"freguesias\",\"gest\u00e3o p\u00fablica\",\"mobilidade urbana\",\"pol\u00edticas p\u00fablicas\",\"Sintra\",\"turismo\"],\"articleSection\":[\"Pol\u00edtica\",\"Sociedade\"],\"inLanguage\":\"pt-PT\"},{\"@type\":\"WebPage\",\"@id\":\"https:\/\/portaltela.pt\/noticias\/2026\/03\/26\/estacionamento-pago-nas-praias-de-sintra-e-contestado-por-oposicao-e-moradores\/\",\"url\":\"https:\/\/portaltela.pt\/noticias\/2026\/03\/26\/estacionamento-pago-nas-praias-de-sintra-e-contestado-por-oposicao-e-moradores\/\",\"name\":\"Estacionamento pago nas praias de Sintra \u00e9 contestado por oposi\u00e7\u00e3o e moradores - Portal Tela Portugal\",\"isPartOf\":{\"@id\":\"https:\/\/portaltela.pt\/#website\"},\"primaryImageOfPage\":{\"@id\":\"https:\/\/portaltela.pt\/noticias\/2026\/03\/26\/estacionamento-pago-nas-praias-de-sintra-e-contestado-por-oposicao-e-moradores\/#primaryimage\"},\"image\":{\"@id\":\"https:\/\/portaltela.pt\/noticias\/2026\/03\/26\/estacionamento-pago-nas-praias-de-sintra-e-contestado-por-oposicao-e-moradores\/#primaryimage\"},\"thumbnailUrl\":\"https:\/\/portaltela.pt\/s.01k8rhncp4jt1\/2026\/03\/2076879.jpg\",\"datePublished\":\"2026-03-26T09:30:00+00:00\",\"author\":{\"@id\":\"https:\/\/portaltela.pt\/#\/schema\/person\/c4278d4a6028830caff9ee44b42d32ed\"},\"breadcrumb\":{\"@id\":\"https:\/\/portaltela.pt\/noticias\/2026\/03\/26\/estacionamento-pago-nas-praias-de-sintra-e-contestado-por-oposicao-e-moradores\/#breadcrumb\"},\"inLanguage\":\"pt-PT\",\"potentialAction\":[{\"@type\":\"ReadAction\",\"target\":[\"https:\/\/portaltela.pt\/noticias\/2026\/03\/26\/estacionamento-pago-nas-praias-de-sintra-e-contestado-por-oposicao-e-moradores\/\"]}]},{\"@type\":\"ImageObject\",\"inLanguage\":\"pt-PT\",\"@id\":\"https:\/\/portaltela.pt\/noticias\/2026\/03\/26\/estacionamento-pago-nas-praias-de-sintra-e-contestado-por-oposicao-e-moradores\/#primaryimage\",\"url\":\"https:\/\/portaltela.pt\/s.01k8rhncp4jt1\/2026\/03\/2076879.jpg\",\"contentUrl\":\"https:\/\/portaltela.pt\/s.01k8rhncp4jt1\/2026\/03\/2076879.jpg\",\"width\":796,\"height\":448,\"caption\":\"A praia das Ma\u00e7\u00e3s \u00e9 um dos s\u00edtios inclu\u00eddos no alargamento do estacionamento pago\"},{\"@type\":\"BreadcrumbList\",\"@id\":\"https:\/\/portaltela.pt\/noticias\/2026\/03\/26\/estacionamento-pago-nas-praias-de-sintra-e-contestado-por-oposicao-e-moradores\/#breadcrumb\",\"itemListElement\":[{\"@type\":\"ListItem\",\"position\":1,\"name\":\"In\u00edcio\",\"item\":\"https:\/\/portaltela.pt\/\"},{\"@type\":\"ListItem\",\"position\":2,\"name\":\"Estacionamento pago nas praias de Sintra \u00e9 contestado por oposi\u00e7\u00e3o e moradores\"}]},{\"@type\":\"WebSite\",\"@id\":\"https:\/\/portaltela.pt\/#website\",\"url\":\"https:\/\/portaltela.pt\/\",\"name\":\"Portal Tela Portugal\",\"description\":\"\",\"potentialAction\":[{\"@type\":\"SearchAction\",\"target\":{\"@type\":\"EntryPoint\",\"urlTemplate\":\"https:\/\/portaltela.pt\/?s={search_term_string}\"},\"query-input\":{\"@type\":\"PropertyValueSpecification\",\"valueRequired\":true,\"valueName\":\"search_term_string\"}}],\"inLanguage\":\"pt-PT\"},{\"@type\":\"Person\",\"@id\":\"https:\/\/portaltela.pt\/#\/schema\/person\/c4278d4a6028830caff9ee44b42d32ed\",\"name\":\"Telinha\",\"image\":{\"@type\":\"ImageObject\",\"inLanguage\":\"pt-PT\",\"@id\":\"https:\/\/portaltela.pt\/s.01k8rhncp4jt1\/2025\/11\/talking-bot-125x125.png\",\"url\":\"https:\/\/portaltela.pt\/s.01k8rhncp4jt1\/2025\/11\/talking-bot-125x125.png\",\"contentUrl\":\"https:\/\/portaltela.pt\/s.01k8rhncp4jt1\/2025\/11\/talking-bot-125x125.png\",\"caption\":\"Telinha\"},\"sameAs\":[\"https:\/\/portaltela.pt\/\"],\"url\":\"https:\/\/portaltela.pt\/por\/367410592786\/\"}]}<\/script>\n<!-- \/ Yoast SEO plugin. -->","yoast_head_json":{"title":"Estacionamento pago nas praias de Sintra \u00e9 contestado por oposi\u00e7\u00e3o e moradores - Portal Tela Portugal","robots":{"index":"index","follow":"follow","max-snippet":"max-snippet:-1","max-image-preview":"max-image-preview:large","max-video-preview":"max-video-preview:-1"},"og_locale":"pt_PT","og_type":"article","og_title":"Estacionamento pago nas praias de Sintra \u00e9 contestado por oposi\u00e7\u00e3o e moradores - Portal Tela Portugal","og_description":"A C\u00e2mara Municipal de Sintra aprovou o alargamento do estacionamento tarifado \u00e0s praias Grande e das Ma\u00e7\u00e3s e criou zonas de dura\u00e7\u00e3o limitada em v\u00e1rias freguesias, com implementa\u00e7\u00e3o entre junho e setembro. A Empresa Municipal de Estacionamento de Sintra (EMES) ficar\u00e1 respons\u00e1vel por gerir subzonas e bolseas, com o objetivo de regular o estacionamento em \u00e1reas urbanas de maior press\u00e3o tur\u00edstica e balnear; os tarif\u00e1rios tamb\u00e9m v\u00e3o aumentar a partir de abril, com valores at\u00e9 14 euros di\u00e1rios na vila. As propostas foram aprovadas pela maioria do executivo, composto por PSD, Iniciativa Liberal e Chega, enquanto o PS votou contra; o P\u00daBLICO pediu esclarecimentos \u00e0 autarquia, que assegura haver \u201cnovidades positivas para os sintrenses\u201d nesta \u00e1rea. Existem duas peti\u00e7\u00f5es p\u00fablicas a contestar as medidas: uma contra o estacionamento pago nas praias e outra contra parqu\u00edmetros em zonas suburbanas residenciais. O vereador do PS critica a identifica\u00e7\u00e3o de freguesias inteiras como zonas de estacionamento de dura\u00e7\u00e3o limitada e acusa falta de ausculta\u00e7\u00e3o, alegando que os presidentes de junta n\u00e3o foram ouvidos.","og_url":"https:\/\/portaltela.pt\/noticias\/2026\/03\/26\/estacionamento-pago-nas-praias-de-sintra-e-contestado-por-oposicao-e-moradores\/","og_site_name":"Portal Tela Portugal","article_published_time":"2026-03-26T09:30:00+00:00","author":"Telinha","twitter_card":"summary_large_image","twitter_misc":{"Escrito por":"Telinha","Tempo estimado de leitura":"1 minuto"},"schema":{"@context":"https:\/\/schema.org","@graph":[{"@type":"Article","@id":"https:\/\/portaltela.pt\/noticias\/2026\/03\/26\/estacionamento-pago-nas-praias-de-sintra-e-contestado-por-oposicao-e-moradores\/#article","isPartOf":{"@id":"https:\/\/portaltela.pt\/noticias\/2026\/03\/26\/estacionamento-pago-nas-praias-de-sintra-e-contestado-por-oposicao-e-moradores\/"},"author":{"name":"Telinha","@id":"https:\/\/portaltela.pt\/#\/schema\/person\/c4278d4a6028830caff9ee44b42d32ed"},"headline":"Estacionamento pago nas praias de Sintra \u00e9 contestado por oposi\u00e7\u00e3o e moradores","datePublished":"2026-03-26T09:30:00+00:00","mainEntityOfPage":{"@id":"https:\/\/portaltela.pt\/noticias\/2026\/03\/26\/estacionamento-pago-nas-praias-de-sintra-e-contestado-por-oposicao-e-moradores\/"},"wordCount":259,"image":{"@id":"https:\/\/portaltela.pt\/noticias\/2026\/03\/26\/estacionamento-pago-nas-praias-de-sintra-e-contestado-por-oposicao-e-moradores\/#primaryimage"},"thumbnailUrl":"https:\/\/portaltela.pt\/s.01k8rhncp4jt1\/2026\/03\/2076879.jpg","keywords":["freguesias","gest\u00e3o p\u00fablica","mobilidade urbana","pol\u00edticas p\u00fablicas","Sintra","turismo"],"articleSection":["Pol\u00edtica","Sociedade"],"inLanguage":"pt-PT"},{"@type":"WebPage","@id":"https:\/\/portaltela.pt\/noticias\/2026\/03\/26\/estacionamento-pago-nas-praias-de-sintra-e-contestado-por-oposicao-e-moradores\/","url":"https:\/\/portaltela.pt\/noticias\/2026\/03\/26\/estacionamento-pago-nas-praias-de-sintra-e-contestado-por-oposicao-e-moradores\/","name":"Estacionamento pago nas praias de Sintra \u00e9 contestado por oposi\u00e7\u00e3o e moradores - Portal Tela Portugal","isPartOf":{"@id":"https:\/\/portaltela.pt\/#website"},"primaryImageOfPage":{"@id":"https:\/\/portaltela.pt\/noticias\/2026\/03\/26\/estacionamento-pago-nas-praias-de-sintra-e-contestado-por-oposicao-e-moradores\/#primaryimage"},"image":{"@id":"https:\/\/portaltela.pt\/noticias\/2026\/03\/26\/estacionamento-pago-nas-praias-de-sintra-e-contestado-por-oposicao-e-moradores\/#primaryimage"},"thumbnailUrl":"https:\/\/portaltela.pt\/s.01k8rhncp4jt1\/2026\/03\/2076879.jpg","datePublished":"2026-03-26T09:30:00+00:00","author":{"@id":"https:\/\/portaltela.pt\/#\/schema\/person\/c4278d4a6028830caff9ee44b42d32ed"},"breadcrumb":{"@id":"https:\/\/portaltela.pt\/noticias\/2026\/03\/26\/estacionamento-pago-nas-praias-de-sintra-e-contestado-por-oposicao-e-moradores\/#breadcrumb"},"inLanguage":"pt-PT","potentialAction":[{"@type":"ReadAction","target":["https:\/\/portaltela.pt\/noticias\/2026\/03\/26\/estacionamento-pago-nas-praias-de-sintra-e-contestado-por-oposicao-e-moradores\/"]}]},{"@type":"ImageObject","inLanguage":"pt-PT","@id":"https:\/\/portaltela.pt\/noticias\/2026\/03\/26\/estacionamento-pago-nas-praias-de-sintra-e-contestado-por-oposicao-e-moradores\/#primaryimage","url":"https:\/\/portaltela.pt\/s.01k8rhncp4jt1\/2026\/03\/2076879.jpg","contentUrl":"https:\/\/portaltela.pt\/s.01k8rhncp4jt1\/2026\/03\/2076879.jpg","width":796,"height":448,"caption":"A praia das Ma\u00e7\u00e3s \u00e9 um dos s\u00edtios inclu\u00eddos no alargamento do estacionamento pago"},{"@type":"BreadcrumbList","@id":"https:\/\/portaltela.pt\/noticias\/2026\/03\/26\/estacionamento-pago-nas-praias-de-sintra-e-contestado-por-oposicao-e-moradores\/#breadcrumb","itemListElement":[{"@type":"ListItem","position":1,"name":"In\u00edcio","item":"https:\/\/portaltela.pt\/"},{"@type":"ListItem","position":2,"name":"Estacionamento pago nas praias de Sintra \u00e9 contestado por oposi\u00e7\u00e3o e moradores"}]},{"@type":"WebSite","@id":"https:\/\/portaltela.pt\/#website","url":"https:\/\/portaltela.pt\/","name":"Portal Tela Portugal","description":"","potentialAction":[{"@type":"SearchAction","target":{"@type":"EntryPoint","urlTemplate":"https:\/\/portaltela.pt\/?s={search_term_string}"},"query-input":{"@type":"PropertyValueSpecification","valueRequired":true,"valueName":"search_term_string"}}],"inLanguage":"pt-PT"},{"@type":"Person","@id":"https:\/\/portaltela.pt\/#\/schema\/person\/c4278d4a6028830caff9ee44b42d32ed","name":"Telinha","image":{"@type":"ImageObject","inLanguage":"pt-PT","@id":"https:\/\/portaltela.pt\/s.01k8rhncp4jt1\/2025\/11\/talking-bot-125x125.png","url":"https:\/\/portaltela.pt\/s.01k8rhncp4jt1\/2025\/11\/talking-bot-125x125.png","contentUrl":"https:\/\/portaltela.pt\/s.01k8rhncp4jt1\/2025\/11\/talking-bot-125x125.png","caption":"Telinha"},"sameAs":["https:\/\/portaltela.pt\/"],"url":"https:\/\/portaltela.pt\/por\/367410592786\/"}]}},"_links":{"self":[{"href":"https:\/\/portaltela.pt\/api\/wp\/v2\/posts\/421911","targetHints":{"allow":["GET"]}}],"collection":[{"href":"https:\/\/portaltela.pt\/api\/wp\/v2\/posts"}],"about":[{"href":"https:\/\/portaltela.pt\/api\/wp\/v2\/types\/post"}],"author":[{"embeddable":true,"href":"https:\/\/portaltela.pt\/api\/wp\/v2\/users\/2"}],"replies":[{"embeddable":true,"href":"https:\/\/portaltela.pt\/api\/wp\/v2\/comments?post=421911"}],"version-history":[{"count":0,"href":"https:\/\/portaltela.pt\/api\/wp\/v2\/posts\/421911\/revisions"}],"wp:featuredmedia":[{"embeddable":true,"href":"https:\/\/portaltela.pt\/api\/wp\/v2\/media\/421917"}],"wp:attachment":[{"href":"https:\/\/portaltela.pt\/api\/wp\/v2\/media?parent=421911"}],"wp:term":[{"taxonomy":"category","embeddable":true,"href":"https:\/\/portaltela.pt\/api\/wp\/v2\/categories?post=421911"},{"taxonomy":"post_tag","embeddable":true,"href":"https:\/\/portaltela.pt\/api\/wp\/v2\/tags?post=421911"}],"curies":[{"name":"wp","href":"https:\/\/api.w.org\/{rel}","templated":true}]}}