{"id":421907,"date":"2026-03-26T06:37:00","date_gmt":"2026-03-26T09:37:00","guid":{"rendered":"https:\/\/portaltela.pt\/noticias\/2026\/03\/26\/carvalho-lituano-de-400-anos-e-arvore-europeia-do-ano\/"},"modified":"2026-03-26T06:37:00","modified_gmt":"2026-03-26T09:37:00","slug":"carvalho-lituano-de-400-anos-e-arvore-europeia-do-ano","status":"publish","type":"post","link":"https:\/\/portaltela.pt\/meio-ambiente\/2026\/03\/26\/carvalho-lituano-de-400-anos-e-arvore-europeia-do-ano\/","title":{"rendered":"Carvalho lituano de 400 anos \u00e9 \u00c1rvore Europeia do Ano"},"content":{"rendered":"<p>O Carvalho de Laukiai, um carvalho de 400 anos, venceu a 15.\u00aa edi\u00e7\u00e3o do concurso \u00c1rvore Europeia do Ano. A \u00e1rvore da aldeia de Rukai, no centro da Litu\u00e2nia, superou as concorrentes para conquistar o t\u00edtulo em 2026. A vit\u00f3ria surge ap\u00f3s a restaura\u00e7\u00e3o da \u00e1rea em torno da \u00e1rvore pela comunidade local, que organizou uma festa em sua honra no \u00faltimo ano.<\/p>\n<p>O concurso distinguiu o carvalho pela sua idade e pela proje\u00e7\u00e3o ambiental e cultural que representa para a regi\u00e3o de Kaunas. O Carvalho de Laukiai tornou-se s\u00edmbolo local depois de a comunidade revitalizar o espa\u00e7o junto \u00e0 \u00e1rvore, fortalecendo a liga\u00e7\u00e3o entre residentes e visitantes.<\/p>\n<p>A novidade nesta edi\u00e7\u00e3o foi o sistema de pontos Tree, adotado pela primeira vez, em detrimento do voto direto. Entre as alturas da vota\u00e7\u00e3o, o site registrou cerca de 1,5 milh\u00f5es de visitas e mais de 200 mil votantes \u00fanicos.<\/p>\n<p>A segunda posi\u00e7\u00e3o coube \u00e0 Velha Macieira Selvagem, de Diel, Eslov\u00e1quia, com mais de 150 anos, enquanto a terceira posi\u00e7\u00e3o ficou com a \u00c1rvore Tortuosa da Pol\u00f3nia, numa ilha junto ao castelo dos Szyd\u0142owiecki e Radziwi\u0142\u0142.<\/p>\n<p>O Parlamento Europeu acolheu a cerim\u00f3nia de entrega dos pr\u00e9mios nesta semana, em Bruxelas, num evento que contou com o apoio institucional do Minist\u00e9rio do Ambiente da Rep\u00fablica Checa, do Fundo Estatal para o Ambiente da Rep\u00fablica Checa e do Fundo de Dota\u00e7\u00e3o \u0160koda Auto. A organiza\u00e7\u00e3o do concurso destacou o papel das \u00e1rvores antigas como s\u00edmbolos de identidade local e liga\u00e7\u00e3o \u00e0 natureza.<\/p>\n","protected":false},"excerpt":{"rendered":"<ul>\n<li>O Carvalho de Laukiai, de Rukai, na Litu\u00e2nia, tem 400 anos e venceu a 15.\u00aa edi\u00e7\u00e3o do concurso \u00c1rvore Europeia do Ano de 2026.<\/li>\n<li>Pela primeira vez, a competi\u00e7\u00e3o premiou \u00e1rvores com pontos \u201cTree\u201d em vez de votos, ap\u00f3s a recente restaura\u00e7\u00e3o da \u00e1rea junto \u00e0 \u00e1rvore.<\/li>\n<li>Durante o per\u00edodo de vota\u00e7\u00e3o, o site oficial registou cerca de 1,5 milh\u00f5es de visitas, com mais de 200 mil votantes \u00fanicos.<\/li>\n<li>Em segundo ficou a Velha Macieira Selvagem, da Eslov\u00e1quia, e em terceiro a \u00c1rvore Tortuosa, da Pol\u00f3nia.<\/li>\n<li>A cerim\u00f3nia de entrega decorreu no Parlamento Europeu, em Bruxelas, com parceiros como o Minist\u00e9rio do Ambiente da Rep\u00fablica Checa e o Fundo \u0160koda Auto.<\/li>\n<\/ul>\n","protected":false},"author":2,"featured_media":421910,"comment_status":"closed","ping_status":"closed","sticky":false,"template":"","format":"standard","meta":{"footnotes":""},"categories":[6725],"tags":[167,4880,2487,3630,45,1175],"class_list":["post-421907","post","type-post","status-publish","format-standard","has-post-thumbnail","hentry","category-meio-ambiente","tag-ambiente","tag-conservacao-ambiental","tag-europa","tag-lituania","tag-meio-ambiente","tag-patrimonio-cultural"],"yoast_head":"<!-- This site is optimized with the Yoast SEO plugin v27.2 - https:\/\/yoast.com\/product\/yoast-seo-wordpress\/ -->\n<title>Carvalho lituano de 400 anos \u00e9 \u00c1rvore Europeia do Ano - Portal Tela Portugal<\/title>\n<meta name=\"robots\" content=\"index, follow, max-snippet:-1, max-image-preview:large, max-video-preview:-1\" \/>\n<meta property=\"og:locale\" content=\"pt_PT\" \/>\n<meta property=\"og:type\" content=\"article\" \/>\n<meta property=\"og:title\" content=\"Carvalho lituano de 400 anos \u00e9 \u00c1rvore Europeia do Ano - Portal Tela Portugal\" \/>\n<meta property=\"og:description\" content=\"O Carvalho de Laukiai, de Rukai, na Litu\u00e2nia, tem 400 anos e venceu a 15.\u00aa edi\u00e7\u00e3o do concurso \u00c1rvore Europeia do Ano de 2026. Pela primeira vez, a competi\u00e7\u00e3o premiou \u00e1rvores com pontos \u201cTree\u201d em vez de votos, ap\u00f3s a recente restaura\u00e7\u00e3o da \u00e1rea junto \u00e0 \u00e1rvore. Durante o per\u00edodo de vota\u00e7\u00e3o, o site oficial registou cerca de 1,5 milh\u00f5es de visitas, com mais de 200 mil votantes \u00fanicos. Em segundo ficou a Velha Macieira Selvagem, da Eslov\u00e1quia, e em terceiro a \u00c1rvore Tortuosa, da Pol\u00f3nia. A cerim\u00f3nia de entrega decorreu no Parlamento Europeu, em Bruxelas, com parceiros como o Minist\u00e9rio do Ambiente da Rep\u00fablica Checa e o Fundo \u0160koda Auto.\" \/>\n<meta property=\"og:url\" content=\"https:\/\/portaltela.pt\/noticias\/2026\/03\/26\/carvalho-lituano-de-400-anos-e-arvore-europeia-do-ano\/\" \/>\n<meta property=\"og:site_name\" content=\"Portal Tela Portugal\" \/>\n<meta property=\"article:published_time\" content=\"2026-03-26T09:37:00+00:00\" \/>\n<meta name=\"author\" content=\"Telinha\" \/>\n<meta name=\"twitter:card\" content=\"summary_large_image\" \/>\n<meta name=\"twitter:label1\" content=\"Escrito por\" \/>\n\t<meta name=\"twitter:data1\" content=\"Telinha\" \/>\n\t<meta name=\"twitter:label2\" content=\"Tempo estimado de leitura\" \/>\n\t<meta name=\"twitter:data2\" content=\"1 minuto\" \/>\n<script type=\"application\/ld+json\" class=\"yoast-schema-graph\">{\"@context\":\"https:\/\/schema.org\",\"@graph\":[{\"@type\":\"Article\",\"@id\":\"https:\/\/portaltela.pt\/noticias\/2026\/03\/26\/carvalho-lituano-de-400-anos-e-arvore-europeia-do-ano\/#article\",\"isPartOf\":{\"@id\":\"https:\/\/portaltela.pt\/noticias\/2026\/03\/26\/carvalho-lituano-de-400-anos-e-arvore-europeia-do-ano\/\"},\"author\":{\"name\":\"Telinha\",\"@id\":\"https:\/\/portaltela.pt\/#\/schema\/person\/c4278d4a6028830caff9ee44b42d32ed\"},\"headline\":\"Carvalho lituano de 400 anos \u00e9 \u00c1rvore Europeia do Ano\",\"datePublished\":\"2026-03-26T09:37:00+00:00\",\"mainEntityOfPage\":{\"@id\":\"https:\/\/portaltela.pt\/noticias\/2026\/03\/26\/carvalho-lituano-de-400-anos-e-arvore-europeia-do-ano\/\"},\"wordCount\":275,\"image\":{\"@id\":\"https:\/\/portaltela.pt\/noticias\/2026\/03\/26\/carvalho-lituano-de-400-anos-e-arvore-europeia-do-ano\/#primaryimage\"},\"thumbnailUrl\":\"https:\/\/portaltela.pt\/s.01k8rhncp4jt1\/2026\/03\/2076974.jpg\",\"keywords\":[\"ambiente\",\"conserva\u00e7\u00e3o ambiental\",\"Europa\",\"Litu\u00e2nia\",\"meio-ambiente\",\"Patrim\u00f3nio Cultural\"],\"articleSection\":[\"Meio Ambiente\"],\"inLanguage\":\"pt-PT\"},{\"@type\":\"WebPage\",\"@id\":\"https:\/\/portaltela.pt\/noticias\/2026\/03\/26\/carvalho-lituano-de-400-anos-e-arvore-europeia-do-ano\/\",\"url\":\"https:\/\/portaltela.pt\/noticias\/2026\/03\/26\/carvalho-lituano-de-400-anos-e-arvore-europeia-do-ano\/\",\"name\":\"Carvalho lituano de 400 anos \u00e9 \u00c1rvore Europeia do Ano - Portal Tela Portugal\",\"isPartOf\":{\"@id\":\"https:\/\/portaltela.pt\/#website\"},\"primaryImageOfPage\":{\"@id\":\"https:\/\/portaltela.pt\/noticias\/2026\/03\/26\/carvalho-lituano-de-400-anos-e-arvore-europeia-do-ano\/#primaryimage\"},\"image\":{\"@id\":\"https:\/\/portaltela.pt\/noticias\/2026\/03\/26\/carvalho-lituano-de-400-anos-e-arvore-europeia-do-ano\/#primaryimage\"},\"thumbnailUrl\":\"https:\/\/portaltela.pt\/s.01k8rhncp4jt1\/2026\/03\/2076974.jpg\",\"datePublished\":\"2026-03-26T09:37:00+00:00\",\"author\":{\"@id\":\"https:\/\/portaltela.pt\/#\/schema\/person\/c4278d4a6028830caff9ee44b42d32ed\"},\"breadcrumb\":{\"@id\":\"https:\/\/portaltela.pt\/noticias\/2026\/03\/26\/carvalho-lituano-de-400-anos-e-arvore-europeia-do-ano\/#breadcrumb\"},\"inLanguage\":\"pt-PT\",\"potentialAction\":[{\"@type\":\"ReadAction\",\"target\":[\"https:\/\/portaltela.pt\/noticias\/2026\/03\/26\/carvalho-lituano-de-400-anos-e-arvore-europeia-do-ano\/\"]}]},{\"@type\":\"ImageObject\",\"inLanguage\":\"pt-PT\",\"@id\":\"https:\/\/portaltela.pt\/noticias\/2026\/03\/26\/carvalho-lituano-de-400-anos-e-arvore-europeia-do-ano\/#primaryimage\",\"url\":\"https:\/\/portaltela.pt\/s.01k8rhncp4jt1\/2026\/03\/2076974.jpg\",\"contentUrl\":\"https:\/\/portaltela.pt\/s.01k8rhncp4jt1\/2026\/03\/2076974.jpg\",\"width\":796,\"height\":448,\"caption\":\"O Carvalho de Laukiai situa-se no centro da Litu\u00e2nia\"},{\"@type\":\"BreadcrumbList\",\"@id\":\"https:\/\/portaltela.pt\/noticias\/2026\/03\/26\/carvalho-lituano-de-400-anos-e-arvore-europeia-do-ano\/#breadcrumb\",\"itemListElement\":[{\"@type\":\"ListItem\",\"position\":1,\"name\":\"In\u00edcio\",\"item\":\"https:\/\/portaltela.pt\/\"},{\"@type\":\"ListItem\",\"position\":2,\"name\":\"Carvalho lituano de 400 anos \u00e9 \u00c1rvore Europeia do Ano\"}]},{\"@type\":\"WebSite\",\"@id\":\"https:\/\/portaltela.pt\/#website\",\"url\":\"https:\/\/portaltela.pt\/\",\"name\":\"Portal Tela Portugal\",\"description\":\"\",\"potentialAction\":[{\"@type\":\"SearchAction\",\"target\":{\"@type\":\"EntryPoint\",\"urlTemplate\":\"https:\/\/portaltela.pt\/?s={search_term_string}\"},\"query-input\":{\"@type\":\"PropertyValueSpecification\",\"valueRequired\":true,\"valueName\":\"search_term_string\"}}],\"inLanguage\":\"pt-PT\"},{\"@type\":\"Person\",\"@id\":\"https:\/\/portaltela.pt\/#\/schema\/person\/c4278d4a6028830caff9ee44b42d32ed\",\"name\":\"Telinha\",\"image\":{\"@type\":\"ImageObject\",\"inLanguage\":\"pt-PT\",\"@id\":\"https:\/\/portaltela.pt\/s.01k8rhncp4jt1\/2025\/11\/talking-bot-125x125.png\",\"url\":\"https:\/\/portaltela.pt\/s.01k8rhncp4jt1\/2025\/11\/talking-bot-125x125.png\",\"contentUrl\":\"https:\/\/portaltela.pt\/s.01k8rhncp4jt1\/2025\/11\/talking-bot-125x125.png\",\"caption\":\"Telinha\"},\"sameAs\":[\"https:\/\/portaltela.pt\/\"],\"url\":\"https:\/\/portaltela.pt\/por\/367410592786\/\"}]}<\/script>\n<!-- \/ Yoast SEO plugin. -->","yoast_head_json":{"title":"Carvalho lituano de 400 anos \u00e9 \u00c1rvore Europeia do Ano - Portal Tela Portugal","robots":{"index":"index","follow":"follow","max-snippet":"max-snippet:-1","max-image-preview":"max-image-preview:large","max-video-preview":"max-video-preview:-1"},"og_locale":"pt_PT","og_type":"article","og_title":"Carvalho lituano de 400 anos \u00e9 \u00c1rvore Europeia do Ano - Portal Tela Portugal","og_description":"O Carvalho de Laukiai, de Rukai, na Litu\u00e2nia, tem 400 anos e venceu a 15.\u00aa edi\u00e7\u00e3o do concurso \u00c1rvore Europeia do Ano de 2026. Pela primeira vez, a competi\u00e7\u00e3o premiou \u00e1rvores com pontos \u201cTree\u201d em vez de votos, ap\u00f3s a recente restaura\u00e7\u00e3o da \u00e1rea junto \u00e0 \u00e1rvore. Durante o per\u00edodo de vota\u00e7\u00e3o, o site oficial registou cerca de 1,5 milh\u00f5es de visitas, com mais de 200 mil votantes \u00fanicos. Em segundo ficou a Velha Macieira Selvagem, da Eslov\u00e1quia, e em terceiro a \u00c1rvore Tortuosa, da Pol\u00f3nia. A cerim\u00f3nia de entrega decorreu no Parlamento Europeu, em Bruxelas, com parceiros como o Minist\u00e9rio do Ambiente da Rep\u00fablica Checa e o Fundo \u0160koda Auto.","og_url":"https:\/\/portaltela.pt\/noticias\/2026\/03\/26\/carvalho-lituano-de-400-anos-e-arvore-europeia-do-ano\/","og_site_name":"Portal Tela Portugal","article_published_time":"2026-03-26T09:37:00+00:00","author":"Telinha","twitter_card":"summary_large_image","twitter_misc":{"Escrito por":"Telinha","Tempo estimado de leitura":"1 minuto"},"schema":{"@context":"https:\/\/schema.org","@graph":[{"@type":"Article","@id":"https:\/\/portaltela.pt\/noticias\/2026\/03\/26\/carvalho-lituano-de-400-anos-e-arvore-europeia-do-ano\/#article","isPartOf":{"@id":"https:\/\/portaltela.pt\/noticias\/2026\/03\/26\/carvalho-lituano-de-400-anos-e-arvore-europeia-do-ano\/"},"author":{"name":"Telinha","@id":"https:\/\/portaltela.pt\/#\/schema\/person\/c4278d4a6028830caff9ee44b42d32ed"},"headline":"Carvalho lituano de 400 anos \u00e9 \u00c1rvore Europeia do Ano","datePublished":"2026-03-26T09:37:00+00:00","mainEntityOfPage":{"@id":"https:\/\/portaltela.pt\/noticias\/2026\/03\/26\/carvalho-lituano-de-400-anos-e-arvore-europeia-do-ano\/"},"wordCount":275,"image":{"@id":"https:\/\/portaltela.pt\/noticias\/2026\/03\/26\/carvalho-lituano-de-400-anos-e-arvore-europeia-do-ano\/#primaryimage"},"thumbnailUrl":"https:\/\/portaltela.pt\/s.01k8rhncp4jt1\/2026\/03\/2076974.jpg","keywords":["ambiente","conserva\u00e7\u00e3o ambiental","Europa","Litu\u00e2nia","meio-ambiente","Patrim\u00f3nio Cultural"],"articleSection":["Meio Ambiente"],"inLanguage":"pt-PT"},{"@type":"WebPage","@id":"https:\/\/portaltela.pt\/noticias\/2026\/03\/26\/carvalho-lituano-de-400-anos-e-arvore-europeia-do-ano\/","url":"https:\/\/portaltela.pt\/noticias\/2026\/03\/26\/carvalho-lituano-de-400-anos-e-arvore-europeia-do-ano\/","name":"Carvalho lituano de 400 anos \u00e9 \u00c1rvore Europeia do Ano - Portal Tela Portugal","isPartOf":{"@id":"https:\/\/portaltela.pt\/#website"},"primaryImageOfPage":{"@id":"https:\/\/portaltela.pt\/noticias\/2026\/03\/26\/carvalho-lituano-de-400-anos-e-arvore-europeia-do-ano\/#primaryimage"},"image":{"@id":"https:\/\/portaltela.pt\/noticias\/2026\/03\/26\/carvalho-lituano-de-400-anos-e-arvore-europeia-do-ano\/#primaryimage"},"thumbnailUrl":"https:\/\/portaltela.pt\/s.01k8rhncp4jt1\/2026\/03\/2076974.jpg","datePublished":"2026-03-26T09:37:00+00:00","author":{"@id":"https:\/\/portaltela.pt\/#\/schema\/person\/c4278d4a6028830caff9ee44b42d32ed"},"breadcrumb":{"@id":"https:\/\/portaltela.pt\/noticias\/2026\/03\/26\/carvalho-lituano-de-400-anos-e-arvore-europeia-do-ano\/#breadcrumb"},"inLanguage":"pt-PT","potentialAction":[{"@type":"ReadAction","target":["https:\/\/portaltela.pt\/noticias\/2026\/03\/26\/carvalho-lituano-de-400-anos-e-arvore-europeia-do-ano\/"]}]},{"@type":"ImageObject","inLanguage":"pt-PT","@id":"https:\/\/portaltela.pt\/noticias\/2026\/03\/26\/carvalho-lituano-de-400-anos-e-arvore-europeia-do-ano\/#primaryimage","url":"https:\/\/portaltela.pt\/s.01k8rhncp4jt1\/2026\/03\/2076974.jpg","contentUrl":"https:\/\/portaltela.pt\/s.01k8rhncp4jt1\/2026\/03\/2076974.jpg","width":796,"height":448,"caption":"O Carvalho de Laukiai situa-se no centro da Litu\u00e2nia"},{"@type":"BreadcrumbList","@id":"https:\/\/portaltela.pt\/noticias\/2026\/03\/26\/carvalho-lituano-de-400-anos-e-arvore-europeia-do-ano\/#breadcrumb","itemListElement":[{"@type":"ListItem","position":1,"name":"In\u00edcio","item":"https:\/\/portaltela.pt\/"},{"@type":"ListItem","position":2,"name":"Carvalho lituano de 400 anos \u00e9 \u00c1rvore Europeia do Ano"}]},{"@type":"WebSite","@id":"https:\/\/portaltela.pt\/#website","url":"https:\/\/portaltela.pt\/","name":"Portal Tela Portugal","description":"","potentialAction":[{"@type":"SearchAction","target":{"@type":"EntryPoint","urlTemplate":"https:\/\/portaltela.pt\/?s={search_term_string}"},"query-input":{"@type":"PropertyValueSpecification","valueRequired":true,"valueName":"search_term_string"}}],"inLanguage":"pt-PT"},{"@type":"Person","@id":"https:\/\/portaltela.pt\/#\/schema\/person\/c4278d4a6028830caff9ee44b42d32ed","name":"Telinha","image":{"@type":"ImageObject","inLanguage":"pt-PT","@id":"https:\/\/portaltela.pt\/s.01k8rhncp4jt1\/2025\/11\/talking-bot-125x125.png","url":"https:\/\/portaltela.pt\/s.01k8rhncp4jt1\/2025\/11\/talking-bot-125x125.png","contentUrl":"https:\/\/portaltela.pt\/s.01k8rhncp4jt1\/2025\/11\/talking-bot-125x125.png","caption":"Telinha"},"sameAs":["https:\/\/portaltela.pt\/"],"url":"https:\/\/portaltela.pt\/por\/367410592786\/"}]}},"_links":{"self":[{"href":"https:\/\/portaltela.pt\/api\/wp\/v2\/posts\/421907","targetHints":{"allow":["GET"]}}],"collection":[{"href":"https:\/\/portaltela.pt\/api\/wp\/v2\/posts"}],"about":[{"href":"https:\/\/portaltela.pt\/api\/wp\/v2\/types\/post"}],"author":[{"embeddable":true,"href":"https:\/\/portaltela.pt\/api\/wp\/v2\/users\/2"}],"replies":[{"embeddable":true,"href":"https:\/\/portaltela.pt\/api\/wp\/v2\/comments?post=421907"}],"version-history":[{"count":0,"href":"https:\/\/portaltela.pt\/api\/wp\/v2\/posts\/421907\/revisions"}],"wp:featuredmedia":[{"embeddable":true,"href":"https:\/\/portaltela.pt\/api\/wp\/v2\/media\/421910"}],"wp:attachment":[{"href":"https:\/\/portaltela.pt\/api\/wp\/v2\/media?parent=421907"}],"wp:term":[{"taxonomy":"category","embeddable":true,"href":"https:\/\/portaltela.pt\/api\/wp\/v2\/categories?post=421907"},{"taxonomy":"post_tag","embeddable":true,"href":"https:\/\/portaltela.pt\/api\/wp\/v2\/tags?post=421907"}],"curies":[{"name":"wp","href":"https:\/\/api.w.org\/{rel}","templated":true}]}}