{"id":421906,"date":"2026-03-26T06:30:00","date_gmt":"2026-03-26T09:30:00","guid":{"rendered":"https:\/\/portaltela.pt\/noticias\/2026\/03\/26\/acessos-condicionados-ao-centro-historico-de-sintra-com-trafego-fluido\/"},"modified":"2026-03-26T06:30:00","modified_gmt":"2026-03-26T09:30:00","slug":"acessos-condicionados-ao-centro-historico-de-sintra-com-trafego-fluido","status":"publish","type":"post","link":"https:\/\/portaltela.pt\/curiosidades\/2026\/03\/26\/acessos-condicionados-ao-centro-historico-de-sintra-com-trafego-fluido\/","title":{"rendered":"Acessos condicionados ao centro hist\u00f3rico de Sintra com tr\u00e1fego fluido"},"content":{"rendered":"<p>At\u00e9 \u00e0 P\u00e1scoa, o centro hist\u00f3rico de Sintra tem restri\u00e7\u00f5es para carros particulares, e os autocarros devem estacionar em parques. A medida \u00e9 apresentada como um teste para observar impactos no tr\u00e1fego.<\/p>\n<p>O presidente da c\u00e2mara, Rui Ferreira, diz que os resultados s\u00e3o promissores e que o fluxo de tr\u00e2nsito tem estado est\u00e1vel. O testemunho de um comerciante na Rua Dr. Alfredo da Costa sustenta a sensa\u00e7\u00e3o de melhoria.<\/p>\n<p>O comerciante, que gere uma mercearia h\u00e1 14 anos, reconhece o agravamento tradicional da circula\u00e7\u00e3o naquela via. Observa que, durante o per\u00edodo de condicionamento, a entrada no centro est\u00e1 menos entupida, o que parece confirmar a efic\u00e1cia da medida.<\/p>\n<h3>Condicionamento no centro hist\u00f3rico<\/h3>\n<p>O Executivo municipal confirmou que as regras permanecem em vigor at\u00e9 \u00e0 P\u00e1scoa. A autarquia aponta ainda para potenciais estudos de continuidade, caso os resultados se mantenham positivos.<\/p>\n<p>Aplaneamento log\u00edstico inclui pontos de estacionamento para autocarros e vias de acesso reguladas. As autoridades pretendem analisar dados de fluxo, velocidade m\u00e9dia e tempo de viagem para futuras decis\u00f5es.<\/p>\n","protected":false},"excerpt":{"rendered":"<ul>\n<li>At\u00e9 \u00e0 P\u00e1scoa, o acesso ao centro hist\u00f3rico de Sintra est\u00e1 condicionado aos ve\u00edculos particulares, com os autocarros a ter de estacionar em parques.<\/li>\n<li>A medida \u00e9 apresentada como uma experi\u00eancia, com perspetivas de manter-se ap\u00f3s a \u00e9poca pascal.<\/li>\n<li>O teste \u00e9 supervisionado pelo presidente da C\u00e2mara Municipal de Sintra, Rui Ferreira, que afirma que o tr\u00e2nsito tem flu\u00eddo.<\/li>\n<li>O propriet\u00e1rio de uma mercearia na Rua Dr. Alfredo da Costa, que j\u00e1 funciona h\u00e1 catorze anos, descreve a circula\u00e7\u00e3o como congestionada habitualmente e v\u00ea com bons olhos as restri\u00e7\u00f5es tempor\u00e1rias.<\/li>\n<li>A autarquia aponta que o objetivo \u00e9 reduzir dificuldades de circula\u00e7\u00e3o no centro hist\u00f3rico e melhorar a mobilidade na vila.<\/li>\n<\/ul>\n","protected":false},"author":2,"featured_media":421909,"comment_status":"closed","ping_status":"closed","sticky":false,"template":"","format":"standard","meta":{"footnotes":""},"categories":[7372,7384],"tags":[3769,6324,7199,3263,1110,1629],"class_list":["post-421906","post","type-post","status-publish","format-standard","has-post-thumbnail","hentry","category-comunidade","category-curiosidades","tag-autocarros","tag-centro-historico","tag-estacionamentos","tag-mobilidade-urbana","tag-sintra","tag-transito"],"yoast_head":"<!-- This site is optimized with the Yoast SEO plugin v27.2 - https:\/\/yoast.com\/product\/yoast-seo-wordpress\/ -->\n<title>Acessos condicionados ao centro hist\u00f3rico de Sintra com tr\u00e1fego fluido - Portal Tela Portugal<\/title>\n<meta name=\"robots\" content=\"index, follow, max-snippet:-1, max-image-preview:large, max-video-preview:-1\" \/>\n<meta property=\"og:locale\" content=\"pt_PT\" \/>\n<meta property=\"og:type\" content=\"article\" \/>\n<meta property=\"og:title\" content=\"Acessos condicionados ao centro hist\u00f3rico de Sintra com tr\u00e1fego fluido - Portal Tela Portugal\" \/>\n<meta property=\"og:description\" content=\"At\u00e9 \u00e0 P\u00e1scoa, o acesso ao centro hist\u00f3rico de Sintra est\u00e1 condicionado aos ve\u00edculos particulares, com os autocarros a ter de estacionar em parques. A medida \u00e9 apresentada como uma experi\u00eancia, com perspetivas de manter-se ap\u00f3s a \u00e9poca pascal. O teste \u00e9 supervisionado pelo presidente da C\u00e2mara Municipal de Sintra, Rui Ferreira, que afirma que o tr\u00e2nsito tem flu\u00eddo. O propriet\u00e1rio de uma mercearia na Rua Dr. Alfredo da Costa, que j\u00e1 funciona h\u00e1 catorze anos, descreve a circula\u00e7\u00e3o como congestionada habitualmente e v\u00ea com bons olhos as restri\u00e7\u00f5es tempor\u00e1rias. A autarquia aponta que o objetivo \u00e9 reduzir dificuldades de circula\u00e7\u00e3o no centro hist\u00f3rico e melhorar a mobilidade na vila.\" \/>\n<meta property=\"og:url\" content=\"https:\/\/portaltela.pt\/noticias\/2026\/03\/26\/acessos-condicionados-ao-centro-historico-de-sintra-com-trafego-fluido\/\" \/>\n<meta property=\"og:site_name\" content=\"Portal Tela Portugal\" \/>\n<meta property=\"article:published_time\" content=\"2026-03-26T09:30:00+00:00\" \/>\n<meta name=\"author\" content=\"Telinha\" \/>\n<meta name=\"twitter:card\" content=\"summary_large_image\" \/>\n<meta name=\"twitter:label1\" content=\"Escrito por\" \/>\n\t<meta name=\"twitter:data1\" content=\"Telinha\" \/>\n\t<meta name=\"twitter:label2\" content=\"Tempo estimado de leitura\" \/>\n\t<meta name=\"twitter:data2\" content=\"1 minuto\" \/>\n<script type=\"application\/ld+json\" class=\"yoast-schema-graph\">{\"@context\":\"https:\/\/schema.org\",\"@graph\":[{\"@type\":\"Article\",\"@id\":\"https:\/\/portaltela.pt\/noticias\/2026\/03\/26\/acessos-condicionados-ao-centro-historico-de-sintra-com-trafego-fluido\/#article\",\"isPartOf\":{\"@id\":\"https:\/\/portaltela.pt\/noticias\/2026\/03\/26\/acessos-condicionados-ao-centro-historico-de-sintra-com-trafego-fluido\/\"},\"author\":{\"name\":\"Telinha\",\"@id\":\"https:\/\/portaltela.pt\/#\/schema\/person\/c4278d4a6028830caff9ee44b42d32ed\"},\"headline\":\"Acessos condicionados ao centro hist\u00f3rico de Sintra com tr\u00e1fego fluido\",\"datePublished\":\"2026-03-26T09:30:00+00:00\",\"mainEntityOfPage\":{\"@id\":\"https:\/\/portaltela.pt\/noticias\/2026\/03\/26\/acessos-condicionados-ao-centro-historico-de-sintra-com-trafego-fluido\/\"},\"wordCount\":194,\"image\":{\"@id\":\"https:\/\/portaltela.pt\/noticias\/2026\/03\/26\/acessos-condicionados-ao-centro-historico-de-sintra-com-trafego-fluido\/#primaryimage\"},\"thumbnailUrl\":\"https:\/\/portaltela.pt\/s.01k8rhncp4jt1\/2026\/03\/2076907.jpg\",\"keywords\":[\"autocarros\",\"Centro Hist\u00f3rico\",\"estacionamentos\",\"mobilidade urbana\",\"Sintra\",\"tr\u00e2nsito\"],\"articleSection\":[\"Comunidade\",\"Curiosidades\"],\"inLanguage\":\"pt-PT\"},{\"@type\":\"WebPage\",\"@id\":\"https:\/\/portaltela.pt\/noticias\/2026\/03\/26\/acessos-condicionados-ao-centro-historico-de-sintra-com-trafego-fluido\/\",\"url\":\"https:\/\/portaltela.pt\/noticias\/2026\/03\/26\/acessos-condicionados-ao-centro-historico-de-sintra-com-trafego-fluido\/\",\"name\":\"Acessos condicionados ao centro hist\u00f3rico de Sintra com tr\u00e1fego fluido - Portal Tela Portugal\",\"isPartOf\":{\"@id\":\"https:\/\/portaltela.pt\/#website\"},\"primaryImageOfPage\":{\"@id\":\"https:\/\/portaltela.pt\/noticias\/2026\/03\/26\/acessos-condicionados-ao-centro-historico-de-sintra-com-trafego-fluido\/#primaryimage\"},\"image\":{\"@id\":\"https:\/\/portaltela.pt\/noticias\/2026\/03\/26\/acessos-condicionados-ao-centro-historico-de-sintra-com-trafego-fluido\/#primaryimage\"},\"thumbnailUrl\":\"https:\/\/portaltela.pt\/s.01k8rhncp4jt1\/2026\/03\/2076907.jpg\",\"datePublished\":\"2026-03-26T09:30:00+00:00\",\"author\":{\"@id\":\"https:\/\/portaltela.pt\/#\/schema\/person\/c4278d4a6028830caff9ee44b42d32ed\"},\"breadcrumb\":{\"@id\":\"https:\/\/portaltela.pt\/noticias\/2026\/03\/26\/acessos-condicionados-ao-centro-historico-de-sintra-com-trafego-fluido\/#breadcrumb\"},\"inLanguage\":\"pt-PT\",\"potentialAction\":[{\"@type\":\"ReadAction\",\"target\":[\"https:\/\/portaltela.pt\/noticias\/2026\/03\/26\/acessos-condicionados-ao-centro-historico-de-sintra-com-trafego-fluido\/\"]}]},{\"@type\":\"ImageObject\",\"inLanguage\":\"pt-PT\",\"@id\":\"https:\/\/portaltela.pt\/noticias\/2026\/03\/26\/acessos-condicionados-ao-centro-historico-de-sintra-com-trafego-fluido\/#primaryimage\",\"url\":\"https:\/\/portaltela.pt\/s.01k8rhncp4jt1\/2026\/03\/2076907.jpg\",\"contentUrl\":\"https:\/\/portaltela.pt\/s.01k8rhncp4jt1\/2026\/03\/2076907.jpg\",\"width\":796,\"height\":448,\"caption\":\"Guias tur\u00edsticos dizem notar menos *tuk-tuks* em frente \u00e0 esta\u00e7\u00e3o de Sintra\"},{\"@type\":\"BreadcrumbList\",\"@id\":\"https:\/\/portaltela.pt\/noticias\/2026\/03\/26\/acessos-condicionados-ao-centro-historico-de-sintra-com-trafego-fluido\/#breadcrumb\",\"itemListElement\":[{\"@type\":\"ListItem\",\"position\":1,\"name\":\"In\u00edcio\",\"item\":\"https:\/\/portaltela.pt\/\"},{\"@type\":\"ListItem\",\"position\":2,\"name\":\"Acessos condicionados ao centro hist\u00f3rico de Sintra com tr\u00e1fego fluido\"}]},{\"@type\":\"WebSite\",\"@id\":\"https:\/\/portaltela.pt\/#website\",\"url\":\"https:\/\/portaltela.pt\/\",\"name\":\"Portal Tela Portugal\",\"description\":\"\",\"potentialAction\":[{\"@type\":\"SearchAction\",\"target\":{\"@type\":\"EntryPoint\",\"urlTemplate\":\"https:\/\/portaltela.pt\/?s={search_term_string}\"},\"query-input\":{\"@type\":\"PropertyValueSpecification\",\"valueRequired\":true,\"valueName\":\"search_term_string\"}}],\"inLanguage\":\"pt-PT\"},{\"@type\":\"Person\",\"@id\":\"https:\/\/portaltela.pt\/#\/schema\/person\/c4278d4a6028830caff9ee44b42d32ed\",\"name\":\"Telinha\",\"image\":{\"@type\":\"ImageObject\",\"inLanguage\":\"pt-PT\",\"@id\":\"https:\/\/portaltela.pt\/s.01k8rhncp4jt1\/2025\/11\/talking-bot-125x125.png\",\"url\":\"https:\/\/portaltela.pt\/s.01k8rhncp4jt1\/2025\/11\/talking-bot-125x125.png\",\"contentUrl\":\"https:\/\/portaltela.pt\/s.01k8rhncp4jt1\/2025\/11\/talking-bot-125x125.png\",\"caption\":\"Telinha\"},\"sameAs\":[\"https:\/\/portaltela.pt\/\"],\"url\":\"https:\/\/portaltela.pt\/por\/367410592786\/\"}]}<\/script>\n<!-- \/ Yoast SEO plugin. -->","yoast_head_json":{"title":"Acessos condicionados ao centro hist\u00f3rico de Sintra com tr\u00e1fego fluido - Portal Tela Portugal","robots":{"index":"index","follow":"follow","max-snippet":"max-snippet:-1","max-image-preview":"max-image-preview:large","max-video-preview":"max-video-preview:-1"},"og_locale":"pt_PT","og_type":"article","og_title":"Acessos condicionados ao centro hist\u00f3rico de Sintra com tr\u00e1fego fluido - Portal Tela Portugal","og_description":"At\u00e9 \u00e0 P\u00e1scoa, o acesso ao centro hist\u00f3rico de Sintra est\u00e1 condicionado aos ve\u00edculos particulares, com os autocarros a ter de estacionar em parques. A medida \u00e9 apresentada como uma experi\u00eancia, com perspetivas de manter-se ap\u00f3s a \u00e9poca pascal. O teste \u00e9 supervisionado pelo presidente da C\u00e2mara Municipal de Sintra, Rui Ferreira, que afirma que o tr\u00e2nsito tem flu\u00eddo. O propriet\u00e1rio de uma mercearia na Rua Dr. Alfredo da Costa, que j\u00e1 funciona h\u00e1 catorze anos, descreve a circula\u00e7\u00e3o como congestionada habitualmente e v\u00ea com bons olhos as restri\u00e7\u00f5es tempor\u00e1rias. A autarquia aponta que o objetivo \u00e9 reduzir dificuldades de circula\u00e7\u00e3o no centro hist\u00f3rico e melhorar a mobilidade na vila.","og_url":"https:\/\/portaltela.pt\/noticias\/2026\/03\/26\/acessos-condicionados-ao-centro-historico-de-sintra-com-trafego-fluido\/","og_site_name":"Portal Tela Portugal","article_published_time":"2026-03-26T09:30:00+00:00","author":"Telinha","twitter_card":"summary_large_image","twitter_misc":{"Escrito por":"Telinha","Tempo estimado de leitura":"1 minuto"},"schema":{"@context":"https:\/\/schema.org","@graph":[{"@type":"Article","@id":"https:\/\/portaltela.pt\/noticias\/2026\/03\/26\/acessos-condicionados-ao-centro-historico-de-sintra-com-trafego-fluido\/#article","isPartOf":{"@id":"https:\/\/portaltela.pt\/noticias\/2026\/03\/26\/acessos-condicionados-ao-centro-historico-de-sintra-com-trafego-fluido\/"},"author":{"name":"Telinha","@id":"https:\/\/portaltela.pt\/#\/schema\/person\/c4278d4a6028830caff9ee44b42d32ed"},"headline":"Acessos condicionados ao centro hist\u00f3rico de Sintra com tr\u00e1fego fluido","datePublished":"2026-03-26T09:30:00+00:00","mainEntityOfPage":{"@id":"https:\/\/portaltela.pt\/noticias\/2026\/03\/26\/acessos-condicionados-ao-centro-historico-de-sintra-com-trafego-fluido\/"},"wordCount":194,"image":{"@id":"https:\/\/portaltela.pt\/noticias\/2026\/03\/26\/acessos-condicionados-ao-centro-historico-de-sintra-com-trafego-fluido\/#primaryimage"},"thumbnailUrl":"https:\/\/portaltela.pt\/s.01k8rhncp4jt1\/2026\/03\/2076907.jpg","keywords":["autocarros","Centro Hist\u00f3rico","estacionamentos","mobilidade urbana","Sintra","tr\u00e2nsito"],"articleSection":["Comunidade","Curiosidades"],"inLanguage":"pt-PT"},{"@type":"WebPage","@id":"https:\/\/portaltela.pt\/noticias\/2026\/03\/26\/acessos-condicionados-ao-centro-historico-de-sintra-com-trafego-fluido\/","url":"https:\/\/portaltela.pt\/noticias\/2026\/03\/26\/acessos-condicionados-ao-centro-historico-de-sintra-com-trafego-fluido\/","name":"Acessos condicionados ao centro hist\u00f3rico de Sintra com tr\u00e1fego fluido - Portal Tela Portugal","isPartOf":{"@id":"https:\/\/portaltela.pt\/#website"},"primaryImageOfPage":{"@id":"https:\/\/portaltela.pt\/noticias\/2026\/03\/26\/acessos-condicionados-ao-centro-historico-de-sintra-com-trafego-fluido\/#primaryimage"},"image":{"@id":"https:\/\/portaltela.pt\/noticias\/2026\/03\/26\/acessos-condicionados-ao-centro-historico-de-sintra-com-trafego-fluido\/#primaryimage"},"thumbnailUrl":"https:\/\/portaltela.pt\/s.01k8rhncp4jt1\/2026\/03\/2076907.jpg","datePublished":"2026-03-26T09:30:00+00:00","author":{"@id":"https:\/\/portaltela.pt\/#\/schema\/person\/c4278d4a6028830caff9ee44b42d32ed"},"breadcrumb":{"@id":"https:\/\/portaltela.pt\/noticias\/2026\/03\/26\/acessos-condicionados-ao-centro-historico-de-sintra-com-trafego-fluido\/#breadcrumb"},"inLanguage":"pt-PT","potentialAction":[{"@type":"ReadAction","target":["https:\/\/portaltela.pt\/noticias\/2026\/03\/26\/acessos-condicionados-ao-centro-historico-de-sintra-com-trafego-fluido\/"]}]},{"@type":"ImageObject","inLanguage":"pt-PT","@id":"https:\/\/portaltela.pt\/noticias\/2026\/03\/26\/acessos-condicionados-ao-centro-historico-de-sintra-com-trafego-fluido\/#primaryimage","url":"https:\/\/portaltela.pt\/s.01k8rhncp4jt1\/2026\/03\/2076907.jpg","contentUrl":"https:\/\/portaltela.pt\/s.01k8rhncp4jt1\/2026\/03\/2076907.jpg","width":796,"height":448,"caption":"Guias tur\u00edsticos dizem notar menos *tuk-tuks* em frente \u00e0 esta\u00e7\u00e3o de Sintra"},{"@type":"BreadcrumbList","@id":"https:\/\/portaltela.pt\/noticias\/2026\/03\/26\/acessos-condicionados-ao-centro-historico-de-sintra-com-trafego-fluido\/#breadcrumb","itemListElement":[{"@type":"ListItem","position":1,"name":"In\u00edcio","item":"https:\/\/portaltela.pt\/"},{"@type":"ListItem","position":2,"name":"Acessos condicionados ao centro hist\u00f3rico de Sintra com tr\u00e1fego fluido"}]},{"@type":"WebSite","@id":"https:\/\/portaltela.pt\/#website","url":"https:\/\/portaltela.pt\/","name":"Portal Tela Portugal","description":"","potentialAction":[{"@type":"SearchAction","target":{"@type":"EntryPoint","urlTemplate":"https:\/\/portaltela.pt\/?s={search_term_string}"},"query-input":{"@type":"PropertyValueSpecification","valueRequired":true,"valueName":"search_term_string"}}],"inLanguage":"pt-PT"},{"@type":"Person","@id":"https:\/\/portaltela.pt\/#\/schema\/person\/c4278d4a6028830caff9ee44b42d32ed","name":"Telinha","image":{"@type":"ImageObject","inLanguage":"pt-PT","@id":"https:\/\/portaltela.pt\/s.01k8rhncp4jt1\/2025\/11\/talking-bot-125x125.png","url":"https:\/\/portaltela.pt\/s.01k8rhncp4jt1\/2025\/11\/talking-bot-125x125.png","contentUrl":"https:\/\/portaltela.pt\/s.01k8rhncp4jt1\/2025\/11\/talking-bot-125x125.png","caption":"Telinha"},"sameAs":["https:\/\/portaltela.pt\/"],"url":"https:\/\/portaltela.pt\/por\/367410592786\/"}]}},"_links":{"self":[{"href":"https:\/\/portaltela.pt\/api\/wp\/v2\/posts\/421906","targetHints":{"allow":["GET"]}}],"collection":[{"href":"https:\/\/portaltela.pt\/api\/wp\/v2\/posts"}],"about":[{"href":"https:\/\/portaltela.pt\/api\/wp\/v2\/types\/post"}],"author":[{"embeddable":true,"href":"https:\/\/portaltela.pt\/api\/wp\/v2\/users\/2"}],"replies":[{"embeddable":true,"href":"https:\/\/portaltela.pt\/api\/wp\/v2\/comments?post=421906"}],"version-history":[{"count":0,"href":"https:\/\/portaltela.pt\/api\/wp\/v2\/posts\/421906\/revisions"}],"wp:featuredmedia":[{"embeddable":true,"href":"https:\/\/portaltela.pt\/api\/wp\/v2\/media\/421909"}],"wp:attachment":[{"href":"https:\/\/portaltela.pt\/api\/wp\/v2\/media?parent=421906"}],"wp:term":[{"taxonomy":"category","embeddable":true,"href":"https:\/\/portaltela.pt\/api\/wp\/v2\/categories?post=421906"},{"taxonomy":"post_tag","embeddable":true,"href":"https:\/\/portaltela.pt\/api\/wp\/v2\/tags?post=421906"}],"curies":[{"name":"wp","href":"https:\/\/api.w.org\/{rel}","templated":true}]}}