{"id":421901,"date":"2026-03-26T06:07:00","date_gmt":"2026-03-26T09:07:00","guid":{"rendered":"https:\/\/portaltela.pt\/noticias\/2026\/03\/26\/aguia-de-bonelli-eletrocutada-e-recuperada-e-devolvida-a-natureza\/"},"modified":"2026-03-26T06:07:00","modified_gmt":"2026-03-26T09:07:00","slug":"aguia-de-bonelli-eletrocutada-e-recuperada-e-devolvida-a-natureza","status":"publish","type":"post","link":"https:\/\/portaltela.pt\/noticias\/2026\/03\/26\/aguia-de-bonelli-eletrocutada-e-recuperada-e-devolvida-a-natureza\/","title":{"rendered":"\u00c1guia-de-bonelli eletrocutada \u00e9 recuperada e devolvida \u00e0 natureza"},"content":{"rendered":"<p>Uma \u00e1guia-de-bonelli nascida em 2023, no Campo de Tiro de Alcochete, foi devolvida \u00e0 natureza esta ter\u00e7a-feira ap\u00f3s recuperar de uma electrocuss\u00e3o. O animal, equipado com GPS, j\u00e1 se encontra no habitat da Lez\u00edria Norte, em Vila Franca de Xira.<\/p>\n<p>O projeto LIFE LxAquila e a SPEA, em conjunto com o ICNF, acompanharam a ave desde a sua recolha em agosto do ano passado. Foi encontrada im\u00f3vel por mais de 24 horas, pousada num sobreiro sob uma linha el\u00e9ctrica de m\u00e9dia tens\u00e3o, com a asa ferida.<\/p>\n<p>O animal foi encaminhado para o Centro de Recupera\u00e7\u00e3o de Animais Selvagens (LxCRAS) da C\u00e2mara de Lisboa, onde foi submetido a avalia\u00e7\u00e3o cl\u00ednica. A evolu\u00e7\u00e3o foi considerada favor\u00e1vel, permitindo a liberta\u00e7\u00e3o em territ\u00f3rio de Lez\u00edria Norte.<\/p>\n<h3>Situa\u00e7\u00e3o da esp\u00e9cie<\/h3>\n<p>A \u00e1guia-de-bonelli \u00e9 classificada como Vulner\u00e1vel em Portugal desde 2022, com melhoria em Espanha. Estima-se que existam entre 150 a 180 casais reprodutores no pa\u00eds, embora continue exposta a riscos significativos.<\/p>\n<p>A electrocuss\u00e3o e a colis\u00e3o com linhas de energia permanecem entre as maiores amea\u00e7as. O ICNF afirma que a esp\u00e9cie utiliza \u00e1reas rurais e periurbanas onde existem apoios el\u00e9ctricos com potencial de mortalidade.<\/p>\n<p>O LIFE LxAquila, em parceria com a E-Redes, j\u00e1 corrigiu cerca de cem apoios el\u00e9ctricos. No entanto, ainda existem estruturas perigosas que colocam em risco grandes aves de rapina.<\/p>\n","protected":false},"excerpt":{"rendered":"<ul>\n<li>\u00c1guia-de-bonelli nascida em 2023, equipada com GPS, foi encontrada ferida em agosto do ano passado junto a uma linha el\u00e9ctrica de m\u00e9dia tens\u00e3o.<\/li>\n<li>Recolhida pela natureza da Reserva Natural do Estu\u00e1rio do Tejo e pelo Parque Natural da Arr\u00e1bida, levou avalia\u00e7\u00e3o cl\u00ednica que confirmou electrocuss\u00e3o.<\/li>\n<li>Recuperou no Centro de Recupera\u00e7\u00e3o de Animais Selvagens de Lisboa e foi libertada esta ter\u00e7a-feira em Vila Franca de Xira, na Lez\u00edria Norte.<\/li>\n<li>A SPEA e o ICNF alertam para o risco persistente das linhas el\u00e9tricas, que constituem uma amea\u00e7a importante \u00e0 \u00e1guia-de-bonelli, esp\u00e9cie com estatuto de conserva\u00e7\u00e3o.<\/li>\n<li>Em Portugal, a esp\u00e9cie passa de classificada como Em Perigo (2005) para Vulner\u00e1vel (2022); estima-se entre 150 e 180 casais reprodutores no pa\u00eds, com novas a\u00e7\u00f5es de mitiga\u00e7\u00e3o em curso pelo LIFE LxAquila.<\/li>\n<\/ul>\n","protected":false},"author":2,"featured_media":421903,"comment_status":"closed","ping_status":"closed","sticky":false,"template":"","format":"standard","meta":{"footnotes":""},"categories":[6725,1],"tags":[1068,3091,4880,3623,45,3980],"class_list":["post-421901","post","type-post","status-publish","format-standard","has-post-thumbnail","hentry","category-meio-ambiente","category-noticias","tag-alcochete","tag-animais","tag-conservacao-ambiental","tag-leziria-do-tejo","tag-meio-ambiente","tag-vila-franca-de-xira"],"yoast_head":"<!-- This site is optimized with the Yoast SEO plugin v27.2 - https:\/\/yoast.com\/product\/yoast-seo-wordpress\/ -->\n<title>\u00c1guia-de-bonelli eletrocutada \u00e9 recuperada e devolvida \u00e0 natureza - Portal Tela Portugal<\/title>\n<meta name=\"robots\" content=\"index, follow, max-snippet:-1, max-image-preview:large, max-video-preview:-1\" \/>\n<meta property=\"og:locale\" content=\"pt_PT\" \/>\n<meta property=\"og:type\" content=\"article\" \/>\n<meta property=\"og:title\" content=\"\u00c1guia-de-bonelli eletrocutada \u00e9 recuperada e devolvida \u00e0 natureza - Portal Tela Portugal\" \/>\n<meta property=\"og:description\" content=\"\u00c1guia-de-bonelli nascida em 2023, equipada com GPS, foi encontrada ferida em agosto do ano passado junto a uma linha el\u00e9ctrica de m\u00e9dia tens\u00e3o. Recolhida pela natureza da Reserva Natural do Estu\u00e1rio do Tejo e pelo Parque Natural da Arr\u00e1bida, levou avalia\u00e7\u00e3o cl\u00ednica que confirmou electrocuss\u00e3o. Recuperou no Centro de Recupera\u00e7\u00e3o de Animais Selvagens de Lisboa e foi libertada esta ter\u00e7a-feira em Vila Franca de Xira, na Lez\u00edria Norte. A SPEA e o ICNF alertam para o risco persistente das linhas el\u00e9tricas, que constituem uma amea\u00e7a importante \u00e0 \u00e1guia-de-bonelli, esp\u00e9cie com estatuto de conserva\u00e7\u00e3o. Em Portugal, a esp\u00e9cie passa de classificada como Em Perigo (2005) para Vulner\u00e1vel (2022); estima-se entre 150 e 180 casais reprodutores no pa\u00eds, com novas a\u00e7\u00f5es de mitiga\u00e7\u00e3o em curso pelo LIFE LxAquila.\" \/>\n<meta property=\"og:url\" content=\"https:\/\/portaltela.pt\/noticias\/2026\/03\/26\/aguia-de-bonelli-eletrocutada-e-recuperada-e-devolvida-a-natureza\/\" \/>\n<meta property=\"og:site_name\" content=\"Portal Tela Portugal\" \/>\n<meta property=\"article:published_time\" content=\"2026-03-26T09:07:00+00:00\" \/>\n<meta name=\"author\" content=\"Telinha\" \/>\n<meta name=\"twitter:card\" content=\"summary_large_image\" \/>\n<meta name=\"twitter:label1\" content=\"Escrito por\" \/>\n\t<meta name=\"twitter:data1\" content=\"Telinha\" \/>\n\t<meta name=\"twitter:label2\" content=\"Tempo estimado de leitura\" \/>\n\t<meta name=\"twitter:data2\" content=\"1 minuto\" \/>\n<script type=\"application\/ld+json\" class=\"yoast-schema-graph\">{\"@context\":\"https:\/\/schema.org\",\"@graph\":[{\"@type\":\"Article\",\"@id\":\"https:\/\/portaltela.pt\/noticias\/2026\/03\/26\/aguia-de-bonelli-eletrocutada-e-recuperada-e-devolvida-a-natureza\/#article\",\"isPartOf\":{\"@id\":\"https:\/\/portaltela.pt\/noticias\/2026\/03\/26\/aguia-de-bonelli-eletrocutada-e-recuperada-e-devolvida-a-natureza\/\"},\"author\":{\"name\":\"Telinha\",\"@id\":\"https:\/\/portaltela.pt\/#\/schema\/person\/c4278d4a6028830caff9ee44b42d32ed\"},\"headline\":\"\u00c1guia-de-bonelli eletrocutada \u00e9 recuperada e devolvida \u00e0 natureza\",\"datePublished\":\"2026-03-26T09:07:00+00:00\",\"mainEntityOfPage\":{\"@id\":\"https:\/\/portaltela.pt\/noticias\/2026\/03\/26\/aguia-de-bonelli-eletrocutada-e-recuperada-e-devolvida-a-natureza\/\"},\"wordCount\":244,\"image\":{\"@id\":\"https:\/\/portaltela.pt\/noticias\/2026\/03\/26\/aguia-de-bonelli-eletrocutada-e-recuperada-e-devolvida-a-natureza\/#primaryimage\"},\"thumbnailUrl\":\"https:\/\/portaltela.pt\/s.01k8rhncp4jt1\/2026\/03\/2076826.jpg\",\"keywords\":[\"Alcochete\",\"animais\",\"conserva\u00e7\u00e3o ambiental\",\"Lez\u00edria do Tejo\",\"meio-ambiente\",\"Vila Franca de Xira\"],\"articleSection\":[\"Meio Ambiente\",\"Not\u00edcias\"],\"inLanguage\":\"pt-PT\"},{\"@type\":\"WebPage\",\"@id\":\"https:\/\/portaltela.pt\/noticias\/2026\/03\/26\/aguia-de-bonelli-eletrocutada-e-recuperada-e-devolvida-a-natureza\/\",\"url\":\"https:\/\/portaltela.pt\/noticias\/2026\/03\/26\/aguia-de-bonelli-eletrocutada-e-recuperada-e-devolvida-a-natureza\/\",\"name\":\"\u00c1guia-de-bonelli eletrocutada \u00e9 recuperada e devolvida \u00e0 natureza - Portal Tela Portugal\",\"isPartOf\":{\"@id\":\"https:\/\/portaltela.pt\/#website\"},\"primaryImageOfPage\":{\"@id\":\"https:\/\/portaltela.pt\/noticias\/2026\/03\/26\/aguia-de-bonelli-eletrocutada-e-recuperada-e-devolvida-a-natureza\/#primaryimage\"},\"image\":{\"@id\":\"https:\/\/portaltela.pt\/noticias\/2026\/03\/26\/aguia-de-bonelli-eletrocutada-e-recuperada-e-devolvida-a-natureza\/#primaryimage\"},\"thumbnailUrl\":\"https:\/\/portaltela.pt\/s.01k8rhncp4jt1\/2026\/03\/2076826.jpg\",\"datePublished\":\"2026-03-26T09:07:00+00:00\",\"author\":{\"@id\":\"https:\/\/portaltela.pt\/#\/schema\/person\/c4278d4a6028830caff9ee44b42d32ed\"},\"breadcrumb\":{\"@id\":\"https:\/\/portaltela.pt\/noticias\/2026\/03\/26\/aguia-de-bonelli-eletrocutada-e-recuperada-e-devolvida-a-natureza\/#breadcrumb\"},\"inLanguage\":\"pt-PT\",\"potentialAction\":[{\"@type\":\"ReadAction\",\"target\":[\"https:\/\/portaltela.pt\/noticias\/2026\/03\/26\/aguia-de-bonelli-eletrocutada-e-recuperada-e-devolvida-a-natureza\/\"]}]},{\"@type\":\"ImageObject\",\"inLanguage\":\"pt-PT\",\"@id\":\"https:\/\/portaltela.pt\/noticias\/2026\/03\/26\/aguia-de-bonelli-eletrocutada-e-recuperada-e-devolvida-a-natureza\/#primaryimage\",\"url\":\"https:\/\/portaltela.pt\/s.01k8rhncp4jt1\/2026\/03\/2076826.jpg\",\"contentUrl\":\"https:\/\/portaltela.pt\/s.01k8rhncp4jt1\/2026\/03\/2076826.jpg\",\"width\":796,\"height\":448,\"caption\":\"A \u00e1guia-de-bonelli, no momento da sua liberta\u00e7\u00e3o\"},{\"@type\":\"BreadcrumbList\",\"@id\":\"https:\/\/portaltela.pt\/noticias\/2026\/03\/26\/aguia-de-bonelli-eletrocutada-e-recuperada-e-devolvida-a-natureza\/#breadcrumb\",\"itemListElement\":[{\"@type\":\"ListItem\",\"position\":1,\"name\":\"In\u00edcio\",\"item\":\"https:\/\/portaltela.pt\/\"},{\"@type\":\"ListItem\",\"position\":2,\"name\":\"\u00c1guia-de-bonelli eletrocutada \u00e9 recuperada e devolvida \u00e0 natureza\"}]},{\"@type\":\"WebSite\",\"@id\":\"https:\/\/portaltela.pt\/#website\",\"url\":\"https:\/\/portaltela.pt\/\",\"name\":\"Portal Tela Portugal\",\"description\":\"\",\"potentialAction\":[{\"@type\":\"SearchAction\",\"target\":{\"@type\":\"EntryPoint\",\"urlTemplate\":\"https:\/\/portaltela.pt\/?s={search_term_string}\"},\"query-input\":{\"@type\":\"PropertyValueSpecification\",\"valueRequired\":true,\"valueName\":\"search_term_string\"}}],\"inLanguage\":\"pt-PT\"},{\"@type\":\"Person\",\"@id\":\"https:\/\/portaltela.pt\/#\/schema\/person\/c4278d4a6028830caff9ee44b42d32ed\",\"name\":\"Telinha\",\"image\":{\"@type\":\"ImageObject\",\"inLanguage\":\"pt-PT\",\"@id\":\"https:\/\/portaltela.pt\/s.01k8rhncp4jt1\/2025\/11\/talking-bot-125x125.png\",\"url\":\"https:\/\/portaltela.pt\/s.01k8rhncp4jt1\/2025\/11\/talking-bot-125x125.png\",\"contentUrl\":\"https:\/\/portaltela.pt\/s.01k8rhncp4jt1\/2025\/11\/talking-bot-125x125.png\",\"caption\":\"Telinha\"},\"sameAs\":[\"https:\/\/portaltela.pt\/\"],\"url\":\"https:\/\/portaltela.pt\/por\/367410592786\/\"}]}<\/script>\n<!-- \/ Yoast SEO plugin. -->","yoast_head_json":{"title":"\u00c1guia-de-bonelli eletrocutada \u00e9 recuperada e devolvida \u00e0 natureza - Portal Tela Portugal","robots":{"index":"index","follow":"follow","max-snippet":"max-snippet:-1","max-image-preview":"max-image-preview:large","max-video-preview":"max-video-preview:-1"},"og_locale":"pt_PT","og_type":"article","og_title":"\u00c1guia-de-bonelli eletrocutada \u00e9 recuperada e devolvida \u00e0 natureza - Portal Tela Portugal","og_description":"\u00c1guia-de-bonelli nascida em 2023, equipada com GPS, foi encontrada ferida em agosto do ano passado junto a uma linha el\u00e9ctrica de m\u00e9dia tens\u00e3o. Recolhida pela natureza da Reserva Natural do Estu\u00e1rio do Tejo e pelo Parque Natural da Arr\u00e1bida, levou avalia\u00e7\u00e3o cl\u00ednica que confirmou electrocuss\u00e3o. Recuperou no Centro de Recupera\u00e7\u00e3o de Animais Selvagens de Lisboa e foi libertada esta ter\u00e7a-feira em Vila Franca de Xira, na Lez\u00edria Norte. A SPEA e o ICNF alertam para o risco persistente das linhas el\u00e9tricas, que constituem uma amea\u00e7a importante \u00e0 \u00e1guia-de-bonelli, esp\u00e9cie com estatuto de conserva\u00e7\u00e3o. Em Portugal, a esp\u00e9cie passa de classificada como Em Perigo (2005) para Vulner\u00e1vel (2022); estima-se entre 150 e 180 casais reprodutores no pa\u00eds, com novas a\u00e7\u00f5es de mitiga\u00e7\u00e3o em curso pelo LIFE LxAquila.","og_url":"https:\/\/portaltela.pt\/noticias\/2026\/03\/26\/aguia-de-bonelli-eletrocutada-e-recuperada-e-devolvida-a-natureza\/","og_site_name":"Portal Tela Portugal","article_published_time":"2026-03-26T09:07:00+00:00","author":"Telinha","twitter_card":"summary_large_image","twitter_misc":{"Escrito por":"Telinha","Tempo estimado de leitura":"1 minuto"},"schema":{"@context":"https:\/\/schema.org","@graph":[{"@type":"Article","@id":"https:\/\/portaltela.pt\/noticias\/2026\/03\/26\/aguia-de-bonelli-eletrocutada-e-recuperada-e-devolvida-a-natureza\/#article","isPartOf":{"@id":"https:\/\/portaltela.pt\/noticias\/2026\/03\/26\/aguia-de-bonelli-eletrocutada-e-recuperada-e-devolvida-a-natureza\/"},"author":{"name":"Telinha","@id":"https:\/\/portaltela.pt\/#\/schema\/person\/c4278d4a6028830caff9ee44b42d32ed"},"headline":"\u00c1guia-de-bonelli eletrocutada \u00e9 recuperada e devolvida \u00e0 natureza","datePublished":"2026-03-26T09:07:00+00:00","mainEntityOfPage":{"@id":"https:\/\/portaltela.pt\/noticias\/2026\/03\/26\/aguia-de-bonelli-eletrocutada-e-recuperada-e-devolvida-a-natureza\/"},"wordCount":244,"image":{"@id":"https:\/\/portaltela.pt\/noticias\/2026\/03\/26\/aguia-de-bonelli-eletrocutada-e-recuperada-e-devolvida-a-natureza\/#primaryimage"},"thumbnailUrl":"https:\/\/portaltela.pt\/s.01k8rhncp4jt1\/2026\/03\/2076826.jpg","keywords":["Alcochete","animais","conserva\u00e7\u00e3o ambiental","Lez\u00edria do Tejo","meio-ambiente","Vila Franca de Xira"],"articleSection":["Meio Ambiente","Not\u00edcias"],"inLanguage":"pt-PT"},{"@type":"WebPage","@id":"https:\/\/portaltela.pt\/noticias\/2026\/03\/26\/aguia-de-bonelli-eletrocutada-e-recuperada-e-devolvida-a-natureza\/","url":"https:\/\/portaltela.pt\/noticias\/2026\/03\/26\/aguia-de-bonelli-eletrocutada-e-recuperada-e-devolvida-a-natureza\/","name":"\u00c1guia-de-bonelli eletrocutada \u00e9 recuperada e devolvida \u00e0 natureza - Portal Tela Portugal","isPartOf":{"@id":"https:\/\/portaltela.pt\/#website"},"primaryImageOfPage":{"@id":"https:\/\/portaltela.pt\/noticias\/2026\/03\/26\/aguia-de-bonelli-eletrocutada-e-recuperada-e-devolvida-a-natureza\/#primaryimage"},"image":{"@id":"https:\/\/portaltela.pt\/noticias\/2026\/03\/26\/aguia-de-bonelli-eletrocutada-e-recuperada-e-devolvida-a-natureza\/#primaryimage"},"thumbnailUrl":"https:\/\/portaltela.pt\/s.01k8rhncp4jt1\/2026\/03\/2076826.jpg","datePublished":"2026-03-26T09:07:00+00:00","author":{"@id":"https:\/\/portaltela.pt\/#\/schema\/person\/c4278d4a6028830caff9ee44b42d32ed"},"breadcrumb":{"@id":"https:\/\/portaltela.pt\/noticias\/2026\/03\/26\/aguia-de-bonelli-eletrocutada-e-recuperada-e-devolvida-a-natureza\/#breadcrumb"},"inLanguage":"pt-PT","potentialAction":[{"@type":"ReadAction","target":["https:\/\/portaltela.pt\/noticias\/2026\/03\/26\/aguia-de-bonelli-eletrocutada-e-recuperada-e-devolvida-a-natureza\/"]}]},{"@type":"ImageObject","inLanguage":"pt-PT","@id":"https:\/\/portaltela.pt\/noticias\/2026\/03\/26\/aguia-de-bonelli-eletrocutada-e-recuperada-e-devolvida-a-natureza\/#primaryimage","url":"https:\/\/portaltela.pt\/s.01k8rhncp4jt1\/2026\/03\/2076826.jpg","contentUrl":"https:\/\/portaltela.pt\/s.01k8rhncp4jt1\/2026\/03\/2076826.jpg","width":796,"height":448,"caption":"A \u00e1guia-de-bonelli, no momento da sua liberta\u00e7\u00e3o"},{"@type":"BreadcrumbList","@id":"https:\/\/portaltela.pt\/noticias\/2026\/03\/26\/aguia-de-bonelli-eletrocutada-e-recuperada-e-devolvida-a-natureza\/#breadcrumb","itemListElement":[{"@type":"ListItem","position":1,"name":"In\u00edcio","item":"https:\/\/portaltela.pt\/"},{"@type":"ListItem","position":2,"name":"\u00c1guia-de-bonelli eletrocutada \u00e9 recuperada e devolvida \u00e0 natureza"}]},{"@type":"WebSite","@id":"https:\/\/portaltela.pt\/#website","url":"https:\/\/portaltela.pt\/","name":"Portal Tela Portugal","description":"","potentialAction":[{"@type":"SearchAction","target":{"@type":"EntryPoint","urlTemplate":"https:\/\/portaltela.pt\/?s={search_term_string}"},"query-input":{"@type":"PropertyValueSpecification","valueRequired":true,"valueName":"search_term_string"}}],"inLanguage":"pt-PT"},{"@type":"Person","@id":"https:\/\/portaltela.pt\/#\/schema\/person\/c4278d4a6028830caff9ee44b42d32ed","name":"Telinha","image":{"@type":"ImageObject","inLanguage":"pt-PT","@id":"https:\/\/portaltela.pt\/s.01k8rhncp4jt1\/2025\/11\/talking-bot-125x125.png","url":"https:\/\/portaltela.pt\/s.01k8rhncp4jt1\/2025\/11\/talking-bot-125x125.png","contentUrl":"https:\/\/portaltela.pt\/s.01k8rhncp4jt1\/2025\/11\/talking-bot-125x125.png","caption":"Telinha"},"sameAs":["https:\/\/portaltela.pt\/"],"url":"https:\/\/portaltela.pt\/por\/367410592786\/"}]}},"_links":{"self":[{"href":"https:\/\/portaltela.pt\/api\/wp\/v2\/posts\/421901","targetHints":{"allow":["GET"]}}],"collection":[{"href":"https:\/\/portaltela.pt\/api\/wp\/v2\/posts"}],"about":[{"href":"https:\/\/portaltela.pt\/api\/wp\/v2\/types\/post"}],"author":[{"embeddable":true,"href":"https:\/\/portaltela.pt\/api\/wp\/v2\/users\/2"}],"replies":[{"embeddable":true,"href":"https:\/\/portaltela.pt\/api\/wp\/v2\/comments?post=421901"}],"version-history":[{"count":0,"href":"https:\/\/portaltela.pt\/api\/wp\/v2\/posts\/421901\/revisions"}],"wp:featuredmedia":[{"embeddable":true,"href":"https:\/\/portaltela.pt\/api\/wp\/v2\/media\/421903"}],"wp:attachment":[{"href":"https:\/\/portaltela.pt\/api\/wp\/v2\/media?parent=421901"}],"wp:term":[{"taxonomy":"category","embeddable":true,"href":"https:\/\/portaltela.pt\/api\/wp\/v2\/categories?post=421901"},{"taxonomy":"post_tag","embeddable":true,"href":"https:\/\/portaltela.pt\/api\/wp\/v2\/tags?post=421901"}],"curies":[{"name":"wp","href":"https:\/\/api.w.org\/{rel}","templated":true}]}}